{"id":99781,"date":"2024-01-12T17:13:07","date_gmt":"2024-01-12T16:13:07","guid":{"rendered":"https:\/\/president-ksgov.net\/?p=99781"},"modified":"2024-01-12T20:43:54","modified_gmt":"2024-01-12T19:43:54","slug":"predsednica-osmani-je-formalno-dekretirala-otvaranje-specijalne-misije-republike-kosovo-pri-svetoj-stolici","status":"publish","type":"post","link":"https:\/\/president-ksgov.net\/sr\/predsednica-osmani-je-formalno-dekretirala-otvaranje-specijalne-misije-republike-kosovo-pri-svetoj-stolici\/","title":{"rendered":"Predsednica Osmani je formalno dekretirala otvaranje Specijalne misije Republike Kosovo pri Svetoj stolici"},"content":{"rendered":"<p>Predsednica Republike Kosovo Vjosa Osmani formalno je dekretirala otvaranje Specijalne misije Republike Kosovo pri Svetoj stolici.<\/p>\n<p>\u201eNakon dve godine intenzivnog rada sa Svetom stolicom, formalno sam dekretirala otvaranje Specijalne misije Republike Kosovo pri Svetoj Stolici. Ovo je va\u017ean korak za Kosovo i na\u0161e odnose sa Svetom Stolicom, koje \u0107emo nastaviti da produbljujemo\u201c, napisala je predsednica Osmani.<\/p>\n","protected":false},"excerpt":{"rendered":"<p>Predsednica Republike Kosovo Vjosa Osmani formalno je dekretirala otvaranje Specijalne misije Republike Kosovo pri Svetoj stolici. \u201eNakon dve godine intenzivnog rada sa Svetom stolicom, formalno sam dekretirala otvaranje Specijalne misije Republike Kosovo pri Svetoj Stolici. Ovo je va\u017ean korak za Kosovo i na\u0161e odnose sa Svetom Stolicom, koje \u0107emo nastaviti da produbljujemo\u201c, napisala je predsednica Osmani.<\/p>\n","protected":false},"author":9,"featured_media":99774,"comment_status":"open","ping_status":"closed","sticky":false,"template":"","format":"standard","meta":{"_eb_attr":"","footnotes":""},"categories":[101],"tags":[],"class_list":["post-99781","post","type-post","status-publish","format-standard","has-post-thumbnail","hentry","category-vesti"],"yoast_head":"<!-- This site is optimized with the Yoast SEO plugin v23.5 - https:\/\/yoast.com\/wordpress\/plugins\/seo\/ -->\n<title>Predsednica Osmani je formalno dekretirala otvaranje Specijalne misije Republike Kosovo pri Svetoj stolici - Predsednik Republike Kosovo - DR. VJOSA OSMANI - SADRIU<\/title>\n<meta name=\"description\" content=\"Predsednica Osmani je formalno dekretirala otvaranje Specijalne misije Republike Kosovo pri Svetoj stolici - Predsednik Republike Kosovo - DR. VJOSA OSMANI - SADRIU -\" \/>\n<meta name=\"robots\" content=\"index, follow, max-snippet:-1, max-image-preview:large, max-video-preview:-1\" \/>\n<link rel=\"canonical\" href=\"https:\/\/president-ksgov.net\/sr\/predsednica-osmani-je-formalno-dekretirala-otvaranje-specijalne-misije-republike-kosovo-pri-svetoj-stolici\/\" \/>\n<meta property=\"og:locale\" content=\"sr_RS\" \/>\n<meta property=\"og:type\" content=\"article\" \/>\n<meta property=\"og:title\" content=\"Predsednica Osmani je formalno dekretirala otvaranje Specijalne misije Republike Kosovo pri Svetoj stolici - Predsednik Republike Kosovo - DR. VJOSA OSMANI - SADRIU\" \/>\n<meta property=\"og:description\" content=\"Predsednica Osmani je formalno dekretirala otvaranje Specijalne misije Republike Kosovo pri Svetoj stolici - Predsednik Republike Kosovo - DR. VJOSA OSMANI - SADRIU -\" \/>\n<meta property=\"og:url\" content=\"https:\/\/president-ksgov.net\/sr\/predsednica-osmani-je-formalno-dekretirala-otvaranje-specijalne-misije-republike-kosovo-pri-svetoj-stolici\/\" \/>\n<meta property=\"og:site_name\" content=\"Predsednik Republike Kosovo - DR. VJOSA OSMANI - SADRIU\" \/>\n<meta property=\"article:published_time\" content=\"2024-01-12T16:13:07+00:00\" \/>\n<meta property=\"article:modified_time\" content=\"2024-01-12T19:43:54+00:00\" \/>\n<meta property=\"og:image\" content=\"https:\/\/president-ksgov.net\/wp-content\/uploads\/417459701_914928409991699_26736324156361244_n.jpg\" \/>\n\t<meta property=\"og:image:width\" content=\"1600\" \/>\n\t<meta property=\"og:image:height\" content=\"1066\" \/>\n\t<meta property=\"og:image:type\" content=\"image\/jpeg\" \/>\n<meta name=\"author\" content=\"Florent Rrahmani\" \/>\n<meta name=\"twitter:card\" content=\"summary_large_image\" \/>\n<meta name=\"twitter:label1\" content=\"\u041d\u0430\u043f\u0438\u0441\u0430\u043d\u043e \u043e\u0434\" \/>\n\t<meta name=\"twitter:data1\" content=\"Florent Rrahmani\" \/>\n\t<meta name=\"twitter:label2\" content=\"\u041f\u0440\u043e\u0446\u0435\u045a\u0435\u043d\u043e \u0432\u0440\u0435\u043c\u0435 \u0447\u0438\u0442\u0430\u045a\u0430\" \/>\n\t<meta name=\"twitter:data2\" content=\"1 \u043c\u0438\u043d\u0443\u0442\" \/>\n<script type=\"application\/ld+json\" class=\"yoast-schema-graph\">{\"@context\":\"https:\/\/schema.org\",\"@graph\":[{\"@type\":\"WebPage\",\"@id\":\"https:\/\/president-ksgov.net\/sr\/predsednica-osmani-je-formalno-dekretirala-otvaranje-specijalne-misije-republike-kosovo-pri-svetoj-stolici\/\",\"url\":\"https:\/\/president-ksgov.net\/sr\/predsednica-osmani-je-formalno-dekretirala-otvaranje-specijalne-misije-republike-kosovo-pri-svetoj-stolici\/\",\"name\":\"Predsednica Osmani je formalno dekretirala otvaranje Specijalne misije Republike Kosovo pri Svetoj stolici - Predsednik Republike Kosovo - DR. VJOSA OSMANI - SADRIU\",\"isPartOf\":{\"@id\":\"https:\/\/president-ksgov.net\/#website\"},\"primaryImageOfPage\":{\"@id\":\"https:\/\/president-ksgov.net\/sr\/predsednica-osmani-je-formalno-dekretirala-otvaranje-specijalne-misije-republike-kosovo-pri-svetoj-stolici\/#primaryimage\"},\"image\":{\"@id\":\"https:\/\/president-ksgov.net\/sr\/predsednica-osmani-je-formalno-dekretirala-otvaranje-specijalne-misije-republike-kosovo-pri-svetoj-stolici\/#primaryimage\"},\"thumbnailUrl\":\"https:\/\/president-ksgov.net\/wp-content\/uploads\/417459701_914928409991699_26736324156361244_n.jpg\",\"datePublished\":\"2024-01-12T16:13:07+00:00\",\"dateModified\":\"2024-01-12T19:43:54+00:00\",\"author\":{\"@id\":\"https:\/\/president-ksgov.net\/#\/schema\/person\/7c46f744a99d3f1616b92658282aa934\"},\"description\":\"Predsednica Osmani je formalno dekretirala otvaranje Specijalne misije Republike Kosovo pri Svetoj stolici - Predsednik Republike Kosovo - DR. VJOSA OSMANI - SADRIU -\",\"breadcrumb\":{\"@id\":\"https:\/\/president-ksgov.net\/sr\/predsednica-osmani-je-formalno-dekretirala-otvaranje-specijalne-misije-republike-kosovo-pri-svetoj-stolici\/#breadcrumb\"},\"inLanguage\":\"sr-RS\",\"potentialAction\":[{\"@type\":\"ReadAction\",\"target\":[\"https:\/\/president-ksgov.net\/sr\/predsednica-osmani-je-formalno-dekretirala-otvaranje-specijalne-misije-republike-kosovo-pri-svetoj-stolici\/\"]}]},{\"@type\":\"ImageObject\",\"inLanguage\":\"sr-RS\",\"@id\":\"https:\/\/president-ksgov.net\/sr\/predsednica-osmani-je-formalno-dekretirala-otvaranje-specijalne-misije-republike-kosovo-pri-svetoj-stolici\/#primaryimage\",\"url\":\"https:\/\/president-ksgov.net\/wp-content\/uploads\/417459701_914928409991699_26736324156361244_n.jpg\",\"contentUrl\":\"https:\/\/president-ksgov.net\/wp-content\/uploads\/417459701_914928409991699_26736324156361244_n.jpg\",\"width\":1600,\"height\":1066},{\"@type\":\"BreadcrumbList\",\"@id\":\"https:\/\/president-ksgov.net\/sr\/predsednica-osmani-je-formalno-dekretirala-otvaranje-specijalne-misije-republike-kosovo-pri-svetoj-stolici\/#breadcrumb\",\"itemListElement\":[{\"@type\":\"ListItem\",\"position\":1,\"name\":\"Home\",\"item\":\"https:\/\/president-ksgov.net\/sr\/\"},{\"@type\":\"ListItem\",\"position\":2,\"name\":\"Predsednica Osmani je formalno dekretirala otvaranje Specijalne misije Republike Kosovo pri Svetoj stolici\"}]},{\"@type\":\"WebSite\",\"@id\":\"https:\/\/president-ksgov.net\/#website\",\"url\":\"https:\/\/president-ksgov.net\/\",\"name\":\"Presidente e Republik\u00ebs s\u00eb Kosov\u00ebs\",\"description\":\"Presidente e Republik\u00ebs s\u00eb Kosov\u00ebs\",\"alternateName\":\"DR. VJOSA OSMANI - SADRIU\",\"potentialAction\":[{\"@type\":\"SearchAction\",\"target\":{\"@type\":\"EntryPoint\",\"urlTemplate\":\"https:\/\/president-ksgov.net\/?s={search_term_string}\"},\"query-input\":{\"@type\":\"PropertyValueSpecification\",\"valueRequired\":true,\"valueName\":\"search_term_string\"}}],\"inLanguage\":\"sr-RS\"},{\"@type\":\"Person\",\"@id\":\"https:\/\/president-ksgov.net\/#\/schema\/person\/7c46f744a99d3f1616b92658282aa934\",\"name\":\"Florent Rrahmani\",\"image\":{\"@type\":\"ImageObject\",\"inLanguage\":\"sr-RS\",\"@id\":\"https:\/\/president-ksgov.net\/#\/schema\/person\/image\/\",\"url\":\"https:\/\/secure.gravatar.com\/avatar\/2545924aa250de68ac8368367a79b663e59571cd131611f54c89b0613a94e230?s=96&d=mm&r=g\",\"contentUrl\":\"https:\/\/secure.gravatar.com\/avatar\/2545924aa250de68ac8368367a79b663e59571cd131611f54c89b0613a94e230?s=96&d=mm&r=g\",\"caption\":\"Florent Rrahmani\"}}]}<\/script>\n<!-- \/ Yoast SEO plugin. -->","yoast_head_json":{"title":"Predsednica Osmani je formalno dekretirala otvaranje Specijalne misije Republike Kosovo pri Svetoj stolici - Predsednik Republike Kosovo - DR. VJOSA OSMANI - SADRIU","description":"Predsednica Osmani je formalno dekretirala otvaranje Specijalne misije Republike Kosovo pri Svetoj stolici - Predsednik Republike Kosovo - DR. VJOSA OSMANI - SADRIU -","robots":{"index":"index","follow":"follow","max-snippet":"max-snippet:-1","max-image-preview":"max-image-preview:large","max-video-preview":"max-video-preview:-1"},"canonical":"https:\/\/president-ksgov.net\/sr\/predsednica-osmani-je-formalno-dekretirala-otvaranje-specijalne-misije-republike-kosovo-pri-svetoj-stolici\/","og_locale":"sr_RS","og_type":"article","og_title":"Predsednica Osmani je formalno dekretirala otvaranje Specijalne misije Republike Kosovo pri Svetoj stolici - Predsednik Republike Kosovo - DR. VJOSA OSMANI - SADRIU","og_description":"Predsednica Osmani je formalno dekretirala otvaranje Specijalne misije Republike Kosovo pri Svetoj stolici - Predsednik Republike Kosovo - DR. VJOSA OSMANI - SADRIU -","og_url":"https:\/\/president-ksgov.net\/sr\/predsednica-osmani-je-formalno-dekretirala-otvaranje-specijalne-misije-republike-kosovo-pri-svetoj-stolici\/","og_site_name":"Predsednik Republike Kosovo - DR. VJOSA OSMANI - SADRIU","article_published_time":"2024-01-12T16:13:07+00:00","article_modified_time":"2024-01-12T19:43:54+00:00","og_image":[{"width":1600,"height":1066,"url":"https:\/\/president-ksgov.net\/wp-content\/uploads\/417459701_914928409991699_26736324156361244_n.jpg","type":"image\/jpeg"}],"author":"Florent Rrahmani","twitter_card":"summary_large_image","twitter_misc":{"\u041d\u0430\u043f\u0438\u0441\u0430\u043d\u043e \u043e\u0434":"Florent Rrahmani","\u041f\u0440\u043e\u0446\u0435\u045a\u0435\u043d\u043e \u0432\u0440\u0435\u043c\u0435 \u0447\u0438\u0442\u0430\u045a\u0430":"1 \u043c\u0438\u043d\u0443\u0442"},"schema":{"@context":"https:\/\/schema.org","@graph":[{"@type":"WebPage","@id":"https:\/\/president-ksgov.net\/sr\/predsednica-osmani-je-formalno-dekretirala-otvaranje-specijalne-misije-republike-kosovo-pri-svetoj-stolici\/","url":"https:\/\/president-ksgov.net\/sr\/predsednica-osmani-je-formalno-dekretirala-otvaranje-specijalne-misije-republike-kosovo-pri-svetoj-stolici\/","name":"Predsednica Osmani je formalno dekretirala otvaranje Specijalne misije Republike Kosovo pri Svetoj stolici - Predsednik Republike Kosovo - DR. VJOSA OSMANI - SADRIU","isPartOf":{"@id":"https:\/\/president-ksgov.net\/#website"},"primaryImageOfPage":{"@id":"https:\/\/president-ksgov.net\/sr\/predsednica-osmani-je-formalno-dekretirala-otvaranje-specijalne-misije-republike-kosovo-pri-svetoj-stolici\/#primaryimage"},"image":{"@id":"https:\/\/president-ksgov.net\/sr\/predsednica-osmani-je-formalno-dekretirala-otvaranje-specijalne-misije-republike-kosovo-pri-svetoj-stolici\/#primaryimage"},"thumbnailUrl":"https:\/\/president-ksgov.net\/wp-content\/uploads\/417459701_914928409991699_26736324156361244_n.jpg","datePublished":"2024-01-12T16:13:07+00:00","dateModified":"2024-01-12T19:43:54+00:00","author":{"@id":"https:\/\/president-ksgov.net\/#\/schema\/person\/7c46f744a99d3f1616b92658282aa934"},"description":"Predsednica Osmani je formalno dekretirala otvaranje Specijalne misije Republike Kosovo pri Svetoj stolici - Predsednik Republike Kosovo - DR. VJOSA OSMANI - SADRIU -","breadcrumb":{"@id":"https:\/\/president-ksgov.net\/sr\/predsednica-osmani-je-formalno-dekretirala-otvaranje-specijalne-misije-republike-kosovo-pri-svetoj-stolici\/#breadcrumb"},"inLanguage":"sr-RS","potentialAction":[{"@type":"ReadAction","target":["https:\/\/president-ksgov.net\/sr\/predsednica-osmani-je-formalno-dekretirala-otvaranje-specijalne-misije-republike-kosovo-pri-svetoj-stolici\/"]}]},{"@type":"ImageObject","inLanguage":"sr-RS","@id":"https:\/\/president-ksgov.net\/sr\/predsednica-osmani-je-formalno-dekretirala-otvaranje-specijalne-misije-republike-kosovo-pri-svetoj-stolici\/#primaryimage","url":"https:\/\/president-ksgov.net\/wp-content\/uploads\/417459701_914928409991699_26736324156361244_n.jpg","contentUrl":"https:\/\/president-ksgov.net\/wp-content\/uploads\/417459701_914928409991699_26736324156361244_n.jpg","width":1600,"height":1066},{"@type":"BreadcrumbList","@id":"https:\/\/president-ksgov.net\/sr\/predsednica-osmani-je-formalno-dekretirala-otvaranje-specijalne-misije-republike-kosovo-pri-svetoj-stolici\/#breadcrumb","itemListElement":[{"@type":"ListItem","position":1,"name":"Home","item":"https:\/\/president-ksgov.net\/sr\/"},{"@type":"ListItem","position":2,"name":"Predsednica Osmani je formalno dekretirala otvaranje Specijalne misije Republike Kosovo pri Svetoj stolici"}]},{"@type":"WebSite","@id":"https:\/\/president-ksgov.net\/#website","url":"https:\/\/president-ksgov.net\/","name":"Presidente e Republik\u00ebs s\u00eb Kosov\u00ebs","description":"Presidente e Republik\u00ebs s\u00eb Kosov\u00ebs","alternateName":"DR. VJOSA OSMANI - SADRIU","potentialAction":[{"@type":"SearchAction","target":{"@type":"EntryPoint","urlTemplate":"https:\/\/president-ksgov.net\/?s={search_term_string}"},"query-input":{"@type":"PropertyValueSpecification","valueRequired":true,"valueName":"search_term_string"}}],"inLanguage":"sr-RS"},{"@type":"Person","@id":"https:\/\/president-ksgov.net\/#\/schema\/person\/7c46f744a99d3f1616b92658282aa934","name":"Florent Rrahmani","image":{"@type":"ImageObject","inLanguage":"sr-RS","@id":"https:\/\/president-ksgov.net\/#\/schema\/person\/image\/","url":"https:\/\/secure.gravatar.com\/avatar\/2545924aa250de68ac8368367a79b663e59571cd131611f54c89b0613a94e230?s=96&d=mm&r=g","contentUrl":"https:\/\/secure.gravatar.com\/avatar\/2545924aa250de68ac8368367a79b663e59571cd131611f54c89b0613a94e230?s=96&d=mm&r=g","caption":"Florent Rrahmani"}}]}},"_links":{"self":[{"href":"https:\/\/president-ksgov.net\/sr\/wp-json\/wp\/v2\/posts\/99781","targetHints":{"allow":["GET"]}}],"collection":[{"href":"https:\/\/president-ksgov.net\/sr\/wp-json\/wp\/v2\/posts"}],"about":[{"href":"https:\/\/president-ksgov.net\/sr\/wp-json\/wp\/v2\/types\/post"}],"author":[{"embeddable":true,"href":"https:\/\/president-ksgov.net\/sr\/wp-json\/wp\/v2\/users\/9"}],"replies":[{"embeddable":true,"href":"https:\/\/president-ksgov.net\/sr\/wp-json\/wp\/v2\/comments?post=99781"}],"version-history":[{"count":1,"href":"https:\/\/president-ksgov.net\/sr\/wp-json\/wp\/v2\/posts\/99781\/revisions"}],"predecessor-version":[{"id":99782,"href":"https:\/\/president-ksgov.net\/sr\/wp-json\/wp\/v2\/posts\/99781\/revisions\/99782"}],"wp:featuredmedia":[{"embeddable":true,"href":"https:\/\/president-ksgov.net\/sr\/wp-json\/wp\/v2\/media\/99774"}],"wp:attachment":[{"href":"https:\/\/president-ksgov.net\/sr\/wp-json\/wp\/v2\/media?parent=99781"}],"wp:term":[{"taxonomy":"category","embeddable":true,"href":"https:\/\/president-ksgov.net\/sr\/wp-json\/wp\/v2\/categories?post=99781"},{"taxonomy":"post_tag","embeddable":true,"href":"https:\/\/president-ksgov.net\/sr\/wp-json\/wp\/v2\/tags?post=99781"}],"curies":[{"name":"wp","href":"https:\/\/api.w.org\/{rel}","templated":true}]}}