{"id":99767,"date":"2024-01-11T16:51:50","date_gmt":"2024-01-11T15:51:50","guid":{"rendered":"https:\/\/president-ksgov.net\/?p=99767"},"modified":"2024-01-12T13:52:33","modified_gmt":"2024-01-12T12:52:33","slug":"predsednica-osmani-se-priseca-delatnosti-novinara-envera-malokua-na-25-godisnjicu-ubistva","status":"publish","type":"post","link":"https:\/\/president-ksgov.net\/sr\/predsednica-osmani-se-priseca-delatnosti-novinara-envera-malokua-na-25-godisnjicu-ubistva\/","title":{"rendered":"Predsednica Osmani se prise\u0107a delatnosti novinara Envera Malokua na 25. godi\u0161njicu ubistva"},"content":{"rendered":"<p>Predsednica Republike Kosovo Vjosa Osmani prisetila se rada novinara Envera Malokua na 25. godi\u0161njicu ubistva.<\/p>\n<p>Cela komemorativna poruka predsednice Osmani:<\/p>\n<p>Danas se navr\u0161ava 25 godina od podmuklog ubistva Envera Malokua, hrabrog aktiviste i novinara, \u010doveka koji je transformisao slobodu govora i pravi\u010dno informisanje na principima dru\u0161tva i obele\u017eio eru hrabrog i profesionalnog izve\u0161tavanja.<\/p>\n<p>Negovao je slobodu govora i hrabro informisao o tragediji svog naroda, postav\u0161i mo\u0107an glasnogovornik slobode i nezavisnosti Kosova.<\/p>\n<p>Kao glasnogovornik politi\u010dke i ljudske volje svoje nacije, on ostaje primer \u010doveka posve\u0107enog slobodi govora i slobodi svog naroda.<\/p>\n<p>Ali, upravo na pragu slobode, Maloku je ubijen na ulazu zgrade u kojoj je \u017eiveo.<\/p>\n<p>Na\u017ealost, pravda do danas nije uspela da privede pravdi odgovorne za ovo ubistvo, kao i za mnoga druga, po\u010dinjena neposredno posle rata. Stoga jo\u0161 jednom moramo ponoviti poziv nadle\u017enim institucijama da se po\u010dinioci zlo\u010dina, uklju\u010duju\u0107i sva posleratna ubistva, privedu pravdi.<\/p>\n<p>Neka je ve\u010dno se\u0107anje na Envera Malokua!<\/p>\n","protected":false},"excerpt":{"rendered":"<p>Predsednica Republike Kosovo Vjosa Osmani prisetila se rada novinara Envera Malokua na 25. godi\u0161njicu ubistva. Cela komemorativna poruka predsednice Osmani: Danas se navr\u0161ava 25 godina od podmuklog ubistva Envera Malokua, hrabrog aktiviste i novinara, \u010doveka koji je transformisao slobodu govora i pravi\u010dno informisanje na principima dru\u0161tva i obele\u017eio eru hrabrog i profesionalnog izve\u0161tavanja. Negovao je slobodu govora i hrabro informisao o tragediji svog naroda, postav\u0161i mo\u0107an glasnogovornik slobode i nezavisnosti Kosova. Kao glasnogovornik politi\u010dke i ljudske volje svoje nacije, on ostaje primer \u010doveka posve\u0107enog slobodi govora i slobodi svog naroda. Ali, upravo na pragu slobode, Maloku je ubijen na ulazu zgrade u kojoj je \u017eiveo. Na\u017ealost, pravda do danas nije uspela da privede pravdi odgovorne za ovo ubistvo, kao i za mnoga druga, po\u010dinjena neposredno posle rata. Stoga jo\u0161 jednom moramo ponoviti poziv nadle\u017enim institucijama da se po\u010dinioci zlo\u010dina, uklju\u010duju\u0107i sva posleratna ubistva, privedu pravdi. Neka je ve\u010dno se\u0107anje na Envera Malokua!<\/p>\n","protected":false},"author":9,"featured_media":99739,"comment_status":"open","ping_status":"closed","sticky":false,"template":"","format":"standard","meta":{"_eb_attr":"","footnotes":""},"categories":[101],"tags":[],"class_list":["post-99767","post","type-post","status-publish","format-standard","has-post-thumbnail","hentry","category-vesti"],"yoast_head":"<!-- This site is optimized with the Yoast SEO plugin v23.5 - https:\/\/yoast.com\/wordpress\/plugins\/seo\/ -->\n<title>Predsednica Osmani se prise\u0107a delatnosti novinara Envera Malokua na 25. godi\u0161njicu ubistva - Predsednik Republike Kosovo - DR. VJOSA OSMANI - SADRIU<\/title>\n<meta name=\"description\" content=\"Predsednica Osmani se prise\u0107a delatnosti novinara Envera Malokua na 25. godi\u0161njicu ubistva - Predsednik Republike Kosovo - DR. VJOSA OSMANI - SADRIU -\" \/>\n<meta name=\"robots\" content=\"index, follow, max-snippet:-1, max-image-preview:large, max-video-preview:-1\" \/>\n<link rel=\"canonical\" href=\"https:\/\/president-ksgov.net\/sr\/predsednica-osmani-se-priseca-delatnosti-novinara-envera-malokua-na-25-godisnjicu-ubistva\/\" \/>\n<meta property=\"og:locale\" content=\"sr_RS\" \/>\n<meta property=\"og:type\" content=\"article\" \/>\n<meta property=\"og:title\" content=\"Predsednica Osmani se prise\u0107a delatnosti novinara Envera Malokua na 25. godi\u0161njicu ubistva - Predsednik Republike Kosovo - DR. VJOSA OSMANI - SADRIU\" \/>\n<meta property=\"og:description\" content=\"Predsednica Osmani se prise\u0107a delatnosti novinara Envera Malokua na 25. godi\u0161njicu ubistva - Predsednik Republike Kosovo - DR. VJOSA OSMANI - SADRIU -\" \/>\n<meta property=\"og:url\" content=\"https:\/\/president-ksgov.net\/sr\/predsednica-osmani-se-priseca-delatnosti-novinara-envera-malokua-na-25-godisnjicu-ubistva\/\" \/>\n<meta property=\"og:site_name\" content=\"Predsednik Republike Kosovo - DR. VJOSA OSMANI - SADRIU\" \/>\n<meta property=\"article:published_time\" content=\"2024-01-11T15:51:50+00:00\" \/>\n<meta property=\"article:modified_time\" content=\"2024-01-12T12:52:33+00:00\" \/>\n<meta property=\"og:image\" content=\"https:\/\/president-ksgov.net\/wp-content\/uploads\/1-183.jpg\" \/>\n\t<meta property=\"og:image:width\" content=\"2000\" \/>\n\t<meta property=\"og:image:height\" content=\"1333\" \/>\n\t<meta property=\"og:image:type\" content=\"image\/jpeg\" \/>\n<meta name=\"author\" content=\"Florent Rrahmani\" \/>\n<meta name=\"twitter:card\" content=\"summary_large_image\" \/>\n<meta name=\"twitter:label1\" content=\"\u041d\u0430\u043f\u0438\u0441\u0430\u043d\u043e \u043e\u0434\" \/>\n\t<meta name=\"twitter:data1\" content=\"Florent Rrahmani\" \/>\n\t<meta name=\"twitter:label2\" content=\"\u041f\u0440\u043e\u0446\u0435\u045a\u0435\u043d\u043e \u0432\u0440\u0435\u043c\u0435 \u0447\u0438\u0442\u0430\u045a\u0430\" \/>\n\t<meta name=\"twitter:data2\" content=\"2 \u043c\u0438\u043d\u0443\u0442\u0430\" \/>\n<script type=\"application\/ld+json\" class=\"yoast-schema-graph\">{\"@context\":\"https:\/\/schema.org\",\"@graph\":[{\"@type\":\"WebPage\",\"@id\":\"https:\/\/president-ksgov.net\/sr\/predsednica-osmani-se-priseca-delatnosti-novinara-envera-malokua-na-25-godisnjicu-ubistva\/\",\"url\":\"https:\/\/president-ksgov.net\/sr\/predsednica-osmani-se-priseca-delatnosti-novinara-envera-malokua-na-25-godisnjicu-ubistva\/\",\"name\":\"Predsednica Osmani se prise\u0107a delatnosti novinara Envera Malokua na 25. godi\u0161njicu ubistva - Predsednik Republike Kosovo - DR. VJOSA OSMANI - SADRIU\",\"isPartOf\":{\"@id\":\"https:\/\/president-ksgov.net\/#website\"},\"primaryImageOfPage\":{\"@id\":\"https:\/\/president-ksgov.net\/sr\/predsednica-osmani-se-priseca-delatnosti-novinara-envera-malokua-na-25-godisnjicu-ubistva\/#primaryimage\"},\"image\":{\"@id\":\"https:\/\/president-ksgov.net\/sr\/predsednica-osmani-se-priseca-delatnosti-novinara-envera-malokua-na-25-godisnjicu-ubistva\/#primaryimage\"},\"thumbnailUrl\":\"https:\/\/president-ksgov.net\/wp-content\/uploads\/1-183.jpg\",\"datePublished\":\"2024-01-11T15:51:50+00:00\",\"dateModified\":\"2024-01-12T12:52:33+00:00\",\"author\":{\"@id\":\"https:\/\/president-ksgov.net\/#\/schema\/person\/7c46f744a99d3f1616b92658282aa934\"},\"description\":\"Predsednica Osmani se prise\u0107a delatnosti novinara Envera Malokua na 25. godi\u0161njicu ubistva - Predsednik Republike Kosovo - DR. VJOSA OSMANI - SADRIU -\",\"breadcrumb\":{\"@id\":\"https:\/\/president-ksgov.net\/sr\/predsednica-osmani-se-priseca-delatnosti-novinara-envera-malokua-na-25-godisnjicu-ubistva\/#breadcrumb\"},\"inLanguage\":\"sr-RS\",\"potentialAction\":[{\"@type\":\"ReadAction\",\"target\":[\"https:\/\/president-ksgov.net\/sr\/predsednica-osmani-se-priseca-delatnosti-novinara-envera-malokua-na-25-godisnjicu-ubistva\/\"]}]},{\"@type\":\"ImageObject\",\"inLanguage\":\"sr-RS\",\"@id\":\"https:\/\/president-ksgov.net\/sr\/predsednica-osmani-se-priseca-delatnosti-novinara-envera-malokua-na-25-godisnjicu-ubistva\/#primaryimage\",\"url\":\"https:\/\/president-ksgov.net\/wp-content\/uploads\/1-183.jpg\",\"contentUrl\":\"https:\/\/president-ksgov.net\/wp-content\/uploads\/1-183.jpg\",\"width\":2000,\"height\":1333},{\"@type\":\"BreadcrumbList\",\"@id\":\"https:\/\/president-ksgov.net\/sr\/predsednica-osmani-se-priseca-delatnosti-novinara-envera-malokua-na-25-godisnjicu-ubistva\/#breadcrumb\",\"itemListElement\":[{\"@type\":\"ListItem\",\"position\":1,\"name\":\"Home\",\"item\":\"https:\/\/president-ksgov.net\/sr\/\"},{\"@type\":\"ListItem\",\"position\":2,\"name\":\"Predsednica Osmani se prise\u0107a delatnosti novinara Envera Malokua na 25. godi\u0161njicu ubistva\"}]},{\"@type\":\"WebSite\",\"@id\":\"https:\/\/president-ksgov.net\/#website\",\"url\":\"https:\/\/president-ksgov.net\/\",\"name\":\"Presidente e Republik\u00ebs s\u00eb Kosov\u00ebs\",\"description\":\"Presidente e Republik\u00ebs s\u00eb Kosov\u00ebs\",\"alternateName\":\"DR. VJOSA OSMANI - SADRIU\",\"potentialAction\":[{\"@type\":\"SearchAction\",\"target\":{\"@type\":\"EntryPoint\",\"urlTemplate\":\"https:\/\/president-ksgov.net\/?s={search_term_string}\"},\"query-input\":{\"@type\":\"PropertyValueSpecification\",\"valueRequired\":true,\"valueName\":\"search_term_string\"}}],\"inLanguage\":\"sr-RS\"},{\"@type\":\"Person\",\"@id\":\"https:\/\/president-ksgov.net\/#\/schema\/person\/7c46f744a99d3f1616b92658282aa934\",\"name\":\"Florent Rrahmani\",\"image\":{\"@type\":\"ImageObject\",\"inLanguage\":\"sr-RS\",\"@id\":\"https:\/\/president-ksgov.net\/#\/schema\/person\/image\/\",\"url\":\"https:\/\/secure.gravatar.com\/avatar\/2545924aa250de68ac8368367a79b663e59571cd131611f54c89b0613a94e230?s=96&d=mm&r=g\",\"contentUrl\":\"https:\/\/secure.gravatar.com\/avatar\/2545924aa250de68ac8368367a79b663e59571cd131611f54c89b0613a94e230?s=96&d=mm&r=g\",\"caption\":\"Florent Rrahmani\"}}]}<\/script>\n<!-- \/ Yoast SEO plugin. -->","yoast_head_json":{"title":"Predsednica Osmani se prise\u0107a delatnosti novinara Envera Malokua na 25. godi\u0161njicu ubistva - Predsednik Republike Kosovo - DR. VJOSA OSMANI - SADRIU","description":"Predsednica Osmani se prise\u0107a delatnosti novinara Envera Malokua na 25. godi\u0161njicu ubistva - Predsednik Republike Kosovo - DR. VJOSA OSMANI - SADRIU -","robots":{"index":"index","follow":"follow","max-snippet":"max-snippet:-1","max-image-preview":"max-image-preview:large","max-video-preview":"max-video-preview:-1"},"canonical":"https:\/\/president-ksgov.net\/sr\/predsednica-osmani-se-priseca-delatnosti-novinara-envera-malokua-na-25-godisnjicu-ubistva\/","og_locale":"sr_RS","og_type":"article","og_title":"Predsednica Osmani se prise\u0107a delatnosti novinara Envera Malokua na 25. godi\u0161njicu ubistva - Predsednik Republike Kosovo - DR. VJOSA OSMANI - SADRIU","og_description":"Predsednica Osmani se prise\u0107a delatnosti novinara Envera Malokua na 25. godi\u0161njicu ubistva - Predsednik Republike Kosovo - DR. VJOSA OSMANI - SADRIU -","og_url":"https:\/\/president-ksgov.net\/sr\/predsednica-osmani-se-priseca-delatnosti-novinara-envera-malokua-na-25-godisnjicu-ubistva\/","og_site_name":"Predsednik Republike Kosovo - DR. VJOSA OSMANI - SADRIU","article_published_time":"2024-01-11T15:51:50+00:00","article_modified_time":"2024-01-12T12:52:33+00:00","og_image":[{"width":2000,"height":1333,"url":"https:\/\/president-ksgov.net\/wp-content\/uploads\/1-183.jpg","type":"image\/jpeg"}],"author":"Florent Rrahmani","twitter_card":"summary_large_image","twitter_misc":{"\u041d\u0430\u043f\u0438\u0441\u0430\u043d\u043e \u043e\u0434":"Florent Rrahmani","\u041f\u0440\u043e\u0446\u0435\u045a\u0435\u043d\u043e \u0432\u0440\u0435\u043c\u0435 \u0447\u0438\u0442\u0430\u045a\u0430":"2 \u043c\u0438\u043d\u0443\u0442\u0430"},"schema":{"@context":"https:\/\/schema.org","@graph":[{"@type":"WebPage","@id":"https:\/\/president-ksgov.net\/sr\/predsednica-osmani-se-priseca-delatnosti-novinara-envera-malokua-na-25-godisnjicu-ubistva\/","url":"https:\/\/president-ksgov.net\/sr\/predsednica-osmani-se-priseca-delatnosti-novinara-envera-malokua-na-25-godisnjicu-ubistva\/","name":"Predsednica Osmani se prise\u0107a delatnosti novinara Envera Malokua na 25. godi\u0161njicu ubistva - Predsednik Republike Kosovo - DR. VJOSA OSMANI - SADRIU","isPartOf":{"@id":"https:\/\/president-ksgov.net\/#website"},"primaryImageOfPage":{"@id":"https:\/\/president-ksgov.net\/sr\/predsednica-osmani-se-priseca-delatnosti-novinara-envera-malokua-na-25-godisnjicu-ubistva\/#primaryimage"},"image":{"@id":"https:\/\/president-ksgov.net\/sr\/predsednica-osmani-se-priseca-delatnosti-novinara-envera-malokua-na-25-godisnjicu-ubistva\/#primaryimage"},"thumbnailUrl":"https:\/\/president-ksgov.net\/wp-content\/uploads\/1-183.jpg","datePublished":"2024-01-11T15:51:50+00:00","dateModified":"2024-01-12T12:52:33+00:00","author":{"@id":"https:\/\/president-ksgov.net\/#\/schema\/person\/7c46f744a99d3f1616b92658282aa934"},"description":"Predsednica Osmani se prise\u0107a delatnosti novinara Envera Malokua na 25. godi\u0161njicu ubistva - Predsednik Republike Kosovo - DR. VJOSA OSMANI - SADRIU -","breadcrumb":{"@id":"https:\/\/president-ksgov.net\/sr\/predsednica-osmani-se-priseca-delatnosti-novinara-envera-malokua-na-25-godisnjicu-ubistva\/#breadcrumb"},"inLanguage":"sr-RS","potentialAction":[{"@type":"ReadAction","target":["https:\/\/president-ksgov.net\/sr\/predsednica-osmani-se-priseca-delatnosti-novinara-envera-malokua-na-25-godisnjicu-ubistva\/"]}]},{"@type":"ImageObject","inLanguage":"sr-RS","@id":"https:\/\/president-ksgov.net\/sr\/predsednica-osmani-se-priseca-delatnosti-novinara-envera-malokua-na-25-godisnjicu-ubistva\/#primaryimage","url":"https:\/\/president-ksgov.net\/wp-content\/uploads\/1-183.jpg","contentUrl":"https:\/\/president-ksgov.net\/wp-content\/uploads\/1-183.jpg","width":2000,"height":1333},{"@type":"BreadcrumbList","@id":"https:\/\/president-ksgov.net\/sr\/predsednica-osmani-se-priseca-delatnosti-novinara-envera-malokua-na-25-godisnjicu-ubistva\/#breadcrumb","itemListElement":[{"@type":"ListItem","position":1,"name":"Home","item":"https:\/\/president-ksgov.net\/sr\/"},{"@type":"ListItem","position":2,"name":"Predsednica Osmani se prise\u0107a delatnosti novinara Envera Malokua na 25. godi\u0161njicu ubistva"}]},{"@type":"WebSite","@id":"https:\/\/president-ksgov.net\/#website","url":"https:\/\/president-ksgov.net\/","name":"Presidente e Republik\u00ebs s\u00eb Kosov\u00ebs","description":"Presidente e Republik\u00ebs s\u00eb Kosov\u00ebs","alternateName":"DR. VJOSA OSMANI - SADRIU","potentialAction":[{"@type":"SearchAction","target":{"@type":"EntryPoint","urlTemplate":"https:\/\/president-ksgov.net\/?s={search_term_string}"},"query-input":{"@type":"PropertyValueSpecification","valueRequired":true,"valueName":"search_term_string"}}],"inLanguage":"sr-RS"},{"@type":"Person","@id":"https:\/\/president-ksgov.net\/#\/schema\/person\/7c46f744a99d3f1616b92658282aa934","name":"Florent Rrahmani","image":{"@type":"ImageObject","inLanguage":"sr-RS","@id":"https:\/\/president-ksgov.net\/#\/schema\/person\/image\/","url":"https:\/\/secure.gravatar.com\/avatar\/2545924aa250de68ac8368367a79b663e59571cd131611f54c89b0613a94e230?s=96&d=mm&r=g","contentUrl":"https:\/\/secure.gravatar.com\/avatar\/2545924aa250de68ac8368367a79b663e59571cd131611f54c89b0613a94e230?s=96&d=mm&r=g","caption":"Florent Rrahmani"}}]}},"_links":{"self":[{"href":"https:\/\/president-ksgov.net\/sr\/wp-json\/wp\/v2\/posts\/99767","targetHints":{"allow":["GET"]}}],"collection":[{"href":"https:\/\/president-ksgov.net\/sr\/wp-json\/wp\/v2\/posts"}],"about":[{"href":"https:\/\/president-ksgov.net\/sr\/wp-json\/wp\/v2\/types\/post"}],"author":[{"embeddable":true,"href":"https:\/\/president-ksgov.net\/sr\/wp-json\/wp\/v2\/users\/9"}],"replies":[{"embeddable":true,"href":"https:\/\/president-ksgov.net\/sr\/wp-json\/wp\/v2\/comments?post=99767"}],"version-history":[{"count":1,"href":"https:\/\/president-ksgov.net\/sr\/wp-json\/wp\/v2\/posts\/99767\/revisions"}],"predecessor-version":[{"id":99768,"href":"https:\/\/president-ksgov.net\/sr\/wp-json\/wp\/v2\/posts\/99767\/revisions\/99768"}],"wp:featuredmedia":[{"embeddable":true,"href":"https:\/\/president-ksgov.net\/sr\/wp-json\/wp\/v2\/media\/99739"}],"wp:attachment":[{"href":"https:\/\/president-ksgov.net\/sr\/wp-json\/wp\/v2\/media?parent=99767"}],"wp:term":[{"taxonomy":"category","embeddable":true,"href":"https:\/\/president-ksgov.net\/sr\/wp-json\/wp\/v2\/categories?post=99767"},{"taxonomy":"post_tag","embeddable":true,"href":"https:\/\/president-ksgov.net\/sr\/wp-json\/wp\/v2\/tags?post=99767"}],"curies":[{"name":"wp","href":"https:\/\/api.w.org\/{rel}","templated":true}]}}