{"id":99730,"date":"2024-01-11T15:27:15","date_gmt":"2024-01-11T14:27:15","guid":{"rendered":"https:\/\/president-ksgov.net\/?p=99730"},"modified":"2024-01-11T17:59:37","modified_gmt":"2024-01-11T16:59:37","slug":"predsednica-osmani-na-sastanku-sa-premijerom-irske-leom-varadkarom-kosovo-zasluzuje-status-zemlje-kandidata-za-eu","status":"publish","type":"post","link":"https:\/\/president-ksgov.net\/sr\/predsednica-osmani-na-sastanku-sa-premijerom-irske-leom-varadkarom-kosovo-zasluzuje-status-zemlje-kandidata-za-eu\/","title":{"rendered":"Predsednica Osmani na sastanku sa premijerom Irske Leom Varadkarom: Kosovo zaslu\u017euje status zemlje kandidata za EU"},"content":{"rendered":"<p>Predsednica Republike Kosovo Vjosa Osmani do\u010dekala je danas na sastanku premijera Irske Lea Varadkara.<\/p>\n<p>Na sastanku je razgovarano o aktuelnim politi\u010dkim i bezbednosnim de\u0161avanjima, zajedni\u010dkim interesima i pro\u0161irenju mogu\u0107nosti za pove\u0107anje saradnje.<\/p>\n<p>Ovom prilikom ponovo su potvr\u0111eni odli\u010dni odnosi izme\u0111u Kosova i Irske, po\u0161to je predsednica Osmani zahvalila premijeru Varadkaru na njegovoj nepokolebljivoj podr\u0161ci konstantnim naporima Kosova za odr\u017eivi mir, stabilnost i ekonomski razvoj.<\/p>\n<p>Predsednica Osmani je izrazila zahvalnost za podr\u0161ku Irske na putu Kosova ka \u010dlanstvu u Savetu Evrope. Dalje, istakla je zna\u010daj nastavka ove podr\u0161ke ka kona\u010dnom \u010dlanstvu u Savetu Evrope, EU, ali i me\u0111unarodnim organizacijama.<\/p>\n<p>\u201e\u010clanstvo u Savetu Evrope je za dobrobit svih gra\u0111ana Kosova i omogu\u0107ava unapre\u0111enu za\u0161titu ljudskih prava\u201c, istakla je predsednica Osmani.<\/p>\n<p>Dalje, predsednica Omani je naglasila da je vreme da se odnosi Kosova sa EU podignu na drugi nivo.<\/p>\n<p>\u201eKosovo zaslu\u017euje status zemlje kandidata. Kosovo oli\u010dava evropske vrednosti, stoga, u tom duhu, postoji stalna posve\u0107enost da na\u0161e zakonodavstvo bude u skladu sa zakonima EU. Pravi je trenutak da dobijemo status zemlje kandidata\u201c, rekla je predsednica Osmani.<\/p>\n<p>U vezi sa nedavnim de\u0161avanjima u zemlji, predsednica Osmani je istakla da je Kosovo ve\u0107 preduzelo zna\u010dajne korake u deeskalaciji situacije na severu zemlje, pa je mere EU ocenila nesrazmernim i \u0161tetnim po gra\u0111ane Kosova.<\/p>\n<p>U tom kontekstu, predsednica Osmani je izrazila zahvalnost za stav Irske protiv ovih mera i ponovila je poziv na njihovo uklanjanje, jer su sada\u0161nje mere koje su na snazi protiv Kosova nepravedne i stvaraju nedostatak ravnote\u017ee u dijalogu.<\/p>\n<p>Kada je re\u010d o bezbednosnoj situaciji, predsednica Osmani je rekla da nedostatak mera prema Srbiji u vezi sa teroristi\u010dkim napadom i \u010dinom agresije 24. septembra u Banjskoj, samo ohrabruje da ponovo u\u010dini sli\u010dne akcije, koje ugro\u017eavaju ne samo stabilnost Kosova, ve\u0107 i region.<\/p>\n<p>Predsednica Osmani i premijer Varadkar istakli su zna\u010daj saradnje u re\u0161avanju globalnih izazova i promovisanju razvoja u svim sferama od zajedni\u010dkog interesa, sa posebnim fokusom na obrazovanje i zdravstvo.<\/p>\n","protected":false},"excerpt":{"rendered":"<p>Predsednica Republike Kosovo Vjosa Osmani do\u010dekala je danas na sastanku premijera Irske Lea Varadkara. Na sastanku je razgovarano o aktuelnim politi\u010dkim i bezbednosnim de\u0161avanjima, zajedni\u010dkim interesima i pro\u0161irenju mogu\u0107nosti za pove\u0107anje saradnje. Ovom prilikom ponovo su potvr\u0111eni odli\u010dni odnosi izme\u0111u Kosova i Irske, po\u0161to je predsednica Osmani zahvalila premijeru Varadkaru na njegovoj nepokolebljivoj podr\u0161ci konstantnim naporima Kosova za odr\u017eivi mir, stabilnost i ekonomski razvoj. Predsednica Osmani je izrazila zahvalnost za podr\u0161ku Irske na putu Kosova ka \u010dlanstvu u Savetu Evrope. Dalje, istakla je zna\u010daj nastavka ove podr\u0161ke ka kona\u010dnom \u010dlanstvu u Savetu Evrope, EU, ali i me\u0111unarodnim organizacijama. \u201e\u010clanstvo u Savetu Evrope je za dobrobit svih gra\u0111ana Kosova i omogu\u0107ava unapre\u0111enu za\u0161titu ljudskih prava\u201c, istakla je predsednica Osmani. Dalje, predsednica Omani je naglasila da je vreme da se odnosi Kosova sa EU podignu na drugi nivo. \u201eKosovo zaslu\u017euje status zemlje kandidata. Kosovo oli\u010dava evropske vrednosti, stoga, u tom duhu, postoji stalna posve\u0107enost da na\u0161e zakonodavstvo bude u skladu sa zakonima EU. Pravi je trenutak da dobijemo status zemlje kandidata\u201c, rekla je predsednica Osmani. U vezi sa nedavnim de\u0161avanjima u zemlji, predsednica Osmani je istakla da je Kosovo ve\u0107 preduzelo zna\u010dajne korake u deeskalaciji situacije na severu zemlje, pa je mere EU ocenila nesrazmernim i \u0161tetnim po gra\u0111ane Kosova. U tom kontekstu, predsednica Osmani je izrazila zahvalnost za stav Irske protiv ovih mera i ponovila je poziv na njihovo uklanjanje, jer su sada\u0161nje mere koje su na snazi protiv Kosova nepravedne i stvaraju nedostatak ravnote\u017ee u dijalogu. Kada je re\u010d o bezbednosnoj situaciji, predsednica Osmani je rekla da nedostatak mera prema Srbiji u vezi sa teroristi\u010dkim napadom i \u010dinom agresije 24. septembra u Banjskoj, samo ohrabruje da ponovo u\u010dini sli\u010dne akcije, koje ugro\u017eavaju ne samo stabilnost Kosova, ve\u0107 i region. Predsednica Osmani i premijer Varadkar istakli su zna\u010daj saradnje u re\u0161avanju globalnih izazova i promovisanju razvoja u svim sferama od zajedni\u010dkog interesa, sa posebnim fokusom na obrazovanje i zdravstvo.<\/p>\n","protected":false},"author":9,"featured_media":99716,"comment_status":"open","ping_status":"closed","sticky":false,"template":"","format":"standard","meta":{"_eb_attr":"","footnotes":""},"categories":[101],"tags":[],"class_list":["post-99730","post","type-post","status-publish","format-standard","has-post-thumbnail","hentry","category-vesti"],"yoast_head":"<!-- This site is optimized with the Yoast SEO plugin v23.5 - https:\/\/yoast.com\/wordpress\/plugins\/seo\/ -->\n<title>Predsednica Osmani na sastanku sa premijerom Irske Leom Varadkarom: Kosovo zaslu\u017euje status zemlje kandidata za EU - Predsednik Republike Kosovo - DR. VJOSA OSMANI - SADRIU<\/title>\n<meta name=\"description\" content=\"Predsednica Osmani na sastanku sa premijerom Irske Leom Varadkarom: Kosovo zaslu\u017euje status zemlje kandidata za EU - Predsednik Republike Kosovo - DR. VJOSA OSMANI - SADRIU -\" \/>\n<meta name=\"robots\" content=\"index, follow, max-snippet:-1, max-image-preview:large, max-video-preview:-1\" \/>\n<link rel=\"canonical\" href=\"https:\/\/president-ksgov.net\/sr\/predsednica-osmani-na-sastanku-sa-premijerom-irske-leom-varadkarom-kosovo-zasluzuje-status-zemlje-kandidata-za-eu\/\" \/>\n<meta property=\"og:locale\" content=\"sr_RS\" \/>\n<meta property=\"og:type\" content=\"article\" \/>\n<meta property=\"og:title\" content=\"Predsednica Osmani na sastanku sa premijerom Irske Leom Varadkarom: Kosovo zaslu\u017euje status zemlje kandidata za EU - Predsednik Republike Kosovo - DR. VJOSA OSMANI - SADRIU\" \/>\n<meta property=\"og:description\" content=\"Predsednica Osmani na sastanku sa premijerom Irske Leom Varadkarom: Kosovo zaslu\u017euje status zemlje kandidata za EU - Predsednik Republike Kosovo - DR. VJOSA OSMANI - SADRIU -\" \/>\n<meta property=\"og:url\" content=\"https:\/\/president-ksgov.net\/sr\/predsednica-osmani-na-sastanku-sa-premijerom-irske-leom-varadkarom-kosovo-zasluzuje-status-zemlje-kandidata-za-eu\/\" \/>\n<meta property=\"og:site_name\" content=\"Predsednik Republike Kosovo - DR. VJOSA OSMANI - SADRIU\" \/>\n<meta property=\"article:published_time\" content=\"2024-01-11T14:27:15+00:00\" \/>\n<meta property=\"article:modified_time\" content=\"2024-01-11T16:59:37+00:00\" \/>\n<meta property=\"og:image\" content=\"https:\/\/president-ksgov.net\/wp-content\/uploads\/0-8.jpg\" \/>\n\t<meta property=\"og:image:width\" content=\"2000\" \/>\n\t<meta property=\"og:image:height\" content=\"1331\" \/>\n\t<meta property=\"og:image:type\" content=\"image\/jpeg\" \/>\n<meta name=\"author\" content=\"Florent Rrahmani\" \/>\n<meta name=\"twitter:card\" content=\"summary_large_image\" \/>\n<meta name=\"twitter:label1\" content=\"\u041d\u0430\u043f\u0438\u0441\u0430\u043d\u043e \u043e\u0434\" \/>\n\t<meta name=\"twitter:data1\" content=\"Florent Rrahmani\" \/>\n\t<meta name=\"twitter:label2\" content=\"\u041f\u0440\u043e\u0446\u0435\u045a\u0435\u043d\u043e \u0432\u0440\u0435\u043c\u0435 \u0447\u0438\u0442\u0430\u045a\u0430\" \/>\n\t<meta name=\"twitter:data2\" content=\"2 \u043c\u0438\u043d\u0443\u0442\u0430\" \/>\n<script type=\"application\/ld+json\" class=\"yoast-schema-graph\">{\"@context\":\"https:\/\/schema.org\",\"@graph\":[{\"@type\":\"WebPage\",\"@id\":\"https:\/\/president-ksgov.net\/sr\/predsednica-osmani-na-sastanku-sa-premijerom-irske-leom-varadkarom-kosovo-zasluzuje-status-zemlje-kandidata-za-eu\/\",\"url\":\"https:\/\/president-ksgov.net\/sr\/predsednica-osmani-na-sastanku-sa-premijerom-irske-leom-varadkarom-kosovo-zasluzuje-status-zemlje-kandidata-za-eu\/\",\"name\":\"Predsednica Osmani na sastanku sa premijerom Irske Leom Varadkarom: Kosovo zaslu\u017euje status zemlje kandidata za EU - Predsednik Republike Kosovo - DR. VJOSA OSMANI - SADRIU\",\"isPartOf\":{\"@id\":\"https:\/\/president-ksgov.net\/#website\"},\"primaryImageOfPage\":{\"@id\":\"https:\/\/president-ksgov.net\/sr\/predsednica-osmani-na-sastanku-sa-premijerom-irske-leom-varadkarom-kosovo-zasluzuje-status-zemlje-kandidata-za-eu\/#primaryimage\"},\"image\":{\"@id\":\"https:\/\/president-ksgov.net\/sr\/predsednica-osmani-na-sastanku-sa-premijerom-irske-leom-varadkarom-kosovo-zasluzuje-status-zemlje-kandidata-za-eu\/#primaryimage\"},\"thumbnailUrl\":\"https:\/\/president-ksgov.net\/wp-content\/uploads\/0-8.jpg\",\"datePublished\":\"2024-01-11T14:27:15+00:00\",\"dateModified\":\"2024-01-11T16:59:37+00:00\",\"author\":{\"@id\":\"https:\/\/president-ksgov.net\/#\/schema\/person\/7c46f744a99d3f1616b92658282aa934\"},\"description\":\"Predsednica Osmani na sastanku sa premijerom Irske Leom Varadkarom: Kosovo zaslu\u017euje status zemlje kandidata za EU - Predsednik Republike Kosovo - DR. VJOSA OSMANI - SADRIU -\",\"breadcrumb\":{\"@id\":\"https:\/\/president-ksgov.net\/sr\/predsednica-osmani-na-sastanku-sa-premijerom-irske-leom-varadkarom-kosovo-zasluzuje-status-zemlje-kandidata-za-eu\/#breadcrumb\"},\"inLanguage\":\"sr-RS\",\"potentialAction\":[{\"@type\":\"ReadAction\",\"target\":[\"https:\/\/president-ksgov.net\/sr\/predsednica-osmani-na-sastanku-sa-premijerom-irske-leom-varadkarom-kosovo-zasluzuje-status-zemlje-kandidata-za-eu\/\"]}]},{\"@type\":\"ImageObject\",\"inLanguage\":\"sr-RS\",\"@id\":\"https:\/\/president-ksgov.net\/sr\/predsednica-osmani-na-sastanku-sa-premijerom-irske-leom-varadkarom-kosovo-zasluzuje-status-zemlje-kandidata-za-eu\/#primaryimage\",\"url\":\"https:\/\/president-ksgov.net\/wp-content\/uploads\/0-8.jpg\",\"contentUrl\":\"https:\/\/president-ksgov.net\/wp-content\/uploads\/0-8.jpg\",\"width\":2000,\"height\":1331},{\"@type\":\"BreadcrumbList\",\"@id\":\"https:\/\/president-ksgov.net\/sr\/predsednica-osmani-na-sastanku-sa-premijerom-irske-leom-varadkarom-kosovo-zasluzuje-status-zemlje-kandidata-za-eu\/#breadcrumb\",\"itemListElement\":[{\"@type\":\"ListItem\",\"position\":1,\"name\":\"Home\",\"item\":\"https:\/\/president-ksgov.net\/sr\/\"},{\"@type\":\"ListItem\",\"position\":2,\"name\":\"Predsednica Osmani na sastanku sa premijerom Irske Leom Varadkarom: Kosovo zaslu\u017euje status zemlje kandidata za EU\"}]},{\"@type\":\"WebSite\",\"@id\":\"https:\/\/president-ksgov.net\/#website\",\"url\":\"https:\/\/president-ksgov.net\/\",\"name\":\"Presidente e Republik\u00ebs s\u00eb Kosov\u00ebs\",\"description\":\"Presidente e Republik\u00ebs s\u00eb Kosov\u00ebs\",\"alternateName\":\"DR. VJOSA OSMANI - SADRIU\",\"potentialAction\":[{\"@type\":\"SearchAction\",\"target\":{\"@type\":\"EntryPoint\",\"urlTemplate\":\"https:\/\/president-ksgov.net\/?s={search_term_string}\"},\"query-input\":{\"@type\":\"PropertyValueSpecification\",\"valueRequired\":true,\"valueName\":\"search_term_string\"}}],\"inLanguage\":\"sr-RS\"},{\"@type\":\"Person\",\"@id\":\"https:\/\/president-ksgov.net\/#\/schema\/person\/7c46f744a99d3f1616b92658282aa934\",\"name\":\"Florent Rrahmani\",\"image\":{\"@type\":\"ImageObject\",\"inLanguage\":\"sr-RS\",\"@id\":\"https:\/\/president-ksgov.net\/#\/schema\/person\/image\/\",\"url\":\"https:\/\/secure.gravatar.com\/avatar\/2545924aa250de68ac8368367a79b663e59571cd131611f54c89b0613a94e230?s=96&d=mm&r=g\",\"contentUrl\":\"https:\/\/secure.gravatar.com\/avatar\/2545924aa250de68ac8368367a79b663e59571cd131611f54c89b0613a94e230?s=96&d=mm&r=g\",\"caption\":\"Florent Rrahmani\"}}]}<\/script>\n<!-- \/ Yoast SEO plugin. -->","yoast_head_json":{"title":"Predsednica Osmani na sastanku sa premijerom Irske Leom Varadkarom: Kosovo zaslu\u017euje status zemlje kandidata za EU - Predsednik Republike Kosovo - DR. VJOSA OSMANI - SADRIU","description":"Predsednica Osmani na sastanku sa premijerom Irske Leom Varadkarom: Kosovo zaslu\u017euje status zemlje kandidata za EU - Predsednik Republike Kosovo - DR. VJOSA OSMANI - SADRIU -","robots":{"index":"index","follow":"follow","max-snippet":"max-snippet:-1","max-image-preview":"max-image-preview:large","max-video-preview":"max-video-preview:-1"},"canonical":"https:\/\/president-ksgov.net\/sr\/predsednica-osmani-na-sastanku-sa-premijerom-irske-leom-varadkarom-kosovo-zasluzuje-status-zemlje-kandidata-za-eu\/","og_locale":"sr_RS","og_type":"article","og_title":"Predsednica Osmani na sastanku sa premijerom Irske Leom Varadkarom: Kosovo zaslu\u017euje status zemlje kandidata za EU - Predsednik Republike Kosovo - DR. VJOSA OSMANI - SADRIU","og_description":"Predsednica Osmani na sastanku sa premijerom Irske Leom Varadkarom: Kosovo zaslu\u017euje status zemlje kandidata za EU - Predsednik Republike Kosovo - DR. VJOSA OSMANI - SADRIU -","og_url":"https:\/\/president-ksgov.net\/sr\/predsednica-osmani-na-sastanku-sa-premijerom-irske-leom-varadkarom-kosovo-zasluzuje-status-zemlje-kandidata-za-eu\/","og_site_name":"Predsednik Republike Kosovo - DR. VJOSA OSMANI - SADRIU","article_published_time":"2024-01-11T14:27:15+00:00","article_modified_time":"2024-01-11T16:59:37+00:00","og_image":[{"width":2000,"height":1331,"url":"https:\/\/president-ksgov.net\/wp-content\/uploads\/0-8.jpg","type":"image\/jpeg"}],"author":"Florent Rrahmani","twitter_card":"summary_large_image","twitter_misc":{"\u041d\u0430\u043f\u0438\u0441\u0430\u043d\u043e \u043e\u0434":"Florent Rrahmani","\u041f\u0440\u043e\u0446\u0435\u045a\u0435\u043d\u043e \u0432\u0440\u0435\u043c\u0435 \u0447\u0438\u0442\u0430\u045a\u0430":"2 \u043c\u0438\u043d\u0443\u0442\u0430"},"schema":{"@context":"https:\/\/schema.org","@graph":[{"@type":"WebPage","@id":"https:\/\/president-ksgov.net\/sr\/predsednica-osmani-na-sastanku-sa-premijerom-irske-leom-varadkarom-kosovo-zasluzuje-status-zemlje-kandidata-za-eu\/","url":"https:\/\/president-ksgov.net\/sr\/predsednica-osmani-na-sastanku-sa-premijerom-irske-leom-varadkarom-kosovo-zasluzuje-status-zemlje-kandidata-za-eu\/","name":"Predsednica Osmani na sastanku sa premijerom Irske Leom Varadkarom: Kosovo zaslu\u017euje status zemlje kandidata za EU - Predsednik Republike Kosovo - DR. VJOSA OSMANI - SADRIU","isPartOf":{"@id":"https:\/\/president-ksgov.net\/#website"},"primaryImageOfPage":{"@id":"https:\/\/president-ksgov.net\/sr\/predsednica-osmani-na-sastanku-sa-premijerom-irske-leom-varadkarom-kosovo-zasluzuje-status-zemlje-kandidata-za-eu\/#primaryimage"},"image":{"@id":"https:\/\/president-ksgov.net\/sr\/predsednica-osmani-na-sastanku-sa-premijerom-irske-leom-varadkarom-kosovo-zasluzuje-status-zemlje-kandidata-za-eu\/#primaryimage"},"thumbnailUrl":"https:\/\/president-ksgov.net\/wp-content\/uploads\/0-8.jpg","datePublished":"2024-01-11T14:27:15+00:00","dateModified":"2024-01-11T16:59:37+00:00","author":{"@id":"https:\/\/president-ksgov.net\/#\/schema\/person\/7c46f744a99d3f1616b92658282aa934"},"description":"Predsednica Osmani na sastanku sa premijerom Irske Leom Varadkarom: Kosovo zaslu\u017euje status zemlje kandidata za EU - Predsednik Republike Kosovo - DR. VJOSA OSMANI - SADRIU -","breadcrumb":{"@id":"https:\/\/president-ksgov.net\/sr\/predsednica-osmani-na-sastanku-sa-premijerom-irske-leom-varadkarom-kosovo-zasluzuje-status-zemlje-kandidata-za-eu\/#breadcrumb"},"inLanguage":"sr-RS","potentialAction":[{"@type":"ReadAction","target":["https:\/\/president-ksgov.net\/sr\/predsednica-osmani-na-sastanku-sa-premijerom-irske-leom-varadkarom-kosovo-zasluzuje-status-zemlje-kandidata-za-eu\/"]}]},{"@type":"ImageObject","inLanguage":"sr-RS","@id":"https:\/\/president-ksgov.net\/sr\/predsednica-osmani-na-sastanku-sa-premijerom-irske-leom-varadkarom-kosovo-zasluzuje-status-zemlje-kandidata-za-eu\/#primaryimage","url":"https:\/\/president-ksgov.net\/wp-content\/uploads\/0-8.jpg","contentUrl":"https:\/\/president-ksgov.net\/wp-content\/uploads\/0-8.jpg","width":2000,"height":1331},{"@type":"BreadcrumbList","@id":"https:\/\/president-ksgov.net\/sr\/predsednica-osmani-na-sastanku-sa-premijerom-irske-leom-varadkarom-kosovo-zasluzuje-status-zemlje-kandidata-za-eu\/#breadcrumb","itemListElement":[{"@type":"ListItem","position":1,"name":"Home","item":"https:\/\/president-ksgov.net\/sr\/"},{"@type":"ListItem","position":2,"name":"Predsednica Osmani na sastanku sa premijerom Irske Leom Varadkarom: Kosovo zaslu\u017euje status zemlje kandidata za EU"}]},{"@type":"WebSite","@id":"https:\/\/president-ksgov.net\/#website","url":"https:\/\/president-ksgov.net\/","name":"Presidente e Republik\u00ebs s\u00eb Kosov\u00ebs","description":"Presidente e Republik\u00ebs s\u00eb Kosov\u00ebs","alternateName":"DR. VJOSA OSMANI - SADRIU","potentialAction":[{"@type":"SearchAction","target":{"@type":"EntryPoint","urlTemplate":"https:\/\/president-ksgov.net\/?s={search_term_string}"},"query-input":{"@type":"PropertyValueSpecification","valueRequired":true,"valueName":"search_term_string"}}],"inLanguage":"sr-RS"},{"@type":"Person","@id":"https:\/\/president-ksgov.net\/#\/schema\/person\/7c46f744a99d3f1616b92658282aa934","name":"Florent Rrahmani","image":{"@type":"ImageObject","inLanguage":"sr-RS","@id":"https:\/\/president-ksgov.net\/#\/schema\/person\/image\/","url":"https:\/\/secure.gravatar.com\/avatar\/2545924aa250de68ac8368367a79b663e59571cd131611f54c89b0613a94e230?s=96&d=mm&r=g","contentUrl":"https:\/\/secure.gravatar.com\/avatar\/2545924aa250de68ac8368367a79b663e59571cd131611f54c89b0613a94e230?s=96&d=mm&r=g","caption":"Florent Rrahmani"}}]}},"_links":{"self":[{"href":"https:\/\/president-ksgov.net\/sr\/wp-json\/wp\/v2\/posts\/99730","targetHints":{"allow":["GET"]}}],"collection":[{"href":"https:\/\/president-ksgov.net\/sr\/wp-json\/wp\/v2\/posts"}],"about":[{"href":"https:\/\/president-ksgov.net\/sr\/wp-json\/wp\/v2\/types\/post"}],"author":[{"embeddable":true,"href":"https:\/\/president-ksgov.net\/sr\/wp-json\/wp\/v2\/users\/9"}],"replies":[{"embeddable":true,"href":"https:\/\/president-ksgov.net\/sr\/wp-json\/wp\/v2\/comments?post=99730"}],"version-history":[{"count":2,"href":"https:\/\/president-ksgov.net\/sr\/wp-json\/wp\/v2\/posts\/99730\/revisions"}],"predecessor-version":[{"id":99748,"href":"https:\/\/president-ksgov.net\/sr\/wp-json\/wp\/v2\/posts\/99730\/revisions\/99748"}],"wp:featuredmedia":[{"embeddable":true,"href":"https:\/\/president-ksgov.net\/sr\/wp-json\/wp\/v2\/media\/99716"}],"wp:attachment":[{"href":"https:\/\/president-ksgov.net\/sr\/wp-json\/wp\/v2\/media?parent=99730"}],"wp:term":[{"taxonomy":"category","embeddable":true,"href":"https:\/\/president-ksgov.net\/sr\/wp-json\/wp\/v2\/categories?post=99730"},{"taxonomy":"post_tag","embeddable":true,"href":"https:\/\/president-ksgov.net\/sr\/wp-json\/wp\/v2\/tags?post=99730"}],"curies":[{"name":"wp","href":"https:\/\/api.w.org\/{rel}","templated":true}]}}