{"id":99621,"date":"2023-12-31T16:32:30","date_gmt":"2023-12-31T15:32:30","guid":{"rendered":"https:\/\/president-ksgov.net\/?p=99621"},"modified":"2024-01-04T10:11:32","modified_gmt":"2024-01-04T09:11:32","slug":"za-kraj-godine-predsednica-osmani-posecuje-policijsku-stanicu-centar","status":"publish","type":"post","link":"https:\/\/president-ksgov.net\/sr\/za-kraj-godine-predsednica-osmani-posecuje-policijsku-stanicu-centar\/","title":{"rendered":"Za kraj godine, Predsednica Osmani pose\u0107uje Policijsku stanicu Centar"},"content":{"rendered":"<p>Predsednica Republike Kosova, Vjosa Osmani, u pratnji ministra unutra\u0161njih poslova, Xhelal Sve\u00e7la i direktora Policije Kosova, Gazmend Hoxha, uo\u010di Nove godine, posetila je Policijsku stanicu Centar.<\/p>\n<p>Predsednica Osmani je izrazila duboko uva\u017eavanje za stru\u010dni anga\u017eman i izuzetnu posve\u0107enost Policije Kosova u za\u0161titi suvereniteta dr\u017eave tokom godine izazovne za nacionalnu bezbednost, uklju\u010duju\u0107i i u promenu godine, daleko od njihovih porodica.<\/p>\n<p>Predsednica je odala pomen i heroju Kosova, Afrim Bunjaku, koji je poginuo u odbrani reda, zakona, teritorijalnog integriteta i suvereniteta na\u0161e dr\u017eave, kao i u odbrani dostojanstva na\u0161e Republike.<\/p>\n<p>Tokom posete, Predsednica je informisana i sa dinamikama i svakodnevnim aktivnostima Policijske stanice Centar i pripremama za promenu godine. Predsednica Osmani ih je ohrabrila da nastave sa istom pobo\u017eno\u0161\u0107u i integritetom u slu\u017ebi prema gra\u0111anima.<\/p>\n<p>\u010cestitaju\u0107i uspe\u0161nu Novu godinu, Predsednica Osmani je potencirala da je rad Policije Kosova od su\u0161tinskog zna\u010daja za blagostanje i bezbednost svih gra\u0111ana Republike.<\/p>\n<p>&nbsp;<\/p>\n","protected":false},"excerpt":{"rendered":"<p>Predsednica Republike Kosova, Vjosa Osmani, u pratnji ministra unutra\u0161njih poslova, Xhelal Sve\u00e7la i direktora Policije Kosova, Gazmend Hoxha, uo\u010di Nove godine, posetila je Policijsku stanicu Centar. Predsednica Osmani je izrazila duboko uva\u017eavanje za stru\u010dni anga\u017eman i izuzetnu posve\u0107enost Policije Kosova u za\u0161titi suvereniteta dr\u017eave tokom godine izazovne za nacionalnu bezbednost, uklju\u010duju\u0107i i u promenu godine, daleko od njihovih porodica. Predsednica je odala pomen i heroju Kosova, Afrim Bunjaku, koji je poginuo u odbrani reda, zakona, teritorijalnog integriteta i suvereniteta na\u0161e dr\u017eave, kao i u odbrani dostojanstva na\u0161e Republike. Tokom posete, Predsednica je informisana i sa dinamikama i svakodnevnim aktivnostima Policijske stanice Centar i pripremama za promenu godine. Predsednica Osmani ih je ohrabrila da nastave sa istom pobo\u017eno\u0161\u0107u i integritetom u slu\u017ebi prema gra\u0111anima. \u010cestitaju\u0107i uspe\u0161nu Novu godinu, Predsednica Osmani je potencirala da je rad Policije Kosova od su\u0161tinskog zna\u010daja za blagostanje i bezbednost svih gra\u0111ana Republike. &nbsp;<\/p>\n","protected":false},"author":9,"featured_media":99577,"comment_status":"open","ping_status":"closed","sticky":false,"template":"","format":"standard","meta":{"_eb_attr":"","footnotes":""},"categories":[101],"tags":[],"class_list":["post-99621","post","type-post","status-publish","format-standard","has-post-thumbnail","hentry","category-vesti"],"yoast_head":"<!-- This site is optimized with the Yoast SEO plugin v23.5 - https:\/\/yoast.com\/wordpress\/plugins\/seo\/ -->\n<title>Za kraj godine, Predsednica Osmani pose\u0107uje Policijsku stanicu Centar - Predsednik Republike Kosovo - DR. VJOSA OSMANI - SADRIU<\/title>\n<meta name=\"description\" content=\"Za kraj godine, Predsednica Osmani pose\u0107uje Policijsku stanicu Centar - Predsednik Republike Kosovo - DR. VJOSA OSMANI - SADRIU -\" \/>\n<meta name=\"robots\" content=\"index, follow, max-snippet:-1, max-image-preview:large, max-video-preview:-1\" \/>\n<link rel=\"canonical\" href=\"https:\/\/president-ksgov.net\/sr\/za-kraj-godine-predsednica-osmani-posecuje-policijsku-stanicu-centar\/\" \/>\n<meta property=\"og:locale\" content=\"sr_RS\" \/>\n<meta property=\"og:type\" content=\"article\" \/>\n<meta property=\"og:title\" content=\"Za kraj godine, Predsednica Osmani pose\u0107uje Policijsku stanicu Centar - Predsednik Republike Kosovo - DR. VJOSA OSMANI - SADRIU\" \/>\n<meta property=\"og:description\" content=\"Za kraj godine, Predsednica Osmani pose\u0107uje Policijsku stanicu Centar - Predsednik Republike Kosovo - DR. VJOSA OSMANI - SADRIU -\" \/>\n<meta property=\"og:url\" content=\"https:\/\/president-ksgov.net\/sr\/za-kraj-godine-predsednica-osmani-posecuje-policijsku-stanicu-centar\/\" \/>\n<meta property=\"og:site_name\" content=\"Predsednik Republike Kosovo - DR. VJOSA OSMANI - SADRIU\" \/>\n<meta property=\"article:published_time\" content=\"2023-12-31T15:32:30+00:00\" \/>\n<meta property=\"article:modified_time\" content=\"2024-01-04T09:11:32+00:00\" \/>\n<meta property=\"og:image\" content=\"https:\/\/president-ksgov.net\/wp-content\/uploads\/1-179.jpg\" \/>\n\t<meta property=\"og:image:width\" content=\"2000\" \/>\n\t<meta property=\"og:image:height\" content=\"1331\" \/>\n\t<meta property=\"og:image:type\" content=\"image\/jpeg\" \/>\n<meta name=\"author\" content=\"Florent Rrahmani\" \/>\n<meta name=\"twitter:card\" content=\"summary_large_image\" \/>\n<meta name=\"twitter:label1\" content=\"\u041d\u0430\u043f\u0438\u0441\u0430\u043d\u043e \u043e\u0434\" \/>\n\t<meta name=\"twitter:data1\" content=\"Florent Rrahmani\" \/>\n\t<meta name=\"twitter:label2\" content=\"\u041f\u0440\u043e\u0446\u0435\u045a\u0435\u043d\u043e \u0432\u0440\u0435\u043c\u0435 \u0447\u0438\u0442\u0430\u045a\u0430\" \/>\n\t<meta name=\"twitter:data2\" content=\"1 \u043c\u0438\u043d\u0443\u0442\" \/>\n<script type=\"application\/ld+json\" class=\"yoast-schema-graph\">{\"@context\":\"https:\/\/schema.org\",\"@graph\":[{\"@type\":\"WebPage\",\"@id\":\"https:\/\/president-ksgov.net\/sr\/za-kraj-godine-predsednica-osmani-posecuje-policijsku-stanicu-centar\/\",\"url\":\"https:\/\/president-ksgov.net\/sr\/za-kraj-godine-predsednica-osmani-posecuje-policijsku-stanicu-centar\/\",\"name\":\"Za kraj godine, Predsednica Osmani pose\u0107uje Policijsku stanicu Centar - Predsednik Republike Kosovo - DR. VJOSA OSMANI - SADRIU\",\"isPartOf\":{\"@id\":\"https:\/\/president-ksgov.net\/#website\"},\"primaryImageOfPage\":{\"@id\":\"https:\/\/president-ksgov.net\/sr\/za-kraj-godine-predsednica-osmani-posecuje-policijsku-stanicu-centar\/#primaryimage\"},\"image\":{\"@id\":\"https:\/\/president-ksgov.net\/sr\/za-kraj-godine-predsednica-osmani-posecuje-policijsku-stanicu-centar\/#primaryimage\"},\"thumbnailUrl\":\"https:\/\/president-ksgov.net\/wp-content\/uploads\/1-179.jpg\",\"datePublished\":\"2023-12-31T15:32:30+00:00\",\"dateModified\":\"2024-01-04T09:11:32+00:00\",\"author\":{\"@id\":\"https:\/\/president-ksgov.net\/#\/schema\/person\/7c46f744a99d3f1616b92658282aa934\"},\"description\":\"Za kraj godine, Predsednica Osmani pose\u0107uje Policijsku stanicu Centar - Predsednik Republike Kosovo - DR. VJOSA OSMANI - SADRIU -\",\"breadcrumb\":{\"@id\":\"https:\/\/president-ksgov.net\/sr\/za-kraj-godine-predsednica-osmani-posecuje-policijsku-stanicu-centar\/#breadcrumb\"},\"inLanguage\":\"sr-RS\",\"potentialAction\":[{\"@type\":\"ReadAction\",\"target\":[\"https:\/\/president-ksgov.net\/sr\/za-kraj-godine-predsednica-osmani-posecuje-policijsku-stanicu-centar\/\"]}]},{\"@type\":\"ImageObject\",\"inLanguage\":\"sr-RS\",\"@id\":\"https:\/\/president-ksgov.net\/sr\/za-kraj-godine-predsednica-osmani-posecuje-policijsku-stanicu-centar\/#primaryimage\",\"url\":\"https:\/\/president-ksgov.net\/wp-content\/uploads\/1-179.jpg\",\"contentUrl\":\"https:\/\/president-ksgov.net\/wp-content\/uploads\/1-179.jpg\",\"width\":2000,\"height\":1331},{\"@type\":\"BreadcrumbList\",\"@id\":\"https:\/\/president-ksgov.net\/sr\/za-kraj-godine-predsednica-osmani-posecuje-policijsku-stanicu-centar\/#breadcrumb\",\"itemListElement\":[{\"@type\":\"ListItem\",\"position\":1,\"name\":\"Home\",\"item\":\"https:\/\/president-ksgov.net\/sr\/\"},{\"@type\":\"ListItem\",\"position\":2,\"name\":\"Za kraj godine, Predsednica Osmani pose\u0107uje Policijsku stanicu Centar\"}]},{\"@type\":\"WebSite\",\"@id\":\"https:\/\/president-ksgov.net\/#website\",\"url\":\"https:\/\/president-ksgov.net\/\",\"name\":\"Presidente e Republik\u00ebs s\u00eb Kosov\u00ebs\",\"description\":\"Presidente e Republik\u00ebs s\u00eb Kosov\u00ebs\",\"alternateName\":\"DR. VJOSA OSMANI - SADRIU\",\"potentialAction\":[{\"@type\":\"SearchAction\",\"target\":{\"@type\":\"EntryPoint\",\"urlTemplate\":\"https:\/\/president-ksgov.net\/?s={search_term_string}\"},\"query-input\":{\"@type\":\"PropertyValueSpecification\",\"valueRequired\":true,\"valueName\":\"search_term_string\"}}],\"inLanguage\":\"sr-RS\"},{\"@type\":\"Person\",\"@id\":\"https:\/\/president-ksgov.net\/#\/schema\/person\/7c46f744a99d3f1616b92658282aa934\",\"name\":\"Florent Rrahmani\",\"image\":{\"@type\":\"ImageObject\",\"inLanguage\":\"sr-RS\",\"@id\":\"https:\/\/president-ksgov.net\/#\/schema\/person\/image\/\",\"url\":\"https:\/\/secure.gravatar.com\/avatar\/2545924aa250de68ac8368367a79b663e59571cd131611f54c89b0613a94e230?s=96&d=mm&r=g\",\"contentUrl\":\"https:\/\/secure.gravatar.com\/avatar\/2545924aa250de68ac8368367a79b663e59571cd131611f54c89b0613a94e230?s=96&d=mm&r=g\",\"caption\":\"Florent Rrahmani\"}}]}<\/script>\n<!-- \/ Yoast SEO plugin. -->","yoast_head_json":{"title":"Za kraj godine, Predsednica Osmani pose\u0107uje Policijsku stanicu Centar - Predsednik Republike Kosovo - DR. VJOSA OSMANI - SADRIU","description":"Za kraj godine, Predsednica Osmani pose\u0107uje Policijsku stanicu Centar - Predsednik Republike Kosovo - DR. VJOSA OSMANI - SADRIU -","robots":{"index":"index","follow":"follow","max-snippet":"max-snippet:-1","max-image-preview":"max-image-preview:large","max-video-preview":"max-video-preview:-1"},"canonical":"https:\/\/president-ksgov.net\/sr\/za-kraj-godine-predsednica-osmani-posecuje-policijsku-stanicu-centar\/","og_locale":"sr_RS","og_type":"article","og_title":"Za kraj godine, Predsednica Osmani pose\u0107uje Policijsku stanicu Centar - Predsednik Republike Kosovo - DR. VJOSA OSMANI - SADRIU","og_description":"Za kraj godine, Predsednica Osmani pose\u0107uje Policijsku stanicu Centar - Predsednik Republike Kosovo - DR. VJOSA OSMANI - SADRIU -","og_url":"https:\/\/president-ksgov.net\/sr\/za-kraj-godine-predsednica-osmani-posecuje-policijsku-stanicu-centar\/","og_site_name":"Predsednik Republike Kosovo - DR. VJOSA OSMANI - SADRIU","article_published_time":"2023-12-31T15:32:30+00:00","article_modified_time":"2024-01-04T09:11:32+00:00","og_image":[{"width":2000,"height":1331,"url":"https:\/\/president-ksgov.net\/wp-content\/uploads\/1-179.jpg","type":"image\/jpeg"}],"author":"Florent Rrahmani","twitter_card":"summary_large_image","twitter_misc":{"\u041d\u0430\u043f\u0438\u0441\u0430\u043d\u043e \u043e\u0434":"Florent Rrahmani","\u041f\u0440\u043e\u0446\u0435\u045a\u0435\u043d\u043e \u0432\u0440\u0435\u043c\u0435 \u0447\u0438\u0442\u0430\u045a\u0430":"1 \u043c\u0438\u043d\u0443\u0442"},"schema":{"@context":"https:\/\/schema.org","@graph":[{"@type":"WebPage","@id":"https:\/\/president-ksgov.net\/sr\/za-kraj-godine-predsednica-osmani-posecuje-policijsku-stanicu-centar\/","url":"https:\/\/president-ksgov.net\/sr\/za-kraj-godine-predsednica-osmani-posecuje-policijsku-stanicu-centar\/","name":"Za kraj godine, Predsednica Osmani pose\u0107uje Policijsku stanicu Centar - Predsednik Republike Kosovo - DR. VJOSA OSMANI - SADRIU","isPartOf":{"@id":"https:\/\/president-ksgov.net\/#website"},"primaryImageOfPage":{"@id":"https:\/\/president-ksgov.net\/sr\/za-kraj-godine-predsednica-osmani-posecuje-policijsku-stanicu-centar\/#primaryimage"},"image":{"@id":"https:\/\/president-ksgov.net\/sr\/za-kraj-godine-predsednica-osmani-posecuje-policijsku-stanicu-centar\/#primaryimage"},"thumbnailUrl":"https:\/\/president-ksgov.net\/wp-content\/uploads\/1-179.jpg","datePublished":"2023-12-31T15:32:30+00:00","dateModified":"2024-01-04T09:11:32+00:00","author":{"@id":"https:\/\/president-ksgov.net\/#\/schema\/person\/7c46f744a99d3f1616b92658282aa934"},"description":"Za kraj godine, Predsednica Osmani pose\u0107uje Policijsku stanicu Centar - Predsednik Republike Kosovo - DR. VJOSA OSMANI - SADRIU -","breadcrumb":{"@id":"https:\/\/president-ksgov.net\/sr\/za-kraj-godine-predsednica-osmani-posecuje-policijsku-stanicu-centar\/#breadcrumb"},"inLanguage":"sr-RS","potentialAction":[{"@type":"ReadAction","target":["https:\/\/president-ksgov.net\/sr\/za-kraj-godine-predsednica-osmani-posecuje-policijsku-stanicu-centar\/"]}]},{"@type":"ImageObject","inLanguage":"sr-RS","@id":"https:\/\/president-ksgov.net\/sr\/za-kraj-godine-predsednica-osmani-posecuje-policijsku-stanicu-centar\/#primaryimage","url":"https:\/\/president-ksgov.net\/wp-content\/uploads\/1-179.jpg","contentUrl":"https:\/\/president-ksgov.net\/wp-content\/uploads\/1-179.jpg","width":2000,"height":1331},{"@type":"BreadcrumbList","@id":"https:\/\/president-ksgov.net\/sr\/za-kraj-godine-predsednica-osmani-posecuje-policijsku-stanicu-centar\/#breadcrumb","itemListElement":[{"@type":"ListItem","position":1,"name":"Home","item":"https:\/\/president-ksgov.net\/sr\/"},{"@type":"ListItem","position":2,"name":"Za kraj godine, Predsednica Osmani pose\u0107uje Policijsku stanicu Centar"}]},{"@type":"WebSite","@id":"https:\/\/president-ksgov.net\/#website","url":"https:\/\/president-ksgov.net\/","name":"Presidente e Republik\u00ebs s\u00eb Kosov\u00ebs","description":"Presidente e Republik\u00ebs s\u00eb Kosov\u00ebs","alternateName":"DR. VJOSA OSMANI - SADRIU","potentialAction":[{"@type":"SearchAction","target":{"@type":"EntryPoint","urlTemplate":"https:\/\/president-ksgov.net\/?s={search_term_string}"},"query-input":{"@type":"PropertyValueSpecification","valueRequired":true,"valueName":"search_term_string"}}],"inLanguage":"sr-RS"},{"@type":"Person","@id":"https:\/\/president-ksgov.net\/#\/schema\/person\/7c46f744a99d3f1616b92658282aa934","name":"Florent Rrahmani","image":{"@type":"ImageObject","inLanguage":"sr-RS","@id":"https:\/\/president-ksgov.net\/#\/schema\/person\/image\/","url":"https:\/\/secure.gravatar.com\/avatar\/2545924aa250de68ac8368367a79b663e59571cd131611f54c89b0613a94e230?s=96&d=mm&r=g","contentUrl":"https:\/\/secure.gravatar.com\/avatar\/2545924aa250de68ac8368367a79b663e59571cd131611f54c89b0613a94e230?s=96&d=mm&r=g","caption":"Florent Rrahmani"}}]}},"_links":{"self":[{"href":"https:\/\/president-ksgov.net\/sr\/wp-json\/wp\/v2\/posts\/99621","targetHints":{"allow":["GET"]}}],"collection":[{"href":"https:\/\/president-ksgov.net\/sr\/wp-json\/wp\/v2\/posts"}],"about":[{"href":"https:\/\/president-ksgov.net\/sr\/wp-json\/wp\/v2\/types\/post"}],"author":[{"embeddable":true,"href":"https:\/\/president-ksgov.net\/sr\/wp-json\/wp\/v2\/users\/9"}],"replies":[{"embeddable":true,"href":"https:\/\/president-ksgov.net\/sr\/wp-json\/wp\/v2\/comments?post=99621"}],"version-history":[{"count":1,"href":"https:\/\/president-ksgov.net\/sr\/wp-json\/wp\/v2\/posts\/99621\/revisions"}],"predecessor-version":[{"id":99622,"href":"https:\/\/president-ksgov.net\/sr\/wp-json\/wp\/v2\/posts\/99621\/revisions\/99622"}],"wp:featuredmedia":[{"embeddable":true,"href":"https:\/\/president-ksgov.net\/sr\/wp-json\/wp\/v2\/media\/99577"}],"wp:attachment":[{"href":"https:\/\/president-ksgov.net\/sr\/wp-json\/wp\/v2\/media?parent=99621"}],"wp:term":[{"taxonomy":"category","embeddable":true,"href":"https:\/\/president-ksgov.net\/sr\/wp-json\/wp\/v2\/categories?post=99621"},{"taxonomy":"post_tag","embeddable":true,"href":"https:\/\/president-ksgov.net\/sr\/wp-json\/wp\/v2\/tags?post=99621"}],"curies":[{"name":"wp","href":"https:\/\/api.w.org\/{rel}","templated":true}]}}