{"id":98942,"date":"2023-12-16T21:29:06","date_gmt":"2023-12-16T20:29:06","guid":{"rendered":"https:\/\/president-ksgov.net\/?p=98942"},"modified":"2023-12-18T16:04:21","modified_gmt":"2023-12-18T15:04:21","slug":"govor-predsednice-osmani-na-otvaranju-otvorenog-evropskog-prvenstva-u-dzudou-pristina-2023","status":"publish","type":"post","link":"https:\/\/president-ksgov.net\/sr\/govor-predsednice-osmani-na-otvaranju-otvorenog-evropskog-prvenstva-u-dzudou-pristina-2023\/","title":{"rendered":"Govor predsednice Osmani na otvaranju Otvorenog evropskog prvenstva u d\u017eudou \u201ePri\u0161tina 2023\u201c"},"content":{"rendered":"<p>Po\u0161tovani prisutni,<\/p>\n<p>Po\u0161tovani predsedni\u010de D\u017eudo saveza,<\/p>\n<p>Po\u0161tovana Majlinda,<\/p>\n<p>Po\u0161tovane Nora i Distrija,<\/p>\n<p>Po\u0161tovani predstavnici iz cele Evrope,<\/p>\n<p>Po\u0161tovani sportisti iz 26 razli\u010ditih zemalja sveta,<\/p>\n<p>Po\u0161tovani ministre \u00c7eku,<\/p>\n<p>Po\u0161tovani ambasadori, u\u010desnici iz politi\u010dkih partija!<\/p>\n<p>&nbsp;<\/p>\n<p>Veoma sam sre\u0107na \u0161to ve\u010deras mogu da vam po\u017eelim dobrodo\u0161licu u Republiku Kosovo u ime gra\u0111ana na\u0161e zemlje, najmla\u0111e dr\u017eave u Evropi, ali koja je vekovima gajila kulturu gostoprimstva i bogato nasle\u0111e odnosa sa prijateljima, po\u0161to je njegovo stanovni\u0161tvo me\u0111u najstarijima u Evropi.<\/p>\n<p>Posebno sam sre\u0107na \u0161to mogu da izrazim dobrodo\u0161licu na izuzetno va\u017ean doga\u0111aj za kosovski sport, \u010dak i jedan od najpopularnijih sportova u na\u0161oj zemlji, d\u017eudo. Otvoreno evropsko prvenstvo u d\u017eudou \u201ePri\u0161tina 2023\u201c, \u010dija je organizacija poverena Kosovu, osim \u0161to je izuzetno zna\u010dajan sportski doga\u0111aj, predstavlja i va\u017ean korak za afirmaciju na\u0161e zemlje u me\u0111unarodnoj sportskoj areni. Prvenstvo donosi odli\u010dnu priliku da poka\u017ee da Kosovo nije samo osvaja\u010d olimpijskih medalja, ve\u0107 i da odli\u010dno organizuje evropske doga\u0111aje na visokom nivou, svrstavaju\u0107i Kosovo me\u0111u zemlje sa visokim organizacionim kapacitetima.<\/p>\n<p>Organizacija u na\u0161oj zemlji je rezultat zahvalnosti \u0161to je D\u017eudo savez, prirodno, imao koristi zbog vrhunskih uspeha na\u0161ih sportista i Saveza na \u010delu sa g. Kukom sa izuzetnim trenerima kao \u0161to je Driton Kuka i tako\u0111e sa na\u0161im \u0161ampionima. Ovo je i priznanje za istorijski uspeh na\u0161ih \u0161ampiona, pre svega Majlinde Kelmendi, prve olimpijske \u0161ampionke Kosova u d\u017eudou, koja je nesumnjivo pravi \u0161ampion i inspiracija za generacije na\u0161ih sportista i zauvek \u0107e ostati \u0161ampion na\u0161ih srca. Majlindini uspesi u me\u0111unarodnoj areni, uklju\u010duju\u0107i i zlatnu olimpijsku medalju, dokaz su snage i talenta kosovskih sportista. Uspesi na\u0161ih d\u017eudistkinja koje ve\u0107 nastavljaju ovim sna\u017enim putem, Nora Gjakova\u00a0i Distrija Krasniqi, koje ve\u0107 slove kao najbolje d\u017eudistkinje na svetu, ne samo da su uspele da osvoje zlatne medalje na Olimpijskim igrama, ve\u0107 poma\u017eu u stvaranju izuzetno pozitivne slike o na\u0161em sportu i na\u0161oj dr\u017eavi. Ovi uspesi nikada nisu samo li\u010dne pobede, oni su inspirativni primeri za novu generaciju i dokaz da na\u0161i sportisti mogu ne samo da se takmi\u010de, ve\u0107 i da trijumfuju na me\u0111unarodnoj sceni.<\/p>\n<p>Sport je su\u0161tinski deo kulture i uspeha na\u0161e zemlje. Stoga, organizovanje prvenstva ovde, u glavnom gradu Kosova, slu\u017ei kao platforma za kombinovanje ponosa sa uspesima na\u0161ih sportista, \u010dine\u0107i prvenstvo nezaboravnim doga\u0111ajem za kosovski sport.<\/p>\n<p>D\u017eudo savez Kosova zaslu\u017euje posebno priznanje za izvanredan rad tokom godina na ostvarenju rezultata i organizovanje ovog prvenstva. Hvala vam puno na ulo\u017eenom trudu i upravo nivo organizacije pokazuje da ovaj savez ne samo da je sposoban da organizuje ovakva prvenstva na profesionalan i uspe\u0161an na\u010din, ve\u0107 i da zasija u takvim organizacijama.<\/p>\n<p>Ovo prvenstvo gostima iz cele Evrope pru\u017ea odli\u010dnu priliku da upoznaju najnoviju dr\u017eavu u Evropi. U\u010desnici i posetioci mogu da se upoznaju sa nasle\u0111em, istorijom i tradicijom Kosova, zemlje sa bogatim kulturnim nasle\u0111em, brojnim istorijskim spomenicima i brojnim doga\u0111ajima koji \u010dine bogatstvo i kulturnu raznolikost na\u0161e zemlje.<\/p>\n<p>Ovogodi\u0161nje prvenstvo odr\u017eava se uo\u010di novogodi\u0161njih praznika u toploj atmosferi uprkos niskim temperaturama. Tokom boravka u Pri\u0161tini, pored sportske strasti, oseti\u0107ete i posebnu atmosferu ovih praznika. Stoga je to odli\u010dna prilika da do\u017eivite spoj sporta, kulture i sve\u010danosti, \u010dine\u0107i ovaj doga\u0111aj nezaboravnim za sve nas.<\/p>\n<p>Svim sportistima \u017eelim uspeh na takmi\u010denjima, a gostima \u017eelim prijatan boravak na Kosovu, tako\u0111e mi dozvolite da vam \u010destitam novogodi\u0161nje praznike uz najlep\u0161e \u017eelje za sve vas i va\u0161e porodice!<\/p>\n<p>&nbsp;<\/p>\n<p>Mnogo vam hvala!<br \/>\n<iframe style=\"border: none; overflow: hidden;\" src=\"https:\/\/www.facebook.com\/plugins\/video.php?height=314&amp;href=https%3A%2F%2Fwww.facebook.com%2FPresidencaRKS%2Fvideos%2F368362165600886%2F&amp;show_text=false&amp;width=560&amp;t=0\" width=\"560\" height=\"560\" frameborder=\"0\" scrolling=\"no\" allowfullscreen=\"allowfullscreen\"><span data-mce-type=\"bookmark\" style=\"display: inline-block; width: 0px; overflow: hidden; line-height: 0;\" class=\"mce_SELRES_start\">\ufeff<\/span><\/iframe><\/p>\n","protected":false},"excerpt":{"rendered":"<p>Po\u0161tovani prisutni, Po\u0161tovani predsedni\u010de D\u017eudo saveza, Po\u0161tovana Majlinda, Po\u0161tovane Nora i Distrija, Po\u0161tovani predstavnici iz cele Evrope, Po\u0161tovani sportisti iz 26 razli\u010ditih zemalja sveta, Po\u0161tovani ministre \u00c7eku, Po\u0161tovani ambasadori, u\u010desnici iz politi\u010dkih partija! &nbsp; Veoma sam sre\u0107na \u0161to ve\u010deras mogu da vam po\u017eelim dobrodo\u0161licu u Republiku Kosovo u ime gra\u0111ana na\u0161e zemlje, najmla\u0111e dr\u017eave u Evropi, ali koja je vekovima gajila kulturu gostoprimstva i bogato nasle\u0111e odnosa sa prijateljima, po\u0161to je njegovo stanovni\u0161tvo me\u0111u najstarijima u Evropi. Posebno sam sre\u0107na \u0161to mogu da izrazim dobrodo\u0161licu na izuzetno va\u017ean doga\u0111aj za kosovski sport, \u010dak i jedan od najpopularnijih sportova u na\u0161oj zemlji, d\u017eudo. Otvoreno evropsko prvenstvo u d\u017eudou \u201ePri\u0161tina 2023\u201c, \u010dija je organizacija poverena Kosovu, osim \u0161to je izuzetno zna\u010dajan sportski doga\u0111aj, predstavlja i va\u017ean korak za afirmaciju na\u0161e zemlje u me\u0111unarodnoj sportskoj areni. Prvenstvo donosi odli\u010dnu priliku da poka\u017ee da Kosovo nije samo osvaja\u010d olimpijskih medalja, ve\u0107 i da odli\u010dno organizuje evropske doga\u0111aje na visokom nivou, svrstavaju\u0107i Kosovo me\u0111u zemlje sa visokim organizacionim kapacitetima. Organizacija u na\u0161oj zemlji je rezultat zahvalnosti \u0161to je D\u017eudo savez, prirodno, imao koristi zbog vrhunskih uspeha na\u0161ih sportista i Saveza na \u010delu sa g. Kukom sa izuzetnim trenerima kao \u0161to je Driton Kuka i tako\u0111e sa na\u0161im \u0161ampionima. Ovo je i priznanje za istorijski uspeh na\u0161ih \u0161ampiona, pre svega Majlinde Kelmendi, prve olimpijske \u0161ampionke Kosova u d\u017eudou, koja je nesumnjivo pravi \u0161ampion i inspiracija za generacije na\u0161ih sportista i zauvek \u0107e ostati \u0161ampion na\u0161ih srca. Majlindini uspesi u me\u0111unarodnoj areni, uklju\u010duju\u0107i i zlatnu olimpijsku medalju, dokaz su snage i talenta kosovskih sportista. Uspesi na\u0161ih d\u017eudistkinja koje ve\u0107 nastavljaju ovim sna\u017enim putem, Nora Gjakova\u00a0i Distrija Krasniqi, koje ve\u0107 slove kao najbolje d\u017eudistkinje na svetu, ne samo da su uspele da osvoje zlatne medalje na Olimpijskim igrama, ve\u0107 poma\u017eu u stvaranju izuzetno pozitivne slike o na\u0161em sportu i na\u0161oj dr\u017eavi. Ovi uspesi nikada nisu samo li\u010dne pobede, oni su inspirativni primeri za novu generaciju i dokaz da na\u0161i sportisti mogu ne samo da se takmi\u010de, ve\u0107 i da trijumfuju na me\u0111unarodnoj sceni. Sport je su\u0161tinski deo kulture i uspeha na\u0161e zemlje. Stoga, organizovanje prvenstva ovde, u glavnom gradu Kosova, slu\u017ei kao platforma za kombinovanje ponosa sa uspesima na\u0161ih sportista, \u010dine\u0107i prvenstvo nezaboravnim doga\u0111ajem za kosovski sport. D\u017eudo savez Kosova zaslu\u017euje posebno priznanje za izvanredan rad tokom godina na ostvarenju rezultata i organizovanje ovog prvenstva. Hvala vam puno na ulo\u017eenom trudu i upravo nivo organizacije pokazuje da ovaj savez ne samo da je sposoban da organizuje ovakva prvenstva na profesionalan i uspe\u0161an na\u010din, ve\u0107 i da zasija u takvim organizacijama. Ovo prvenstvo gostima iz cele Evrope pru\u017ea odli\u010dnu priliku da upoznaju najnoviju dr\u017eavu u Evropi. U\u010desnici i posetioci mogu da se upoznaju sa nasle\u0111em, istorijom i tradicijom Kosova, zemlje sa bogatim kulturnim nasle\u0111em, brojnim istorijskim spomenicima i brojnim doga\u0111ajima koji \u010dine bogatstvo i kulturnu raznolikost na\u0161e zemlje. Ovogodi\u0161nje prvenstvo odr\u017eava se uo\u010di novogodi\u0161njih praznika u toploj atmosferi uprkos niskim temperaturama. Tokom boravka u Pri\u0161tini, pored sportske strasti, oseti\u0107ete i posebnu atmosferu ovih praznika. Stoga je to odli\u010dna prilika da do\u017eivite spoj sporta, kulture i sve\u010danosti, \u010dine\u0107i ovaj doga\u0111aj nezaboravnim za sve nas. Svim sportistima \u017eelim uspeh na takmi\u010denjima, a gostima \u017eelim prijatan boravak na Kosovu, tako\u0111e mi dozvolite da vam \u010destitam novogodi\u0161nje praznike uz najlep\u0161e \u017eelje za sve vas i va\u0161e porodice! &nbsp; Mnogo vam hvala! \ufeff<\/p>\n","protected":false},"author":11,"featured_media":98877,"comment_status":"open","ping_status":"closed","sticky":false,"template":"","format":"standard","meta":{"_eb_attr":"","footnotes":""},"categories":[106,101],"tags":[],"class_list":["post-98942","post","type-post","status-publish","format-standard","has-post-thumbnail","hentry","category-govori","category-vesti"],"yoast_head":"<!-- This site is optimized with the Yoast SEO plugin v23.5 - https:\/\/yoast.com\/wordpress\/plugins\/seo\/ -->\n<title>Govor predsednice Osmani na otvaranju Otvorenog evropskog prvenstva u d\u017eudou \u201ePri\u0161tina 2023\u201c - Predsednik Republike Kosovo - DR. VJOSA OSMANI - SADRIU<\/title>\n<meta name=\"description\" content=\"Govor predsednice Osmani na otvaranju Otvorenog evropskog prvenstva u d\u017eudou \u201ePri\u0161tina 2023\u201c - Predsednik Republike Kosovo - DR. VJOSA OSMANI - SADRIU -\" \/>\n<meta name=\"robots\" content=\"index, follow, max-snippet:-1, max-image-preview:large, max-video-preview:-1\" \/>\n<link rel=\"canonical\" href=\"https:\/\/president-ksgov.net\/sr\/govor-predsednice-osmani-na-otvaranju-otvorenog-evropskog-prvenstva-u-dzudou-pristina-2023\/\" \/>\n<meta property=\"og:locale\" content=\"sr_RS\" \/>\n<meta property=\"og:type\" content=\"article\" \/>\n<meta property=\"og:title\" content=\"Govor predsednice Osmani na otvaranju Otvorenog evropskog prvenstva u d\u017eudou \u201ePri\u0161tina 2023\u201c - Predsednik Republike Kosovo - DR. VJOSA OSMANI - SADRIU\" \/>\n<meta property=\"og:description\" content=\"Govor predsednice Osmani na otvaranju Otvorenog evropskog prvenstva u d\u017eudou \u201ePri\u0161tina 2023\u201c - Predsednik Republike Kosovo - DR. VJOSA OSMANI - SADRIU -\" \/>\n<meta property=\"og:url\" content=\"https:\/\/president-ksgov.net\/sr\/govor-predsednice-osmani-na-otvaranju-otvorenog-evropskog-prvenstva-u-dzudou-pristina-2023\/\" \/>\n<meta property=\"og:site_name\" content=\"Predsednik Republike Kosovo - DR. VJOSA OSMANI - SADRIU\" \/>\n<meta property=\"article:published_time\" content=\"2023-12-16T20:29:06+00:00\" \/>\n<meta property=\"article:modified_time\" content=\"2023-12-18T15:04:21+00:00\" \/>\n<meta property=\"og:image\" content=\"https:\/\/president-ksgov.net\/wp-content\/uploads\/1-1-3.jpg\" \/>\n\t<meta property=\"og:image:width\" content=\"1600\" \/>\n\t<meta property=\"og:image:height\" content=\"1066\" \/>\n\t<meta property=\"og:image:type\" content=\"image\/jpeg\" \/>\n<meta name=\"author\" content=\"presidentlogin\" \/>\n<meta name=\"twitter:card\" content=\"summary_large_image\" \/>\n<meta name=\"twitter:label1\" content=\"\u041d\u0430\u043f\u0438\u0441\u0430\u043d\u043e \u043e\u0434\" \/>\n\t<meta name=\"twitter:data1\" content=\"presidentlogin\" \/>\n\t<meta name=\"twitter:label2\" content=\"\u041f\u0440\u043e\u0446\u0435\u045a\u0435\u043d\u043e \u0432\u0440\u0435\u043c\u0435 \u0447\u0438\u0442\u0430\u045a\u0430\" \/>\n\t<meta name=\"twitter:data2\" content=\"4 \u043c\u0438\u043d\u0443\u0442\u0430\" \/>\n<script type=\"application\/ld+json\" class=\"yoast-schema-graph\">{\"@context\":\"https:\/\/schema.org\",\"@graph\":[{\"@type\":\"WebPage\",\"@id\":\"https:\/\/president-ksgov.net\/sr\/govor-predsednice-osmani-na-otvaranju-otvorenog-evropskog-prvenstva-u-dzudou-pristina-2023\/\",\"url\":\"https:\/\/president-ksgov.net\/sr\/govor-predsednice-osmani-na-otvaranju-otvorenog-evropskog-prvenstva-u-dzudou-pristina-2023\/\",\"name\":\"Govor predsednice Osmani na otvaranju Otvorenog evropskog prvenstva u d\u017eudou \u201ePri\u0161tina 2023\u201c - Predsednik Republike Kosovo - DR. VJOSA OSMANI - SADRIU\",\"isPartOf\":{\"@id\":\"https:\/\/president-ksgov.net\/#website\"},\"primaryImageOfPage\":{\"@id\":\"https:\/\/president-ksgov.net\/sr\/govor-predsednice-osmani-na-otvaranju-otvorenog-evropskog-prvenstva-u-dzudou-pristina-2023\/#primaryimage\"},\"image\":{\"@id\":\"https:\/\/president-ksgov.net\/sr\/govor-predsednice-osmani-na-otvaranju-otvorenog-evropskog-prvenstva-u-dzudou-pristina-2023\/#primaryimage\"},\"thumbnailUrl\":\"https:\/\/president-ksgov.net\/wp-content\/uploads\/1-1-3.jpg\",\"datePublished\":\"2023-12-16T20:29:06+00:00\",\"dateModified\":\"2023-12-18T15:04:21+00:00\",\"author\":{\"@id\":\"https:\/\/president-ksgov.net\/#\/schema\/person\/1a2c014cffc81ec60d5a452a36d08d92\"},\"description\":\"Govor predsednice Osmani na otvaranju Otvorenog evropskog prvenstva u d\u017eudou \u201ePri\u0161tina 2023\u201c - Predsednik Republike Kosovo - DR. VJOSA OSMANI - SADRIU -\",\"breadcrumb\":{\"@id\":\"https:\/\/president-ksgov.net\/sr\/govor-predsednice-osmani-na-otvaranju-otvorenog-evropskog-prvenstva-u-dzudou-pristina-2023\/#breadcrumb\"},\"inLanguage\":\"sr-RS\",\"potentialAction\":[{\"@type\":\"ReadAction\",\"target\":[\"https:\/\/president-ksgov.net\/sr\/govor-predsednice-osmani-na-otvaranju-otvorenog-evropskog-prvenstva-u-dzudou-pristina-2023\/\"]}]},{\"@type\":\"ImageObject\",\"inLanguage\":\"sr-RS\",\"@id\":\"https:\/\/president-ksgov.net\/sr\/govor-predsednice-osmani-na-otvaranju-otvorenog-evropskog-prvenstva-u-dzudou-pristina-2023\/#primaryimage\",\"url\":\"https:\/\/president-ksgov.net\/wp-content\/uploads\/1-1-3.jpg\",\"contentUrl\":\"https:\/\/president-ksgov.net\/wp-content\/uploads\/1-1-3.jpg\",\"width\":1600,\"height\":1066},{\"@type\":\"BreadcrumbList\",\"@id\":\"https:\/\/president-ksgov.net\/sr\/govor-predsednice-osmani-na-otvaranju-otvorenog-evropskog-prvenstva-u-dzudou-pristina-2023\/#breadcrumb\",\"itemListElement\":[{\"@type\":\"ListItem\",\"position\":1,\"name\":\"Home\",\"item\":\"https:\/\/president-ksgov.net\/sr\/\"},{\"@type\":\"ListItem\",\"position\":2,\"name\":\"Govor predsednice Osmani na otvaranju Otvorenog evropskog prvenstva u d\u017eudou \u201ePri\u0161tina 2023\u201c\"}]},{\"@type\":\"WebSite\",\"@id\":\"https:\/\/president-ksgov.net\/#website\",\"url\":\"https:\/\/president-ksgov.net\/\",\"name\":\"Presidente e Republik\u00ebs s\u00eb Kosov\u00ebs\",\"description\":\"Presidente e Republik\u00ebs s\u00eb Kosov\u00ebs\",\"alternateName\":\"DR. VJOSA OSMANI - SADRIU\",\"potentialAction\":[{\"@type\":\"SearchAction\",\"target\":{\"@type\":\"EntryPoint\",\"urlTemplate\":\"https:\/\/president-ksgov.net\/?s={search_term_string}\"},\"query-input\":{\"@type\":\"PropertyValueSpecification\",\"valueRequired\":true,\"valueName\":\"search_term_string\"}}],\"inLanguage\":\"sr-RS\"},{\"@type\":\"Person\",\"@id\":\"https:\/\/president-ksgov.net\/#\/schema\/person\/1a2c014cffc81ec60d5a452a36d08d92\",\"name\":\"presidentlogin\",\"image\":{\"@type\":\"ImageObject\",\"inLanguage\":\"sr-RS\",\"@id\":\"https:\/\/president-ksgov.net\/#\/schema\/person\/image\/\",\"url\":\"https:\/\/secure.gravatar.com\/avatar\/339f00ab0a8a0d5ce1ecff10aa2b4a1f51f58bbd5a57793f8cd6ad624080d807?s=96&d=mm&r=g\",\"contentUrl\":\"https:\/\/secure.gravatar.com\/avatar\/339f00ab0a8a0d5ce1ecff10aa2b4a1f51f58bbd5a57793f8cd6ad624080d807?s=96&d=mm&r=g\",\"caption\":\"presidentlogin\"}}]}<\/script>\n<!-- \/ Yoast SEO plugin. -->","yoast_head_json":{"title":"Govor predsednice Osmani na otvaranju Otvorenog evropskog prvenstva u d\u017eudou \u201ePri\u0161tina 2023\u201c - Predsednik Republike Kosovo - DR. VJOSA OSMANI - SADRIU","description":"Govor predsednice Osmani na otvaranju Otvorenog evropskog prvenstva u d\u017eudou \u201ePri\u0161tina 2023\u201c - Predsednik Republike Kosovo - DR. VJOSA OSMANI - SADRIU -","robots":{"index":"index","follow":"follow","max-snippet":"max-snippet:-1","max-image-preview":"max-image-preview:large","max-video-preview":"max-video-preview:-1"},"canonical":"https:\/\/president-ksgov.net\/sr\/govor-predsednice-osmani-na-otvaranju-otvorenog-evropskog-prvenstva-u-dzudou-pristina-2023\/","og_locale":"sr_RS","og_type":"article","og_title":"Govor predsednice Osmani na otvaranju Otvorenog evropskog prvenstva u d\u017eudou \u201ePri\u0161tina 2023\u201c - Predsednik Republike Kosovo - DR. VJOSA OSMANI - SADRIU","og_description":"Govor predsednice Osmani na otvaranju Otvorenog evropskog prvenstva u d\u017eudou \u201ePri\u0161tina 2023\u201c - Predsednik Republike Kosovo - DR. VJOSA OSMANI - SADRIU -","og_url":"https:\/\/president-ksgov.net\/sr\/govor-predsednice-osmani-na-otvaranju-otvorenog-evropskog-prvenstva-u-dzudou-pristina-2023\/","og_site_name":"Predsednik Republike Kosovo - DR. VJOSA OSMANI - SADRIU","article_published_time":"2023-12-16T20:29:06+00:00","article_modified_time":"2023-12-18T15:04:21+00:00","og_image":[{"width":1600,"height":1066,"url":"https:\/\/president-ksgov.net\/wp-content\/uploads\/1-1-3.jpg","type":"image\/jpeg"}],"author":"presidentlogin","twitter_card":"summary_large_image","twitter_misc":{"\u041d\u0430\u043f\u0438\u0441\u0430\u043d\u043e \u043e\u0434":"presidentlogin","\u041f\u0440\u043e\u0446\u0435\u045a\u0435\u043d\u043e \u0432\u0440\u0435\u043c\u0435 \u0447\u0438\u0442\u0430\u045a\u0430":"4 \u043c\u0438\u043d\u0443\u0442\u0430"},"schema":{"@context":"https:\/\/schema.org","@graph":[{"@type":"WebPage","@id":"https:\/\/president-ksgov.net\/sr\/govor-predsednice-osmani-na-otvaranju-otvorenog-evropskog-prvenstva-u-dzudou-pristina-2023\/","url":"https:\/\/president-ksgov.net\/sr\/govor-predsednice-osmani-na-otvaranju-otvorenog-evropskog-prvenstva-u-dzudou-pristina-2023\/","name":"Govor predsednice Osmani na otvaranju Otvorenog evropskog prvenstva u d\u017eudou \u201ePri\u0161tina 2023\u201c - Predsednik Republike Kosovo - DR. VJOSA OSMANI - SADRIU","isPartOf":{"@id":"https:\/\/president-ksgov.net\/#website"},"primaryImageOfPage":{"@id":"https:\/\/president-ksgov.net\/sr\/govor-predsednice-osmani-na-otvaranju-otvorenog-evropskog-prvenstva-u-dzudou-pristina-2023\/#primaryimage"},"image":{"@id":"https:\/\/president-ksgov.net\/sr\/govor-predsednice-osmani-na-otvaranju-otvorenog-evropskog-prvenstva-u-dzudou-pristina-2023\/#primaryimage"},"thumbnailUrl":"https:\/\/president-ksgov.net\/wp-content\/uploads\/1-1-3.jpg","datePublished":"2023-12-16T20:29:06+00:00","dateModified":"2023-12-18T15:04:21+00:00","author":{"@id":"https:\/\/president-ksgov.net\/#\/schema\/person\/1a2c014cffc81ec60d5a452a36d08d92"},"description":"Govor predsednice Osmani na otvaranju Otvorenog evropskog prvenstva u d\u017eudou \u201ePri\u0161tina 2023\u201c - Predsednik Republike Kosovo - DR. VJOSA OSMANI - SADRIU -","breadcrumb":{"@id":"https:\/\/president-ksgov.net\/sr\/govor-predsednice-osmani-na-otvaranju-otvorenog-evropskog-prvenstva-u-dzudou-pristina-2023\/#breadcrumb"},"inLanguage":"sr-RS","potentialAction":[{"@type":"ReadAction","target":["https:\/\/president-ksgov.net\/sr\/govor-predsednice-osmani-na-otvaranju-otvorenog-evropskog-prvenstva-u-dzudou-pristina-2023\/"]}]},{"@type":"ImageObject","inLanguage":"sr-RS","@id":"https:\/\/president-ksgov.net\/sr\/govor-predsednice-osmani-na-otvaranju-otvorenog-evropskog-prvenstva-u-dzudou-pristina-2023\/#primaryimage","url":"https:\/\/president-ksgov.net\/wp-content\/uploads\/1-1-3.jpg","contentUrl":"https:\/\/president-ksgov.net\/wp-content\/uploads\/1-1-3.jpg","width":1600,"height":1066},{"@type":"BreadcrumbList","@id":"https:\/\/president-ksgov.net\/sr\/govor-predsednice-osmani-na-otvaranju-otvorenog-evropskog-prvenstva-u-dzudou-pristina-2023\/#breadcrumb","itemListElement":[{"@type":"ListItem","position":1,"name":"Home","item":"https:\/\/president-ksgov.net\/sr\/"},{"@type":"ListItem","position":2,"name":"Govor predsednice Osmani na otvaranju Otvorenog evropskog prvenstva u d\u017eudou \u201ePri\u0161tina 2023\u201c"}]},{"@type":"WebSite","@id":"https:\/\/president-ksgov.net\/#website","url":"https:\/\/president-ksgov.net\/","name":"Presidente e Republik\u00ebs s\u00eb Kosov\u00ebs","description":"Presidente e Republik\u00ebs s\u00eb Kosov\u00ebs","alternateName":"DR. VJOSA OSMANI - SADRIU","potentialAction":[{"@type":"SearchAction","target":{"@type":"EntryPoint","urlTemplate":"https:\/\/president-ksgov.net\/?s={search_term_string}"},"query-input":{"@type":"PropertyValueSpecification","valueRequired":true,"valueName":"search_term_string"}}],"inLanguage":"sr-RS"},{"@type":"Person","@id":"https:\/\/president-ksgov.net\/#\/schema\/person\/1a2c014cffc81ec60d5a452a36d08d92","name":"presidentlogin","image":{"@type":"ImageObject","inLanguage":"sr-RS","@id":"https:\/\/president-ksgov.net\/#\/schema\/person\/image\/","url":"https:\/\/secure.gravatar.com\/avatar\/339f00ab0a8a0d5ce1ecff10aa2b4a1f51f58bbd5a57793f8cd6ad624080d807?s=96&d=mm&r=g","contentUrl":"https:\/\/secure.gravatar.com\/avatar\/339f00ab0a8a0d5ce1ecff10aa2b4a1f51f58bbd5a57793f8cd6ad624080d807?s=96&d=mm&r=g","caption":"presidentlogin"}}]}},"_links":{"self":[{"href":"https:\/\/president-ksgov.net\/sr\/wp-json\/wp\/v2\/posts\/98942","targetHints":{"allow":["GET"]}}],"collection":[{"href":"https:\/\/president-ksgov.net\/sr\/wp-json\/wp\/v2\/posts"}],"about":[{"href":"https:\/\/president-ksgov.net\/sr\/wp-json\/wp\/v2\/types\/post"}],"author":[{"embeddable":true,"href":"https:\/\/president-ksgov.net\/sr\/wp-json\/wp\/v2\/users\/11"}],"replies":[{"embeddable":true,"href":"https:\/\/president-ksgov.net\/sr\/wp-json\/wp\/v2\/comments?post=98942"}],"version-history":[{"count":1,"href":"https:\/\/president-ksgov.net\/sr\/wp-json\/wp\/v2\/posts\/98942\/revisions"}],"predecessor-version":[{"id":98943,"href":"https:\/\/president-ksgov.net\/sr\/wp-json\/wp\/v2\/posts\/98942\/revisions\/98943"}],"wp:featuredmedia":[{"embeddable":true,"href":"https:\/\/president-ksgov.net\/sr\/wp-json\/wp\/v2\/media\/98877"}],"wp:attachment":[{"href":"https:\/\/president-ksgov.net\/sr\/wp-json\/wp\/v2\/media?parent=98942"}],"wp:term":[{"taxonomy":"category","embeddable":true,"href":"https:\/\/president-ksgov.net\/sr\/wp-json\/wp\/v2\/categories?post=98942"},{"taxonomy":"post_tag","embeddable":true,"href":"https:\/\/president-ksgov.net\/sr\/wp-json\/wp\/v2\/tags?post=98942"}],"curies":[{"name":"wp","href":"https:\/\/api.w.org\/{rel}","templated":true}]}}