{"id":96583,"date":"2023-10-10T18:48:08","date_gmt":"2023-10-10T16:48:08","guid":{"rendered":"https:\/\/president-ksgov.net\/?p=96583"},"modified":"2023-10-10T20:17:30","modified_gmt":"2023-10-10T18:17:30","slug":"predsednicu-osmani-je-na-sastanku-docekao-premijer-hrvatske-andrej-plenkovic","status":"publish","type":"post","link":"https:\/\/president-ksgov.net\/sr\/predsednicu-osmani-je-na-sastanku-docekao-premijer-hrvatske-andrej-plenkovic\/","title":{"rendered":"Predsednicu Osmani je na sastanku do\u010dekao premijer Hrvatske Andrej Plenkovic\u0301"},"content":{"rendered":"<p>Predsednica Republike Kosovo Vjosa Osmani, u okviru dvodnevne zvani\u010dne posete Hrvatskoj, sastala se sa premijerom Hrvatske Andrejom Plenkovic\u0301em.<\/p>\n<p>U vezi sa nedavnim de\u0161avanjima na Kosovu, predsednica Osmani je istakla da je Srbija 24. septembra u Banjskoj izvr\u0161ila teroristi\u010dki napad i akt agresije na Kosovo s ciljem pripajanja severa Kosova i destabilizacije celog regiona. S toga je u ovom kontekstu predsednica Osmani istakla zna\u010daj da se Srbija smatra odgovornom za njen \u010din agresije na Republiku Kosovo.<\/p>\n<p>Predsednica Osmani je istakla da, da bi mir u regionu bio moguc\u0301, Srbija mora da povu\u010de svoje vojne trupe sa granice sa Kosovom, jer one predstavljaju opasnost po mir i stabilnost. \u0160tavi\u0161e, sa hrvatskim premijerom je razgovarala o dokazima koje je prikupila kosovska policija koji direktno povezuju Srbiju sa ovim napadom, kao i o saradnji bezbednosnih institucija sa na\u0161im saveznicima kako bi se spre\u010dila destabilizujuc\u0301a agenda Srbije.<\/p>\n<p>Predsednica Osmani je na ovom sastanku, izme\u0111u ostalog, zahvalila premijeru Plenkovic\u0301u na doprinosu hrvatskih vojnika misiji KFOR-a na Kosovu i bilateralnoj saradnji u oblasti odbrane izme\u0111u Kosova i Hrvatske, dok su razgovarali o moguc\u0301nostima produbljivanja saradnje u ovoj oblasti.<\/p>\n<p>Predsednica Osmani je istakla da je dr\u017eavni prioritet Kosova \u010dlanstvo u NATO-u zbog bezbednosnih izazova sa kojima se na\u0161 region suo\u010dava, a tako\u0111e je istakla va\u017enost unapre\u0111enja \u010dlanstva zemlje u Savetu Evrope i Evropskoj uniji, kao i drugim me\u0111unarodnim organizacijama.<\/p>\n","protected":false},"excerpt":{"rendered":"<p>Predsednica Republike Kosovo Vjosa Osmani, u okviru dvodnevne zvani\u010dne posete Hrvatskoj, sastala se sa premijerom Hrvatske Andrejom Plenkovic\u0301em. U vezi sa nedavnim de\u0161avanjima na Kosovu, predsednica Osmani je istakla da je Srbija 24. septembra u Banjskoj izvr\u0161ila teroristi\u010dki napad i akt agresije na Kosovo s ciljem pripajanja severa Kosova i destabilizacije celog regiona. S toga je u ovom kontekstu predsednica Osmani istakla zna\u010daj da se Srbija smatra odgovornom za njen \u010din agresije na Republiku Kosovo. Predsednica Osmani je istakla da, da bi mir u regionu bio moguc\u0301, Srbija mora da povu\u010de svoje vojne trupe sa granice sa Kosovom, jer one predstavljaju opasnost po mir i stabilnost. \u0160tavi\u0161e, sa hrvatskim premijerom je razgovarala o dokazima koje je prikupila kosovska policija koji direktno povezuju Srbiju sa ovim napadom, kao i o saradnji bezbednosnih institucija sa na\u0161im saveznicima kako bi se spre\u010dila destabilizujuc\u0301a agenda Srbije. Predsednica Osmani je na ovom sastanku, izme\u0111u ostalog, zahvalila premijeru Plenkovic\u0301u na doprinosu hrvatskih vojnika misiji KFOR-a na Kosovu i bilateralnoj saradnji u oblasti odbrane izme\u0111u Kosova i Hrvatske, dok su razgovarali o moguc\u0301nostima produbljivanja saradnje u ovoj oblasti. Predsednica Osmani je istakla da je dr\u017eavni prioritet Kosova \u010dlanstvo u NATO-u zbog bezbednosnih izazova sa kojima se na\u0161 region suo\u010dava, a tako\u0111e je istakla va\u017enost unapre\u0111enja \u010dlanstva zemlje u Savetu Evrope i Evropskoj uniji, kao i drugim me\u0111unarodnim organizacijama.<\/p>\n","protected":false},"author":9,"featured_media":96552,"comment_status":"open","ping_status":"closed","sticky":false,"template":"","format":"standard","meta":{"_eb_attr":"","footnotes":""},"categories":[114,101],"tags":[],"class_list":["post-96583","post","type-post","status-publish","format-standard","has-post-thumbnail","hentry","category-medunarodne-posete","category-vesti"],"yoast_head":"<!-- This site is optimized with the Yoast SEO plugin v23.5 - https:\/\/yoast.com\/wordpress\/plugins\/seo\/ -->\n<title>Predsednicu Osmani je na sastanku do\u010dekao premijer Hrvatske Andrej Plenkovic\u0301 - Predsednik Republike Kosovo - DR. VJOSA OSMANI - SADRIU<\/title>\n<meta name=\"description\" content=\"Predsednicu Osmani je na sastanku do\u010dekao premijer Hrvatske Andrej Plenkovic\u0301 - Predsednik Republike Kosovo - DR. VJOSA OSMANI - SADRIU -\" \/>\n<meta name=\"robots\" content=\"index, follow, max-snippet:-1, max-image-preview:large, max-video-preview:-1\" \/>\n<link rel=\"canonical\" href=\"https:\/\/president-ksgov.net\/sr\/predsednicu-osmani-je-na-sastanku-docekao-premijer-hrvatske-andrej-plenkovic\/\" \/>\n<meta property=\"og:locale\" content=\"sr_RS\" \/>\n<meta property=\"og:type\" content=\"article\" \/>\n<meta property=\"og:title\" content=\"Predsednicu Osmani je na sastanku do\u010dekao premijer Hrvatske Andrej Plenkovic\u0301 - Predsednik Republike Kosovo - DR. VJOSA OSMANI - SADRIU\" \/>\n<meta property=\"og:description\" content=\"Predsednicu Osmani je na sastanku do\u010dekao premijer Hrvatske Andrej Plenkovic\u0301 - Predsednik Republike Kosovo - DR. VJOSA OSMANI - SADRIU -\" \/>\n<meta property=\"og:url\" content=\"https:\/\/president-ksgov.net\/sr\/predsednicu-osmani-je-na-sastanku-docekao-premijer-hrvatske-andrej-plenkovic\/\" \/>\n<meta property=\"og:site_name\" content=\"Predsednik Republike Kosovo - DR. VJOSA OSMANI - SADRIU\" \/>\n<meta property=\"article:published_time\" content=\"2023-10-10T16:48:08+00:00\" \/>\n<meta property=\"article:modified_time\" content=\"2023-10-10T18:17:30+00:00\" \/>\n<meta property=\"og:image\" content=\"https:\/\/president-ksgov.net\/wp-content\/uploads\/1-114.jpg\" \/>\n\t<meta property=\"og:image:width\" content=\"1600\" \/>\n\t<meta property=\"og:image:height\" content=\"1064\" \/>\n\t<meta property=\"og:image:type\" content=\"image\/jpeg\" \/>\n<meta name=\"author\" content=\"Florent Rrahmani\" \/>\n<meta name=\"twitter:card\" content=\"summary_large_image\" \/>\n<meta name=\"twitter:label1\" content=\"\u041d\u0430\u043f\u0438\u0441\u0430\u043d\u043e \u043e\u0434\" \/>\n\t<meta name=\"twitter:data1\" content=\"Florent Rrahmani\" \/>\n\t<meta name=\"twitter:label2\" content=\"\u041f\u0440\u043e\u0446\u0435\u045a\u0435\u043d\u043e \u0432\u0440\u0435\u043c\u0435 \u0447\u0438\u0442\u0430\u045a\u0430\" \/>\n\t<meta name=\"twitter:data2\" content=\"2 \u043c\u0438\u043d\u0443\u0442\u0430\" \/>\n<script type=\"application\/ld+json\" class=\"yoast-schema-graph\">{\"@context\":\"https:\/\/schema.org\",\"@graph\":[{\"@type\":\"WebPage\",\"@id\":\"https:\/\/president-ksgov.net\/sr\/predsednicu-osmani-je-na-sastanku-docekao-premijer-hrvatske-andrej-plenkovic\/\",\"url\":\"https:\/\/president-ksgov.net\/sr\/predsednicu-osmani-je-na-sastanku-docekao-premijer-hrvatske-andrej-plenkovic\/\",\"name\":\"Predsednicu Osmani je na sastanku do\u010dekao premijer Hrvatske Andrej Plenkovic\u0301 - Predsednik Republike Kosovo - DR. VJOSA OSMANI - SADRIU\",\"isPartOf\":{\"@id\":\"https:\/\/president-ksgov.net\/#website\"},\"primaryImageOfPage\":{\"@id\":\"https:\/\/president-ksgov.net\/sr\/predsednicu-osmani-je-na-sastanku-docekao-premijer-hrvatske-andrej-plenkovic\/#primaryimage\"},\"image\":{\"@id\":\"https:\/\/president-ksgov.net\/sr\/predsednicu-osmani-je-na-sastanku-docekao-premijer-hrvatske-andrej-plenkovic\/#primaryimage\"},\"thumbnailUrl\":\"https:\/\/president-ksgov.net\/wp-content\/uploads\/1-114.jpg\",\"datePublished\":\"2023-10-10T16:48:08+00:00\",\"dateModified\":\"2023-10-10T18:17:30+00:00\",\"author\":{\"@id\":\"https:\/\/president-ksgov.net\/#\/schema\/person\/7c46f744a99d3f1616b92658282aa934\"},\"description\":\"Predsednicu Osmani je na sastanku do\u010dekao premijer Hrvatske Andrej Plenkovic\u0301 - Predsednik Republike Kosovo - DR. VJOSA OSMANI - SADRIU -\",\"breadcrumb\":{\"@id\":\"https:\/\/president-ksgov.net\/sr\/predsednicu-osmani-je-na-sastanku-docekao-premijer-hrvatske-andrej-plenkovic\/#breadcrumb\"},\"inLanguage\":\"sr-RS\",\"potentialAction\":[{\"@type\":\"ReadAction\",\"target\":[\"https:\/\/president-ksgov.net\/sr\/predsednicu-osmani-je-na-sastanku-docekao-premijer-hrvatske-andrej-plenkovic\/\"]}]},{\"@type\":\"ImageObject\",\"inLanguage\":\"sr-RS\",\"@id\":\"https:\/\/president-ksgov.net\/sr\/predsednicu-osmani-je-na-sastanku-docekao-premijer-hrvatske-andrej-plenkovic\/#primaryimage\",\"url\":\"https:\/\/president-ksgov.net\/wp-content\/uploads\/1-114.jpg\",\"contentUrl\":\"https:\/\/president-ksgov.net\/wp-content\/uploads\/1-114.jpg\",\"width\":1600,\"height\":1064},{\"@type\":\"BreadcrumbList\",\"@id\":\"https:\/\/president-ksgov.net\/sr\/predsednicu-osmani-je-na-sastanku-docekao-premijer-hrvatske-andrej-plenkovic\/#breadcrumb\",\"itemListElement\":[{\"@type\":\"ListItem\",\"position\":1,\"name\":\"Home\",\"item\":\"https:\/\/president-ksgov.net\/sr\/\"},{\"@type\":\"ListItem\",\"position\":2,\"name\":\"Predsednicu Osmani je na sastanku do\u010dekao premijer Hrvatske Andrej Plenkovic\u0301\"}]},{\"@type\":\"WebSite\",\"@id\":\"https:\/\/president-ksgov.net\/#website\",\"url\":\"https:\/\/president-ksgov.net\/\",\"name\":\"Presidente e Republik\u00ebs s\u00eb Kosov\u00ebs\",\"description\":\"Presidente e Republik\u00ebs s\u00eb Kosov\u00ebs\",\"alternateName\":\"DR. VJOSA OSMANI - SADRIU\",\"potentialAction\":[{\"@type\":\"SearchAction\",\"target\":{\"@type\":\"EntryPoint\",\"urlTemplate\":\"https:\/\/president-ksgov.net\/?s={search_term_string}\"},\"query-input\":{\"@type\":\"PropertyValueSpecification\",\"valueRequired\":true,\"valueName\":\"search_term_string\"}}],\"inLanguage\":\"sr-RS\"},{\"@type\":\"Person\",\"@id\":\"https:\/\/president-ksgov.net\/#\/schema\/person\/7c46f744a99d3f1616b92658282aa934\",\"name\":\"Florent Rrahmani\",\"image\":{\"@type\":\"ImageObject\",\"inLanguage\":\"sr-RS\",\"@id\":\"https:\/\/president-ksgov.net\/#\/schema\/person\/image\/\",\"url\":\"https:\/\/secure.gravatar.com\/avatar\/2545924aa250de68ac8368367a79b663e59571cd131611f54c89b0613a94e230?s=96&d=mm&r=g\",\"contentUrl\":\"https:\/\/secure.gravatar.com\/avatar\/2545924aa250de68ac8368367a79b663e59571cd131611f54c89b0613a94e230?s=96&d=mm&r=g\",\"caption\":\"Florent Rrahmani\"}}]}<\/script>\n<!-- \/ Yoast SEO plugin. -->","yoast_head_json":{"title":"Predsednicu Osmani je na sastanku do\u010dekao premijer Hrvatske Andrej Plenkovic\u0301 - Predsednik Republike Kosovo - DR. VJOSA OSMANI - SADRIU","description":"Predsednicu Osmani je na sastanku do\u010dekao premijer Hrvatske Andrej Plenkovic\u0301 - Predsednik Republike Kosovo - DR. VJOSA OSMANI - SADRIU -","robots":{"index":"index","follow":"follow","max-snippet":"max-snippet:-1","max-image-preview":"max-image-preview:large","max-video-preview":"max-video-preview:-1"},"canonical":"https:\/\/president-ksgov.net\/sr\/predsednicu-osmani-je-na-sastanku-docekao-premijer-hrvatske-andrej-plenkovic\/","og_locale":"sr_RS","og_type":"article","og_title":"Predsednicu Osmani je na sastanku do\u010dekao premijer Hrvatske Andrej Plenkovic\u0301 - Predsednik Republike Kosovo - DR. VJOSA OSMANI - SADRIU","og_description":"Predsednicu Osmani je na sastanku do\u010dekao premijer Hrvatske Andrej Plenkovic\u0301 - Predsednik Republike Kosovo - DR. VJOSA OSMANI - SADRIU -","og_url":"https:\/\/president-ksgov.net\/sr\/predsednicu-osmani-je-na-sastanku-docekao-premijer-hrvatske-andrej-plenkovic\/","og_site_name":"Predsednik Republike Kosovo - DR. VJOSA OSMANI - SADRIU","article_published_time":"2023-10-10T16:48:08+00:00","article_modified_time":"2023-10-10T18:17:30+00:00","og_image":[{"width":1600,"height":1064,"url":"https:\/\/president-ksgov.net\/wp-content\/uploads\/1-114.jpg","type":"image\/jpeg"}],"author":"Florent Rrahmani","twitter_card":"summary_large_image","twitter_misc":{"\u041d\u0430\u043f\u0438\u0441\u0430\u043d\u043e \u043e\u0434":"Florent Rrahmani","\u041f\u0440\u043e\u0446\u0435\u045a\u0435\u043d\u043e \u0432\u0440\u0435\u043c\u0435 \u0447\u0438\u0442\u0430\u045a\u0430":"2 \u043c\u0438\u043d\u0443\u0442\u0430"},"schema":{"@context":"https:\/\/schema.org","@graph":[{"@type":"WebPage","@id":"https:\/\/president-ksgov.net\/sr\/predsednicu-osmani-je-na-sastanku-docekao-premijer-hrvatske-andrej-plenkovic\/","url":"https:\/\/president-ksgov.net\/sr\/predsednicu-osmani-je-na-sastanku-docekao-premijer-hrvatske-andrej-plenkovic\/","name":"Predsednicu Osmani je na sastanku do\u010dekao premijer Hrvatske Andrej Plenkovic\u0301 - Predsednik Republike Kosovo - DR. VJOSA OSMANI - SADRIU","isPartOf":{"@id":"https:\/\/president-ksgov.net\/#website"},"primaryImageOfPage":{"@id":"https:\/\/president-ksgov.net\/sr\/predsednicu-osmani-je-na-sastanku-docekao-premijer-hrvatske-andrej-plenkovic\/#primaryimage"},"image":{"@id":"https:\/\/president-ksgov.net\/sr\/predsednicu-osmani-je-na-sastanku-docekao-premijer-hrvatske-andrej-plenkovic\/#primaryimage"},"thumbnailUrl":"https:\/\/president-ksgov.net\/wp-content\/uploads\/1-114.jpg","datePublished":"2023-10-10T16:48:08+00:00","dateModified":"2023-10-10T18:17:30+00:00","author":{"@id":"https:\/\/president-ksgov.net\/#\/schema\/person\/7c46f744a99d3f1616b92658282aa934"},"description":"Predsednicu Osmani je na sastanku do\u010dekao premijer Hrvatske Andrej Plenkovic\u0301 - Predsednik Republike Kosovo - DR. VJOSA OSMANI - SADRIU -","breadcrumb":{"@id":"https:\/\/president-ksgov.net\/sr\/predsednicu-osmani-je-na-sastanku-docekao-premijer-hrvatske-andrej-plenkovic\/#breadcrumb"},"inLanguage":"sr-RS","potentialAction":[{"@type":"ReadAction","target":["https:\/\/president-ksgov.net\/sr\/predsednicu-osmani-je-na-sastanku-docekao-premijer-hrvatske-andrej-plenkovic\/"]}]},{"@type":"ImageObject","inLanguage":"sr-RS","@id":"https:\/\/president-ksgov.net\/sr\/predsednicu-osmani-je-na-sastanku-docekao-premijer-hrvatske-andrej-plenkovic\/#primaryimage","url":"https:\/\/president-ksgov.net\/wp-content\/uploads\/1-114.jpg","contentUrl":"https:\/\/president-ksgov.net\/wp-content\/uploads\/1-114.jpg","width":1600,"height":1064},{"@type":"BreadcrumbList","@id":"https:\/\/president-ksgov.net\/sr\/predsednicu-osmani-je-na-sastanku-docekao-premijer-hrvatske-andrej-plenkovic\/#breadcrumb","itemListElement":[{"@type":"ListItem","position":1,"name":"Home","item":"https:\/\/president-ksgov.net\/sr\/"},{"@type":"ListItem","position":2,"name":"Predsednicu Osmani je na sastanku do\u010dekao premijer Hrvatske Andrej Plenkovic\u0301"}]},{"@type":"WebSite","@id":"https:\/\/president-ksgov.net\/#website","url":"https:\/\/president-ksgov.net\/","name":"Presidente e Republik\u00ebs s\u00eb Kosov\u00ebs","description":"Presidente e Republik\u00ebs s\u00eb Kosov\u00ebs","alternateName":"DR. VJOSA OSMANI - SADRIU","potentialAction":[{"@type":"SearchAction","target":{"@type":"EntryPoint","urlTemplate":"https:\/\/president-ksgov.net\/?s={search_term_string}"},"query-input":{"@type":"PropertyValueSpecification","valueRequired":true,"valueName":"search_term_string"}}],"inLanguage":"sr-RS"},{"@type":"Person","@id":"https:\/\/president-ksgov.net\/#\/schema\/person\/7c46f744a99d3f1616b92658282aa934","name":"Florent Rrahmani","image":{"@type":"ImageObject","inLanguage":"sr-RS","@id":"https:\/\/president-ksgov.net\/#\/schema\/person\/image\/","url":"https:\/\/secure.gravatar.com\/avatar\/2545924aa250de68ac8368367a79b663e59571cd131611f54c89b0613a94e230?s=96&d=mm&r=g","contentUrl":"https:\/\/secure.gravatar.com\/avatar\/2545924aa250de68ac8368367a79b663e59571cd131611f54c89b0613a94e230?s=96&d=mm&r=g","caption":"Florent Rrahmani"}}]}},"_links":{"self":[{"href":"https:\/\/president-ksgov.net\/sr\/wp-json\/wp\/v2\/posts\/96583","targetHints":{"allow":["GET"]}}],"collection":[{"href":"https:\/\/president-ksgov.net\/sr\/wp-json\/wp\/v2\/posts"}],"about":[{"href":"https:\/\/president-ksgov.net\/sr\/wp-json\/wp\/v2\/types\/post"}],"author":[{"embeddable":true,"href":"https:\/\/president-ksgov.net\/sr\/wp-json\/wp\/v2\/users\/9"}],"replies":[{"embeddable":true,"href":"https:\/\/president-ksgov.net\/sr\/wp-json\/wp\/v2\/comments?post=96583"}],"version-history":[{"count":1,"href":"https:\/\/president-ksgov.net\/sr\/wp-json\/wp\/v2\/posts\/96583\/revisions"}],"predecessor-version":[{"id":96584,"href":"https:\/\/president-ksgov.net\/sr\/wp-json\/wp\/v2\/posts\/96583\/revisions\/96584"}],"wp:featuredmedia":[{"embeddable":true,"href":"https:\/\/president-ksgov.net\/sr\/wp-json\/wp\/v2\/media\/96552"}],"wp:attachment":[{"href":"https:\/\/president-ksgov.net\/sr\/wp-json\/wp\/v2\/media?parent=96583"}],"wp:term":[{"taxonomy":"category","embeddable":true,"href":"https:\/\/president-ksgov.net\/sr\/wp-json\/wp\/v2\/categories?post=96583"},{"taxonomy":"post_tag","embeddable":true,"href":"https:\/\/president-ksgov.net\/sr\/wp-json\/wp\/v2\/tags?post=96583"}],"curies":[{"name":"wp","href":"https:\/\/api.w.org\/{rel}","templated":true}]}}