{"id":96577,"date":"2023-10-10T15:40:30","date_gmt":"2023-10-10T13:40:30","guid":{"rendered":"https:\/\/president-ksgov.net\/?p=96577"},"modified":"2026-02-12T14:01:48","modified_gmt":"2026-02-12T13:01:48","slug":"predsednicu-osmani-na-sastanku-docekao-predsednik-hrvatske-zoran-milanovic","status":"publish","type":"post","link":"https:\/\/president-ksgov.net\/sr\/predsednicu-osmani-na-sastanku-docekao-predsednik-hrvatske-zoran-milanovic\/","title":{"rendered":"Predsednicu Osmani na sastanku do\u010dekao predsednik Hrvatske Zoran Milanovi\u0107"},"content":{"rendered":"<p>Predsednica Republike Kosovo Vjosa Osmani po\u010dela je dvodnevnu zvani\u010dnu posetu Hrvatskoj, i tim povodom ju je uz najvi\u0161e dr\u017eavne po\u010dasti do\u010dekao predsednik Hrvatske Zoran Milanovi\u0107\u0301.<\/p>\n<p>Predsednica Osmani je na sastanku sa predsednikom Milanovi\u0107em zahvalila Hrvatskoj na podr\u0161ci Kosovu u svim fazama izgradnje dr\u017eave. Predsednica Osmani je istakla da je Hrvatska prijatelj i saveznik Kosova u regionu i evroatlantskim strukturama, a dve dr\u017eave imaju odli\u010dne odnose. U toj funkciji, prema re\u010dima predsednice Osmani, albanska zajednica u Hrvatskoj i hrvatska zajednica na Kosovu predstavljaju sna\u017ean povezuju\u0107i most izme\u0111u dve zemlje.<\/p>\n<p>Tako\u0111e, predsednica Osmani je obavestila svog kolegu Milanovi\u0107a o teroristi\u010dkom napadu i \u010dinu agresije Srbije na Kosovo, koordinaciji sa saveznicima i me\u0111unarodnom bezbednosnom prisustvu na Kosovu, a razgovarala je i o produbljivanju saradnje u cilju prevazila\u017eenja bezbednosnih izazova.<\/p>\n<p>Prema re\u010dima predsednice Osmani, narod i institucije Republike Kosovo su posve\u0107eni miru, stabilnosti i bezbednosti u zemlji i regionu. Predsednica Osmani je tako\u0111e ponovila te\u017enju Kosova da se u\u010dlani u evroatlantske strukture, pa je podr\u0161ku Hrvatske ocenila va\u017enom u uspe\u0161nom zavr\u0161etku svih ovih integracionih procesa.<\/p>\n<p>Predsednica Osmani i predsednik Milanovi\u0107 su na ovom sastanku, izme\u0111u ostalog, razgovarali i izrazili spremnost za pove\u0107anje saradnje u oblasti spoljne politike, odbrane, privrede, kao i u drugim sferama od dvostranog interesa.<\/p>\n<p><iframe width=\"1396\" height=\"785\" src=\"https:\/\/www.youtube.com\/embed\/Eh3QCqwlMRM\" title=\"Pritja me nderime t\u00eb larta shtet\u00ebrore nga  Presidenti i Kroacis\u00eb, Zoran Milanovi\u0107 - 10.10.2023\" frameborder=\"0\" allow=\"accelerometer; autoplay; clipboard-write; encrypted-media; gyroscope; picture-in-picture; web-share\" referrerpolicy=\"strict-origin-when-cross-origin\" allowfullscreen><\/iframe><\/p>\n","protected":false},"excerpt":{"rendered":"<p>Predsednica Republike Kosovo Vjosa Osmani po\u010dela je dvodnevnu zvani\u010dnu posetu Hrvatskoj, i tim povodom ju je uz najvi\u0161e dr\u017eavne po\u010dasti do\u010dekao predsednik Hrvatske Zoran Milanovi\u0107\u0301. Predsednica Osmani je na sastanku sa predsednikom Milanovi\u0107em zahvalila Hrvatskoj na podr\u0161ci Kosovu u svim fazama izgradnje dr\u017eave. Predsednica Osmani je istakla da je Hrvatska prijatelj i saveznik Kosova u regionu i evroatlantskim strukturama, a dve dr\u017eave imaju odli\u010dne odnose. U toj funkciji, prema re\u010dima predsednice Osmani, albanska zajednica u Hrvatskoj i hrvatska zajednica na Kosovu predstavljaju sna\u017ean povezuju\u0107i most izme\u0111u dve zemlje. Tako\u0111e, predsednica Osmani je obavestila svog kolegu Milanovi\u0107a o teroristi\u010dkom napadu i \u010dinu agresije Srbije na Kosovo, koordinaciji sa saveznicima i me\u0111unarodnom bezbednosnom prisustvu na Kosovu, a razgovarala je i o produbljivanju saradnje u cilju prevazila\u017eenja bezbednosnih izazova. Prema re\u010dima predsednice Osmani, narod i institucije Republike Kosovo su posve\u0107eni miru, stabilnosti i bezbednosti u zemlji i regionu. Predsednica Osmani je tako\u0111e ponovila te\u017enju Kosova da se u\u010dlani u evroatlantske strukture, pa je podr\u0161ku Hrvatske ocenila va\u017enom u uspe\u0161nom zavr\u0161etku svih ovih integracionih procesa. Predsednica Osmani i predsednik Milanovi\u0107 su na ovom sastanku, izme\u0111u ostalog, razgovarali i izrazili spremnost za pove\u0107anje saradnje u oblasti spoljne politike, odbrane, privrede, kao i u drugim sferama od dvostranog interesa.<\/p>\n","protected":false},"author":9,"featured_media":96511,"comment_status":"closed","ping_status":"closed","sticky":false,"template":"","format":"standard","meta":{"_eb_attr":"","footnotes":""},"categories":[114,101],"tags":[],"class_list":["post-96577","post","type-post","status-publish","format-standard","has-post-thumbnail","hentry","category-medunarodne-posete","category-vesti"],"yoast_head":"<!-- This site is optimized with the Yoast SEO plugin v23.5 - https:\/\/yoast.com\/wordpress\/plugins\/seo\/ -->\n<title>Predsednicu Osmani na sastanku do\u010dekao predsednik Hrvatske Zoran Milanovi\u0107 - Predsednik Republike Kosovo - DR. VJOSA OSMANI - SADRIU<\/title>\n<meta name=\"description\" content=\"Predsednicu Osmani na sastanku do\u010dekao predsednik Hrvatske Zoran Milanovi\u0107 - Predsednik Republike Kosovo - DR. VJOSA OSMANI - SADRIU -\" \/>\n<meta name=\"robots\" content=\"index, follow, max-snippet:-1, max-image-preview:large, max-video-preview:-1\" \/>\n<link rel=\"canonical\" href=\"https:\/\/president-ksgov.net\/sr\/predsednicu-osmani-na-sastanku-docekao-predsednik-hrvatske-zoran-milanovic\/\" \/>\n<meta property=\"og:locale\" content=\"sr_RS\" \/>\n<meta property=\"og:type\" content=\"article\" \/>\n<meta property=\"og:title\" content=\"Predsednicu Osmani na sastanku do\u010dekao predsednik Hrvatske Zoran Milanovi\u0107 - Predsednik Republike Kosovo - DR. VJOSA OSMANI - SADRIU\" \/>\n<meta property=\"og:description\" content=\"Predsednicu Osmani na sastanku do\u010dekao predsednik Hrvatske Zoran Milanovi\u0107 - Predsednik Republike Kosovo - DR. VJOSA OSMANI - SADRIU -\" \/>\n<meta property=\"og:url\" content=\"https:\/\/president-ksgov.net\/sr\/predsednicu-osmani-na-sastanku-docekao-predsednik-hrvatske-zoran-milanovic\/\" \/>\n<meta property=\"og:site_name\" content=\"Predsednik Republike Kosovo - DR. VJOSA OSMANI - SADRIU\" \/>\n<meta property=\"article:published_time\" content=\"2023-10-10T13:40:30+00:00\" \/>\n<meta property=\"article:modified_time\" content=\"2026-02-12T13:01:48+00:00\" \/>\n<meta property=\"og:image\" content=\"https:\/\/president-ksgov.net\/wp-content\/uploads\/1-113.jpg\" \/>\n\t<meta property=\"og:image:width\" content=\"2048\" \/>\n\t<meta property=\"og:image:height\" content=\"1363\" \/>\n\t<meta property=\"og:image:type\" content=\"image\/jpeg\" \/>\n<meta name=\"author\" content=\"Florent Rrahmani\" \/>\n<meta name=\"twitter:card\" content=\"summary_large_image\" \/>\n<meta name=\"twitter:label1\" content=\"\u041d\u0430\u043f\u0438\u0441\u0430\u043d\u043e \u043e\u0434\" \/>\n\t<meta name=\"twitter:data1\" content=\"Florent Rrahmani\" \/>\n\t<meta name=\"twitter:label2\" content=\"\u041f\u0440\u043e\u0446\u0435\u045a\u0435\u043d\u043e \u0432\u0440\u0435\u043c\u0435 \u0447\u0438\u0442\u0430\u045a\u0430\" \/>\n\t<meta name=\"twitter:data2\" content=\"2 \u043c\u0438\u043d\u0443\u0442\u0430\" \/>\n<script type=\"application\/ld+json\" class=\"yoast-schema-graph\">{\"@context\":\"https:\/\/schema.org\",\"@graph\":[{\"@type\":\"WebPage\",\"@id\":\"https:\/\/president-ksgov.net\/sr\/predsednicu-osmani-na-sastanku-docekao-predsednik-hrvatske-zoran-milanovic\/\",\"url\":\"https:\/\/president-ksgov.net\/sr\/predsednicu-osmani-na-sastanku-docekao-predsednik-hrvatske-zoran-milanovic\/\",\"name\":\"Predsednicu Osmani na sastanku do\u010dekao predsednik Hrvatske Zoran Milanovi\u0107 - Predsednik Republike Kosovo - DR. VJOSA OSMANI - SADRIU\",\"isPartOf\":{\"@id\":\"https:\/\/president-ksgov.net\/#website\"},\"primaryImageOfPage\":{\"@id\":\"https:\/\/president-ksgov.net\/sr\/predsednicu-osmani-na-sastanku-docekao-predsednik-hrvatske-zoran-milanovic\/#primaryimage\"},\"image\":{\"@id\":\"https:\/\/president-ksgov.net\/sr\/predsednicu-osmani-na-sastanku-docekao-predsednik-hrvatske-zoran-milanovic\/#primaryimage\"},\"thumbnailUrl\":\"https:\/\/president-ksgov.net\/wp-content\/uploads\/1-113.jpg\",\"datePublished\":\"2023-10-10T13:40:30+00:00\",\"dateModified\":\"2026-02-12T13:01:48+00:00\",\"author\":{\"@id\":\"https:\/\/president-ksgov.net\/#\/schema\/person\/7c46f744a99d3f1616b92658282aa934\"},\"description\":\"Predsednicu Osmani na sastanku do\u010dekao predsednik Hrvatske Zoran Milanovi\u0107 - Predsednik Republike Kosovo - DR. VJOSA OSMANI - SADRIU -\",\"breadcrumb\":{\"@id\":\"https:\/\/president-ksgov.net\/sr\/predsednicu-osmani-na-sastanku-docekao-predsednik-hrvatske-zoran-milanovic\/#breadcrumb\"},\"inLanguage\":\"sr-RS\",\"potentialAction\":[{\"@type\":\"ReadAction\",\"target\":[\"https:\/\/president-ksgov.net\/sr\/predsednicu-osmani-na-sastanku-docekao-predsednik-hrvatske-zoran-milanovic\/\"]}]},{\"@type\":\"ImageObject\",\"inLanguage\":\"sr-RS\",\"@id\":\"https:\/\/president-ksgov.net\/sr\/predsednicu-osmani-na-sastanku-docekao-predsednik-hrvatske-zoran-milanovic\/#primaryimage\",\"url\":\"https:\/\/president-ksgov.net\/wp-content\/uploads\/1-113.jpg\",\"contentUrl\":\"https:\/\/president-ksgov.net\/wp-content\/uploads\/1-113.jpg\",\"width\":2048,\"height\":1363},{\"@type\":\"BreadcrumbList\",\"@id\":\"https:\/\/president-ksgov.net\/sr\/predsednicu-osmani-na-sastanku-docekao-predsednik-hrvatske-zoran-milanovic\/#breadcrumb\",\"itemListElement\":[{\"@type\":\"ListItem\",\"position\":1,\"name\":\"Home\",\"item\":\"https:\/\/president-ksgov.net\/sr\/\"},{\"@type\":\"ListItem\",\"position\":2,\"name\":\"Predsednicu Osmani na sastanku do\u010dekao predsednik Hrvatske Zoran Milanovi\u0107\"}]},{\"@type\":\"WebSite\",\"@id\":\"https:\/\/president-ksgov.net\/#website\",\"url\":\"https:\/\/president-ksgov.net\/\",\"name\":\"Presidente e Republik\u00ebs s\u00eb Kosov\u00ebs\",\"description\":\"Presidente e Republik\u00ebs s\u00eb Kosov\u00ebs\",\"alternateName\":\"DR. VJOSA OSMANI - SADRIU\",\"potentialAction\":[{\"@type\":\"SearchAction\",\"target\":{\"@type\":\"EntryPoint\",\"urlTemplate\":\"https:\/\/president-ksgov.net\/?s={search_term_string}\"},\"query-input\":{\"@type\":\"PropertyValueSpecification\",\"valueRequired\":true,\"valueName\":\"search_term_string\"}}],\"inLanguage\":\"sr-RS\"},{\"@type\":\"Person\",\"@id\":\"https:\/\/president-ksgov.net\/#\/schema\/person\/7c46f744a99d3f1616b92658282aa934\",\"name\":\"Florent Rrahmani\",\"image\":{\"@type\":\"ImageObject\",\"inLanguage\":\"sr-RS\",\"@id\":\"https:\/\/president-ksgov.net\/#\/schema\/person\/image\/\",\"url\":\"https:\/\/secure.gravatar.com\/avatar\/2545924aa250de68ac8368367a79b663e59571cd131611f54c89b0613a94e230?s=96&d=mm&r=g\",\"contentUrl\":\"https:\/\/secure.gravatar.com\/avatar\/2545924aa250de68ac8368367a79b663e59571cd131611f54c89b0613a94e230?s=96&d=mm&r=g\",\"caption\":\"Florent Rrahmani\"}}]}<\/script>\n<!-- \/ Yoast SEO plugin. -->","yoast_head_json":{"title":"Predsednicu Osmani na sastanku do\u010dekao predsednik Hrvatske Zoran Milanovi\u0107 - Predsednik Republike Kosovo - DR. VJOSA OSMANI - SADRIU","description":"Predsednicu Osmani na sastanku do\u010dekao predsednik Hrvatske Zoran Milanovi\u0107 - Predsednik Republike Kosovo - DR. VJOSA OSMANI - SADRIU -","robots":{"index":"index","follow":"follow","max-snippet":"max-snippet:-1","max-image-preview":"max-image-preview:large","max-video-preview":"max-video-preview:-1"},"canonical":"https:\/\/president-ksgov.net\/sr\/predsednicu-osmani-na-sastanku-docekao-predsednik-hrvatske-zoran-milanovic\/","og_locale":"sr_RS","og_type":"article","og_title":"Predsednicu Osmani na sastanku do\u010dekao predsednik Hrvatske Zoran Milanovi\u0107 - Predsednik Republike Kosovo - DR. VJOSA OSMANI - SADRIU","og_description":"Predsednicu Osmani na sastanku do\u010dekao predsednik Hrvatske Zoran Milanovi\u0107 - Predsednik Republike Kosovo - DR. VJOSA OSMANI - SADRIU -","og_url":"https:\/\/president-ksgov.net\/sr\/predsednicu-osmani-na-sastanku-docekao-predsednik-hrvatske-zoran-milanovic\/","og_site_name":"Predsednik Republike Kosovo - DR. VJOSA OSMANI - SADRIU","article_published_time":"2023-10-10T13:40:30+00:00","article_modified_time":"2026-02-12T13:01:48+00:00","og_image":[{"width":2048,"height":1363,"url":"https:\/\/president-ksgov.net\/wp-content\/uploads\/1-113.jpg","type":"image\/jpeg"}],"author":"Florent Rrahmani","twitter_card":"summary_large_image","twitter_misc":{"\u041d\u0430\u043f\u0438\u0441\u0430\u043d\u043e \u043e\u0434":"Florent Rrahmani","\u041f\u0440\u043e\u0446\u0435\u045a\u0435\u043d\u043e \u0432\u0440\u0435\u043c\u0435 \u0447\u0438\u0442\u0430\u045a\u0430":"2 \u043c\u0438\u043d\u0443\u0442\u0430"},"schema":{"@context":"https:\/\/schema.org","@graph":[{"@type":"WebPage","@id":"https:\/\/president-ksgov.net\/sr\/predsednicu-osmani-na-sastanku-docekao-predsednik-hrvatske-zoran-milanovic\/","url":"https:\/\/president-ksgov.net\/sr\/predsednicu-osmani-na-sastanku-docekao-predsednik-hrvatske-zoran-milanovic\/","name":"Predsednicu Osmani na sastanku do\u010dekao predsednik Hrvatske Zoran Milanovi\u0107 - Predsednik Republike Kosovo - DR. VJOSA OSMANI - SADRIU","isPartOf":{"@id":"https:\/\/president-ksgov.net\/#website"},"primaryImageOfPage":{"@id":"https:\/\/president-ksgov.net\/sr\/predsednicu-osmani-na-sastanku-docekao-predsednik-hrvatske-zoran-milanovic\/#primaryimage"},"image":{"@id":"https:\/\/president-ksgov.net\/sr\/predsednicu-osmani-na-sastanku-docekao-predsednik-hrvatske-zoran-milanovic\/#primaryimage"},"thumbnailUrl":"https:\/\/president-ksgov.net\/wp-content\/uploads\/1-113.jpg","datePublished":"2023-10-10T13:40:30+00:00","dateModified":"2026-02-12T13:01:48+00:00","author":{"@id":"https:\/\/president-ksgov.net\/#\/schema\/person\/7c46f744a99d3f1616b92658282aa934"},"description":"Predsednicu Osmani na sastanku do\u010dekao predsednik Hrvatske Zoran Milanovi\u0107 - Predsednik Republike Kosovo - DR. VJOSA OSMANI - SADRIU -","breadcrumb":{"@id":"https:\/\/president-ksgov.net\/sr\/predsednicu-osmani-na-sastanku-docekao-predsednik-hrvatske-zoran-milanovic\/#breadcrumb"},"inLanguage":"sr-RS","potentialAction":[{"@type":"ReadAction","target":["https:\/\/president-ksgov.net\/sr\/predsednicu-osmani-na-sastanku-docekao-predsednik-hrvatske-zoran-milanovic\/"]}]},{"@type":"ImageObject","inLanguage":"sr-RS","@id":"https:\/\/president-ksgov.net\/sr\/predsednicu-osmani-na-sastanku-docekao-predsednik-hrvatske-zoran-milanovic\/#primaryimage","url":"https:\/\/president-ksgov.net\/wp-content\/uploads\/1-113.jpg","contentUrl":"https:\/\/president-ksgov.net\/wp-content\/uploads\/1-113.jpg","width":2048,"height":1363},{"@type":"BreadcrumbList","@id":"https:\/\/president-ksgov.net\/sr\/predsednicu-osmani-na-sastanku-docekao-predsednik-hrvatske-zoran-milanovic\/#breadcrumb","itemListElement":[{"@type":"ListItem","position":1,"name":"Home","item":"https:\/\/president-ksgov.net\/sr\/"},{"@type":"ListItem","position":2,"name":"Predsednicu Osmani na sastanku do\u010dekao predsednik Hrvatske Zoran Milanovi\u0107"}]},{"@type":"WebSite","@id":"https:\/\/president-ksgov.net\/#website","url":"https:\/\/president-ksgov.net\/","name":"Presidente e Republik\u00ebs s\u00eb Kosov\u00ebs","description":"Presidente e Republik\u00ebs s\u00eb Kosov\u00ebs","alternateName":"DR. VJOSA OSMANI - SADRIU","potentialAction":[{"@type":"SearchAction","target":{"@type":"EntryPoint","urlTemplate":"https:\/\/president-ksgov.net\/?s={search_term_string}"},"query-input":{"@type":"PropertyValueSpecification","valueRequired":true,"valueName":"search_term_string"}}],"inLanguage":"sr-RS"},{"@type":"Person","@id":"https:\/\/president-ksgov.net\/#\/schema\/person\/7c46f744a99d3f1616b92658282aa934","name":"Florent Rrahmani","image":{"@type":"ImageObject","inLanguage":"sr-RS","@id":"https:\/\/president-ksgov.net\/#\/schema\/person\/image\/","url":"https:\/\/secure.gravatar.com\/avatar\/2545924aa250de68ac8368367a79b663e59571cd131611f54c89b0613a94e230?s=96&d=mm&r=g","contentUrl":"https:\/\/secure.gravatar.com\/avatar\/2545924aa250de68ac8368367a79b663e59571cd131611f54c89b0613a94e230?s=96&d=mm&r=g","caption":"Florent Rrahmani"}}]}},"_links":{"self":[{"href":"https:\/\/president-ksgov.net\/sr\/wp-json\/wp\/v2\/posts\/96577","targetHints":{"allow":["GET"]}}],"collection":[{"href":"https:\/\/president-ksgov.net\/sr\/wp-json\/wp\/v2\/posts"}],"about":[{"href":"https:\/\/president-ksgov.net\/sr\/wp-json\/wp\/v2\/types\/post"}],"author":[{"embeddable":true,"href":"https:\/\/president-ksgov.net\/sr\/wp-json\/wp\/v2\/users\/9"}],"replies":[{"embeddable":true,"href":"https:\/\/president-ksgov.net\/sr\/wp-json\/wp\/v2\/comments?post=96577"}],"version-history":[{"count":2,"href":"https:\/\/president-ksgov.net\/sr\/wp-json\/wp\/v2\/posts\/96577\/revisions"}],"predecessor-version":[{"id":180959,"href":"https:\/\/president-ksgov.net\/sr\/wp-json\/wp\/v2\/posts\/96577\/revisions\/180959"}],"wp:featuredmedia":[{"embeddable":true,"href":"https:\/\/president-ksgov.net\/sr\/wp-json\/wp\/v2\/media\/96511"}],"wp:attachment":[{"href":"https:\/\/president-ksgov.net\/sr\/wp-json\/wp\/v2\/media?parent=96577"}],"wp:term":[{"taxonomy":"category","embeddable":true,"href":"https:\/\/president-ksgov.net\/sr\/wp-json\/wp\/v2\/categories?post=96577"},{"taxonomy":"post_tag","embeddable":true,"href":"https:\/\/president-ksgov.net\/sr\/wp-json\/wp\/v2\/tags?post=96577"}],"curies":[{"name":"wp","href":"https:\/\/api.w.org\/{rel}","templated":true}]}}