{"id":94161,"date":"2023-08-09T13:26:49","date_gmt":"2023-08-09T11:26:49","guid":{"rendered":"https:\/\/president-ksgov.net\/?p=94161"},"modified":"2023-08-09T16:45:00","modified_gmt":"2023-08-09T14:45:00","slug":"predsednica-osmani-imenovala-dekretom-g-ahmeta-ismailija-za-guvernera-centralne-banke-kosova","status":"publish","type":"post","link":"https:\/\/president-ksgov.net\/sr\/predsednica-osmani-imenovala-dekretom-g-ahmeta-ismailija-za-guvernera-centralne-banke-kosova\/","title":{"rendered":"Predsednica Osmani imenovala dekretom g. Ahmeta Ismailija za guvernera Centralne banke Kosova"},"content":{"rendered":"<p>Predsednica Republike Kosovo, Vjosa Osmani, nakon odluke Skup\u0161tine Kosova, imenovala je dekretom novog guvernera Centralne banke, gospodina Ahmeta Ismailija.<\/p>\n<p>Ona je \u010destitala g. Ismailiju na izboru od strane Skup\u0161tine Kosova, po\u017eelev\u0161i mu uspeh u realizaciji zadataka i odgovornosti koje proisti\u010du iz ove va\u017ene pozicije.<\/p>\n<p>Prema re\u010dima predsednice Osmanija, Ustav, zakoni, integritet i profesionalizam treba da budu vodilja tokom rada u dr\u017eavnim institucijama.<\/p>\n<p>U me\u0111uvremenu g. Ismaili je predstavio svoju viziju o CBK-u, kao i promovisanje odr\u017eivog rasta zasnovanog na posve\u0107enosti efikasnoj i transparentnoj javnoj slu\u017ebi.<\/p>\n","protected":false},"excerpt":{"rendered":"<p>Predsednica Republike Kosovo, Vjosa Osmani, nakon odluke Skup\u0161tine Kosova, imenovala je dekretom novog guvernera Centralne banke, gospodina Ahmeta Ismailija. Ona je \u010destitala g. Ismailiju na izboru od strane Skup\u0161tine Kosova, po\u017eelev\u0161i mu uspeh u realizaciji zadataka i odgovornosti koje proisti\u010du iz ove va\u017ene pozicije. Prema re\u010dima predsednice Osmanija, Ustav, zakoni, integritet i profesionalizam treba da budu vodilja tokom rada u dr\u017eavnim institucijama. U me\u0111uvremenu g. Ismaili je predstavio svoju viziju o CBK-u, kao i promovisanje odr\u017eivog rasta zasnovanog na posve\u0107enosti efikasnoj i transparentnoj javnoj slu\u017ebi.<\/p>\n","protected":false},"author":9,"featured_media":94146,"comment_status":"open","ping_status":"closed","sticky":false,"template":"","format":"standard","meta":{"_eb_attr":"","footnotes":""},"categories":[101],"tags":[],"class_list":["post-94161","post","type-post","status-publish","format-standard","has-post-thumbnail","hentry","category-vesti"],"yoast_head":"<!-- This site is optimized with the Yoast SEO plugin v23.5 - https:\/\/yoast.com\/wordpress\/plugins\/seo\/ -->\n<title>Predsednica Osmani imenovala dekretom g. Ahmeta Ismailija za guvernera Centralne banke Kosova - Predsednik Republike Kosovo - DR. VJOSA OSMANI - SADRIU<\/title>\n<meta name=\"description\" content=\"Predsednica Osmani imenovala dekretom g. Ahmeta Ismailija za guvernera Centralne banke Kosova - Predsednik Republike Kosovo - DR. VJOSA OSMANI - SADRIU -\" \/>\n<meta name=\"robots\" content=\"index, follow, max-snippet:-1, max-image-preview:large, max-video-preview:-1\" \/>\n<link rel=\"canonical\" href=\"https:\/\/president-ksgov.net\/sr\/predsednica-osmani-imenovala-dekretom-g-ahmeta-ismailija-za-guvernera-centralne-banke-kosova\/\" \/>\n<meta property=\"og:locale\" content=\"sr_RS\" \/>\n<meta property=\"og:type\" content=\"article\" \/>\n<meta property=\"og:title\" content=\"Predsednica Osmani imenovala dekretom g. Ahmeta Ismailija za guvernera Centralne banke Kosova - Predsednik Republike Kosovo - DR. VJOSA OSMANI - SADRIU\" \/>\n<meta property=\"og:description\" content=\"Predsednica Osmani imenovala dekretom g. Ahmeta Ismailija za guvernera Centralne banke Kosova - Predsednik Republike Kosovo - DR. VJOSA OSMANI - SADRIU -\" \/>\n<meta property=\"og:url\" content=\"https:\/\/president-ksgov.net\/sr\/predsednica-osmani-imenovala-dekretom-g-ahmeta-ismailija-za-guvernera-centralne-banke-kosova\/\" \/>\n<meta property=\"og:site_name\" content=\"Predsednik Republike Kosovo - DR. VJOSA OSMANI - SADRIU\" \/>\n<meta property=\"article:published_time\" content=\"2023-08-09T11:26:49+00:00\" \/>\n<meta property=\"article:modified_time\" content=\"2023-08-09T14:45:00+00:00\" \/>\n<meta property=\"og:image\" content=\"https:\/\/president-ksgov.net\/wp-content\/uploads\/1-43.jpg\" \/>\n\t<meta property=\"og:image:width\" content=\"2000\" \/>\n\t<meta property=\"og:image:height\" content=\"1331\" \/>\n\t<meta property=\"og:image:type\" content=\"image\/jpeg\" \/>\n<meta name=\"author\" content=\"Florent Rrahmani\" \/>\n<meta name=\"twitter:card\" content=\"summary_large_image\" \/>\n<meta name=\"twitter:label1\" content=\"\u041d\u0430\u043f\u0438\u0441\u0430\u043d\u043e \u043e\u0434\" \/>\n\t<meta name=\"twitter:data1\" content=\"Florent Rrahmani\" \/>\n<script type=\"application\/ld+json\" class=\"yoast-schema-graph\">{\"@context\":\"https:\/\/schema.org\",\"@graph\":[{\"@type\":\"WebPage\",\"@id\":\"https:\/\/president-ksgov.net\/sr\/predsednica-osmani-imenovala-dekretom-g-ahmeta-ismailija-za-guvernera-centralne-banke-kosova\/\",\"url\":\"https:\/\/president-ksgov.net\/sr\/predsednica-osmani-imenovala-dekretom-g-ahmeta-ismailija-za-guvernera-centralne-banke-kosova\/\",\"name\":\"Predsednica Osmani imenovala dekretom g. Ahmeta Ismailija za guvernera Centralne banke Kosova - Predsednik Republike Kosovo - DR. VJOSA OSMANI - SADRIU\",\"isPartOf\":{\"@id\":\"https:\/\/president-ksgov.net\/#website\"},\"primaryImageOfPage\":{\"@id\":\"https:\/\/president-ksgov.net\/sr\/predsednica-osmani-imenovala-dekretom-g-ahmeta-ismailija-za-guvernera-centralne-banke-kosova\/#primaryimage\"},\"image\":{\"@id\":\"https:\/\/president-ksgov.net\/sr\/predsednica-osmani-imenovala-dekretom-g-ahmeta-ismailija-za-guvernera-centralne-banke-kosova\/#primaryimage\"},\"thumbnailUrl\":\"https:\/\/president-ksgov.net\/wp-content\/uploads\/1-43.jpg\",\"datePublished\":\"2023-08-09T11:26:49+00:00\",\"dateModified\":\"2023-08-09T14:45:00+00:00\",\"author\":{\"@id\":\"https:\/\/president-ksgov.net\/#\/schema\/person\/7c46f744a99d3f1616b92658282aa934\"},\"description\":\"Predsednica Osmani imenovala dekretom g. Ahmeta Ismailija za guvernera Centralne banke Kosova - Predsednik Republike Kosovo - DR. VJOSA OSMANI - SADRIU -\",\"breadcrumb\":{\"@id\":\"https:\/\/president-ksgov.net\/sr\/predsednica-osmani-imenovala-dekretom-g-ahmeta-ismailija-za-guvernera-centralne-banke-kosova\/#breadcrumb\"},\"inLanguage\":\"sr-RS\",\"potentialAction\":[{\"@type\":\"ReadAction\",\"target\":[\"https:\/\/president-ksgov.net\/sr\/predsednica-osmani-imenovala-dekretom-g-ahmeta-ismailija-za-guvernera-centralne-banke-kosova\/\"]}]},{\"@type\":\"ImageObject\",\"inLanguage\":\"sr-RS\",\"@id\":\"https:\/\/president-ksgov.net\/sr\/predsednica-osmani-imenovala-dekretom-g-ahmeta-ismailija-za-guvernera-centralne-banke-kosova\/#primaryimage\",\"url\":\"https:\/\/president-ksgov.net\/wp-content\/uploads\/1-43.jpg\",\"contentUrl\":\"https:\/\/president-ksgov.net\/wp-content\/uploads\/1-43.jpg\",\"width\":2000,\"height\":1331},{\"@type\":\"BreadcrumbList\",\"@id\":\"https:\/\/president-ksgov.net\/sr\/predsednica-osmani-imenovala-dekretom-g-ahmeta-ismailija-za-guvernera-centralne-banke-kosova\/#breadcrumb\",\"itemListElement\":[{\"@type\":\"ListItem\",\"position\":1,\"name\":\"Home\",\"item\":\"https:\/\/president-ksgov.net\/sr\/\"},{\"@type\":\"ListItem\",\"position\":2,\"name\":\"Predsednica Osmani imenovala dekretom g. Ahmeta Ismailija za guvernera Centralne banke Kosova\"}]},{\"@type\":\"WebSite\",\"@id\":\"https:\/\/president-ksgov.net\/#website\",\"url\":\"https:\/\/president-ksgov.net\/\",\"name\":\"Presidente e Republik\u00ebs s\u00eb Kosov\u00ebs\",\"description\":\"Presidente e Republik\u00ebs s\u00eb Kosov\u00ebs\",\"alternateName\":\"DR. VJOSA OSMANI - SADRIU\",\"potentialAction\":[{\"@type\":\"SearchAction\",\"target\":{\"@type\":\"EntryPoint\",\"urlTemplate\":\"https:\/\/president-ksgov.net\/?s={search_term_string}\"},\"query-input\":{\"@type\":\"PropertyValueSpecification\",\"valueRequired\":true,\"valueName\":\"search_term_string\"}}],\"inLanguage\":\"sr-RS\"},{\"@type\":\"Person\",\"@id\":\"https:\/\/president-ksgov.net\/#\/schema\/person\/7c46f744a99d3f1616b92658282aa934\",\"name\":\"Florent Rrahmani\",\"image\":{\"@type\":\"ImageObject\",\"inLanguage\":\"sr-RS\",\"@id\":\"https:\/\/president-ksgov.net\/#\/schema\/person\/image\/\",\"url\":\"https:\/\/secure.gravatar.com\/avatar\/2545924aa250de68ac8368367a79b663e59571cd131611f54c89b0613a94e230?s=96&d=mm&r=g\",\"contentUrl\":\"https:\/\/secure.gravatar.com\/avatar\/2545924aa250de68ac8368367a79b663e59571cd131611f54c89b0613a94e230?s=96&d=mm&r=g\",\"caption\":\"Florent Rrahmani\"}}]}<\/script>\n<!-- \/ Yoast SEO plugin. -->","yoast_head_json":{"title":"Predsednica Osmani imenovala dekretom g. Ahmeta Ismailija za guvernera Centralne banke Kosova - Predsednik Republike Kosovo - DR. VJOSA OSMANI - SADRIU","description":"Predsednica Osmani imenovala dekretom g. Ahmeta Ismailija za guvernera Centralne banke Kosova - Predsednik Republike Kosovo - DR. VJOSA OSMANI - SADRIU -","robots":{"index":"index","follow":"follow","max-snippet":"max-snippet:-1","max-image-preview":"max-image-preview:large","max-video-preview":"max-video-preview:-1"},"canonical":"https:\/\/president-ksgov.net\/sr\/predsednica-osmani-imenovala-dekretom-g-ahmeta-ismailija-za-guvernera-centralne-banke-kosova\/","og_locale":"sr_RS","og_type":"article","og_title":"Predsednica Osmani imenovala dekretom g. Ahmeta Ismailija za guvernera Centralne banke Kosova - Predsednik Republike Kosovo - DR. VJOSA OSMANI - SADRIU","og_description":"Predsednica Osmani imenovala dekretom g. Ahmeta Ismailija za guvernera Centralne banke Kosova - Predsednik Republike Kosovo - DR. VJOSA OSMANI - SADRIU -","og_url":"https:\/\/president-ksgov.net\/sr\/predsednica-osmani-imenovala-dekretom-g-ahmeta-ismailija-za-guvernera-centralne-banke-kosova\/","og_site_name":"Predsednik Republike Kosovo - DR. VJOSA OSMANI - SADRIU","article_published_time":"2023-08-09T11:26:49+00:00","article_modified_time":"2023-08-09T14:45:00+00:00","og_image":[{"width":2000,"height":1331,"url":"https:\/\/president-ksgov.net\/wp-content\/uploads\/1-43.jpg","type":"image\/jpeg"}],"author":"Florent Rrahmani","twitter_card":"summary_large_image","twitter_misc":{"\u041d\u0430\u043f\u0438\u0441\u0430\u043d\u043e \u043e\u0434":"Florent Rrahmani"},"schema":{"@context":"https:\/\/schema.org","@graph":[{"@type":"WebPage","@id":"https:\/\/president-ksgov.net\/sr\/predsednica-osmani-imenovala-dekretom-g-ahmeta-ismailija-za-guvernera-centralne-banke-kosova\/","url":"https:\/\/president-ksgov.net\/sr\/predsednica-osmani-imenovala-dekretom-g-ahmeta-ismailija-za-guvernera-centralne-banke-kosova\/","name":"Predsednica Osmani imenovala dekretom g. Ahmeta Ismailija za guvernera Centralne banke Kosova - Predsednik Republike Kosovo - DR. VJOSA OSMANI - SADRIU","isPartOf":{"@id":"https:\/\/president-ksgov.net\/#website"},"primaryImageOfPage":{"@id":"https:\/\/president-ksgov.net\/sr\/predsednica-osmani-imenovala-dekretom-g-ahmeta-ismailija-za-guvernera-centralne-banke-kosova\/#primaryimage"},"image":{"@id":"https:\/\/president-ksgov.net\/sr\/predsednica-osmani-imenovala-dekretom-g-ahmeta-ismailija-za-guvernera-centralne-banke-kosova\/#primaryimage"},"thumbnailUrl":"https:\/\/president-ksgov.net\/wp-content\/uploads\/1-43.jpg","datePublished":"2023-08-09T11:26:49+00:00","dateModified":"2023-08-09T14:45:00+00:00","author":{"@id":"https:\/\/president-ksgov.net\/#\/schema\/person\/7c46f744a99d3f1616b92658282aa934"},"description":"Predsednica Osmani imenovala dekretom g. Ahmeta Ismailija za guvernera Centralne banke Kosova - Predsednik Republike Kosovo - DR. VJOSA OSMANI - SADRIU -","breadcrumb":{"@id":"https:\/\/president-ksgov.net\/sr\/predsednica-osmani-imenovala-dekretom-g-ahmeta-ismailija-za-guvernera-centralne-banke-kosova\/#breadcrumb"},"inLanguage":"sr-RS","potentialAction":[{"@type":"ReadAction","target":["https:\/\/president-ksgov.net\/sr\/predsednica-osmani-imenovala-dekretom-g-ahmeta-ismailija-za-guvernera-centralne-banke-kosova\/"]}]},{"@type":"ImageObject","inLanguage":"sr-RS","@id":"https:\/\/president-ksgov.net\/sr\/predsednica-osmani-imenovala-dekretom-g-ahmeta-ismailija-za-guvernera-centralne-banke-kosova\/#primaryimage","url":"https:\/\/president-ksgov.net\/wp-content\/uploads\/1-43.jpg","contentUrl":"https:\/\/president-ksgov.net\/wp-content\/uploads\/1-43.jpg","width":2000,"height":1331},{"@type":"BreadcrumbList","@id":"https:\/\/president-ksgov.net\/sr\/predsednica-osmani-imenovala-dekretom-g-ahmeta-ismailija-za-guvernera-centralne-banke-kosova\/#breadcrumb","itemListElement":[{"@type":"ListItem","position":1,"name":"Home","item":"https:\/\/president-ksgov.net\/sr\/"},{"@type":"ListItem","position":2,"name":"Predsednica Osmani imenovala dekretom g. Ahmeta Ismailija za guvernera Centralne banke Kosova"}]},{"@type":"WebSite","@id":"https:\/\/president-ksgov.net\/#website","url":"https:\/\/president-ksgov.net\/","name":"Presidente e Republik\u00ebs s\u00eb Kosov\u00ebs","description":"Presidente e Republik\u00ebs s\u00eb Kosov\u00ebs","alternateName":"DR. VJOSA OSMANI - SADRIU","potentialAction":[{"@type":"SearchAction","target":{"@type":"EntryPoint","urlTemplate":"https:\/\/president-ksgov.net\/?s={search_term_string}"},"query-input":{"@type":"PropertyValueSpecification","valueRequired":true,"valueName":"search_term_string"}}],"inLanguage":"sr-RS"},{"@type":"Person","@id":"https:\/\/president-ksgov.net\/#\/schema\/person\/7c46f744a99d3f1616b92658282aa934","name":"Florent Rrahmani","image":{"@type":"ImageObject","inLanguage":"sr-RS","@id":"https:\/\/president-ksgov.net\/#\/schema\/person\/image\/","url":"https:\/\/secure.gravatar.com\/avatar\/2545924aa250de68ac8368367a79b663e59571cd131611f54c89b0613a94e230?s=96&d=mm&r=g","contentUrl":"https:\/\/secure.gravatar.com\/avatar\/2545924aa250de68ac8368367a79b663e59571cd131611f54c89b0613a94e230?s=96&d=mm&r=g","caption":"Florent Rrahmani"}}]}},"_links":{"self":[{"href":"https:\/\/president-ksgov.net\/sr\/wp-json\/wp\/v2\/posts\/94161","targetHints":{"allow":["GET"]}}],"collection":[{"href":"https:\/\/president-ksgov.net\/sr\/wp-json\/wp\/v2\/posts"}],"about":[{"href":"https:\/\/president-ksgov.net\/sr\/wp-json\/wp\/v2\/types\/post"}],"author":[{"embeddable":true,"href":"https:\/\/president-ksgov.net\/sr\/wp-json\/wp\/v2\/users\/9"}],"replies":[{"embeddable":true,"href":"https:\/\/president-ksgov.net\/sr\/wp-json\/wp\/v2\/comments?post=94161"}],"version-history":[{"count":1,"href":"https:\/\/president-ksgov.net\/sr\/wp-json\/wp\/v2\/posts\/94161\/revisions"}],"predecessor-version":[{"id":94162,"href":"https:\/\/president-ksgov.net\/sr\/wp-json\/wp\/v2\/posts\/94161\/revisions\/94162"}],"wp:featuredmedia":[{"embeddable":true,"href":"https:\/\/president-ksgov.net\/sr\/wp-json\/wp\/v2\/media\/94146"}],"wp:attachment":[{"href":"https:\/\/president-ksgov.net\/sr\/wp-json\/wp\/v2\/media?parent=94161"}],"wp:term":[{"taxonomy":"category","embeddable":true,"href":"https:\/\/president-ksgov.net\/sr\/wp-json\/wp\/v2\/categories?post=94161"},{"taxonomy":"post_tag","embeddable":true,"href":"https:\/\/president-ksgov.net\/sr\/wp-json\/wp\/v2\/tags?post=94161"}],"curies":[{"name":"wp","href":"https:\/\/api.w.org\/{rel}","templated":true}]}}