{"id":93997,"date":"2023-08-04T21:34:57","date_gmt":"2023-08-04T19:34:57","guid":{"rendered":"https:\/\/president-ksgov.net\/?p=93997"},"modified":"2026-01-28T09:35:30","modified_gmt":"2026-01-28T08:35:30","slug":"predsednica-osmani-u-istoku-odlikovala-pale-borce-ovk-i-druge-licnosti-odala-pocast-sastala-se-sa-starima-i-posetila-firmu","status":"publish","type":"post","link":"https:\/\/president-ksgov.net\/sr\/predsednica-osmani-u-istoku-odlikovala-pale-borce-ovk-i-druge-licnosti-odala-pocast-sastala-se-sa-starima-i-posetila-firmu\/","title":{"rendered":"Predsednica Osmani u Istoku odlikovala pale borce OVK i druge li\u010dnosti, odala po\u010dast, sastala se sa starima i posetila firmu"},"content":{"rendered":"<p>Predsednica Republike Kosovo Vjosa Osmani, u okviru posete op\u0161tinama u zemlji, posetila je danas op\u0161tinu Istok.<\/p>\n<p>Predsednicu Osmanija je prvobitno na sastanku do\u010dekao gradona\u010delnik op\u0161tine Istok Ilir Ferati. Zatim je predsednica Osmani odala po\u010dast pred statuom istorijskog predsednika dra Ibrahima Rugove, da bi potom nastavila sa odavanjem po\u010dasti porodici Imeraj iz Padali\u0161ta.<\/p>\n<p>U okviru ove posete, predsednica Osmani je ukazala po\u0161tovanje palim borcima OVK, aktivistima i sportistima\u00a0 predsedni\u010dkim medaljama,\u00a0 a posetila je i Dom za stara lica.<\/p>\n<p>Predsednica je posetila i ku\u0107u porodice Josi\u0107 u selu Veri\u0107. U me\u0111uvremenu, na kraju posete Istoku, predsednica Osmani je posetila firnu &#8222;Onix&#8220;.<\/p>\n<p>Ceo post predsednice Osmani:<\/p>\n<p>Kraj dobrog dana u Istoku predsednika Rugove.<\/p>\n<p>Do\u010dekao nas je predsednik op\u0161tine Ilir Ferati i razgovarali smo o izazovima ali i mogu\u0107nostima da se op\u0161tina Istok jo\u0161 br\u017ee razvija. Odali smo po\u010dast pred statuom istorijskog predsednika dr Ibrahima Rugove, da bi potom nastavili sa odavanjem po\u010dasti porodici Imeraj iz Padali\u0161ta, \u010dijih je 19 \u010dlanova porodice ubijeno 1999. godine. Uz masovno prisustvo na\u0161e dijaspore i gra\u0111ana Istoka, iskazala sam po\u0161tovanje palim borcima OVK, aktivistima i sportistima.<\/p>\n<p>U Domu za stara lica imali smo srda\u010dan susret sa starima, koji su doprineli op\u0161tem dobru. U me\u0111uvremenu, u selu Veri\u0107, posetila sam ku\u0107u porodice Josi\u0107, koja je varvarskim \u010dinom spaljena pre nekoliko dana, ali su ve\u0107 izdvojena sredstva za njenu obnovu. Kosovo je dom za sve bez razlike, dok je Istok uvek bio dobar primer su\u017eivota za sve zajednice.<\/p>\n<p>Svoju posetu Istoku zavr\u0161ila sam posetom firmi \u201eOnix\u201c, banji koja predstavlja izuzetno impresivno okru\u017eenje zbog termalnih voda koje predstavljaju mogu\u0107nosti za le\u010denje.<\/p>\n<p>Hvala na gostoprimstvu Isto\u010de!<\/p>\n<p>Vidimo se u slede\u0107oj op\u0161tini!<\/p>\n<p>&nbsp;<\/p>\n","protected":false},"excerpt":{"rendered":"<p>Predsednica Republike Kosovo Vjosa Osmani, u okviru posete op\u0161tinama u zemlji, posetila je danas op\u0161tinu Istok. Predsednicu Osmanija je prvobitno na sastanku do\u010dekao gradona\u010delnik op\u0161tine Istok Ilir Ferati. Zatim je predsednica Osmani odala po\u010dast pred statuom istorijskog predsednika dra Ibrahima Rugove, da bi potom nastavila sa odavanjem po\u010dasti porodici Imeraj iz Padali\u0161ta. U okviru ove posete, predsednica Osmani je ukazala po\u0161tovanje palim borcima OVK, aktivistima i sportistima\u00a0 predsedni\u010dkim medaljama,\u00a0 a posetila je i Dom za stara lica. Predsednica je posetila i ku\u0107u porodice Josi\u0107 u selu Veri\u0107. U me\u0111uvremenu, na kraju posete Istoku, predsednica Osmani je posetila firnu &#8222;Onix&#8220;. Ceo post predsednice Osmani: Kraj dobrog dana u Istoku predsednika Rugove. Do\u010dekao nas je predsednik op\u0161tine Ilir Ferati i razgovarali smo o izazovima ali i mogu\u0107nostima da se op\u0161tina Istok jo\u0161 br\u017ee razvija. Odali smo po\u010dast pred statuom istorijskog predsednika dr Ibrahima Rugove, da bi potom nastavili sa odavanjem po\u010dasti porodici Imeraj iz Padali\u0161ta, \u010dijih je 19 \u010dlanova porodice ubijeno 1999. godine. Uz masovno prisustvo na\u0161e dijaspore i gra\u0111ana Istoka, iskazala sam po\u0161tovanje palim borcima OVK, aktivistima i sportistima. U Domu za stara lica imali smo srda\u010dan susret sa starima, koji su doprineli op\u0161tem dobru. U me\u0111uvremenu, u selu Veri\u0107, posetila sam ku\u0107u porodice Josi\u0107, koja je varvarskim \u010dinom spaljena pre nekoliko dana, ali su ve\u0107 izdvojena sredstva za njenu obnovu. Kosovo je dom za sve bez razlike, dok je Istok uvek bio dobar primer su\u017eivota za sve zajednice. Svoju posetu Istoku zavr\u0161ila sam posetom firmi \u201eOnix\u201c, banji koja predstavlja izuzetno impresivno okru\u017eenje zbog termalnih voda koje predstavljaju mogu\u0107nosti za le\u010denje. Hvala na gostoprimstvu Isto\u010de! Vidimo se u slede\u0107oj op\u0161tini! &nbsp;<\/p>\n","protected":false},"author":11,"featured_media":93835,"comment_status":"closed","ping_status":"closed","sticky":false,"template":"","format":"standard","meta":{"_eb_attr":"","footnotes":""},"categories":[101],"tags":[],"class_list":["post-93997","post","type-post","status-publish","format-standard","has-post-thumbnail","hentry","category-vesti"],"yoast_head":"<!-- This site is optimized with the Yoast SEO plugin v23.5 - https:\/\/yoast.com\/wordpress\/plugins\/seo\/ -->\n<title>Predsednica Osmani u Istoku odlikovala pale borce OVK i druge li\u010dnosti, odala po\u010dast, sastala se sa starima i posetila firmu - Predsednik Republike Kosovo - DR. VJOSA OSMANI - SADRIU<\/title>\n<meta name=\"description\" content=\"Predsednica Osmani u Istoku odlikovala pale borce OVK i druge li\u010dnosti, odala po\u010dast, sastala se sa starima i posetila firmu - Predsednik Republike Kosovo - DR. VJOSA OSMANI - SADRIU -\" \/>\n<meta name=\"robots\" content=\"index, follow, max-snippet:-1, max-image-preview:large, max-video-preview:-1\" \/>\n<link rel=\"canonical\" href=\"https:\/\/president-ksgov.net\/sr\/predsednica-osmani-u-istoku-odlikovala-pale-borce-ovk-i-druge-licnosti-odala-pocast-sastala-se-sa-starima-i-posetila-firmu\/\" \/>\n<meta property=\"og:locale\" content=\"sr_RS\" \/>\n<meta property=\"og:type\" content=\"article\" \/>\n<meta property=\"og:title\" content=\"Predsednica Osmani u Istoku odlikovala pale borce OVK i druge li\u010dnosti, odala po\u010dast, sastala se sa starima i posetila firmu - Predsednik Republike Kosovo - DR. VJOSA OSMANI - SADRIU\" \/>\n<meta property=\"og:description\" content=\"Predsednica Osmani u Istoku odlikovala pale borce OVK i druge li\u010dnosti, odala po\u010dast, sastala se sa starima i posetila firmu - Predsednik Republike Kosovo - DR. VJOSA OSMANI - SADRIU -\" \/>\n<meta property=\"og:url\" content=\"https:\/\/president-ksgov.net\/sr\/predsednica-osmani-u-istoku-odlikovala-pale-borce-ovk-i-druge-licnosti-odala-pocast-sastala-se-sa-starima-i-posetila-firmu\/\" \/>\n<meta property=\"og:site_name\" content=\"Predsednik Republike Kosovo - DR. VJOSA OSMANI - SADRIU\" \/>\n<meta property=\"article:published_time\" content=\"2023-08-04T19:34:57+00:00\" \/>\n<meta property=\"article:modified_time\" content=\"2026-01-28T08:35:30+00:00\" \/>\n<meta property=\"og:image\" content=\"https:\/\/president-ksgov.net\/wp-content\/uploads\/1-36.jpg\" \/>\n\t<meta property=\"og:image:width\" content=\"2000\" \/>\n\t<meta property=\"og:image:height\" content=\"1333\" \/>\n\t<meta property=\"og:image:type\" content=\"image\/jpeg\" \/>\n<meta name=\"author\" content=\"presidentlogin\" \/>\n<meta name=\"twitter:card\" content=\"summary_large_image\" \/>\n<meta name=\"twitter:label1\" content=\"\u041d\u0430\u043f\u0438\u0441\u0430\u043d\u043e \u043e\u0434\" \/>\n\t<meta name=\"twitter:data1\" content=\"presidentlogin\" \/>\n\t<meta name=\"twitter:label2\" content=\"\u041f\u0440\u043e\u0446\u0435\u045a\u0435\u043d\u043e \u0432\u0440\u0435\u043c\u0435 \u0447\u0438\u0442\u0430\u045a\u0430\" \/>\n\t<meta name=\"twitter:data2\" content=\"2 \u043c\u0438\u043d\u0443\u0442\u0430\" \/>\n<script type=\"application\/ld+json\" class=\"yoast-schema-graph\">{\"@context\":\"https:\/\/schema.org\",\"@graph\":[{\"@type\":\"WebPage\",\"@id\":\"https:\/\/president-ksgov.net\/sr\/predsednica-osmani-u-istoku-odlikovala-pale-borce-ovk-i-druge-licnosti-odala-pocast-sastala-se-sa-starima-i-posetila-firmu\/\",\"url\":\"https:\/\/president-ksgov.net\/sr\/predsednica-osmani-u-istoku-odlikovala-pale-borce-ovk-i-druge-licnosti-odala-pocast-sastala-se-sa-starima-i-posetila-firmu\/\",\"name\":\"Predsednica Osmani u Istoku odlikovala pale borce OVK i druge li\u010dnosti, odala po\u010dast, sastala se sa starima i posetila firmu - Predsednik Republike Kosovo - DR. VJOSA OSMANI - SADRIU\",\"isPartOf\":{\"@id\":\"https:\/\/president-ksgov.net\/#website\"},\"primaryImageOfPage\":{\"@id\":\"https:\/\/president-ksgov.net\/sr\/predsednica-osmani-u-istoku-odlikovala-pale-borce-ovk-i-druge-licnosti-odala-pocast-sastala-se-sa-starima-i-posetila-firmu\/#primaryimage\"},\"image\":{\"@id\":\"https:\/\/president-ksgov.net\/sr\/predsednica-osmani-u-istoku-odlikovala-pale-borce-ovk-i-druge-licnosti-odala-pocast-sastala-se-sa-starima-i-posetila-firmu\/#primaryimage\"},\"thumbnailUrl\":\"https:\/\/president-ksgov.net\/wp-content\/uploads\/1-36.jpg\",\"datePublished\":\"2023-08-04T19:34:57+00:00\",\"dateModified\":\"2026-01-28T08:35:30+00:00\",\"author\":{\"@id\":\"https:\/\/president-ksgov.net\/#\/schema\/person\/1a2c014cffc81ec60d5a452a36d08d92\"},\"description\":\"Predsednica Osmani u Istoku odlikovala pale borce OVK i druge li\u010dnosti, odala po\u010dast, sastala se sa starima i posetila firmu - Predsednik Republike Kosovo - DR. VJOSA OSMANI - SADRIU -\",\"breadcrumb\":{\"@id\":\"https:\/\/president-ksgov.net\/sr\/predsednica-osmani-u-istoku-odlikovala-pale-borce-ovk-i-druge-licnosti-odala-pocast-sastala-se-sa-starima-i-posetila-firmu\/#breadcrumb\"},\"inLanguage\":\"sr-RS\",\"potentialAction\":[{\"@type\":\"ReadAction\",\"target\":[\"https:\/\/president-ksgov.net\/sr\/predsednica-osmani-u-istoku-odlikovala-pale-borce-ovk-i-druge-licnosti-odala-pocast-sastala-se-sa-starima-i-posetila-firmu\/\"]}]},{\"@type\":\"ImageObject\",\"inLanguage\":\"sr-RS\",\"@id\":\"https:\/\/president-ksgov.net\/sr\/predsednica-osmani-u-istoku-odlikovala-pale-borce-ovk-i-druge-licnosti-odala-pocast-sastala-se-sa-starima-i-posetila-firmu\/#primaryimage\",\"url\":\"https:\/\/president-ksgov.net\/wp-content\/uploads\/1-36.jpg\",\"contentUrl\":\"https:\/\/president-ksgov.net\/wp-content\/uploads\/1-36.jpg\",\"width\":2000,\"height\":1333},{\"@type\":\"BreadcrumbList\",\"@id\":\"https:\/\/president-ksgov.net\/sr\/predsednica-osmani-u-istoku-odlikovala-pale-borce-ovk-i-druge-licnosti-odala-pocast-sastala-se-sa-starima-i-posetila-firmu\/#breadcrumb\",\"itemListElement\":[{\"@type\":\"ListItem\",\"position\":1,\"name\":\"Home\",\"item\":\"https:\/\/president-ksgov.net\/sr\/\"},{\"@type\":\"ListItem\",\"position\":2,\"name\":\"Predsednica Osmani u Istoku odlikovala pale borce OVK i druge li\u010dnosti, odala po\u010dast, sastala se sa starima i posetila firmu\"}]},{\"@type\":\"WebSite\",\"@id\":\"https:\/\/president-ksgov.net\/#website\",\"url\":\"https:\/\/president-ksgov.net\/\",\"name\":\"Presidente e Republik\u00ebs s\u00eb Kosov\u00ebs\",\"description\":\"Presidente e Republik\u00ebs s\u00eb Kosov\u00ebs\",\"alternateName\":\"DR. VJOSA OSMANI - SADRIU\",\"potentialAction\":[{\"@type\":\"SearchAction\",\"target\":{\"@type\":\"EntryPoint\",\"urlTemplate\":\"https:\/\/president-ksgov.net\/?s={search_term_string}\"},\"query-input\":{\"@type\":\"PropertyValueSpecification\",\"valueRequired\":true,\"valueName\":\"search_term_string\"}}],\"inLanguage\":\"sr-RS\"},{\"@type\":\"Person\",\"@id\":\"https:\/\/president-ksgov.net\/#\/schema\/person\/1a2c014cffc81ec60d5a452a36d08d92\",\"name\":\"presidentlogin\",\"image\":{\"@type\":\"ImageObject\",\"inLanguage\":\"sr-RS\",\"@id\":\"https:\/\/president-ksgov.net\/#\/schema\/person\/image\/\",\"url\":\"https:\/\/secure.gravatar.com\/avatar\/339f00ab0a8a0d5ce1ecff10aa2b4a1f51f58bbd5a57793f8cd6ad624080d807?s=96&d=mm&r=g\",\"contentUrl\":\"https:\/\/secure.gravatar.com\/avatar\/339f00ab0a8a0d5ce1ecff10aa2b4a1f51f58bbd5a57793f8cd6ad624080d807?s=96&d=mm&r=g\",\"caption\":\"presidentlogin\"}}]}<\/script>\n<!-- \/ Yoast SEO plugin. -->","yoast_head_json":{"title":"Predsednica Osmani u Istoku odlikovala pale borce OVK i druge li\u010dnosti, odala po\u010dast, sastala se sa starima i posetila firmu - Predsednik Republike Kosovo - DR. VJOSA OSMANI - SADRIU","description":"Predsednica Osmani u Istoku odlikovala pale borce OVK i druge li\u010dnosti, odala po\u010dast, sastala se sa starima i posetila firmu - Predsednik Republike Kosovo - DR. VJOSA OSMANI - SADRIU -","robots":{"index":"index","follow":"follow","max-snippet":"max-snippet:-1","max-image-preview":"max-image-preview:large","max-video-preview":"max-video-preview:-1"},"canonical":"https:\/\/president-ksgov.net\/sr\/predsednica-osmani-u-istoku-odlikovala-pale-borce-ovk-i-druge-licnosti-odala-pocast-sastala-se-sa-starima-i-posetila-firmu\/","og_locale":"sr_RS","og_type":"article","og_title":"Predsednica Osmani u Istoku odlikovala pale borce OVK i druge li\u010dnosti, odala po\u010dast, sastala se sa starima i posetila firmu - Predsednik Republike Kosovo - DR. VJOSA OSMANI - SADRIU","og_description":"Predsednica Osmani u Istoku odlikovala pale borce OVK i druge li\u010dnosti, odala po\u010dast, sastala se sa starima i posetila firmu - Predsednik Republike Kosovo - DR. VJOSA OSMANI - SADRIU -","og_url":"https:\/\/president-ksgov.net\/sr\/predsednica-osmani-u-istoku-odlikovala-pale-borce-ovk-i-druge-licnosti-odala-pocast-sastala-se-sa-starima-i-posetila-firmu\/","og_site_name":"Predsednik Republike Kosovo - DR. VJOSA OSMANI - SADRIU","article_published_time":"2023-08-04T19:34:57+00:00","article_modified_time":"2026-01-28T08:35:30+00:00","og_image":[{"width":2000,"height":1333,"url":"https:\/\/president-ksgov.net\/wp-content\/uploads\/1-36.jpg","type":"image\/jpeg"}],"author":"presidentlogin","twitter_card":"summary_large_image","twitter_misc":{"\u041d\u0430\u043f\u0438\u0441\u0430\u043d\u043e \u043e\u0434":"presidentlogin","\u041f\u0440\u043e\u0446\u0435\u045a\u0435\u043d\u043e \u0432\u0440\u0435\u043c\u0435 \u0447\u0438\u0442\u0430\u045a\u0430":"2 \u043c\u0438\u043d\u0443\u0442\u0430"},"schema":{"@context":"https:\/\/schema.org","@graph":[{"@type":"WebPage","@id":"https:\/\/president-ksgov.net\/sr\/predsednica-osmani-u-istoku-odlikovala-pale-borce-ovk-i-druge-licnosti-odala-pocast-sastala-se-sa-starima-i-posetila-firmu\/","url":"https:\/\/president-ksgov.net\/sr\/predsednica-osmani-u-istoku-odlikovala-pale-borce-ovk-i-druge-licnosti-odala-pocast-sastala-se-sa-starima-i-posetila-firmu\/","name":"Predsednica Osmani u Istoku odlikovala pale borce OVK i druge li\u010dnosti, odala po\u010dast, sastala se sa starima i posetila firmu - Predsednik Republike Kosovo - DR. VJOSA OSMANI - SADRIU","isPartOf":{"@id":"https:\/\/president-ksgov.net\/#website"},"primaryImageOfPage":{"@id":"https:\/\/president-ksgov.net\/sr\/predsednica-osmani-u-istoku-odlikovala-pale-borce-ovk-i-druge-licnosti-odala-pocast-sastala-se-sa-starima-i-posetila-firmu\/#primaryimage"},"image":{"@id":"https:\/\/president-ksgov.net\/sr\/predsednica-osmani-u-istoku-odlikovala-pale-borce-ovk-i-druge-licnosti-odala-pocast-sastala-se-sa-starima-i-posetila-firmu\/#primaryimage"},"thumbnailUrl":"https:\/\/president-ksgov.net\/wp-content\/uploads\/1-36.jpg","datePublished":"2023-08-04T19:34:57+00:00","dateModified":"2026-01-28T08:35:30+00:00","author":{"@id":"https:\/\/president-ksgov.net\/#\/schema\/person\/1a2c014cffc81ec60d5a452a36d08d92"},"description":"Predsednica Osmani u Istoku odlikovala pale borce OVK i druge li\u010dnosti, odala po\u010dast, sastala se sa starima i posetila firmu - Predsednik Republike Kosovo - DR. VJOSA OSMANI - SADRIU -","breadcrumb":{"@id":"https:\/\/president-ksgov.net\/sr\/predsednica-osmani-u-istoku-odlikovala-pale-borce-ovk-i-druge-licnosti-odala-pocast-sastala-se-sa-starima-i-posetila-firmu\/#breadcrumb"},"inLanguage":"sr-RS","potentialAction":[{"@type":"ReadAction","target":["https:\/\/president-ksgov.net\/sr\/predsednica-osmani-u-istoku-odlikovala-pale-borce-ovk-i-druge-licnosti-odala-pocast-sastala-se-sa-starima-i-posetila-firmu\/"]}]},{"@type":"ImageObject","inLanguage":"sr-RS","@id":"https:\/\/president-ksgov.net\/sr\/predsednica-osmani-u-istoku-odlikovala-pale-borce-ovk-i-druge-licnosti-odala-pocast-sastala-se-sa-starima-i-posetila-firmu\/#primaryimage","url":"https:\/\/president-ksgov.net\/wp-content\/uploads\/1-36.jpg","contentUrl":"https:\/\/president-ksgov.net\/wp-content\/uploads\/1-36.jpg","width":2000,"height":1333},{"@type":"BreadcrumbList","@id":"https:\/\/president-ksgov.net\/sr\/predsednica-osmani-u-istoku-odlikovala-pale-borce-ovk-i-druge-licnosti-odala-pocast-sastala-se-sa-starima-i-posetila-firmu\/#breadcrumb","itemListElement":[{"@type":"ListItem","position":1,"name":"Home","item":"https:\/\/president-ksgov.net\/sr\/"},{"@type":"ListItem","position":2,"name":"Predsednica Osmani u Istoku odlikovala pale borce OVK i druge li\u010dnosti, odala po\u010dast, sastala se sa starima i posetila firmu"}]},{"@type":"WebSite","@id":"https:\/\/president-ksgov.net\/#website","url":"https:\/\/president-ksgov.net\/","name":"Presidente e Republik\u00ebs s\u00eb Kosov\u00ebs","description":"Presidente e Republik\u00ebs s\u00eb Kosov\u00ebs","alternateName":"DR. VJOSA OSMANI - SADRIU","potentialAction":[{"@type":"SearchAction","target":{"@type":"EntryPoint","urlTemplate":"https:\/\/president-ksgov.net\/?s={search_term_string}"},"query-input":{"@type":"PropertyValueSpecification","valueRequired":true,"valueName":"search_term_string"}}],"inLanguage":"sr-RS"},{"@type":"Person","@id":"https:\/\/president-ksgov.net\/#\/schema\/person\/1a2c014cffc81ec60d5a452a36d08d92","name":"presidentlogin","image":{"@type":"ImageObject","inLanguage":"sr-RS","@id":"https:\/\/president-ksgov.net\/#\/schema\/person\/image\/","url":"https:\/\/secure.gravatar.com\/avatar\/339f00ab0a8a0d5ce1ecff10aa2b4a1f51f58bbd5a57793f8cd6ad624080d807?s=96&d=mm&r=g","contentUrl":"https:\/\/secure.gravatar.com\/avatar\/339f00ab0a8a0d5ce1ecff10aa2b4a1f51f58bbd5a57793f8cd6ad624080d807?s=96&d=mm&r=g","caption":"presidentlogin"}}]}},"_links":{"self":[{"href":"https:\/\/president-ksgov.net\/sr\/wp-json\/wp\/v2\/posts\/93997","targetHints":{"allow":["GET"]}}],"collection":[{"href":"https:\/\/president-ksgov.net\/sr\/wp-json\/wp\/v2\/posts"}],"about":[{"href":"https:\/\/president-ksgov.net\/sr\/wp-json\/wp\/v2\/types\/post"}],"author":[{"embeddable":true,"href":"https:\/\/president-ksgov.net\/sr\/wp-json\/wp\/v2\/users\/11"}],"replies":[{"embeddable":true,"href":"https:\/\/president-ksgov.net\/sr\/wp-json\/wp\/v2\/comments?post=93997"}],"version-history":[{"count":7,"href":"https:\/\/president-ksgov.net\/sr\/wp-json\/wp\/v2\/posts\/93997\/revisions"}],"predecessor-version":[{"id":180936,"href":"https:\/\/president-ksgov.net\/sr\/wp-json\/wp\/v2\/posts\/93997\/revisions\/180936"}],"wp:featuredmedia":[{"embeddable":true,"href":"https:\/\/president-ksgov.net\/sr\/wp-json\/wp\/v2\/media\/93835"}],"wp:attachment":[{"href":"https:\/\/president-ksgov.net\/sr\/wp-json\/wp\/v2\/media?parent=93997"}],"wp:term":[{"taxonomy":"category","embeddable":true,"href":"https:\/\/president-ksgov.net\/sr\/wp-json\/wp\/v2\/categories?post=93997"},{"taxonomy":"post_tag","embeddable":true,"href":"https:\/\/president-ksgov.net\/sr\/wp-json\/wp\/v2\/tags?post=93997"}],"curies":[{"name":"wp","href":"https:\/\/api.w.org\/{rel}","templated":true}]}}