{"id":93780,"date":"2023-08-01T12:51:15","date_gmt":"2023-08-01T10:51:15","guid":{"rendered":"https:\/\/president-ksgov.net\/?p=93780"},"modified":"2023-08-01T15:06:57","modified_gmt":"2023-08-01T13:06:57","slug":"predsednica-osmani-dekretirala-davanje-kosovskog-drzavljanstva-piscu-ismailu-kadareu","status":"publish","type":"post","link":"https:\/\/president-ksgov.net\/sr\/predsednica-osmani-dekretirala-davanje-kosovskog-drzavljanstva-piscu-ismailu-kadareu\/","title":{"rendered":"Predsednica Osmani dekretirala davanje kosovskog dr\u017eavljanstva piscu Ismailu Kadareu"},"content":{"rendered":"<p style=\"font-weight: 400;\"><span data-ogsc=\"rgb(31, 73, 125)\">Predsednica Republike Kosovo Vjosa Osmani potpisala je danas ukaz kojim se svetski poznatom albanskom piscu Ismailu Kadareu dodeljuje dr\u017eavljanstvo Republike Kosovo.<\/span><\/p>\n<p style=\"font-weight: 400;\"><span data-ogsc=\"rgb(31, 73, 125)\">\u00a0<\/span><span data-ogsc=\"rgb(31, 73, 125)\">Prema re\u010dima predsednice Osmani, davanje dr\u017eavljanstva ikoni albanske knji\u017eevnosti, piscu Ismailu Kadareu, predstavlja po\u0161tovanje dr\u017eave Kosovo prema stvaraocu, koji je konstantno va\u017ena referentna ta\u010dka za Albance svuda u svetu.<\/span><\/p>\n<p style=\"font-weight: 400;\"><span data-ogsc=\"rgb(31, 73, 125)\">\u00a0<\/span><span data-ogsc=\"rgb(31, 73, 125)\">\u201eRepublika Kosovo i njeni gra\u0111ani se ose\u0107aju po\u010da\u0161\u0107eni istaknutom li\u010dno\u0161\u0107u nacije, na\u0161im piscem svetskih razmera, Ismailom Kadareom, koji je kroz svoje stvarala\u0161tvo afirmisao na\u0161 jezik, kulturu i tradiciju\u201c, istakla je predsednica Osmani.<\/span><\/p>\n<p style=\"font-weight: 400;\"><span data-ogsc=\"rgb(31, 73, 125)\">\u00a0<\/span><span data-ogsc=\"rgb(31, 73, 125)\">Ukaz o dr\u017eavljanstvu \u0107e piscu Kadareu uru\u010diti predsednica Osmani tokom posete, koja \u0107e se u bliskoj budu\u0107nosti odr\u017eati u Albaniji.<\/span><span data-ogsc=\"rgb(31, 73, 125)\">\u00a0<\/span><\/p>\n<p style=\"font-weight: 400;\"><span data-ogsc=\"rgb(31, 73, 125)\">Ina\u010de, predsednica Osmani je u junu ove godine odlikovala pisca Ismaila Kadarea ordenom \u201eHasan Prishtina\u201c, najvi\u0161im koji Republika Kosovo daje najistaknutijim li\u010dnostima u oblasti kulture, umetnosti i dru\u0161tva.<\/span><\/p>\n","protected":false},"excerpt":{"rendered":"<p>Predsednica Republike Kosovo Vjosa Osmani potpisala je danas ukaz kojim se svetski poznatom albanskom piscu Ismailu Kadareu dodeljuje dr\u017eavljanstvo Republike Kosovo. \u00a0Prema re\u010dima predsednice Osmani, davanje dr\u017eavljanstva ikoni albanske knji\u017eevnosti, piscu Ismailu Kadareu, predstavlja po\u0161tovanje dr\u017eave Kosovo prema stvaraocu, koji je konstantno va\u017ena referentna ta\u010dka za Albance svuda u svetu. \u00a0\u201eRepublika Kosovo i njeni gra\u0111ani se ose\u0107aju po\u010da\u0161\u0107eni istaknutom li\u010dno\u0161\u0107u nacije, na\u0161im piscem svetskih razmera, Ismailom Kadareom, koji je kroz svoje stvarala\u0161tvo afirmisao na\u0161 jezik, kulturu i tradiciju\u201c, istakla je predsednica Osmani. \u00a0Ukaz o dr\u017eavljanstvu \u0107e piscu Kadareu uru\u010diti predsednica Osmani tokom posete, koja \u0107e se u bliskoj budu\u0107nosti odr\u017eati u Albaniji.\u00a0 Ina\u010de, predsednica Osmani je u junu ove godine odlikovala pisca Ismaila Kadarea ordenom \u201eHasan Prishtina\u201c, najvi\u0161im koji Republika Kosovo daje najistaknutijim li\u010dnostima u oblasti kulture, umetnosti i dru\u0161tva.<\/p>\n","protected":false},"author":11,"featured_media":93775,"comment_status":"open","ping_status":"closed","sticky":false,"template":"","format":"standard","meta":{"_eb_attr":"","footnotes":""},"categories":[101],"tags":[],"class_list":["post-93780","post","type-post","status-publish","format-standard","has-post-thumbnail","hentry","category-vesti"],"yoast_head":"<!-- This site is optimized with the Yoast SEO plugin v23.5 - https:\/\/yoast.com\/wordpress\/plugins\/seo\/ -->\n<title>Predsednica Osmani dekretirala davanje kosovskog dr\u017eavljanstva piscu Ismailu Kadareu - Predsednik Republike Kosovo - DR. VJOSA OSMANI - SADRIU<\/title>\n<meta name=\"description\" content=\"Predsednica Osmani dekretirala davanje kosovskog dr\u017eavljanstva piscu Ismailu Kadareu - Predsednik Republike Kosovo - DR. VJOSA OSMANI - SADRIU -\" \/>\n<meta name=\"robots\" content=\"index, follow, max-snippet:-1, max-image-preview:large, max-video-preview:-1\" \/>\n<link rel=\"canonical\" href=\"https:\/\/president-ksgov.net\/sr\/predsednica-osmani-dekretirala-davanje-kosovskog-drzavljanstva-piscu-ismailu-kadareu\/\" \/>\n<meta property=\"og:locale\" content=\"sr_RS\" \/>\n<meta property=\"og:type\" content=\"article\" \/>\n<meta property=\"og:title\" content=\"Predsednica Osmani dekretirala davanje kosovskog dr\u017eavljanstva piscu Ismailu Kadareu - Predsednik Republike Kosovo - DR. VJOSA OSMANI - SADRIU\" \/>\n<meta property=\"og:description\" content=\"Predsednica Osmani dekretirala davanje kosovskog dr\u017eavljanstva piscu Ismailu Kadareu - Predsednik Republike Kosovo - DR. VJOSA OSMANI - SADRIU -\" \/>\n<meta property=\"og:url\" content=\"https:\/\/president-ksgov.net\/sr\/predsednica-osmani-dekretirala-davanje-kosovskog-drzavljanstva-piscu-ismailu-kadareu\/\" \/>\n<meta property=\"og:site_name\" content=\"Predsednik Republike Kosovo - DR. VJOSA OSMANI - SADRIU\" \/>\n<meta property=\"article:published_time\" content=\"2023-08-01T10:51:15+00:00\" \/>\n<meta property=\"article:modified_time\" content=\"2023-08-01T13:06:57+00:00\" \/>\n<meta property=\"og:image\" content=\"https:\/\/president-ksgov.net\/wp-content\/uploads\/foto-arkiv_1.jpg\" \/>\n\t<meta property=\"og:image:width\" content=\"2500\" \/>\n\t<meta property=\"og:image:height\" content=\"1666\" \/>\n\t<meta property=\"og:image:type\" content=\"image\/jpeg\" \/>\n<meta name=\"author\" content=\"presidentlogin\" \/>\n<meta name=\"twitter:card\" content=\"summary_large_image\" \/>\n<meta name=\"twitter:label1\" content=\"\u041d\u0430\u043f\u0438\u0441\u0430\u043d\u043e \u043e\u0434\" \/>\n\t<meta name=\"twitter:data1\" content=\"presidentlogin\" \/>\n\t<meta name=\"twitter:label2\" content=\"\u041f\u0440\u043e\u0446\u0435\u045a\u0435\u043d\u043e \u0432\u0440\u0435\u043c\u0435 \u0447\u0438\u0442\u0430\u045a\u0430\" \/>\n\t<meta name=\"twitter:data2\" content=\"1 \u043c\u0438\u043d\u0443\u0442\" \/>\n<script type=\"application\/ld+json\" class=\"yoast-schema-graph\">{\"@context\":\"https:\/\/schema.org\",\"@graph\":[{\"@type\":\"WebPage\",\"@id\":\"https:\/\/president-ksgov.net\/sr\/predsednica-osmani-dekretirala-davanje-kosovskog-drzavljanstva-piscu-ismailu-kadareu\/\",\"url\":\"https:\/\/president-ksgov.net\/sr\/predsednica-osmani-dekretirala-davanje-kosovskog-drzavljanstva-piscu-ismailu-kadareu\/\",\"name\":\"Predsednica Osmani dekretirala davanje kosovskog dr\u017eavljanstva piscu Ismailu Kadareu - Predsednik Republike Kosovo - DR. VJOSA OSMANI - SADRIU\",\"isPartOf\":{\"@id\":\"https:\/\/president-ksgov.net\/#website\"},\"primaryImageOfPage\":{\"@id\":\"https:\/\/president-ksgov.net\/sr\/predsednica-osmani-dekretirala-davanje-kosovskog-drzavljanstva-piscu-ismailu-kadareu\/#primaryimage\"},\"image\":{\"@id\":\"https:\/\/president-ksgov.net\/sr\/predsednica-osmani-dekretirala-davanje-kosovskog-drzavljanstva-piscu-ismailu-kadareu\/#primaryimage\"},\"thumbnailUrl\":\"https:\/\/president-ksgov.net\/wp-content\/uploads\/foto-arkiv_1.jpg\",\"datePublished\":\"2023-08-01T10:51:15+00:00\",\"dateModified\":\"2023-08-01T13:06:57+00:00\",\"author\":{\"@id\":\"https:\/\/president-ksgov.net\/#\/schema\/person\/1a2c014cffc81ec60d5a452a36d08d92\"},\"description\":\"Predsednica Osmani dekretirala davanje kosovskog dr\u017eavljanstva piscu Ismailu Kadareu - Predsednik Republike Kosovo - DR. VJOSA OSMANI - SADRIU -\",\"breadcrumb\":{\"@id\":\"https:\/\/president-ksgov.net\/sr\/predsednica-osmani-dekretirala-davanje-kosovskog-drzavljanstva-piscu-ismailu-kadareu\/#breadcrumb\"},\"inLanguage\":\"sr-RS\",\"potentialAction\":[{\"@type\":\"ReadAction\",\"target\":[\"https:\/\/president-ksgov.net\/sr\/predsednica-osmani-dekretirala-davanje-kosovskog-drzavljanstva-piscu-ismailu-kadareu\/\"]}]},{\"@type\":\"ImageObject\",\"inLanguage\":\"sr-RS\",\"@id\":\"https:\/\/president-ksgov.net\/sr\/predsednica-osmani-dekretirala-davanje-kosovskog-drzavljanstva-piscu-ismailu-kadareu\/#primaryimage\",\"url\":\"https:\/\/president-ksgov.net\/wp-content\/uploads\/foto-arkiv_1.jpg\",\"contentUrl\":\"https:\/\/president-ksgov.net\/wp-content\/uploads\/foto-arkiv_1.jpg\",\"width\":2500,\"height\":1666},{\"@type\":\"BreadcrumbList\",\"@id\":\"https:\/\/president-ksgov.net\/sr\/predsednica-osmani-dekretirala-davanje-kosovskog-drzavljanstva-piscu-ismailu-kadareu\/#breadcrumb\",\"itemListElement\":[{\"@type\":\"ListItem\",\"position\":1,\"name\":\"Home\",\"item\":\"https:\/\/president-ksgov.net\/sr\/\"},{\"@type\":\"ListItem\",\"position\":2,\"name\":\"Predsednica Osmani dekretirala davanje kosovskog dr\u017eavljanstva piscu Ismailu Kadareu\"}]},{\"@type\":\"WebSite\",\"@id\":\"https:\/\/president-ksgov.net\/#website\",\"url\":\"https:\/\/president-ksgov.net\/\",\"name\":\"Presidente e Republik\u00ebs s\u00eb Kosov\u00ebs\",\"description\":\"Presidente e Republik\u00ebs s\u00eb Kosov\u00ebs\",\"alternateName\":\"DR. VJOSA OSMANI - SADRIU\",\"potentialAction\":[{\"@type\":\"SearchAction\",\"target\":{\"@type\":\"EntryPoint\",\"urlTemplate\":\"https:\/\/president-ksgov.net\/?s={search_term_string}\"},\"query-input\":{\"@type\":\"PropertyValueSpecification\",\"valueRequired\":true,\"valueName\":\"search_term_string\"}}],\"inLanguage\":\"sr-RS\"},{\"@type\":\"Person\",\"@id\":\"https:\/\/president-ksgov.net\/#\/schema\/person\/1a2c014cffc81ec60d5a452a36d08d92\",\"name\":\"presidentlogin\",\"image\":{\"@type\":\"ImageObject\",\"inLanguage\":\"sr-RS\",\"@id\":\"https:\/\/president-ksgov.net\/#\/schema\/person\/image\/\",\"url\":\"https:\/\/secure.gravatar.com\/avatar\/339f00ab0a8a0d5ce1ecff10aa2b4a1f51f58bbd5a57793f8cd6ad624080d807?s=96&d=mm&r=g\",\"contentUrl\":\"https:\/\/secure.gravatar.com\/avatar\/339f00ab0a8a0d5ce1ecff10aa2b4a1f51f58bbd5a57793f8cd6ad624080d807?s=96&d=mm&r=g\",\"caption\":\"presidentlogin\"}}]}<\/script>\n<!-- \/ Yoast SEO plugin. -->","yoast_head_json":{"title":"Predsednica Osmani dekretirala davanje kosovskog dr\u017eavljanstva piscu Ismailu Kadareu - Predsednik Republike Kosovo - DR. VJOSA OSMANI - SADRIU","description":"Predsednica Osmani dekretirala davanje kosovskog dr\u017eavljanstva piscu Ismailu Kadareu - Predsednik Republike Kosovo - DR. VJOSA OSMANI - SADRIU -","robots":{"index":"index","follow":"follow","max-snippet":"max-snippet:-1","max-image-preview":"max-image-preview:large","max-video-preview":"max-video-preview:-1"},"canonical":"https:\/\/president-ksgov.net\/sr\/predsednica-osmani-dekretirala-davanje-kosovskog-drzavljanstva-piscu-ismailu-kadareu\/","og_locale":"sr_RS","og_type":"article","og_title":"Predsednica Osmani dekretirala davanje kosovskog dr\u017eavljanstva piscu Ismailu Kadareu - Predsednik Republike Kosovo - DR. VJOSA OSMANI - SADRIU","og_description":"Predsednica Osmani dekretirala davanje kosovskog dr\u017eavljanstva piscu Ismailu Kadareu - Predsednik Republike Kosovo - DR. VJOSA OSMANI - SADRIU -","og_url":"https:\/\/president-ksgov.net\/sr\/predsednica-osmani-dekretirala-davanje-kosovskog-drzavljanstva-piscu-ismailu-kadareu\/","og_site_name":"Predsednik Republike Kosovo - DR. VJOSA OSMANI - SADRIU","article_published_time":"2023-08-01T10:51:15+00:00","article_modified_time":"2023-08-01T13:06:57+00:00","og_image":[{"width":2500,"height":1666,"url":"https:\/\/president-ksgov.net\/wp-content\/uploads\/foto-arkiv_1.jpg","type":"image\/jpeg"}],"author":"presidentlogin","twitter_card":"summary_large_image","twitter_misc":{"\u041d\u0430\u043f\u0438\u0441\u0430\u043d\u043e \u043e\u0434":"presidentlogin","\u041f\u0440\u043e\u0446\u0435\u045a\u0435\u043d\u043e \u0432\u0440\u0435\u043c\u0435 \u0447\u0438\u0442\u0430\u045a\u0430":"1 \u043c\u0438\u043d\u0443\u0442"},"schema":{"@context":"https:\/\/schema.org","@graph":[{"@type":"WebPage","@id":"https:\/\/president-ksgov.net\/sr\/predsednica-osmani-dekretirala-davanje-kosovskog-drzavljanstva-piscu-ismailu-kadareu\/","url":"https:\/\/president-ksgov.net\/sr\/predsednica-osmani-dekretirala-davanje-kosovskog-drzavljanstva-piscu-ismailu-kadareu\/","name":"Predsednica Osmani dekretirala davanje kosovskog dr\u017eavljanstva piscu Ismailu Kadareu - Predsednik Republike Kosovo - DR. VJOSA OSMANI - SADRIU","isPartOf":{"@id":"https:\/\/president-ksgov.net\/#website"},"primaryImageOfPage":{"@id":"https:\/\/president-ksgov.net\/sr\/predsednica-osmani-dekretirala-davanje-kosovskog-drzavljanstva-piscu-ismailu-kadareu\/#primaryimage"},"image":{"@id":"https:\/\/president-ksgov.net\/sr\/predsednica-osmani-dekretirala-davanje-kosovskog-drzavljanstva-piscu-ismailu-kadareu\/#primaryimage"},"thumbnailUrl":"https:\/\/president-ksgov.net\/wp-content\/uploads\/foto-arkiv_1.jpg","datePublished":"2023-08-01T10:51:15+00:00","dateModified":"2023-08-01T13:06:57+00:00","author":{"@id":"https:\/\/president-ksgov.net\/#\/schema\/person\/1a2c014cffc81ec60d5a452a36d08d92"},"description":"Predsednica Osmani dekretirala davanje kosovskog dr\u017eavljanstva piscu Ismailu Kadareu - Predsednik Republike Kosovo - DR. VJOSA OSMANI - SADRIU -","breadcrumb":{"@id":"https:\/\/president-ksgov.net\/sr\/predsednica-osmani-dekretirala-davanje-kosovskog-drzavljanstva-piscu-ismailu-kadareu\/#breadcrumb"},"inLanguage":"sr-RS","potentialAction":[{"@type":"ReadAction","target":["https:\/\/president-ksgov.net\/sr\/predsednica-osmani-dekretirala-davanje-kosovskog-drzavljanstva-piscu-ismailu-kadareu\/"]}]},{"@type":"ImageObject","inLanguage":"sr-RS","@id":"https:\/\/president-ksgov.net\/sr\/predsednica-osmani-dekretirala-davanje-kosovskog-drzavljanstva-piscu-ismailu-kadareu\/#primaryimage","url":"https:\/\/president-ksgov.net\/wp-content\/uploads\/foto-arkiv_1.jpg","contentUrl":"https:\/\/president-ksgov.net\/wp-content\/uploads\/foto-arkiv_1.jpg","width":2500,"height":1666},{"@type":"BreadcrumbList","@id":"https:\/\/president-ksgov.net\/sr\/predsednica-osmani-dekretirala-davanje-kosovskog-drzavljanstva-piscu-ismailu-kadareu\/#breadcrumb","itemListElement":[{"@type":"ListItem","position":1,"name":"Home","item":"https:\/\/president-ksgov.net\/sr\/"},{"@type":"ListItem","position":2,"name":"Predsednica Osmani dekretirala davanje kosovskog dr\u017eavljanstva piscu Ismailu Kadareu"}]},{"@type":"WebSite","@id":"https:\/\/president-ksgov.net\/#website","url":"https:\/\/president-ksgov.net\/","name":"Presidente e Republik\u00ebs s\u00eb Kosov\u00ebs","description":"Presidente e Republik\u00ebs s\u00eb Kosov\u00ebs","alternateName":"DR. VJOSA OSMANI - SADRIU","potentialAction":[{"@type":"SearchAction","target":{"@type":"EntryPoint","urlTemplate":"https:\/\/president-ksgov.net\/?s={search_term_string}"},"query-input":{"@type":"PropertyValueSpecification","valueRequired":true,"valueName":"search_term_string"}}],"inLanguage":"sr-RS"},{"@type":"Person","@id":"https:\/\/president-ksgov.net\/#\/schema\/person\/1a2c014cffc81ec60d5a452a36d08d92","name":"presidentlogin","image":{"@type":"ImageObject","inLanguage":"sr-RS","@id":"https:\/\/president-ksgov.net\/#\/schema\/person\/image\/","url":"https:\/\/secure.gravatar.com\/avatar\/339f00ab0a8a0d5ce1ecff10aa2b4a1f51f58bbd5a57793f8cd6ad624080d807?s=96&d=mm&r=g","contentUrl":"https:\/\/secure.gravatar.com\/avatar\/339f00ab0a8a0d5ce1ecff10aa2b4a1f51f58bbd5a57793f8cd6ad624080d807?s=96&d=mm&r=g","caption":"presidentlogin"}}]}},"_links":{"self":[{"href":"https:\/\/president-ksgov.net\/sr\/wp-json\/wp\/v2\/posts\/93780","targetHints":{"allow":["GET"]}}],"collection":[{"href":"https:\/\/president-ksgov.net\/sr\/wp-json\/wp\/v2\/posts"}],"about":[{"href":"https:\/\/president-ksgov.net\/sr\/wp-json\/wp\/v2\/types\/post"}],"author":[{"embeddable":true,"href":"https:\/\/president-ksgov.net\/sr\/wp-json\/wp\/v2\/users\/11"}],"replies":[{"embeddable":true,"href":"https:\/\/president-ksgov.net\/sr\/wp-json\/wp\/v2\/comments?post=93780"}],"version-history":[{"count":1,"href":"https:\/\/president-ksgov.net\/sr\/wp-json\/wp\/v2\/posts\/93780\/revisions"}],"predecessor-version":[{"id":93781,"href":"https:\/\/president-ksgov.net\/sr\/wp-json\/wp\/v2\/posts\/93780\/revisions\/93781"}],"wp:featuredmedia":[{"embeddable":true,"href":"https:\/\/president-ksgov.net\/sr\/wp-json\/wp\/v2\/media\/93775"}],"wp:attachment":[{"href":"https:\/\/president-ksgov.net\/sr\/wp-json\/wp\/v2\/media?parent=93780"}],"wp:term":[{"taxonomy":"category","embeddable":true,"href":"https:\/\/president-ksgov.net\/sr\/wp-json\/wp\/v2\/categories?post=93780"},{"taxonomy":"post_tag","embeddable":true,"href":"https:\/\/president-ksgov.net\/sr\/wp-json\/wp\/v2\/tags?post=93780"}],"curies":[{"name":"wp","href":"https:\/\/api.w.org\/{rel}","templated":true}]}}