{"id":93777,"date":"2023-08-01T10:58:06","date_gmt":"2023-08-01T08:58:06","guid":{"rendered":"https:\/\/president-ksgov.net\/?p=93777"},"modified":"2023-08-01T15:01:41","modified_gmt":"2023-08-01T13:01:41","slug":"predsednica-osmani-cestitala-svajcarskoj-nacionalni-dan-nastavicemo-da-jacamo-veze-izmedu-nasih-zemalja","status":"publish","type":"post","link":"https:\/\/president-ksgov.net\/sr\/predsednica-osmani-cestitala-svajcarskoj-nacionalni-dan-nastavicemo-da-jacamo-veze-izmedu-nasih-zemalja\/","title":{"rendered":"Predsednica Osmani \u010destitala \u0160vajcarskoj Nacionalni dan: Nastavi\u0107emo da ja\u010damo veze izme\u0111u na\u0161ih zemalja"},"content":{"rendered":"<p style=\"font-weight: 400;\"><span data-ogsc=\"rgb(31, 73, 125)\">Predsednica Republike Kosovo Vjosa Osmani \u010destitala je \u0160vajcarskoj Nacionalni dan.<\/span><\/p>\n<p style=\"font-weight: 400;\"><span data-ogsc=\"rgb(31, 73, 125)\">\u00a0<\/span><span data-ogsc=\"rgb(31, 73, 125)\">\u201cSre\u0107an Nacionalni dan predsedniku Alainu Bersetu i na\u0161im prijateljima \u0160vajcarcima! \u0160vajcarska je na\u0161 davni partner i \u017earki podr\u017eavalac naroda Kosova. Zajedno \u0107emo nastaviti da ja\u010damo vezu izme\u0111u na\u0161ih zemalja kroz na\u0161u dijasporu koja igra klju\u010dnu ulogu\u201d, napisala je predsednica Osmani.<\/span><\/p>\n","protected":false},"excerpt":{"rendered":"<p>Predsednica Republike Kosovo Vjosa Osmani \u010destitala je \u0160vajcarskoj Nacionalni dan. \u00a0\u201cSre\u0107an Nacionalni dan predsedniku Alainu Bersetu i na\u0161im prijateljima \u0160vajcarcima! \u0160vajcarska je na\u0161 davni partner i \u017earki podr\u017eavalac naroda Kosova. Zajedno \u0107emo nastaviti da ja\u010damo vezu izme\u0111u na\u0161ih zemalja kroz na\u0161u dijasporu koja igra klju\u010dnu ulogu\u201d, napisala je predsednica Osmani.<\/p>\n","protected":false},"author":11,"featured_media":93767,"comment_status":"open","ping_status":"closed","sticky":false,"template":"","format":"standard","meta":{"_eb_attr":"","footnotes":""},"categories":[101],"tags":[],"class_list":["post-93777","post","type-post","status-publish","format-standard","has-post-thumbnail","hentry","category-vesti"],"yoast_head":"<!-- This site is optimized with the Yoast SEO plugin v23.5 - https:\/\/yoast.com\/wordpress\/plugins\/seo\/ -->\n<title>Predsednica Osmani \u010destitala \u0160vajcarskoj Nacionalni dan: Nastavi\u0107emo da ja\u010damo veze izme\u0111u na\u0161ih zemalja - Predsednik Republike Kosovo - DR. VJOSA OSMANI - SADRIU<\/title>\n<meta name=\"description\" content=\"Predsednica Osmani \u010destitala \u0160vajcarskoj Nacionalni dan: Nastavi\u0107emo da ja\u010damo veze izme\u0111u na\u0161ih zemalja - Predsednik Republike Kosovo - DR. VJOSA OSMANI - SADRIU -\" \/>\n<meta name=\"robots\" content=\"index, follow, max-snippet:-1, max-image-preview:large, max-video-preview:-1\" \/>\n<link rel=\"canonical\" href=\"https:\/\/president-ksgov.net\/sr\/predsednica-osmani-cestitala-svajcarskoj-nacionalni-dan-nastavicemo-da-jacamo-veze-izmedu-nasih-zemalja\/\" \/>\n<meta property=\"og:locale\" content=\"sr_RS\" \/>\n<meta property=\"og:type\" content=\"article\" \/>\n<meta property=\"og:title\" content=\"Predsednica Osmani \u010destitala \u0160vajcarskoj Nacionalni dan: Nastavi\u0107emo da ja\u010damo veze izme\u0111u na\u0161ih zemalja - Predsednik Republike Kosovo - DR. VJOSA OSMANI - SADRIU\" \/>\n<meta property=\"og:description\" content=\"Predsednica Osmani \u010destitala \u0160vajcarskoj Nacionalni dan: Nastavi\u0107emo da ja\u010damo veze izme\u0111u na\u0161ih zemalja - Predsednik Republike Kosovo - DR. VJOSA OSMANI - SADRIU -\" \/>\n<meta property=\"og:url\" content=\"https:\/\/president-ksgov.net\/sr\/predsednica-osmani-cestitala-svajcarskoj-nacionalni-dan-nastavicemo-da-jacamo-veze-izmedu-nasih-zemalja\/\" \/>\n<meta property=\"og:site_name\" content=\"Predsednik Republike Kosovo - DR. VJOSA OSMANI - SADRIU\" \/>\n<meta property=\"article:published_time\" content=\"2023-08-01T08:58:06+00:00\" \/>\n<meta property=\"article:modified_time\" content=\"2023-08-01T13:01:41+00:00\" \/>\n<meta property=\"og:image\" content=\"https:\/\/president-ksgov.net\/wp-content\/uploads\/20230801_110002.jpg\" \/>\n\t<meta property=\"og:image:width\" content=\"1600\" \/>\n\t<meta property=\"og:image:height\" content=\"1600\" \/>\n\t<meta property=\"og:image:type\" content=\"image\/jpeg\" \/>\n<meta name=\"author\" content=\"presidentlogin\" \/>\n<meta name=\"twitter:card\" content=\"summary_large_image\" \/>\n<meta name=\"twitter:label1\" content=\"\u041d\u0430\u043f\u0438\u0441\u0430\u043d\u043e \u043e\u0434\" \/>\n\t<meta name=\"twitter:data1\" content=\"presidentlogin\" \/>\n<script type=\"application\/ld+json\" class=\"yoast-schema-graph\">{\"@context\":\"https:\/\/schema.org\",\"@graph\":[{\"@type\":\"WebPage\",\"@id\":\"https:\/\/president-ksgov.net\/sr\/predsednica-osmani-cestitala-svajcarskoj-nacionalni-dan-nastavicemo-da-jacamo-veze-izmedu-nasih-zemalja\/\",\"url\":\"https:\/\/president-ksgov.net\/sr\/predsednica-osmani-cestitala-svajcarskoj-nacionalni-dan-nastavicemo-da-jacamo-veze-izmedu-nasih-zemalja\/\",\"name\":\"Predsednica Osmani \u010destitala \u0160vajcarskoj Nacionalni dan: Nastavi\u0107emo da ja\u010damo veze izme\u0111u na\u0161ih zemalja - Predsednik Republike Kosovo - DR. VJOSA OSMANI - SADRIU\",\"isPartOf\":{\"@id\":\"https:\/\/president-ksgov.net\/#website\"},\"primaryImageOfPage\":{\"@id\":\"https:\/\/president-ksgov.net\/sr\/predsednica-osmani-cestitala-svajcarskoj-nacionalni-dan-nastavicemo-da-jacamo-veze-izmedu-nasih-zemalja\/#primaryimage\"},\"image\":{\"@id\":\"https:\/\/president-ksgov.net\/sr\/predsednica-osmani-cestitala-svajcarskoj-nacionalni-dan-nastavicemo-da-jacamo-veze-izmedu-nasih-zemalja\/#primaryimage\"},\"thumbnailUrl\":\"https:\/\/president-ksgov.net\/wp-content\/uploads\/20230801_110002.jpg\",\"datePublished\":\"2023-08-01T08:58:06+00:00\",\"dateModified\":\"2023-08-01T13:01:41+00:00\",\"author\":{\"@id\":\"https:\/\/president-ksgov.net\/#\/schema\/person\/1a2c014cffc81ec60d5a452a36d08d92\"},\"description\":\"Predsednica Osmani \u010destitala \u0160vajcarskoj Nacionalni dan: Nastavi\u0107emo da ja\u010damo veze izme\u0111u na\u0161ih zemalja - Predsednik Republike Kosovo - DR. VJOSA OSMANI - SADRIU -\",\"breadcrumb\":{\"@id\":\"https:\/\/president-ksgov.net\/sr\/predsednica-osmani-cestitala-svajcarskoj-nacionalni-dan-nastavicemo-da-jacamo-veze-izmedu-nasih-zemalja\/#breadcrumb\"},\"inLanguage\":\"sr-RS\",\"potentialAction\":[{\"@type\":\"ReadAction\",\"target\":[\"https:\/\/president-ksgov.net\/sr\/predsednica-osmani-cestitala-svajcarskoj-nacionalni-dan-nastavicemo-da-jacamo-veze-izmedu-nasih-zemalja\/\"]}]},{\"@type\":\"ImageObject\",\"inLanguage\":\"sr-RS\",\"@id\":\"https:\/\/president-ksgov.net\/sr\/predsednica-osmani-cestitala-svajcarskoj-nacionalni-dan-nastavicemo-da-jacamo-veze-izmedu-nasih-zemalja\/#primaryimage\",\"url\":\"https:\/\/president-ksgov.net\/wp-content\/uploads\/20230801_110002.jpg\",\"contentUrl\":\"https:\/\/president-ksgov.net\/wp-content\/uploads\/20230801_110002.jpg\",\"width\":1600,\"height\":1600},{\"@type\":\"BreadcrumbList\",\"@id\":\"https:\/\/president-ksgov.net\/sr\/predsednica-osmani-cestitala-svajcarskoj-nacionalni-dan-nastavicemo-da-jacamo-veze-izmedu-nasih-zemalja\/#breadcrumb\",\"itemListElement\":[{\"@type\":\"ListItem\",\"position\":1,\"name\":\"Home\",\"item\":\"https:\/\/president-ksgov.net\/sr\/\"},{\"@type\":\"ListItem\",\"position\":2,\"name\":\"Predsednica Osmani \u010destitala \u0160vajcarskoj Nacionalni dan: Nastavi\u0107emo da ja\u010damo veze izme\u0111u na\u0161ih zemalja\"}]},{\"@type\":\"WebSite\",\"@id\":\"https:\/\/president-ksgov.net\/#website\",\"url\":\"https:\/\/president-ksgov.net\/\",\"name\":\"Presidente e Republik\u00ebs s\u00eb Kosov\u00ebs\",\"description\":\"Presidente e Republik\u00ebs s\u00eb Kosov\u00ebs\",\"alternateName\":\"DR. VJOSA OSMANI - SADRIU\",\"potentialAction\":[{\"@type\":\"SearchAction\",\"target\":{\"@type\":\"EntryPoint\",\"urlTemplate\":\"https:\/\/president-ksgov.net\/?s={search_term_string}\"},\"query-input\":{\"@type\":\"PropertyValueSpecification\",\"valueRequired\":true,\"valueName\":\"search_term_string\"}}],\"inLanguage\":\"sr-RS\"},{\"@type\":\"Person\",\"@id\":\"https:\/\/president-ksgov.net\/#\/schema\/person\/1a2c014cffc81ec60d5a452a36d08d92\",\"name\":\"presidentlogin\",\"image\":{\"@type\":\"ImageObject\",\"inLanguage\":\"sr-RS\",\"@id\":\"https:\/\/president-ksgov.net\/#\/schema\/person\/image\/\",\"url\":\"https:\/\/secure.gravatar.com\/avatar\/339f00ab0a8a0d5ce1ecff10aa2b4a1f51f58bbd5a57793f8cd6ad624080d807?s=96&d=mm&r=g\",\"contentUrl\":\"https:\/\/secure.gravatar.com\/avatar\/339f00ab0a8a0d5ce1ecff10aa2b4a1f51f58bbd5a57793f8cd6ad624080d807?s=96&d=mm&r=g\",\"caption\":\"presidentlogin\"}}]}<\/script>\n<!-- \/ Yoast SEO plugin. -->","yoast_head_json":{"title":"Predsednica Osmani \u010destitala \u0160vajcarskoj Nacionalni dan: Nastavi\u0107emo da ja\u010damo veze izme\u0111u na\u0161ih zemalja - Predsednik Republike Kosovo - DR. VJOSA OSMANI - SADRIU","description":"Predsednica Osmani \u010destitala \u0160vajcarskoj Nacionalni dan: Nastavi\u0107emo da ja\u010damo veze izme\u0111u na\u0161ih zemalja - Predsednik Republike Kosovo - DR. VJOSA OSMANI - SADRIU -","robots":{"index":"index","follow":"follow","max-snippet":"max-snippet:-1","max-image-preview":"max-image-preview:large","max-video-preview":"max-video-preview:-1"},"canonical":"https:\/\/president-ksgov.net\/sr\/predsednica-osmani-cestitala-svajcarskoj-nacionalni-dan-nastavicemo-da-jacamo-veze-izmedu-nasih-zemalja\/","og_locale":"sr_RS","og_type":"article","og_title":"Predsednica Osmani \u010destitala \u0160vajcarskoj Nacionalni dan: Nastavi\u0107emo da ja\u010damo veze izme\u0111u na\u0161ih zemalja - Predsednik Republike Kosovo - DR. VJOSA OSMANI - SADRIU","og_description":"Predsednica Osmani \u010destitala \u0160vajcarskoj Nacionalni dan: Nastavi\u0107emo da ja\u010damo veze izme\u0111u na\u0161ih zemalja - Predsednik Republike Kosovo - DR. VJOSA OSMANI - SADRIU -","og_url":"https:\/\/president-ksgov.net\/sr\/predsednica-osmani-cestitala-svajcarskoj-nacionalni-dan-nastavicemo-da-jacamo-veze-izmedu-nasih-zemalja\/","og_site_name":"Predsednik Republike Kosovo - DR. VJOSA OSMANI - SADRIU","article_published_time":"2023-08-01T08:58:06+00:00","article_modified_time":"2023-08-01T13:01:41+00:00","og_image":[{"width":1600,"height":1600,"url":"https:\/\/president-ksgov.net\/wp-content\/uploads\/20230801_110002.jpg","type":"image\/jpeg"}],"author":"presidentlogin","twitter_card":"summary_large_image","twitter_misc":{"\u041d\u0430\u043f\u0438\u0441\u0430\u043d\u043e \u043e\u0434":"presidentlogin"},"schema":{"@context":"https:\/\/schema.org","@graph":[{"@type":"WebPage","@id":"https:\/\/president-ksgov.net\/sr\/predsednica-osmani-cestitala-svajcarskoj-nacionalni-dan-nastavicemo-da-jacamo-veze-izmedu-nasih-zemalja\/","url":"https:\/\/president-ksgov.net\/sr\/predsednica-osmani-cestitala-svajcarskoj-nacionalni-dan-nastavicemo-da-jacamo-veze-izmedu-nasih-zemalja\/","name":"Predsednica Osmani \u010destitala \u0160vajcarskoj Nacionalni dan: Nastavi\u0107emo da ja\u010damo veze izme\u0111u na\u0161ih zemalja - Predsednik Republike Kosovo - DR. VJOSA OSMANI - SADRIU","isPartOf":{"@id":"https:\/\/president-ksgov.net\/#website"},"primaryImageOfPage":{"@id":"https:\/\/president-ksgov.net\/sr\/predsednica-osmani-cestitala-svajcarskoj-nacionalni-dan-nastavicemo-da-jacamo-veze-izmedu-nasih-zemalja\/#primaryimage"},"image":{"@id":"https:\/\/president-ksgov.net\/sr\/predsednica-osmani-cestitala-svajcarskoj-nacionalni-dan-nastavicemo-da-jacamo-veze-izmedu-nasih-zemalja\/#primaryimage"},"thumbnailUrl":"https:\/\/president-ksgov.net\/wp-content\/uploads\/20230801_110002.jpg","datePublished":"2023-08-01T08:58:06+00:00","dateModified":"2023-08-01T13:01:41+00:00","author":{"@id":"https:\/\/president-ksgov.net\/#\/schema\/person\/1a2c014cffc81ec60d5a452a36d08d92"},"description":"Predsednica Osmani \u010destitala \u0160vajcarskoj Nacionalni dan: Nastavi\u0107emo da ja\u010damo veze izme\u0111u na\u0161ih zemalja - Predsednik Republike Kosovo - DR. VJOSA OSMANI - SADRIU -","breadcrumb":{"@id":"https:\/\/president-ksgov.net\/sr\/predsednica-osmani-cestitala-svajcarskoj-nacionalni-dan-nastavicemo-da-jacamo-veze-izmedu-nasih-zemalja\/#breadcrumb"},"inLanguage":"sr-RS","potentialAction":[{"@type":"ReadAction","target":["https:\/\/president-ksgov.net\/sr\/predsednica-osmani-cestitala-svajcarskoj-nacionalni-dan-nastavicemo-da-jacamo-veze-izmedu-nasih-zemalja\/"]}]},{"@type":"ImageObject","inLanguage":"sr-RS","@id":"https:\/\/president-ksgov.net\/sr\/predsednica-osmani-cestitala-svajcarskoj-nacionalni-dan-nastavicemo-da-jacamo-veze-izmedu-nasih-zemalja\/#primaryimage","url":"https:\/\/president-ksgov.net\/wp-content\/uploads\/20230801_110002.jpg","contentUrl":"https:\/\/president-ksgov.net\/wp-content\/uploads\/20230801_110002.jpg","width":1600,"height":1600},{"@type":"BreadcrumbList","@id":"https:\/\/president-ksgov.net\/sr\/predsednica-osmani-cestitala-svajcarskoj-nacionalni-dan-nastavicemo-da-jacamo-veze-izmedu-nasih-zemalja\/#breadcrumb","itemListElement":[{"@type":"ListItem","position":1,"name":"Home","item":"https:\/\/president-ksgov.net\/sr\/"},{"@type":"ListItem","position":2,"name":"Predsednica Osmani \u010destitala \u0160vajcarskoj Nacionalni dan: Nastavi\u0107emo da ja\u010damo veze izme\u0111u na\u0161ih zemalja"}]},{"@type":"WebSite","@id":"https:\/\/president-ksgov.net\/#website","url":"https:\/\/president-ksgov.net\/","name":"Presidente e Republik\u00ebs s\u00eb Kosov\u00ebs","description":"Presidente e Republik\u00ebs s\u00eb Kosov\u00ebs","alternateName":"DR. VJOSA OSMANI - SADRIU","potentialAction":[{"@type":"SearchAction","target":{"@type":"EntryPoint","urlTemplate":"https:\/\/president-ksgov.net\/?s={search_term_string}"},"query-input":{"@type":"PropertyValueSpecification","valueRequired":true,"valueName":"search_term_string"}}],"inLanguage":"sr-RS"},{"@type":"Person","@id":"https:\/\/president-ksgov.net\/#\/schema\/person\/1a2c014cffc81ec60d5a452a36d08d92","name":"presidentlogin","image":{"@type":"ImageObject","inLanguage":"sr-RS","@id":"https:\/\/president-ksgov.net\/#\/schema\/person\/image\/","url":"https:\/\/secure.gravatar.com\/avatar\/339f00ab0a8a0d5ce1ecff10aa2b4a1f51f58bbd5a57793f8cd6ad624080d807?s=96&d=mm&r=g","contentUrl":"https:\/\/secure.gravatar.com\/avatar\/339f00ab0a8a0d5ce1ecff10aa2b4a1f51f58bbd5a57793f8cd6ad624080d807?s=96&d=mm&r=g","caption":"presidentlogin"}}]}},"_links":{"self":[{"href":"https:\/\/president-ksgov.net\/sr\/wp-json\/wp\/v2\/posts\/93777","targetHints":{"allow":["GET"]}}],"collection":[{"href":"https:\/\/president-ksgov.net\/sr\/wp-json\/wp\/v2\/posts"}],"about":[{"href":"https:\/\/president-ksgov.net\/sr\/wp-json\/wp\/v2\/types\/post"}],"author":[{"embeddable":true,"href":"https:\/\/president-ksgov.net\/sr\/wp-json\/wp\/v2\/users\/11"}],"replies":[{"embeddable":true,"href":"https:\/\/president-ksgov.net\/sr\/wp-json\/wp\/v2\/comments?post=93777"}],"version-history":[{"count":2,"href":"https:\/\/president-ksgov.net\/sr\/wp-json\/wp\/v2\/posts\/93777\/revisions"}],"predecessor-version":[{"id":93779,"href":"https:\/\/president-ksgov.net\/sr\/wp-json\/wp\/v2\/posts\/93777\/revisions\/93779"}],"wp:featuredmedia":[{"embeddable":true,"href":"https:\/\/president-ksgov.net\/sr\/wp-json\/wp\/v2\/media\/93767"}],"wp:attachment":[{"href":"https:\/\/president-ksgov.net\/sr\/wp-json\/wp\/v2\/media?parent=93777"}],"wp:term":[{"taxonomy":"category","embeddable":true,"href":"https:\/\/president-ksgov.net\/sr\/wp-json\/wp\/v2\/categories?post=93777"},{"taxonomy":"post_tag","embeddable":true,"href":"https:\/\/president-ksgov.net\/sr\/wp-json\/wp\/v2\/tags?post=93777"}],"curies":[{"name":"wp","href":"https:\/\/api.w.org\/{rel}","templated":true}]}}