{"id":93715,"date":"2023-07-24T16:38:15","date_gmt":"2023-07-24T14:38:15","guid":{"rendered":"https:\/\/president-ksgov.net\/?p=93715"},"modified":"2023-07-24T20:12:42","modified_gmt":"2023-07-24T18:12:42","slug":"predsednica-osmani-docekala-na-oprostajnom-sastanku-ambasadora-austrije-christopha-weidingera","status":"publish","type":"post","link":"https:\/\/president-ksgov.net\/sr\/predsednica-osmani-docekala-na-oprostajnom-sastanku-ambasadora-austrije-christopha-weidingera\/","title":{"rendered":"Predsednica Osmani do\u010dekala na opro\u0161tajnom sastanku ambasadora Austrije Christopha Weidingera"},"content":{"rendered":"<p class=\"s11\"><span class=\"s12\"><span class=\"bumpedFont15\">Predsednica Republike Kosovo <\/span><\/span><span class=\"s12\"><span class=\"bumpedFont15\">Vjosa<\/span><\/span> <span class=\"s12\"><span class=\"bumpedFont15\">Osmani<\/span><\/span><span class=\"s12\"><span class=\"bumpedFont15\"> do\u010dekala je danas na opro\u0161tajnom sastanku ambasadora Republike Austrije na Kosovu <\/span><\/span><span class=\"s12\"><span class=\"bumpedFont15\">Christopha<\/span><\/span> <span class=\"s12\"><span class=\"bumpedFont15\">Weidingera<\/span><\/span><span class=\"s12\"><span class=\"bumpedFont15\">.<\/span><\/span><\/p>\n<p class=\"s11\"><span class=\"s12\"><span class=\"bumpedFont15\">Predsednica <\/span><\/span><span class=\"s12\"><span class=\"bumpedFont15\">Osmani<\/span><\/span><span class=\"s12\"><span class=\"bumpedFont15\"> je na sastanku zahvalila ambasadoru <\/span><\/span><span class=\"s12\"><span class=\"bumpedFont15\">Weidingeru<\/span><\/span><span class=\"s12\"><span class=\"bumpedFont15\"> na njegovim stalnim naporima da oja\u010da partnerstvo izme\u0111u Kosova i Austrije, na podr\u0161ci produbljivanju saradnje u razli\u010ditim oblastima kroz razli\u010dite projekte i inicijative, koje su jo\u0161 vi\u0161e zbli\u017eile gra\u0111ane na\u0161ih zemalja.<\/span><\/span><\/p>\n<p class=\"s11\"><span class=\"s12\"><span class=\"bumpedFont15\">Predsednica je ponovila da Austrija ostaje va\u017ean saveznik naroda i institucija Republike Kosovo, \u010dija je podr\u0161ka bila va\u017ena u razli\u010ditim koracima na\u0161e istorije, kao i za <\/span><\/span><span class=\"s12\"><span class=\"bumpedFont15\">evroatlantsku<\/span><\/span><span class=\"s12\"><span class=\"bumpedFont15\">budu\u0107nost na\u0161e zemlje. Predsednica je govorila i o prvoj zvani\u010dnoj bilateralnoj poseti u njenom mandatu kao predsednice Republike Republici Austriji, pri \u010demu je istakla da je ova poseta potvrda zajedni\u010dke volje za dalje produbljivanje partnerstva na\u0161e dve zemlje.<\/span><\/span><\/p>\n<p class=\"s11\"><span class=\"s12\"><span class=\"bumpedFont15\">Predsednik <\/span><\/span><span class=\"s12\"><span class=\"bumpedFont15\">Osmani<\/span><\/span><span class=\"s12\"><span class=\"bumpedFont15\"> i ambasador <\/span><\/span><span class=\"s12\"><span class=\"bumpedFont15\">Weidinger<\/span><\/span><span class=\"s12\"><span class=\"bumpedFont15\"> razgovarali su i o politi\u010dkim i bezbednosnim de\u0161avanjima u zemlji i regionu, pri \u010demu je predsednica <\/span><\/span><span class=\"s12\"><span class=\"bumpedFont15\">Osmani<\/span><\/span><span class=\"s12\"><span class=\"bumpedFont15\"> istakla volju institucija da u koordinaciji sa saveznicima Republike prevazi\u0111u trenutnu situaciju.<\/span><\/span><\/p>\n","protected":false},"excerpt":{"rendered":"<p>Predsednica Republike Kosovo Vjosa Osmani do\u010dekala je danas na opro\u0161tajnom sastanku ambasadora Republike Austrije na Kosovu Christopha Weidingera. Predsednica Osmani je na sastanku zahvalila ambasadoru Weidingeru na njegovim stalnim naporima da oja\u010da partnerstvo izme\u0111u Kosova i Austrije, na podr\u0161ci produbljivanju saradnje u razli\u010ditim oblastima kroz razli\u010dite projekte i inicijative, koje su jo\u0161 vi\u0161e zbli\u017eile gra\u0111ane na\u0161ih zemalja. Predsednica je ponovila da Austrija ostaje va\u017ean saveznik naroda i institucija Republike Kosovo, \u010dija je podr\u0161ka bila va\u017ena u razli\u010ditim koracima na\u0161e istorije, kao i za evroatlantskubudu\u0107nost na\u0161e zemlje. Predsednica je govorila i o prvoj zvani\u010dnoj bilateralnoj poseti u njenom mandatu kao predsednice Republike Republici Austriji, pri \u010demu je istakla da je ova poseta potvrda zajedni\u010dke volje za dalje produbljivanje partnerstva na\u0161e dve zemlje. Predsednik Osmani i ambasador Weidinger razgovarali su i o politi\u010dkim i bezbednosnim de\u0161avanjima u zemlji i regionu, pri \u010demu je predsednica Osmani istakla volju institucija da u koordinaciji sa saveznicima Republike prevazi\u0111u trenutnu situaciju.<\/p>\n","protected":false},"author":9,"featured_media":93707,"comment_status":"open","ping_status":"closed","sticky":false,"template":"","format":"standard","meta":{"_eb_attr":"","footnotes":""},"categories":[101],"tags":[],"class_list":["post-93715","post","type-post","status-publish","format-standard","has-post-thumbnail","hentry","category-vesti"],"yoast_head":"<!-- This site is optimized with the Yoast SEO plugin v23.5 - https:\/\/yoast.com\/wordpress\/plugins\/seo\/ -->\n<title>Predsednica Osmani do\u010dekala na opro\u0161tajnom sastanku ambasadora Austrije Christopha Weidingera - Predsednik Republike Kosovo - DR. VJOSA OSMANI - SADRIU<\/title>\n<meta name=\"description\" content=\"Predsednica Osmani do\u010dekala na opro\u0161tajnom sastanku ambasadora Austrije Christopha Weidingera - Predsednik Republike Kosovo - DR. VJOSA OSMANI - SADRIU -\" \/>\n<meta name=\"robots\" content=\"index, follow, max-snippet:-1, max-image-preview:large, max-video-preview:-1\" \/>\n<link rel=\"canonical\" href=\"https:\/\/president-ksgov.net\/sr\/predsednica-osmani-docekala-na-oprostajnom-sastanku-ambasadora-austrije-christopha-weidingera\/\" \/>\n<meta property=\"og:locale\" content=\"sr_RS\" \/>\n<meta property=\"og:type\" content=\"article\" \/>\n<meta property=\"og:title\" content=\"Predsednica Osmani do\u010dekala na opro\u0161tajnom sastanku ambasadora Austrije Christopha Weidingera - Predsednik Republike Kosovo - DR. VJOSA OSMANI - SADRIU\" \/>\n<meta property=\"og:description\" content=\"Predsednica Osmani do\u010dekala na opro\u0161tajnom sastanku ambasadora Austrije Christopha Weidingera - Predsednik Republike Kosovo - DR. VJOSA OSMANI - SADRIU -\" \/>\n<meta property=\"og:url\" content=\"https:\/\/president-ksgov.net\/sr\/predsednica-osmani-docekala-na-oprostajnom-sastanku-ambasadora-austrije-christopha-weidingera\/\" \/>\n<meta property=\"og:site_name\" content=\"Predsednik Republike Kosovo - DR. VJOSA OSMANI - SADRIU\" \/>\n<meta property=\"article:published_time\" content=\"2023-07-24T14:38:15+00:00\" \/>\n<meta property=\"article:modified_time\" content=\"2023-07-24T18:12:42+00:00\" \/>\n<meta property=\"og:image\" content=\"https:\/\/president-ksgov.net\/wp-content\/uploads\/SDS_5785_1.jpg\" \/>\n\t<meta property=\"og:image:width\" content=\"2000\" \/>\n\t<meta property=\"og:image:height\" content=\"1425\" \/>\n\t<meta property=\"og:image:type\" content=\"image\/jpeg\" \/>\n<meta name=\"author\" content=\"Florent Rrahmani\" \/>\n<meta name=\"twitter:card\" content=\"summary_large_image\" \/>\n<meta name=\"twitter:label1\" content=\"\u041d\u0430\u043f\u0438\u0441\u0430\u043d\u043e \u043e\u0434\" \/>\n\t<meta name=\"twitter:data1\" content=\"Florent Rrahmani\" \/>\n\t<meta name=\"twitter:label2\" content=\"\u041f\u0440\u043e\u0446\u0435\u045a\u0435\u043d\u043e \u0432\u0440\u0435\u043c\u0435 \u0447\u0438\u0442\u0430\u045a\u0430\" \/>\n\t<meta name=\"twitter:data2\" content=\"1 \u043c\u0438\u043d\u0443\u0442\" \/>\n<script type=\"application\/ld+json\" class=\"yoast-schema-graph\">{\"@context\":\"https:\/\/schema.org\",\"@graph\":[{\"@type\":\"WebPage\",\"@id\":\"https:\/\/president-ksgov.net\/sr\/predsednica-osmani-docekala-na-oprostajnom-sastanku-ambasadora-austrije-christopha-weidingera\/\",\"url\":\"https:\/\/president-ksgov.net\/sr\/predsednica-osmani-docekala-na-oprostajnom-sastanku-ambasadora-austrije-christopha-weidingera\/\",\"name\":\"Predsednica Osmani do\u010dekala na opro\u0161tajnom sastanku ambasadora Austrije Christopha Weidingera - Predsednik Republike Kosovo - DR. VJOSA OSMANI - SADRIU\",\"isPartOf\":{\"@id\":\"https:\/\/president-ksgov.net\/#website\"},\"primaryImageOfPage\":{\"@id\":\"https:\/\/president-ksgov.net\/sr\/predsednica-osmani-docekala-na-oprostajnom-sastanku-ambasadora-austrije-christopha-weidingera\/#primaryimage\"},\"image\":{\"@id\":\"https:\/\/president-ksgov.net\/sr\/predsednica-osmani-docekala-na-oprostajnom-sastanku-ambasadora-austrije-christopha-weidingera\/#primaryimage\"},\"thumbnailUrl\":\"https:\/\/president-ksgov.net\/wp-content\/uploads\/SDS_5785_1.jpg\",\"datePublished\":\"2023-07-24T14:38:15+00:00\",\"dateModified\":\"2023-07-24T18:12:42+00:00\",\"author\":{\"@id\":\"https:\/\/president-ksgov.net\/#\/schema\/person\/7c46f744a99d3f1616b92658282aa934\"},\"description\":\"Predsednica Osmani do\u010dekala na opro\u0161tajnom sastanku ambasadora Austrije Christopha Weidingera - Predsednik Republike Kosovo - DR. VJOSA OSMANI - SADRIU -\",\"breadcrumb\":{\"@id\":\"https:\/\/president-ksgov.net\/sr\/predsednica-osmani-docekala-na-oprostajnom-sastanku-ambasadora-austrije-christopha-weidingera\/#breadcrumb\"},\"inLanguage\":\"sr-RS\",\"potentialAction\":[{\"@type\":\"ReadAction\",\"target\":[\"https:\/\/president-ksgov.net\/sr\/predsednica-osmani-docekala-na-oprostajnom-sastanku-ambasadora-austrije-christopha-weidingera\/\"]}]},{\"@type\":\"ImageObject\",\"inLanguage\":\"sr-RS\",\"@id\":\"https:\/\/president-ksgov.net\/sr\/predsednica-osmani-docekala-na-oprostajnom-sastanku-ambasadora-austrije-christopha-weidingera\/#primaryimage\",\"url\":\"https:\/\/president-ksgov.net\/wp-content\/uploads\/SDS_5785_1.jpg\",\"contentUrl\":\"https:\/\/president-ksgov.net\/wp-content\/uploads\/SDS_5785_1.jpg\",\"width\":2000,\"height\":1425},{\"@type\":\"BreadcrumbList\",\"@id\":\"https:\/\/president-ksgov.net\/sr\/predsednica-osmani-docekala-na-oprostajnom-sastanku-ambasadora-austrije-christopha-weidingera\/#breadcrumb\",\"itemListElement\":[{\"@type\":\"ListItem\",\"position\":1,\"name\":\"Home\",\"item\":\"https:\/\/president-ksgov.net\/sr\/\"},{\"@type\":\"ListItem\",\"position\":2,\"name\":\"Predsednica Osmani do\u010dekala na opro\u0161tajnom sastanku ambasadora Austrije Christopha Weidingera\"}]},{\"@type\":\"WebSite\",\"@id\":\"https:\/\/president-ksgov.net\/#website\",\"url\":\"https:\/\/president-ksgov.net\/\",\"name\":\"Presidente e Republik\u00ebs s\u00eb Kosov\u00ebs\",\"description\":\"Presidente e Republik\u00ebs s\u00eb Kosov\u00ebs\",\"alternateName\":\"DR. VJOSA OSMANI - SADRIU\",\"potentialAction\":[{\"@type\":\"SearchAction\",\"target\":{\"@type\":\"EntryPoint\",\"urlTemplate\":\"https:\/\/president-ksgov.net\/?s={search_term_string}\"},\"query-input\":{\"@type\":\"PropertyValueSpecification\",\"valueRequired\":true,\"valueName\":\"search_term_string\"}}],\"inLanguage\":\"sr-RS\"},{\"@type\":\"Person\",\"@id\":\"https:\/\/president-ksgov.net\/#\/schema\/person\/7c46f744a99d3f1616b92658282aa934\",\"name\":\"Florent Rrahmani\",\"image\":{\"@type\":\"ImageObject\",\"inLanguage\":\"sr-RS\",\"@id\":\"https:\/\/president-ksgov.net\/#\/schema\/person\/image\/\",\"url\":\"https:\/\/secure.gravatar.com\/avatar\/2545924aa250de68ac8368367a79b663e59571cd131611f54c89b0613a94e230?s=96&d=mm&r=g\",\"contentUrl\":\"https:\/\/secure.gravatar.com\/avatar\/2545924aa250de68ac8368367a79b663e59571cd131611f54c89b0613a94e230?s=96&d=mm&r=g\",\"caption\":\"Florent Rrahmani\"}}]}<\/script>\n<!-- \/ Yoast SEO plugin. -->","yoast_head_json":{"title":"Predsednica Osmani do\u010dekala na opro\u0161tajnom sastanku ambasadora Austrije Christopha Weidingera - Predsednik Republike Kosovo - DR. VJOSA OSMANI - SADRIU","description":"Predsednica Osmani do\u010dekala na opro\u0161tajnom sastanku ambasadora Austrije Christopha Weidingera - Predsednik Republike Kosovo - DR. VJOSA OSMANI - SADRIU -","robots":{"index":"index","follow":"follow","max-snippet":"max-snippet:-1","max-image-preview":"max-image-preview:large","max-video-preview":"max-video-preview:-1"},"canonical":"https:\/\/president-ksgov.net\/sr\/predsednica-osmani-docekala-na-oprostajnom-sastanku-ambasadora-austrije-christopha-weidingera\/","og_locale":"sr_RS","og_type":"article","og_title":"Predsednica Osmani do\u010dekala na opro\u0161tajnom sastanku ambasadora Austrije Christopha Weidingera - Predsednik Republike Kosovo - DR. VJOSA OSMANI - SADRIU","og_description":"Predsednica Osmani do\u010dekala na opro\u0161tajnom sastanku ambasadora Austrije Christopha Weidingera - Predsednik Republike Kosovo - DR. VJOSA OSMANI - SADRIU -","og_url":"https:\/\/president-ksgov.net\/sr\/predsednica-osmani-docekala-na-oprostajnom-sastanku-ambasadora-austrije-christopha-weidingera\/","og_site_name":"Predsednik Republike Kosovo - DR. VJOSA OSMANI - SADRIU","article_published_time":"2023-07-24T14:38:15+00:00","article_modified_time":"2023-07-24T18:12:42+00:00","og_image":[{"width":2000,"height":1425,"url":"https:\/\/president-ksgov.net\/wp-content\/uploads\/SDS_5785_1.jpg","type":"image\/jpeg"}],"author":"Florent Rrahmani","twitter_card":"summary_large_image","twitter_misc":{"\u041d\u0430\u043f\u0438\u0441\u0430\u043d\u043e \u043e\u0434":"Florent Rrahmani","\u041f\u0440\u043e\u0446\u0435\u045a\u0435\u043d\u043e \u0432\u0440\u0435\u043c\u0435 \u0447\u0438\u0442\u0430\u045a\u0430":"1 \u043c\u0438\u043d\u0443\u0442"},"schema":{"@context":"https:\/\/schema.org","@graph":[{"@type":"WebPage","@id":"https:\/\/president-ksgov.net\/sr\/predsednica-osmani-docekala-na-oprostajnom-sastanku-ambasadora-austrije-christopha-weidingera\/","url":"https:\/\/president-ksgov.net\/sr\/predsednica-osmani-docekala-na-oprostajnom-sastanku-ambasadora-austrije-christopha-weidingera\/","name":"Predsednica Osmani do\u010dekala na opro\u0161tajnom sastanku ambasadora Austrije Christopha Weidingera - Predsednik Republike Kosovo - DR. VJOSA OSMANI - SADRIU","isPartOf":{"@id":"https:\/\/president-ksgov.net\/#website"},"primaryImageOfPage":{"@id":"https:\/\/president-ksgov.net\/sr\/predsednica-osmani-docekala-na-oprostajnom-sastanku-ambasadora-austrije-christopha-weidingera\/#primaryimage"},"image":{"@id":"https:\/\/president-ksgov.net\/sr\/predsednica-osmani-docekala-na-oprostajnom-sastanku-ambasadora-austrije-christopha-weidingera\/#primaryimage"},"thumbnailUrl":"https:\/\/president-ksgov.net\/wp-content\/uploads\/SDS_5785_1.jpg","datePublished":"2023-07-24T14:38:15+00:00","dateModified":"2023-07-24T18:12:42+00:00","author":{"@id":"https:\/\/president-ksgov.net\/#\/schema\/person\/7c46f744a99d3f1616b92658282aa934"},"description":"Predsednica Osmani do\u010dekala na opro\u0161tajnom sastanku ambasadora Austrije Christopha Weidingera - Predsednik Republike Kosovo - DR. VJOSA OSMANI - SADRIU -","breadcrumb":{"@id":"https:\/\/president-ksgov.net\/sr\/predsednica-osmani-docekala-na-oprostajnom-sastanku-ambasadora-austrije-christopha-weidingera\/#breadcrumb"},"inLanguage":"sr-RS","potentialAction":[{"@type":"ReadAction","target":["https:\/\/president-ksgov.net\/sr\/predsednica-osmani-docekala-na-oprostajnom-sastanku-ambasadora-austrije-christopha-weidingera\/"]}]},{"@type":"ImageObject","inLanguage":"sr-RS","@id":"https:\/\/president-ksgov.net\/sr\/predsednica-osmani-docekala-na-oprostajnom-sastanku-ambasadora-austrije-christopha-weidingera\/#primaryimage","url":"https:\/\/president-ksgov.net\/wp-content\/uploads\/SDS_5785_1.jpg","contentUrl":"https:\/\/president-ksgov.net\/wp-content\/uploads\/SDS_5785_1.jpg","width":2000,"height":1425},{"@type":"BreadcrumbList","@id":"https:\/\/president-ksgov.net\/sr\/predsednica-osmani-docekala-na-oprostajnom-sastanku-ambasadora-austrije-christopha-weidingera\/#breadcrumb","itemListElement":[{"@type":"ListItem","position":1,"name":"Home","item":"https:\/\/president-ksgov.net\/sr\/"},{"@type":"ListItem","position":2,"name":"Predsednica Osmani do\u010dekala na opro\u0161tajnom sastanku ambasadora Austrije Christopha Weidingera"}]},{"@type":"WebSite","@id":"https:\/\/president-ksgov.net\/#website","url":"https:\/\/president-ksgov.net\/","name":"Presidente e Republik\u00ebs s\u00eb Kosov\u00ebs","description":"Presidente e Republik\u00ebs s\u00eb Kosov\u00ebs","alternateName":"DR. VJOSA OSMANI - SADRIU","potentialAction":[{"@type":"SearchAction","target":{"@type":"EntryPoint","urlTemplate":"https:\/\/president-ksgov.net\/?s={search_term_string}"},"query-input":{"@type":"PropertyValueSpecification","valueRequired":true,"valueName":"search_term_string"}}],"inLanguage":"sr-RS"},{"@type":"Person","@id":"https:\/\/president-ksgov.net\/#\/schema\/person\/7c46f744a99d3f1616b92658282aa934","name":"Florent Rrahmani","image":{"@type":"ImageObject","inLanguage":"sr-RS","@id":"https:\/\/president-ksgov.net\/#\/schema\/person\/image\/","url":"https:\/\/secure.gravatar.com\/avatar\/2545924aa250de68ac8368367a79b663e59571cd131611f54c89b0613a94e230?s=96&d=mm&r=g","contentUrl":"https:\/\/secure.gravatar.com\/avatar\/2545924aa250de68ac8368367a79b663e59571cd131611f54c89b0613a94e230?s=96&d=mm&r=g","caption":"Florent Rrahmani"}}]}},"_links":{"self":[{"href":"https:\/\/president-ksgov.net\/sr\/wp-json\/wp\/v2\/posts\/93715","targetHints":{"allow":["GET"]}}],"collection":[{"href":"https:\/\/president-ksgov.net\/sr\/wp-json\/wp\/v2\/posts"}],"about":[{"href":"https:\/\/president-ksgov.net\/sr\/wp-json\/wp\/v2\/types\/post"}],"author":[{"embeddable":true,"href":"https:\/\/president-ksgov.net\/sr\/wp-json\/wp\/v2\/users\/9"}],"replies":[{"embeddable":true,"href":"https:\/\/president-ksgov.net\/sr\/wp-json\/wp\/v2\/comments?post=93715"}],"version-history":[{"count":1,"href":"https:\/\/president-ksgov.net\/sr\/wp-json\/wp\/v2\/posts\/93715\/revisions"}],"predecessor-version":[{"id":93716,"href":"https:\/\/president-ksgov.net\/sr\/wp-json\/wp\/v2\/posts\/93715\/revisions\/93716"}],"wp:featuredmedia":[{"embeddable":true,"href":"https:\/\/president-ksgov.net\/sr\/wp-json\/wp\/v2\/media\/93707"}],"wp:attachment":[{"href":"https:\/\/president-ksgov.net\/sr\/wp-json\/wp\/v2\/media?parent=93715"}],"wp:term":[{"taxonomy":"category","embeddable":true,"href":"https:\/\/president-ksgov.net\/sr\/wp-json\/wp\/v2\/categories?post=93715"},{"taxonomy":"post_tag","embeddable":true,"href":"https:\/\/president-ksgov.net\/sr\/wp-json\/wp\/v2\/tags?post=93715"}],"curies":[{"name":"wp","href":"https:\/\/api.w.org\/{rel}","templated":true}]}}