{"id":93610,"date":"2023-07-18T17:25:38","date_gmt":"2023-07-18T15:25:38","guid":{"rendered":"https:\/\/president-ksgov.net\/?p=93610"},"modified":"2023-07-19T11:14:37","modified_gmt":"2023-07-19T09:14:37","slug":"predsednica-osmani-docekala-ambasadora-kanade-alana-bowmana-na-oprostajnom-sastanku","status":"publish","type":"post","link":"https:\/\/president-ksgov.net\/sr\/predsednica-osmani-docekala-ambasadora-kanade-alana-bowmana-na-oprostajnom-sastanku\/","title":{"rendered":"Predsednica Osmani do\u010dekala ambasadora Kanade Alana Bowmana na opro\u0161tajnom sastanku"},"content":{"rendered":"<p>Predsednica Republike Kosovo Vjosa Osmani do\u010dekala je danas na opro\u0161tajnom sastanku nerezidentnog ambasadora Kanade na Kosovu Alana Bowmana.<\/p>\n<p><span data-ogsc=\"rgb(13, 13, 13)\">Na sastanku, predsednica Osmani je zahvalila ambasadoru Bowmanu na njegovom anga\u017eovanju produbljivanju odli\u010dnih bilateralnih odnosa izme\u0111u Kosova i Kanade, kao i na kontinuiranoj podr\u0161ci kroz razli\u010dite projekte, posebno podr\u0161ku za osna\u017eivanje \u017eena i devojaka, kao i unapre\u0111enje Agende za \u017eene, mir i bezbednost.<\/span><\/p>\n<p>Predsednica Osmani je rekla da veoma ceni rastu\u0107e partnerstvo i saradnju sa Kanadom, isti\u010du\u0107i zajedni\u010dke demokratske vrednosti, kojima su obe zemlje posve\u0107ene i njihovom promovisanju \u0161irom sveta.<\/p>\n<p>Predsjednica Osmani i ambasador Bowman razgovarali su i o politi\u010dkim i bezbednosnim de\u0161avanjima u zemlji i regionu, pri \u010demu je predsednica Osmani istakla volju institucija da u koordinaciji sa saveznicima Republike prevazi\u0111u trenutnu situaciju.<\/p>\n","protected":false},"excerpt":{"rendered":"<p>Predsednica Republike Kosovo Vjosa Osmani do\u010dekala je danas na opro\u0161tajnom sastanku nerezidentnog ambasadora Kanade na Kosovu Alana Bowmana. Na sastanku, predsednica Osmani je zahvalila ambasadoru Bowmanu na njegovom anga\u017eovanju produbljivanju odli\u010dnih bilateralnih odnosa izme\u0111u Kosova i Kanade, kao i na kontinuiranoj podr\u0161ci kroz razli\u010dite projekte, posebno podr\u0161ku za osna\u017eivanje \u017eena i devojaka, kao i unapre\u0111enje Agende za \u017eene, mir i bezbednost. Predsednica Osmani je rekla da veoma ceni rastu\u0107e partnerstvo i saradnju sa Kanadom, isti\u010du\u0107i zajedni\u010dke demokratske vrednosti, kojima su obe zemlje posve\u0107ene i njihovom promovisanju \u0161irom sveta. Predsjednica Osmani i ambasador Bowman razgovarali su i o politi\u010dkim i bezbednosnim de\u0161avanjima u zemlji i regionu, pri \u010demu je predsednica Osmani istakla volju institucija da u koordinaciji sa saveznicima Republike prevazi\u0111u trenutnu situaciju.<\/p>\n","protected":false},"author":11,"featured_media":93588,"comment_status":"open","ping_status":"closed","sticky":false,"template":"","format":"standard","meta":{"_eb_attr":"","footnotes":""},"categories":[101],"tags":[],"class_list":["post-93610","post","type-post","status-publish","format-standard","has-post-thumbnail","hentry","category-vesti"],"yoast_head":"<!-- This site is optimized with the Yoast SEO plugin v23.5 - https:\/\/yoast.com\/wordpress\/plugins\/seo\/ -->\n<title>Predsednica Osmani do\u010dekala ambasadora Kanade Alana Bowmana na opro\u0161tajnom sastanku - Predsednik Republike Kosovo - DR. VJOSA OSMANI - SADRIU<\/title>\n<meta name=\"description\" content=\"Predsednica Osmani do\u010dekala ambasadora Kanade Alana Bowmana na opro\u0161tajnom sastanku - Predsednik Republike Kosovo - DR. VJOSA OSMANI - SADRIU -\" \/>\n<meta name=\"robots\" content=\"index, follow, max-snippet:-1, max-image-preview:large, max-video-preview:-1\" \/>\n<link rel=\"canonical\" href=\"https:\/\/president-ksgov.net\/sr\/predsednica-osmani-docekala-ambasadora-kanade-alana-bowmana-na-oprostajnom-sastanku\/\" \/>\n<meta property=\"og:locale\" content=\"sr_RS\" \/>\n<meta property=\"og:type\" content=\"article\" \/>\n<meta property=\"og:title\" content=\"Predsednica Osmani do\u010dekala ambasadora Kanade Alana Bowmana na opro\u0161tajnom sastanku - Predsednik Republike Kosovo - DR. VJOSA OSMANI - SADRIU\" \/>\n<meta property=\"og:description\" content=\"Predsednica Osmani do\u010dekala ambasadora Kanade Alana Bowmana na opro\u0161tajnom sastanku - Predsednik Republike Kosovo - DR. VJOSA OSMANI - SADRIU -\" \/>\n<meta property=\"og:url\" content=\"https:\/\/president-ksgov.net\/sr\/predsednica-osmani-docekala-ambasadora-kanade-alana-bowmana-na-oprostajnom-sastanku\/\" \/>\n<meta property=\"og:site_name\" content=\"Predsednik Republike Kosovo - DR. VJOSA OSMANI - SADRIU\" \/>\n<meta property=\"article:published_time\" content=\"2023-07-18T15:25:38+00:00\" \/>\n<meta property=\"article:modified_time\" content=\"2023-07-19T09:14:37+00:00\" \/>\n<meta property=\"og:image\" content=\"https:\/\/president-ksgov.net\/wp-content\/uploads\/1-33-scaled.jpg\" \/>\n\t<meta property=\"og:image:width\" content=\"2560\" \/>\n\t<meta property=\"og:image:height\" content=\"1703\" \/>\n\t<meta property=\"og:image:type\" content=\"image\/jpeg\" \/>\n<meta name=\"author\" content=\"presidentlogin\" \/>\n<meta name=\"twitter:card\" content=\"summary_large_image\" \/>\n<meta name=\"twitter:label1\" content=\"\u041d\u0430\u043f\u0438\u0441\u0430\u043d\u043e \u043e\u0434\" \/>\n\t<meta name=\"twitter:data1\" content=\"presidentlogin\" \/>\n\t<meta name=\"twitter:label2\" content=\"\u041f\u0440\u043e\u0446\u0435\u045a\u0435\u043d\u043e \u0432\u0440\u0435\u043c\u0435 \u0447\u0438\u0442\u0430\u045a\u0430\" \/>\n\t<meta name=\"twitter:data2\" content=\"1 \u043c\u0438\u043d\u0443\u0442\" \/>\n<script type=\"application\/ld+json\" class=\"yoast-schema-graph\">{\"@context\":\"https:\/\/schema.org\",\"@graph\":[{\"@type\":\"WebPage\",\"@id\":\"https:\/\/president-ksgov.net\/sr\/predsednica-osmani-docekala-ambasadora-kanade-alana-bowmana-na-oprostajnom-sastanku\/\",\"url\":\"https:\/\/president-ksgov.net\/sr\/predsednica-osmani-docekala-ambasadora-kanade-alana-bowmana-na-oprostajnom-sastanku\/\",\"name\":\"Predsednica Osmani do\u010dekala ambasadora Kanade Alana Bowmana na opro\u0161tajnom sastanku - Predsednik Republike Kosovo - DR. VJOSA OSMANI - SADRIU\",\"isPartOf\":{\"@id\":\"https:\/\/president-ksgov.net\/#website\"},\"primaryImageOfPage\":{\"@id\":\"https:\/\/president-ksgov.net\/sr\/predsednica-osmani-docekala-ambasadora-kanade-alana-bowmana-na-oprostajnom-sastanku\/#primaryimage\"},\"image\":{\"@id\":\"https:\/\/president-ksgov.net\/sr\/predsednica-osmani-docekala-ambasadora-kanade-alana-bowmana-na-oprostajnom-sastanku\/#primaryimage\"},\"thumbnailUrl\":\"https:\/\/president-ksgov.net\/wp-content\/uploads\/1-33-scaled.jpg\",\"datePublished\":\"2023-07-18T15:25:38+00:00\",\"dateModified\":\"2023-07-19T09:14:37+00:00\",\"author\":{\"@id\":\"https:\/\/president-ksgov.net\/#\/schema\/person\/1a2c014cffc81ec60d5a452a36d08d92\"},\"description\":\"Predsednica Osmani do\u010dekala ambasadora Kanade Alana Bowmana na opro\u0161tajnom sastanku - Predsednik Republike Kosovo - DR. VJOSA OSMANI - SADRIU -\",\"breadcrumb\":{\"@id\":\"https:\/\/president-ksgov.net\/sr\/predsednica-osmani-docekala-ambasadora-kanade-alana-bowmana-na-oprostajnom-sastanku\/#breadcrumb\"},\"inLanguage\":\"sr-RS\",\"potentialAction\":[{\"@type\":\"ReadAction\",\"target\":[\"https:\/\/president-ksgov.net\/sr\/predsednica-osmani-docekala-ambasadora-kanade-alana-bowmana-na-oprostajnom-sastanku\/\"]}]},{\"@type\":\"ImageObject\",\"inLanguage\":\"sr-RS\",\"@id\":\"https:\/\/president-ksgov.net\/sr\/predsednica-osmani-docekala-ambasadora-kanade-alana-bowmana-na-oprostajnom-sastanku\/#primaryimage\",\"url\":\"https:\/\/president-ksgov.net\/wp-content\/uploads\/1-33-scaled.jpg\",\"contentUrl\":\"https:\/\/president-ksgov.net\/wp-content\/uploads\/1-33-scaled.jpg\",\"width\":2560,\"height\":1703},{\"@type\":\"BreadcrumbList\",\"@id\":\"https:\/\/president-ksgov.net\/sr\/predsednica-osmani-docekala-ambasadora-kanade-alana-bowmana-na-oprostajnom-sastanku\/#breadcrumb\",\"itemListElement\":[{\"@type\":\"ListItem\",\"position\":1,\"name\":\"Home\",\"item\":\"https:\/\/president-ksgov.net\/sr\/\"},{\"@type\":\"ListItem\",\"position\":2,\"name\":\"Predsednica Osmani do\u010dekala ambasadora Kanade Alana Bowmana na opro\u0161tajnom sastanku\"}]},{\"@type\":\"WebSite\",\"@id\":\"https:\/\/president-ksgov.net\/#website\",\"url\":\"https:\/\/president-ksgov.net\/\",\"name\":\"Presidente e Republik\u00ebs s\u00eb Kosov\u00ebs\",\"description\":\"Presidente e Republik\u00ebs s\u00eb Kosov\u00ebs\",\"alternateName\":\"DR. VJOSA OSMANI - SADRIU\",\"potentialAction\":[{\"@type\":\"SearchAction\",\"target\":{\"@type\":\"EntryPoint\",\"urlTemplate\":\"https:\/\/president-ksgov.net\/?s={search_term_string}\"},\"query-input\":{\"@type\":\"PropertyValueSpecification\",\"valueRequired\":true,\"valueName\":\"search_term_string\"}}],\"inLanguage\":\"sr-RS\"},{\"@type\":\"Person\",\"@id\":\"https:\/\/president-ksgov.net\/#\/schema\/person\/1a2c014cffc81ec60d5a452a36d08d92\",\"name\":\"presidentlogin\",\"image\":{\"@type\":\"ImageObject\",\"inLanguage\":\"sr-RS\",\"@id\":\"https:\/\/president-ksgov.net\/#\/schema\/person\/image\/\",\"url\":\"https:\/\/secure.gravatar.com\/avatar\/339f00ab0a8a0d5ce1ecff10aa2b4a1f51f58bbd5a57793f8cd6ad624080d807?s=96&d=mm&r=g\",\"contentUrl\":\"https:\/\/secure.gravatar.com\/avatar\/339f00ab0a8a0d5ce1ecff10aa2b4a1f51f58bbd5a57793f8cd6ad624080d807?s=96&d=mm&r=g\",\"caption\":\"presidentlogin\"}}]}<\/script>\n<!-- \/ Yoast SEO plugin. -->","yoast_head_json":{"title":"Predsednica Osmani do\u010dekala ambasadora Kanade Alana Bowmana na opro\u0161tajnom sastanku - Predsednik Republike Kosovo - DR. VJOSA OSMANI - SADRIU","description":"Predsednica Osmani do\u010dekala ambasadora Kanade Alana Bowmana na opro\u0161tajnom sastanku - Predsednik Republike Kosovo - DR. VJOSA OSMANI - SADRIU -","robots":{"index":"index","follow":"follow","max-snippet":"max-snippet:-1","max-image-preview":"max-image-preview:large","max-video-preview":"max-video-preview:-1"},"canonical":"https:\/\/president-ksgov.net\/sr\/predsednica-osmani-docekala-ambasadora-kanade-alana-bowmana-na-oprostajnom-sastanku\/","og_locale":"sr_RS","og_type":"article","og_title":"Predsednica Osmani do\u010dekala ambasadora Kanade Alana Bowmana na opro\u0161tajnom sastanku - Predsednik Republike Kosovo - DR. VJOSA OSMANI - SADRIU","og_description":"Predsednica Osmani do\u010dekala ambasadora Kanade Alana Bowmana na opro\u0161tajnom sastanku - Predsednik Republike Kosovo - DR. VJOSA OSMANI - SADRIU -","og_url":"https:\/\/president-ksgov.net\/sr\/predsednica-osmani-docekala-ambasadora-kanade-alana-bowmana-na-oprostajnom-sastanku\/","og_site_name":"Predsednik Republike Kosovo - DR. VJOSA OSMANI - SADRIU","article_published_time":"2023-07-18T15:25:38+00:00","article_modified_time":"2023-07-19T09:14:37+00:00","og_image":[{"width":2560,"height":1703,"url":"https:\/\/president-ksgov.net\/wp-content\/uploads\/1-33-scaled.jpg","type":"image\/jpeg"}],"author":"presidentlogin","twitter_card":"summary_large_image","twitter_misc":{"\u041d\u0430\u043f\u0438\u0441\u0430\u043d\u043e \u043e\u0434":"presidentlogin","\u041f\u0440\u043e\u0446\u0435\u045a\u0435\u043d\u043e \u0432\u0440\u0435\u043c\u0435 \u0447\u0438\u0442\u0430\u045a\u0430":"1 \u043c\u0438\u043d\u0443\u0442"},"schema":{"@context":"https:\/\/schema.org","@graph":[{"@type":"WebPage","@id":"https:\/\/president-ksgov.net\/sr\/predsednica-osmani-docekala-ambasadora-kanade-alana-bowmana-na-oprostajnom-sastanku\/","url":"https:\/\/president-ksgov.net\/sr\/predsednica-osmani-docekala-ambasadora-kanade-alana-bowmana-na-oprostajnom-sastanku\/","name":"Predsednica Osmani do\u010dekala ambasadora Kanade Alana Bowmana na opro\u0161tajnom sastanku - Predsednik Republike Kosovo - DR. VJOSA OSMANI - SADRIU","isPartOf":{"@id":"https:\/\/president-ksgov.net\/#website"},"primaryImageOfPage":{"@id":"https:\/\/president-ksgov.net\/sr\/predsednica-osmani-docekala-ambasadora-kanade-alana-bowmana-na-oprostajnom-sastanku\/#primaryimage"},"image":{"@id":"https:\/\/president-ksgov.net\/sr\/predsednica-osmani-docekala-ambasadora-kanade-alana-bowmana-na-oprostajnom-sastanku\/#primaryimage"},"thumbnailUrl":"https:\/\/president-ksgov.net\/wp-content\/uploads\/1-33-scaled.jpg","datePublished":"2023-07-18T15:25:38+00:00","dateModified":"2023-07-19T09:14:37+00:00","author":{"@id":"https:\/\/president-ksgov.net\/#\/schema\/person\/1a2c014cffc81ec60d5a452a36d08d92"},"description":"Predsednica Osmani do\u010dekala ambasadora Kanade Alana Bowmana na opro\u0161tajnom sastanku - Predsednik Republike Kosovo - DR. VJOSA OSMANI - SADRIU -","breadcrumb":{"@id":"https:\/\/president-ksgov.net\/sr\/predsednica-osmani-docekala-ambasadora-kanade-alana-bowmana-na-oprostajnom-sastanku\/#breadcrumb"},"inLanguage":"sr-RS","potentialAction":[{"@type":"ReadAction","target":["https:\/\/president-ksgov.net\/sr\/predsednica-osmani-docekala-ambasadora-kanade-alana-bowmana-na-oprostajnom-sastanku\/"]}]},{"@type":"ImageObject","inLanguage":"sr-RS","@id":"https:\/\/president-ksgov.net\/sr\/predsednica-osmani-docekala-ambasadora-kanade-alana-bowmana-na-oprostajnom-sastanku\/#primaryimage","url":"https:\/\/president-ksgov.net\/wp-content\/uploads\/1-33-scaled.jpg","contentUrl":"https:\/\/president-ksgov.net\/wp-content\/uploads\/1-33-scaled.jpg","width":2560,"height":1703},{"@type":"BreadcrumbList","@id":"https:\/\/president-ksgov.net\/sr\/predsednica-osmani-docekala-ambasadora-kanade-alana-bowmana-na-oprostajnom-sastanku\/#breadcrumb","itemListElement":[{"@type":"ListItem","position":1,"name":"Home","item":"https:\/\/president-ksgov.net\/sr\/"},{"@type":"ListItem","position":2,"name":"Predsednica Osmani do\u010dekala ambasadora Kanade Alana Bowmana na opro\u0161tajnom sastanku"}]},{"@type":"WebSite","@id":"https:\/\/president-ksgov.net\/#website","url":"https:\/\/president-ksgov.net\/","name":"Presidente e Republik\u00ebs s\u00eb Kosov\u00ebs","description":"Presidente e Republik\u00ebs s\u00eb Kosov\u00ebs","alternateName":"DR. VJOSA OSMANI - SADRIU","potentialAction":[{"@type":"SearchAction","target":{"@type":"EntryPoint","urlTemplate":"https:\/\/president-ksgov.net\/?s={search_term_string}"},"query-input":{"@type":"PropertyValueSpecification","valueRequired":true,"valueName":"search_term_string"}}],"inLanguage":"sr-RS"},{"@type":"Person","@id":"https:\/\/president-ksgov.net\/#\/schema\/person\/1a2c014cffc81ec60d5a452a36d08d92","name":"presidentlogin","image":{"@type":"ImageObject","inLanguage":"sr-RS","@id":"https:\/\/president-ksgov.net\/#\/schema\/person\/image\/","url":"https:\/\/secure.gravatar.com\/avatar\/339f00ab0a8a0d5ce1ecff10aa2b4a1f51f58bbd5a57793f8cd6ad624080d807?s=96&d=mm&r=g","contentUrl":"https:\/\/secure.gravatar.com\/avatar\/339f00ab0a8a0d5ce1ecff10aa2b4a1f51f58bbd5a57793f8cd6ad624080d807?s=96&d=mm&r=g","caption":"presidentlogin"}}]}},"_links":{"self":[{"href":"https:\/\/president-ksgov.net\/sr\/wp-json\/wp\/v2\/posts\/93610","targetHints":{"allow":["GET"]}}],"collection":[{"href":"https:\/\/president-ksgov.net\/sr\/wp-json\/wp\/v2\/posts"}],"about":[{"href":"https:\/\/president-ksgov.net\/sr\/wp-json\/wp\/v2\/types\/post"}],"author":[{"embeddable":true,"href":"https:\/\/president-ksgov.net\/sr\/wp-json\/wp\/v2\/users\/11"}],"replies":[{"embeddable":true,"href":"https:\/\/president-ksgov.net\/sr\/wp-json\/wp\/v2\/comments?post=93610"}],"version-history":[{"count":1,"href":"https:\/\/president-ksgov.net\/sr\/wp-json\/wp\/v2\/posts\/93610\/revisions"}],"predecessor-version":[{"id":93611,"href":"https:\/\/president-ksgov.net\/sr\/wp-json\/wp\/v2\/posts\/93610\/revisions\/93611"}],"wp:featuredmedia":[{"embeddable":true,"href":"https:\/\/president-ksgov.net\/sr\/wp-json\/wp\/v2\/media\/93588"}],"wp:attachment":[{"href":"https:\/\/president-ksgov.net\/sr\/wp-json\/wp\/v2\/media?parent=93610"}],"wp:term":[{"taxonomy":"category","embeddable":true,"href":"https:\/\/president-ksgov.net\/sr\/wp-json\/wp\/v2\/categories?post=93610"},{"taxonomy":"post_tag","embeddable":true,"href":"https:\/\/president-ksgov.net\/sr\/wp-json\/wp\/v2\/tags?post=93610"}],"curies":[{"name":"wp","href":"https:\/\/api.w.org\/{rel}","templated":true}]}}