{"id":93095,"date":"2023-02-20T09:19:29","date_gmt":"2023-02-20T08:19:29","guid":{"rendered":"https:\/\/president-ksgov.net\/?p=93095"},"modified":"2023-06-26T14:29:23","modified_gmt":"2023-06-26T12:29:23","slug":"predsednica-osmani-dodelila-predsednicke-medalje-povodom-15-godisnjice-nezavisnosti-2","status":"publish","type":"post","link":"https:\/\/president-ksgov.net\/sr\/predsednica-osmani-dodelila-predsednicke-medalje-povodom-15-godisnjice-nezavisnosti-2\/","title":{"rendered":"Predsednica Osmani dodelila Predsedni\u010dke medalje povodom 15. godi\u0161njice nezavisnosti"},"content":{"rendered":"<p>U \u010dast 15. godi\u0161njice nezavisnosti Kosova, predsednica Republike Kosovo Vjosa Osmani Sadriu dodelila je Predsedni\u010dke medalje li\u010dnostima iz sfere kulture, sporta, bezbednosti i li\u010dnostima koje su se \u017ertvovale za slobodu Kosova.<\/p>\n<p>U nastavku je prvi spisak odlikovanih:<\/p>\n<p>&#8211; Besarta Jashari, pre\u017eivela masakra nad porodicom Jashari, odlikovana je Predsedni\u010dkom medaljom za zasluge, uz motivaciju za izuzetnu \u017ertvu, bitku za pravdu i poseban doprinos odbrani istine i otkrivanju po\u010dinjenih zlo\u010dina tokom rata na Kosovu.<\/p>\n<p>&#8211; Ferdonije Qerkezi je odlikovana Predsedni\u010dkom medaljom za zasluge, sa motivacijom za izuzetnu \u017ertvu, borbu za pravdu i poseban doprinos odbrani istine i otkrivanju zlo\u010dina po\u010dinjenih tokom rata na Kosovu.<\/p>\n<p>&#8211; Fadil Muqoli, masakr u Pokleku, odlikovan je Predsedni\u010dkom medaljom za zasluge, sa motivacijom za izuzetnu \u017ertvu, bitku za pravdu i poseban doprinos odbrani istine i otkrivanju zlo\u010dina po\u010dinjenih tokom rata na Kosovu.<\/p>\n<p>&#8211; Leutrim Caraku, masakr u Pokleku, odlikovan je Predsedni\u010dkom medaljom za zasluge, uz motivaciju za izuzetnu \u017ertvu, bitku za pravdu i poseban doprinos odbrani istine i otkrivanju zlo\u010dina po\u010dinjenih tokom rata na Kosovu.<\/p>\n<p>&#8211; Rame Nesret Shabani, masakr u Re\u010dku, odlikovan je Predsedni\u010dkom medaljom za zasluge, uz motivaciju za izuzetnu \u017ertvu, borbu za pravdu i poseban doprinos odbrani istine i otkrivanju zlo\u010dina po\u010dinjenih tokom rata na Kosovu.<\/p>\n<p>&#8211; Skender Osmani, masakr u Izbici, odlikovan je Predsedni\u010dkom medaljom za zasluge, uz motivaciju za izuzetnu \u017ertvu, bitku za pravdu i poseban doprinos odbrani istine i otkrivanju zlo\u010dina po\u010dinjenih tokom rata na Kosovu.<\/p>\n<p>&#8211; Saranda Bogujevci, masakr u Podujevu, odlikovana je Predsedni\u010dkom medaljom za zasluge, sa motivacijom za izuzetnu \u017ertvu, bitku za pravdu i poseban doprinos odbrani istine i otkrivanju zlo\u010dina po\u010dinjenih tokom rata na Kosovu.<\/p>\n<p>&#8211; Fatime Konjuhi, masakr u Izbici, odlikovana je Predsedni\u010dkom medaljom za zasluge, uz motivaciju za izuzetnu \u017ertvu, bitku za pravdu i poseban doprinos odbrani istine i otkrivanju zlo\u010dina po\u010dinjenih tokom rata na Kosovu.<\/p>\n<p>&#8211; Ismet Rukolli, masakr u Rezali, odlikovan je Predsedni\u010dkom medaljom za zasluge, uz motivaciju za izuzetnu \u017ertvu, bitku za pravdu i poseban doprinos odbrani istine i otkrivanju zlo\u010dina po\u010dinjenih tokom rata na Kosovu.<\/p>\n<p>&#8211; Misin Deliu, masakr u Rezali, odlikovan je Predsedni\u010dkom medaljom za zasluge &#8211; Post mortem, uz motivaciju za izuzetnu \u017ertvu, bitku za pravdu i poseban doprinos odbrani istine i otkrivanju po\u010dinjenih zlo\u010dina tokom rata na Kosovu.<\/p>\n<p>&#8211; Zarife Morina, masakr u Rugovi kod Hasa, odlikovana je Predsedni\u010dkom medaljom za zasluge, uz motivaciju za izuzetnu \u017ertvu, bitku za pravdu i poseban doprinos odbrani istine i otkrivanju zlo\u010dina po\u010dinjenih tokom rata na Kosovu.<\/p>\n<p>&#8211; Fatmire Berisha, masakr u Rugovi kod Hasa, odlikovana je Predsedni\u010dkom medaljom za zasluge, sa motivacijom za izuzetnu \u017ertvu, bitku za pravdu i poseban doprinos odbrani istine i otkrivanju zlo\u010dina po\u010dinjenih tokom rata na Kosovu.<\/p>\n<p>&#8211; Shukri G\u00ebrxhaliu, masakr u Studimlju, odlikovan je Predsedni\u010dkom medaljom za zasluge, sa motivacijom za izuzetnu \u017ertvu, bitku za pravdu i poseban doprinos odbrani istine i otkrivanju zlo\u010dina po\u010dinjenih tokom rata na Kosovu.<\/p>\n<p>&#8211; -Musa G\u00ebrguri, masakr u Studimlju, odlikovan je Predsedni\u010dkom medaljom za zasluge, sa motivacijom za izuzetnu \u017ertvu, bitku za pravdu i poseban doprinos za\u0161titi istine i otkrivanju zlo\u010dina po\u010dinjenih tokom rata na Kosovu.<\/p>\n<p>&#8211; Rexh\u00eb Kelmendi, masakr u \u0106u\u0161ku, odlikovan je Predsedni\u010dkom medaljom za zasluge, uz motivaciju za izuzetnu \u017ertvu, bitku za pravdu i poseban doprinos odbrani istine i otkrivanju zlo\u010dina po\u010dinjenih tokom rata na Kosovu.<\/p>\n<p>&#8211; Isa Gashi, masakr u \u0106u\u0161ku, odlikovan je Predsedni\u010dkom medaljom za zasluge, uz motivaciju za izuzetnu \u017ertvu, bitku za pravdu i poseban doprinos odbrani istine i otkrivanju zlo\u010dina po\u010dinjenih tokom rata na Kosovu.<\/p>\n<p>&#8211; Zoj\u00eb Prendi, masakr u Meji, odlikovana je Predsedni\u010dkom medaljom za zasluge &#8211; post mortem, sa motivacijom za izuzetnu \u017ertvu za slobodu Kosova.<\/p>\n<p>&#8211; Pashk\u00eb Markaj, masakr u Meji (Korenica), odlikovan je Predsedni\u010dkom medaljom za zasluge &#8211; post mortem, sa motivacijom za izuzetnu \u017ertvu za slobodu Kosova.<\/p>\n<p>&#8211; Bekim Gashi, masakr u Trnju, odlikovan je Predsedni\u010dkom medaljom za zasluge, uz motivaciju za izuzetnu \u017ertvu, bitku za pravdu i poseban doprinos odbrani istine i otkrivanju zlo\u010dina po\u010dinjenih tokom rata na Kosovu.<\/p>\n<p>&#8211; Gramoz Berisha, masakr u Suvoj Reci odlikovan je Predsedni\u010dkom medaljom za zasluge, sa motivacijom za izuzetnu \u017ertvu, bitku za pravdu i poseban doprinos odbrani istine i otkrivanju zlo\u010dina po\u010dinjenih tokom rata na Kosovu.<\/p>\n<p>&#8211; Milaim \u00c7ekaj, masakr u Dubravi, odlikovan je Predsedni\u010dkom medaljom za zasluge, uz motivaciju za izuzetnu \u017ertvu, bitku za pravdu i poseban doprinos odbrani istine i otkrivanju zlo\u010dina po\u010dinjenih tokom rata na Kosovu.<\/p>\n<p>&nbsp;<\/p>\n","protected":false},"excerpt":{"rendered":"<p>U \u010dast 15. godi\u0161njice nezavisnosti Kosova, predsednica Republike Kosovo Vjosa Osmani Sadriu dodelila je Predsedni\u010dke medalje li\u010dnostima iz sfere kulture, sporta, bezbednosti i li\u010dnostima koje su se \u017ertvovale za slobodu Kosova. U nastavku je prvi spisak odlikovanih: &#8211; Besarta Jashari, pre\u017eivela masakra nad porodicom Jashari, odlikovana je Predsedni\u010dkom medaljom za zasluge, uz motivaciju za izuzetnu \u017ertvu, bitku za pravdu i poseban doprinos odbrani istine i otkrivanju po\u010dinjenih zlo\u010dina tokom rata na Kosovu. &#8211; Ferdonije Qerkezi je odlikovana Predsedni\u010dkom medaljom za zasluge, sa motivacijom za izuzetnu \u017ertvu, borbu za pravdu i poseban doprinos odbrani istine i otkrivanju zlo\u010dina po\u010dinjenih tokom rata na Kosovu. &#8211; Fadil Muqoli, masakr u Pokleku, odlikovan je Predsedni\u010dkom medaljom za zasluge, sa motivacijom za izuzetnu \u017ertvu, bitku za pravdu i poseban doprinos odbrani istine i otkrivanju zlo\u010dina po\u010dinjenih tokom rata na Kosovu. &#8211; Leutrim Caraku, masakr u Pokleku, odlikovan je Predsedni\u010dkom medaljom za zasluge, uz motivaciju za izuzetnu \u017ertvu, bitku za pravdu i poseban doprinos odbrani istine i otkrivanju zlo\u010dina po\u010dinjenih tokom rata na Kosovu. &#8211; Rame Nesret Shabani, masakr u Re\u010dku, odlikovan je Predsedni\u010dkom medaljom za zasluge, uz motivaciju za izuzetnu \u017ertvu, borbu za pravdu i poseban doprinos odbrani istine i otkrivanju zlo\u010dina po\u010dinjenih tokom rata na Kosovu. &#8211; Skender Osmani, masakr u Izbici, odlikovan je Predsedni\u010dkom medaljom za zasluge, uz motivaciju za izuzetnu \u017ertvu, bitku za pravdu i poseban doprinos odbrani istine i otkrivanju zlo\u010dina po\u010dinjenih tokom rata na Kosovu. &#8211; Saranda Bogujevci, masakr u Podujevu, odlikovana je Predsedni\u010dkom medaljom za zasluge, sa motivacijom za izuzetnu \u017ertvu, bitku za pravdu i poseban doprinos odbrani istine i otkrivanju zlo\u010dina po\u010dinjenih tokom rata na Kosovu. &#8211; Fatime Konjuhi, masakr u Izbici, odlikovana je Predsedni\u010dkom medaljom za zasluge, uz motivaciju za izuzetnu \u017ertvu, bitku za pravdu i poseban doprinos odbrani istine i otkrivanju zlo\u010dina po\u010dinjenih tokom rata na Kosovu. &#8211; Ismet Rukolli, masakr u Rezali, odlikovan je Predsedni\u010dkom medaljom za zasluge, uz motivaciju za izuzetnu \u017ertvu, bitku za pravdu i poseban doprinos odbrani istine i otkrivanju zlo\u010dina po\u010dinjenih tokom rata na Kosovu. &#8211; Misin Deliu, masakr u Rezali, odlikovan je Predsedni\u010dkom medaljom za zasluge &#8211; Post mortem, uz motivaciju za izuzetnu \u017ertvu, bitku za pravdu i poseban doprinos odbrani istine i otkrivanju po\u010dinjenih zlo\u010dina tokom rata na Kosovu. &#8211; Zarife Morina, masakr u Rugovi kod Hasa, odlikovana je Predsedni\u010dkom medaljom za zasluge, uz motivaciju za izuzetnu \u017ertvu, bitku za pravdu i poseban doprinos odbrani istine i otkrivanju zlo\u010dina po\u010dinjenih tokom rata na Kosovu. &#8211; Fatmire Berisha, masakr u Rugovi kod Hasa, odlikovana je Predsedni\u010dkom medaljom za zasluge, sa motivacijom za izuzetnu \u017ertvu, bitku za pravdu i poseban doprinos odbrani istine i otkrivanju zlo\u010dina po\u010dinjenih tokom rata na Kosovu. &#8211; Shukri G\u00ebrxhaliu, masakr u Studimlju, odlikovan je Predsedni\u010dkom medaljom za zasluge, sa motivacijom za izuzetnu \u017ertvu, bitku za pravdu i poseban doprinos odbrani istine i otkrivanju zlo\u010dina po\u010dinjenih tokom rata na Kosovu. &#8211; -Musa G\u00ebrguri, masakr u Studimlju, odlikovan je Predsedni\u010dkom medaljom za zasluge, sa motivacijom za izuzetnu \u017ertvu, bitku za pravdu i poseban doprinos za\u0161titi istine i otkrivanju zlo\u010dina po\u010dinjenih tokom rata na Kosovu. &#8211; Rexh\u00eb Kelmendi, masakr u \u0106u\u0161ku, odlikovan je Predsedni\u010dkom medaljom za zasluge, uz motivaciju za izuzetnu \u017ertvu, bitku za pravdu i poseban doprinos odbrani istine i otkrivanju zlo\u010dina po\u010dinjenih tokom rata na Kosovu. &#8211; Isa Gashi, masakr u \u0106u\u0161ku, odlikovan je Predsedni\u010dkom medaljom za zasluge, uz motivaciju za izuzetnu \u017ertvu, bitku za pravdu i poseban doprinos odbrani istine i otkrivanju zlo\u010dina po\u010dinjenih tokom rata na Kosovu. &#8211; Zoj\u00eb Prendi, masakr u Meji, odlikovana je Predsedni\u010dkom medaljom za zasluge &#8211; post mortem, sa motivacijom za izuzetnu \u017ertvu za slobodu Kosova. &#8211; Pashk\u00eb Markaj, masakr u Meji (Korenica), odlikovan je Predsedni\u010dkom medaljom za zasluge &#8211; post mortem, sa motivacijom za izuzetnu \u017ertvu za slobodu Kosova. &#8211; Bekim Gashi, masakr u Trnju, odlikovan je Predsedni\u010dkom medaljom za zasluge, uz motivaciju za izuzetnu \u017ertvu, bitku za pravdu i poseban doprinos odbrani istine i otkrivanju zlo\u010dina po\u010dinjenih tokom rata na Kosovu. &#8211; Gramoz Berisha, masakr u Suvoj Reci odlikovan je Predsedni\u010dkom medaljom za zasluge, sa motivacijom za izuzetnu \u017ertvu, bitku za pravdu i poseban doprinos odbrani istine i otkrivanju zlo\u010dina po\u010dinjenih tokom rata na Kosovu. &#8211; Milaim \u00c7ekaj, masakr u Dubravi, odlikovan je Predsedni\u010dkom medaljom za zasluge, uz motivaciju za izuzetnu \u017ertvu, bitku za pravdu i poseban doprinos odbrani istine i otkrivanju zlo\u010dina po\u010dinjenih tokom rata na Kosovu. &nbsp;<\/p>\n","protected":false},"author":9,"featured_media":3870,"comment_status":"open","ping_status":"closed","sticky":false,"template":"","format":"standard","meta":{"_eb_attr":"","footnotes":""},"categories":[101],"tags":[],"class_list":["post-93095","post","type-post","status-publish","format-standard","has-post-thumbnail","hentry","category-vesti"],"yoast_head":"<!-- This site is optimized with the Yoast SEO plugin v23.5 - https:\/\/yoast.com\/wordpress\/plugins\/seo\/ -->\n<title>Predsednica Osmani dodelila Predsedni\u010dke medalje povodom 15. godi\u0161njice nezavisnosti - Predsednik Republike Kosovo - DR. VJOSA OSMANI - SADRIU<\/title>\n<meta name=\"description\" content=\"Predsednica Osmani dodelila Predsedni\u010dke medalje povodom 15. godi\u0161njice nezavisnosti - Predsednik Republike Kosovo - DR. VJOSA OSMANI - SADRIU -\" \/>\n<meta name=\"robots\" content=\"index, follow, max-snippet:-1, max-image-preview:large, max-video-preview:-1\" \/>\n<link rel=\"canonical\" href=\"https:\/\/president-ksgov.net\/sr\/predsednica-osmani-dodelila-predsednicke-medalje-povodom-15-godisnjice-nezavisnosti-2\/\" \/>\n<meta property=\"og:locale\" content=\"sr_RS\" \/>\n<meta property=\"og:type\" content=\"article\" \/>\n<meta property=\"og:title\" content=\"Predsednica Osmani dodelila Predsedni\u010dke medalje povodom 15. godi\u0161njice nezavisnosti - Predsednik Republike Kosovo - DR. VJOSA OSMANI - SADRIU\" \/>\n<meta property=\"og:description\" content=\"Predsednica Osmani dodelila Predsedni\u010dke medalje povodom 15. godi\u0161njice nezavisnosti - Predsednik Republike Kosovo - DR. VJOSA OSMANI - SADRIU -\" \/>\n<meta property=\"og:url\" content=\"https:\/\/president-ksgov.net\/sr\/predsednica-osmani-dodelila-predsednicke-medalje-povodom-15-godisnjice-nezavisnosti-2\/\" \/>\n<meta property=\"og:site_name\" content=\"Predsednik Republike Kosovo - DR. VJOSA OSMANI - SADRIU\" \/>\n<meta property=\"article:published_time\" content=\"2023-02-20T08:19:29+00:00\" \/>\n<meta property=\"article:modified_time\" content=\"2023-06-26T12:29:23+00:00\" \/>\n<meta property=\"og:image\" content=\"https:\/\/president-ksgov.net\/wp-content\/uploads\/2023\/02\/presidentja_osmani_ndau_medalje_presidenciale_23.jpg\" \/>\n\t<meta property=\"og:image:width\" content=\"2000\" \/>\n\t<meta property=\"og:image:height\" content=\"1333\" \/>\n\t<meta property=\"og:image:type\" content=\"image\/jpeg\" \/>\n<meta name=\"author\" content=\"Florent Rrahmani\" \/>\n<meta name=\"twitter:card\" content=\"summary_large_image\" \/>\n<meta name=\"twitter:label1\" content=\"\u041d\u0430\u043f\u0438\u0441\u0430\u043d\u043e \u043e\u0434\" \/>\n\t<meta name=\"twitter:data1\" content=\"Florent Rrahmani\" \/>\n\t<meta name=\"twitter:label2\" content=\"\u041f\u0440\u043e\u0446\u0435\u045a\u0435\u043d\u043e \u0432\u0440\u0435\u043c\u0435 \u0447\u0438\u0442\u0430\u045a\u0430\" \/>\n\t<meta name=\"twitter:data2\" content=\"4 \u043c\u0438\u043d\u0443\u0442\u0430\" \/>\n<script type=\"application\/ld+json\" class=\"yoast-schema-graph\">{\"@context\":\"https:\/\/schema.org\",\"@graph\":[{\"@type\":\"WebPage\",\"@id\":\"https:\/\/president-ksgov.net\/sr\/predsednica-osmani-dodelila-predsednicke-medalje-povodom-15-godisnjice-nezavisnosti-2\/\",\"url\":\"https:\/\/president-ksgov.net\/sr\/predsednica-osmani-dodelila-predsednicke-medalje-povodom-15-godisnjice-nezavisnosti-2\/\",\"name\":\"Predsednica Osmani dodelila Predsedni\u010dke medalje povodom 15. godi\u0161njice nezavisnosti - Predsednik Republike Kosovo - DR. VJOSA OSMANI - SADRIU\",\"isPartOf\":{\"@id\":\"https:\/\/president-ksgov.net\/#website\"},\"primaryImageOfPage\":{\"@id\":\"https:\/\/president-ksgov.net\/sr\/predsednica-osmani-dodelila-predsednicke-medalje-povodom-15-godisnjice-nezavisnosti-2\/#primaryimage\"},\"image\":{\"@id\":\"https:\/\/president-ksgov.net\/sr\/predsednica-osmani-dodelila-predsednicke-medalje-povodom-15-godisnjice-nezavisnosti-2\/#primaryimage\"},\"thumbnailUrl\":\"https:\/\/president-ksgov.net\/wp-content\/uploads\/2023\/02\/presidentja_osmani_ndau_medalje_presidenciale_23.jpg\",\"datePublished\":\"2023-02-20T08:19:29+00:00\",\"dateModified\":\"2023-06-26T12:29:23+00:00\",\"author\":{\"@id\":\"https:\/\/president-ksgov.net\/#\/schema\/person\/7c46f744a99d3f1616b92658282aa934\"},\"description\":\"Predsednica Osmani dodelila Predsedni\u010dke medalje povodom 15. godi\u0161njice nezavisnosti - Predsednik Republike Kosovo - DR. VJOSA OSMANI - SADRIU -\",\"breadcrumb\":{\"@id\":\"https:\/\/president-ksgov.net\/sr\/predsednica-osmani-dodelila-predsednicke-medalje-povodom-15-godisnjice-nezavisnosti-2\/#breadcrumb\"},\"inLanguage\":\"sr-RS\",\"potentialAction\":[{\"@type\":\"ReadAction\",\"target\":[\"https:\/\/president-ksgov.net\/sr\/predsednica-osmani-dodelila-predsednicke-medalje-povodom-15-godisnjice-nezavisnosti-2\/\"]}]},{\"@type\":\"ImageObject\",\"inLanguage\":\"sr-RS\",\"@id\":\"https:\/\/president-ksgov.net\/sr\/predsednica-osmani-dodelila-predsednicke-medalje-povodom-15-godisnjice-nezavisnosti-2\/#primaryimage\",\"url\":\"https:\/\/president-ksgov.net\/wp-content\/uploads\/2023\/02\/presidentja_osmani_ndau_medalje_presidenciale_23.jpg\",\"contentUrl\":\"https:\/\/president-ksgov.net\/wp-content\/uploads\/2023\/02\/presidentja_osmani_ndau_medalje_presidenciale_23.jpg\",\"width\":2000,\"height\":1333},{\"@type\":\"BreadcrumbList\",\"@id\":\"https:\/\/president-ksgov.net\/sr\/predsednica-osmani-dodelila-predsednicke-medalje-povodom-15-godisnjice-nezavisnosti-2\/#breadcrumb\",\"itemListElement\":[{\"@type\":\"ListItem\",\"position\":1,\"name\":\"Home\",\"item\":\"https:\/\/president-ksgov.net\/sr\/\"},{\"@type\":\"ListItem\",\"position\":2,\"name\":\"Predsednica Osmani dodelila Predsedni\u010dke medalje povodom 15. godi\u0161njice nezavisnosti\"}]},{\"@type\":\"WebSite\",\"@id\":\"https:\/\/president-ksgov.net\/#website\",\"url\":\"https:\/\/president-ksgov.net\/\",\"name\":\"Presidente e Republik\u00ebs s\u00eb Kosov\u00ebs\",\"description\":\"Presidente e Republik\u00ebs s\u00eb Kosov\u00ebs\",\"alternateName\":\"DR. VJOSA OSMANI - SADRIU\",\"potentialAction\":[{\"@type\":\"SearchAction\",\"target\":{\"@type\":\"EntryPoint\",\"urlTemplate\":\"https:\/\/president-ksgov.net\/?s={search_term_string}\"},\"query-input\":{\"@type\":\"PropertyValueSpecification\",\"valueRequired\":true,\"valueName\":\"search_term_string\"}}],\"inLanguage\":\"sr-RS\"},{\"@type\":\"Person\",\"@id\":\"https:\/\/president-ksgov.net\/#\/schema\/person\/7c46f744a99d3f1616b92658282aa934\",\"name\":\"Florent Rrahmani\",\"image\":{\"@type\":\"ImageObject\",\"inLanguage\":\"sr-RS\",\"@id\":\"https:\/\/president-ksgov.net\/#\/schema\/person\/image\/\",\"url\":\"https:\/\/secure.gravatar.com\/avatar\/2545924aa250de68ac8368367a79b663e59571cd131611f54c89b0613a94e230?s=96&d=mm&r=g\",\"contentUrl\":\"https:\/\/secure.gravatar.com\/avatar\/2545924aa250de68ac8368367a79b663e59571cd131611f54c89b0613a94e230?s=96&d=mm&r=g\",\"caption\":\"Florent Rrahmani\"}}]}<\/script>\n<!-- \/ Yoast SEO plugin. -->","yoast_head_json":{"title":"Predsednica Osmani dodelila Predsedni\u010dke medalje povodom 15. godi\u0161njice nezavisnosti - Predsednik Republike Kosovo - DR. VJOSA OSMANI - SADRIU","description":"Predsednica Osmani dodelila Predsedni\u010dke medalje povodom 15. godi\u0161njice nezavisnosti - Predsednik Republike Kosovo - DR. VJOSA OSMANI - SADRIU -","robots":{"index":"index","follow":"follow","max-snippet":"max-snippet:-1","max-image-preview":"max-image-preview:large","max-video-preview":"max-video-preview:-1"},"canonical":"https:\/\/president-ksgov.net\/sr\/predsednica-osmani-dodelila-predsednicke-medalje-povodom-15-godisnjice-nezavisnosti-2\/","og_locale":"sr_RS","og_type":"article","og_title":"Predsednica Osmani dodelila Predsedni\u010dke medalje povodom 15. godi\u0161njice nezavisnosti - Predsednik Republike Kosovo - DR. VJOSA OSMANI - SADRIU","og_description":"Predsednica Osmani dodelila Predsedni\u010dke medalje povodom 15. godi\u0161njice nezavisnosti - Predsednik Republike Kosovo - DR. VJOSA OSMANI - SADRIU -","og_url":"https:\/\/president-ksgov.net\/sr\/predsednica-osmani-dodelila-predsednicke-medalje-povodom-15-godisnjice-nezavisnosti-2\/","og_site_name":"Predsednik Republike Kosovo - DR. VJOSA OSMANI - SADRIU","article_published_time":"2023-02-20T08:19:29+00:00","article_modified_time":"2023-06-26T12:29:23+00:00","og_image":[{"width":2000,"height":1333,"url":"https:\/\/president-ksgov.net\/wp-content\/uploads\/2023\/02\/presidentja_osmani_ndau_medalje_presidenciale_23.jpg","type":"image\/jpeg"}],"author":"Florent Rrahmani","twitter_card":"summary_large_image","twitter_misc":{"\u041d\u0430\u043f\u0438\u0441\u0430\u043d\u043e \u043e\u0434":"Florent Rrahmani","\u041f\u0440\u043e\u0446\u0435\u045a\u0435\u043d\u043e \u0432\u0440\u0435\u043c\u0435 \u0447\u0438\u0442\u0430\u045a\u0430":"4 \u043c\u0438\u043d\u0443\u0442\u0430"},"schema":{"@context":"https:\/\/schema.org","@graph":[{"@type":"WebPage","@id":"https:\/\/president-ksgov.net\/sr\/predsednica-osmani-dodelila-predsednicke-medalje-povodom-15-godisnjice-nezavisnosti-2\/","url":"https:\/\/president-ksgov.net\/sr\/predsednica-osmani-dodelila-predsednicke-medalje-povodom-15-godisnjice-nezavisnosti-2\/","name":"Predsednica Osmani dodelila Predsedni\u010dke medalje povodom 15. godi\u0161njice nezavisnosti - Predsednik Republike Kosovo - DR. VJOSA OSMANI - SADRIU","isPartOf":{"@id":"https:\/\/president-ksgov.net\/#website"},"primaryImageOfPage":{"@id":"https:\/\/president-ksgov.net\/sr\/predsednica-osmani-dodelila-predsednicke-medalje-povodom-15-godisnjice-nezavisnosti-2\/#primaryimage"},"image":{"@id":"https:\/\/president-ksgov.net\/sr\/predsednica-osmani-dodelila-predsednicke-medalje-povodom-15-godisnjice-nezavisnosti-2\/#primaryimage"},"thumbnailUrl":"https:\/\/president-ksgov.net\/wp-content\/uploads\/2023\/02\/presidentja_osmani_ndau_medalje_presidenciale_23.jpg","datePublished":"2023-02-20T08:19:29+00:00","dateModified":"2023-06-26T12:29:23+00:00","author":{"@id":"https:\/\/president-ksgov.net\/#\/schema\/person\/7c46f744a99d3f1616b92658282aa934"},"description":"Predsednica Osmani dodelila Predsedni\u010dke medalje povodom 15. godi\u0161njice nezavisnosti - Predsednik Republike Kosovo - DR. VJOSA OSMANI - SADRIU -","breadcrumb":{"@id":"https:\/\/president-ksgov.net\/sr\/predsednica-osmani-dodelila-predsednicke-medalje-povodom-15-godisnjice-nezavisnosti-2\/#breadcrumb"},"inLanguage":"sr-RS","potentialAction":[{"@type":"ReadAction","target":["https:\/\/president-ksgov.net\/sr\/predsednica-osmani-dodelila-predsednicke-medalje-povodom-15-godisnjice-nezavisnosti-2\/"]}]},{"@type":"ImageObject","inLanguage":"sr-RS","@id":"https:\/\/president-ksgov.net\/sr\/predsednica-osmani-dodelila-predsednicke-medalje-povodom-15-godisnjice-nezavisnosti-2\/#primaryimage","url":"https:\/\/president-ksgov.net\/wp-content\/uploads\/2023\/02\/presidentja_osmani_ndau_medalje_presidenciale_23.jpg","contentUrl":"https:\/\/president-ksgov.net\/wp-content\/uploads\/2023\/02\/presidentja_osmani_ndau_medalje_presidenciale_23.jpg","width":2000,"height":1333},{"@type":"BreadcrumbList","@id":"https:\/\/president-ksgov.net\/sr\/predsednica-osmani-dodelila-predsednicke-medalje-povodom-15-godisnjice-nezavisnosti-2\/#breadcrumb","itemListElement":[{"@type":"ListItem","position":1,"name":"Home","item":"https:\/\/president-ksgov.net\/sr\/"},{"@type":"ListItem","position":2,"name":"Predsednica Osmani dodelila Predsedni\u010dke medalje povodom 15. godi\u0161njice nezavisnosti"}]},{"@type":"WebSite","@id":"https:\/\/president-ksgov.net\/#website","url":"https:\/\/president-ksgov.net\/","name":"Presidente e Republik\u00ebs s\u00eb Kosov\u00ebs","description":"Presidente e Republik\u00ebs s\u00eb Kosov\u00ebs","alternateName":"DR. VJOSA OSMANI - SADRIU","potentialAction":[{"@type":"SearchAction","target":{"@type":"EntryPoint","urlTemplate":"https:\/\/president-ksgov.net\/?s={search_term_string}"},"query-input":{"@type":"PropertyValueSpecification","valueRequired":true,"valueName":"search_term_string"}}],"inLanguage":"sr-RS"},{"@type":"Person","@id":"https:\/\/president-ksgov.net\/#\/schema\/person\/7c46f744a99d3f1616b92658282aa934","name":"Florent Rrahmani","image":{"@type":"ImageObject","inLanguage":"sr-RS","@id":"https:\/\/president-ksgov.net\/#\/schema\/person\/image\/","url":"https:\/\/secure.gravatar.com\/avatar\/2545924aa250de68ac8368367a79b663e59571cd131611f54c89b0613a94e230?s=96&d=mm&r=g","contentUrl":"https:\/\/secure.gravatar.com\/avatar\/2545924aa250de68ac8368367a79b663e59571cd131611f54c89b0613a94e230?s=96&d=mm&r=g","caption":"Florent Rrahmani"}}]}},"_links":{"self":[{"href":"https:\/\/president-ksgov.net\/sr\/wp-json\/wp\/v2\/posts\/93095","targetHints":{"allow":["GET"]}}],"collection":[{"href":"https:\/\/president-ksgov.net\/sr\/wp-json\/wp\/v2\/posts"}],"about":[{"href":"https:\/\/president-ksgov.net\/sr\/wp-json\/wp\/v2\/types\/post"}],"author":[{"embeddable":true,"href":"https:\/\/president-ksgov.net\/sr\/wp-json\/wp\/v2\/users\/9"}],"replies":[{"embeddable":true,"href":"https:\/\/president-ksgov.net\/sr\/wp-json\/wp\/v2\/comments?post=93095"}],"version-history":[{"count":1,"href":"https:\/\/president-ksgov.net\/sr\/wp-json\/wp\/v2\/posts\/93095\/revisions"}],"predecessor-version":[{"id":93096,"href":"https:\/\/president-ksgov.net\/sr\/wp-json\/wp\/v2\/posts\/93095\/revisions\/93096"}],"wp:featuredmedia":[{"embeddable":true,"href":"https:\/\/president-ksgov.net\/sr\/wp-json\/wp\/v2\/media\/3870"}],"wp:attachment":[{"href":"https:\/\/president-ksgov.net\/sr\/wp-json\/wp\/v2\/media?parent=93095"}],"wp:term":[{"taxonomy":"category","embeddable":true,"href":"https:\/\/president-ksgov.net\/sr\/wp-json\/wp\/v2\/categories?post=93095"},{"taxonomy":"post_tag","embeddable":true,"href":"https:\/\/president-ksgov.net\/sr\/wp-json\/wp\/v2\/tags?post=93095"}],"curies":[{"name":"wp","href":"https:\/\/api.w.org\/{rel}","templated":true}]}}