{"id":93091,"date":"2023-01-17T14:57:57","date_gmt":"2023-01-17T13:57:57","guid":{"rendered":"https:\/\/president-ksgov.net\/?p=93091"},"modified":"2026-01-28T08:31:21","modified_gmt":"2026-01-28T07:31:21","slug":"predsednica-gjergj-kastrioti-skenderbeu-nesalomivi-branilac-evropske-civilizacije-i-simbol-naseg-nacionalnog-identiteta","status":"publish","type":"post","link":"https:\/\/president-ksgov.net\/sr\/predsednica-gjergj-kastrioti-skenderbeu-nesalomivi-branilac-evropske-civilizacije-i-simbol-naseg-nacionalnog-identiteta\/","title":{"rendered":"Predsednica: Gjergj Kastrioti-Skenderbeu, nesalomivi branilac evropske civilizacije i simbol na\u0161eg nacionalnog identiteta"},"content":{"rendered":"<p>Predsednica Republike Kosovo Vjosa Osmani Sadriu rekla je da je pre 555 godina postao je ve\u010dan najve\u0107i albanski heroj Gjergj Kastrioti \u2013 Skenderbeg nesalomivi branilac evropske civilizacije na jednoj od glavnih kapija Zapada, na Jadranu.<\/p>\n<p>Ceo post predsednice Osmani:<\/p>\n<p>Pre 555 godina postao je ve\u010dan najve\u0107i albanski heroj Gjergj Kastrioti \u2013 Skenderbeg nesalomivi branilac evropske civilizacije na jednoj od glavnih kapija Zapada, na Jadranu.<\/p>\n<p>Za sobom nam je ostavio prvi evropski projekat Albanaca i izuzetno vojno i diplomatsko nasle\u0111e, koje je postalo inspirativan uzor svakom Albancu.<\/p>\n<p>Svaki dr\u017eavni i politi\u010dki projekat vezuje se za njegovo ime i slavu, sa veoma mudro kultivisanim modelom ujedinjenja. Svaki na\u0161 politi\u010dki napor za nacionalnu konsolidaciju i svaki napor za slobodu vezan je za na\u0161eg nacionalnog heroja. On je trajna inspiracija, on je prepoznatljiv znak na\u0161eg nacionalnog identiteta.<\/p>\n<p>Klanjamo se njegovom delu i juna\u0161tvu!<\/p>\n","protected":false},"excerpt":{"rendered":"<p>Predsednica Republike Kosovo Vjosa Osmani Sadriu rekla je da je pre 555 godina postao je ve\u010dan najve\u0107i albanski heroj Gjergj Kastrioti \u2013 Skenderbeg nesalomivi branilac evropske civilizacije na jednoj od glavnih kapija Zapada, na Jadranu. Ceo post predsednice Osmani: Pre 555 godina postao je ve\u010dan najve\u0107i albanski heroj Gjergj Kastrioti \u2013 Skenderbeg nesalomivi branilac evropske civilizacije na jednoj od glavnih kapija Zapada, na Jadranu. Za sobom nam je ostavio prvi evropski projekat Albanaca i izuzetno vojno i diplomatsko nasle\u0111e, koje je postalo inspirativan uzor svakom Albancu. Svaki dr\u017eavni i politi\u010dki projekat vezuje se za njegovo ime i slavu, sa veoma mudro kultivisanim modelom ujedinjenja. Svaki na\u0161 politi\u010dki napor za nacionalnu konsolidaciju i svaki napor za slobodu vezan je za na\u0161eg nacionalnog heroja. On je trajna inspiracija, on je prepoznatljiv znak na\u0161eg nacionalnog identiteta. Klanjamo se njegovom delu i juna\u0161tvu!<\/p>\n","protected":false},"author":9,"featured_media":8565,"comment_status":"closed","ping_status":"closed","sticky":false,"template":"","format":"standard","meta":{"_eb_attr":"","footnotes":""},"categories":[101],"tags":[],"class_list":["post-93091","post","type-post","status-publish","format-standard","has-post-thumbnail","hentry","category-vesti"],"yoast_head":"<!-- This site is optimized with the Yoast SEO plugin v23.5 - https:\/\/yoast.com\/wordpress\/plugins\/seo\/ -->\n<title>Predsednica: Gjergj Kastrioti-Skenderbeu, nesalomivi branilac evropske civilizacije i simbol na\u0161eg nacionalnog identiteta - Predsednik Republike Kosovo - DR. VJOSA OSMANI - SADRIU<\/title>\n<meta name=\"description\" content=\"Predsednica: Gjergj Kastrioti-Skenderbeu, nesalomivi branilac evropske civilizacije i simbol na\u0161eg nacionalnog identiteta - Predsednik Republike Kosovo - DR. VJOSA OSMANI - SADRIU -\" \/>\n<meta name=\"robots\" content=\"index, follow, max-snippet:-1, max-image-preview:large, max-video-preview:-1\" \/>\n<link rel=\"canonical\" href=\"https:\/\/president-ksgov.net\/sr\/predsednica-gjergj-kastrioti-skenderbeu-nesalomivi-branilac-evropske-civilizacije-i-simbol-naseg-nacionalnog-identiteta\/\" \/>\n<meta property=\"og:locale\" content=\"sr_RS\" \/>\n<meta property=\"og:type\" content=\"article\" \/>\n<meta property=\"og:title\" content=\"Predsednica: Gjergj Kastrioti-Skenderbeu, nesalomivi branilac evropske civilizacije i simbol na\u0161eg nacionalnog identiteta - Predsednik Republike Kosovo - DR. VJOSA OSMANI - SADRIU\" \/>\n<meta property=\"og:description\" content=\"Predsednica: Gjergj Kastrioti-Skenderbeu, nesalomivi branilac evropske civilizacije i simbol na\u0161eg nacionalnog identiteta - Predsednik Republike Kosovo - DR. VJOSA OSMANI - SADRIU -\" \/>\n<meta property=\"og:url\" content=\"https:\/\/president-ksgov.net\/sr\/predsednica-gjergj-kastrioti-skenderbeu-nesalomivi-branilac-evropske-civilizacije-i-simbol-naseg-nacionalnog-identiteta\/\" \/>\n<meta property=\"og:site_name\" content=\"Predsednik Republike Kosovo - DR. VJOSA OSMANI - SADRIU\" \/>\n<meta property=\"article:published_time\" content=\"2023-01-17T13:57:57+00:00\" \/>\n<meta property=\"article:modified_time\" content=\"2026-01-28T07:31:21+00:00\" \/>\n<meta property=\"og:image\" content=\"https:\/\/president-ksgov.net\/wp-content\/uploads\/2023\/03\/Gjergj-Kastrioti-Skenderbeu-17_01_2023-1.jpeg\" \/>\n\t<meta property=\"og:image:width\" content=\"1200\" \/>\n\t<meta property=\"og:image:height\" content=\"1120\" \/>\n\t<meta property=\"og:image:type\" content=\"image\/jpeg\" \/>\n<meta name=\"author\" content=\"Florent Rrahmani\" \/>\n<meta name=\"twitter:card\" content=\"summary_large_image\" \/>\n<meta name=\"twitter:label1\" content=\"\u041d\u0430\u043f\u0438\u0441\u0430\u043d\u043e \u043e\u0434\" \/>\n\t<meta name=\"twitter:data1\" content=\"Florent Rrahmani\" \/>\n\t<meta name=\"twitter:label2\" content=\"\u041f\u0440\u043e\u0446\u0435\u045a\u0435\u043d\u043e \u0432\u0440\u0435\u043c\u0435 \u0447\u0438\u0442\u0430\u045a\u0430\" \/>\n\t<meta name=\"twitter:data2\" content=\"1 \u043c\u0438\u043d\u0443\u0442\" \/>\n<script type=\"application\/ld+json\" class=\"yoast-schema-graph\">{\"@context\":\"https:\/\/schema.org\",\"@graph\":[{\"@type\":\"WebPage\",\"@id\":\"https:\/\/president-ksgov.net\/sr\/predsednica-gjergj-kastrioti-skenderbeu-nesalomivi-branilac-evropske-civilizacije-i-simbol-naseg-nacionalnog-identiteta\/\",\"url\":\"https:\/\/president-ksgov.net\/sr\/predsednica-gjergj-kastrioti-skenderbeu-nesalomivi-branilac-evropske-civilizacije-i-simbol-naseg-nacionalnog-identiteta\/\",\"name\":\"Predsednica: Gjergj Kastrioti-Skenderbeu, nesalomivi branilac evropske civilizacije i simbol na\u0161eg nacionalnog identiteta - Predsednik Republike Kosovo - DR. VJOSA OSMANI - SADRIU\",\"isPartOf\":{\"@id\":\"https:\/\/president-ksgov.net\/#website\"},\"primaryImageOfPage\":{\"@id\":\"https:\/\/president-ksgov.net\/sr\/predsednica-gjergj-kastrioti-skenderbeu-nesalomivi-branilac-evropske-civilizacije-i-simbol-naseg-nacionalnog-identiteta\/#primaryimage\"},\"image\":{\"@id\":\"https:\/\/president-ksgov.net\/sr\/predsednica-gjergj-kastrioti-skenderbeu-nesalomivi-branilac-evropske-civilizacije-i-simbol-naseg-nacionalnog-identiteta\/#primaryimage\"},\"thumbnailUrl\":\"https:\/\/president-ksgov.net\/wp-content\/uploads\/2023\/03\/Gjergj-Kastrioti-Skenderbeu-17_01_2023-1.jpeg\",\"datePublished\":\"2023-01-17T13:57:57+00:00\",\"dateModified\":\"2026-01-28T07:31:21+00:00\",\"author\":{\"@id\":\"https:\/\/president-ksgov.net\/#\/schema\/person\/7c46f744a99d3f1616b92658282aa934\"},\"description\":\"Predsednica: Gjergj Kastrioti-Skenderbeu, nesalomivi branilac evropske civilizacije i simbol na\u0161eg nacionalnog identiteta - Predsednik Republike Kosovo - DR. VJOSA OSMANI - SADRIU -\",\"breadcrumb\":{\"@id\":\"https:\/\/president-ksgov.net\/sr\/predsednica-gjergj-kastrioti-skenderbeu-nesalomivi-branilac-evropske-civilizacije-i-simbol-naseg-nacionalnog-identiteta\/#breadcrumb\"},\"inLanguage\":\"sr-RS\",\"potentialAction\":[{\"@type\":\"ReadAction\",\"target\":[\"https:\/\/president-ksgov.net\/sr\/predsednica-gjergj-kastrioti-skenderbeu-nesalomivi-branilac-evropske-civilizacije-i-simbol-naseg-nacionalnog-identiteta\/\"]}]},{\"@type\":\"ImageObject\",\"inLanguage\":\"sr-RS\",\"@id\":\"https:\/\/president-ksgov.net\/sr\/predsednica-gjergj-kastrioti-skenderbeu-nesalomivi-branilac-evropske-civilizacije-i-simbol-naseg-nacionalnog-identiteta\/#primaryimage\",\"url\":\"https:\/\/president-ksgov.net\/wp-content\/uploads\/2023\/03\/Gjergj-Kastrioti-Skenderbeu-17_01_2023-1.jpeg\",\"contentUrl\":\"https:\/\/president-ksgov.net\/wp-content\/uploads\/2023\/03\/Gjergj-Kastrioti-Skenderbeu-17_01_2023-1.jpeg\",\"width\":1200,\"height\":1120},{\"@type\":\"BreadcrumbList\",\"@id\":\"https:\/\/president-ksgov.net\/sr\/predsednica-gjergj-kastrioti-skenderbeu-nesalomivi-branilac-evropske-civilizacije-i-simbol-naseg-nacionalnog-identiteta\/#breadcrumb\",\"itemListElement\":[{\"@type\":\"ListItem\",\"position\":1,\"name\":\"Home\",\"item\":\"https:\/\/president-ksgov.net\/sr\/\"},{\"@type\":\"ListItem\",\"position\":2,\"name\":\"Predsednica: Gjergj Kastrioti-Skenderbeu, nesalomivi branilac evropske civilizacije i simbol na\u0161eg nacionalnog identiteta\"}]},{\"@type\":\"WebSite\",\"@id\":\"https:\/\/president-ksgov.net\/#website\",\"url\":\"https:\/\/president-ksgov.net\/\",\"name\":\"Presidente e Republik\u00ebs s\u00eb Kosov\u00ebs\",\"description\":\"Presidente e Republik\u00ebs s\u00eb Kosov\u00ebs\",\"alternateName\":\"DR. VJOSA OSMANI - SADRIU\",\"potentialAction\":[{\"@type\":\"SearchAction\",\"target\":{\"@type\":\"EntryPoint\",\"urlTemplate\":\"https:\/\/president-ksgov.net\/?s={search_term_string}\"},\"query-input\":{\"@type\":\"PropertyValueSpecification\",\"valueRequired\":true,\"valueName\":\"search_term_string\"}}],\"inLanguage\":\"sr-RS\"},{\"@type\":\"Person\",\"@id\":\"https:\/\/president-ksgov.net\/#\/schema\/person\/7c46f744a99d3f1616b92658282aa934\",\"name\":\"Florent Rrahmani\",\"image\":{\"@type\":\"ImageObject\",\"inLanguage\":\"sr-RS\",\"@id\":\"https:\/\/president-ksgov.net\/#\/schema\/person\/image\/\",\"url\":\"https:\/\/secure.gravatar.com\/avatar\/2545924aa250de68ac8368367a79b663e59571cd131611f54c89b0613a94e230?s=96&d=mm&r=g\",\"contentUrl\":\"https:\/\/secure.gravatar.com\/avatar\/2545924aa250de68ac8368367a79b663e59571cd131611f54c89b0613a94e230?s=96&d=mm&r=g\",\"caption\":\"Florent Rrahmani\"}}]}<\/script>\n<!-- \/ Yoast SEO plugin. -->","yoast_head_json":{"title":"Predsednica: Gjergj Kastrioti-Skenderbeu, nesalomivi branilac evropske civilizacije i simbol na\u0161eg nacionalnog identiteta - Predsednik Republike Kosovo - DR. VJOSA OSMANI - SADRIU","description":"Predsednica: Gjergj Kastrioti-Skenderbeu, nesalomivi branilac evropske civilizacije i simbol na\u0161eg nacionalnog identiteta - Predsednik Republike Kosovo - DR. VJOSA OSMANI - SADRIU -","robots":{"index":"index","follow":"follow","max-snippet":"max-snippet:-1","max-image-preview":"max-image-preview:large","max-video-preview":"max-video-preview:-1"},"canonical":"https:\/\/president-ksgov.net\/sr\/predsednica-gjergj-kastrioti-skenderbeu-nesalomivi-branilac-evropske-civilizacije-i-simbol-naseg-nacionalnog-identiteta\/","og_locale":"sr_RS","og_type":"article","og_title":"Predsednica: Gjergj Kastrioti-Skenderbeu, nesalomivi branilac evropske civilizacije i simbol na\u0161eg nacionalnog identiteta - Predsednik Republike Kosovo - DR. VJOSA OSMANI - SADRIU","og_description":"Predsednica: Gjergj Kastrioti-Skenderbeu, nesalomivi branilac evropske civilizacije i simbol na\u0161eg nacionalnog identiteta - Predsednik Republike Kosovo - DR. VJOSA OSMANI - SADRIU -","og_url":"https:\/\/president-ksgov.net\/sr\/predsednica-gjergj-kastrioti-skenderbeu-nesalomivi-branilac-evropske-civilizacije-i-simbol-naseg-nacionalnog-identiteta\/","og_site_name":"Predsednik Republike Kosovo - DR. VJOSA OSMANI - SADRIU","article_published_time":"2023-01-17T13:57:57+00:00","article_modified_time":"2026-01-28T07:31:21+00:00","og_image":[{"width":1200,"height":1120,"url":"https:\/\/president-ksgov.net\/wp-content\/uploads\/2023\/03\/Gjergj-Kastrioti-Skenderbeu-17_01_2023-1.jpeg","type":"image\/jpeg"}],"author":"Florent Rrahmani","twitter_card":"summary_large_image","twitter_misc":{"\u041d\u0430\u043f\u0438\u0441\u0430\u043d\u043e \u043e\u0434":"Florent Rrahmani","\u041f\u0440\u043e\u0446\u0435\u045a\u0435\u043d\u043e \u0432\u0440\u0435\u043c\u0435 \u0447\u0438\u0442\u0430\u045a\u0430":"1 \u043c\u0438\u043d\u0443\u0442"},"schema":{"@context":"https:\/\/schema.org","@graph":[{"@type":"WebPage","@id":"https:\/\/president-ksgov.net\/sr\/predsednica-gjergj-kastrioti-skenderbeu-nesalomivi-branilac-evropske-civilizacije-i-simbol-naseg-nacionalnog-identiteta\/","url":"https:\/\/president-ksgov.net\/sr\/predsednica-gjergj-kastrioti-skenderbeu-nesalomivi-branilac-evropske-civilizacije-i-simbol-naseg-nacionalnog-identiteta\/","name":"Predsednica: Gjergj Kastrioti-Skenderbeu, nesalomivi branilac evropske civilizacije i simbol na\u0161eg nacionalnog identiteta - Predsednik Republike Kosovo - DR. VJOSA OSMANI - SADRIU","isPartOf":{"@id":"https:\/\/president-ksgov.net\/#website"},"primaryImageOfPage":{"@id":"https:\/\/president-ksgov.net\/sr\/predsednica-gjergj-kastrioti-skenderbeu-nesalomivi-branilac-evropske-civilizacije-i-simbol-naseg-nacionalnog-identiteta\/#primaryimage"},"image":{"@id":"https:\/\/president-ksgov.net\/sr\/predsednica-gjergj-kastrioti-skenderbeu-nesalomivi-branilac-evropske-civilizacije-i-simbol-naseg-nacionalnog-identiteta\/#primaryimage"},"thumbnailUrl":"https:\/\/president-ksgov.net\/wp-content\/uploads\/2023\/03\/Gjergj-Kastrioti-Skenderbeu-17_01_2023-1.jpeg","datePublished":"2023-01-17T13:57:57+00:00","dateModified":"2026-01-28T07:31:21+00:00","author":{"@id":"https:\/\/president-ksgov.net\/#\/schema\/person\/7c46f744a99d3f1616b92658282aa934"},"description":"Predsednica: Gjergj Kastrioti-Skenderbeu, nesalomivi branilac evropske civilizacije i simbol na\u0161eg nacionalnog identiteta - Predsednik Republike Kosovo - DR. VJOSA OSMANI - SADRIU -","breadcrumb":{"@id":"https:\/\/president-ksgov.net\/sr\/predsednica-gjergj-kastrioti-skenderbeu-nesalomivi-branilac-evropske-civilizacije-i-simbol-naseg-nacionalnog-identiteta\/#breadcrumb"},"inLanguage":"sr-RS","potentialAction":[{"@type":"ReadAction","target":["https:\/\/president-ksgov.net\/sr\/predsednica-gjergj-kastrioti-skenderbeu-nesalomivi-branilac-evropske-civilizacije-i-simbol-naseg-nacionalnog-identiteta\/"]}]},{"@type":"ImageObject","inLanguage":"sr-RS","@id":"https:\/\/president-ksgov.net\/sr\/predsednica-gjergj-kastrioti-skenderbeu-nesalomivi-branilac-evropske-civilizacije-i-simbol-naseg-nacionalnog-identiteta\/#primaryimage","url":"https:\/\/president-ksgov.net\/wp-content\/uploads\/2023\/03\/Gjergj-Kastrioti-Skenderbeu-17_01_2023-1.jpeg","contentUrl":"https:\/\/president-ksgov.net\/wp-content\/uploads\/2023\/03\/Gjergj-Kastrioti-Skenderbeu-17_01_2023-1.jpeg","width":1200,"height":1120},{"@type":"BreadcrumbList","@id":"https:\/\/president-ksgov.net\/sr\/predsednica-gjergj-kastrioti-skenderbeu-nesalomivi-branilac-evropske-civilizacije-i-simbol-naseg-nacionalnog-identiteta\/#breadcrumb","itemListElement":[{"@type":"ListItem","position":1,"name":"Home","item":"https:\/\/president-ksgov.net\/sr\/"},{"@type":"ListItem","position":2,"name":"Predsednica: Gjergj Kastrioti-Skenderbeu, nesalomivi branilac evropske civilizacije i simbol na\u0161eg nacionalnog identiteta"}]},{"@type":"WebSite","@id":"https:\/\/president-ksgov.net\/#website","url":"https:\/\/president-ksgov.net\/","name":"Presidente e Republik\u00ebs s\u00eb Kosov\u00ebs","description":"Presidente e Republik\u00ebs s\u00eb Kosov\u00ebs","alternateName":"DR. VJOSA OSMANI - SADRIU","potentialAction":[{"@type":"SearchAction","target":{"@type":"EntryPoint","urlTemplate":"https:\/\/president-ksgov.net\/?s={search_term_string}"},"query-input":{"@type":"PropertyValueSpecification","valueRequired":true,"valueName":"search_term_string"}}],"inLanguage":"sr-RS"},{"@type":"Person","@id":"https:\/\/president-ksgov.net\/#\/schema\/person\/7c46f744a99d3f1616b92658282aa934","name":"Florent Rrahmani","image":{"@type":"ImageObject","inLanguage":"sr-RS","@id":"https:\/\/president-ksgov.net\/#\/schema\/person\/image\/","url":"https:\/\/secure.gravatar.com\/avatar\/2545924aa250de68ac8368367a79b663e59571cd131611f54c89b0613a94e230?s=96&d=mm&r=g","contentUrl":"https:\/\/secure.gravatar.com\/avatar\/2545924aa250de68ac8368367a79b663e59571cd131611f54c89b0613a94e230?s=96&d=mm&r=g","caption":"Florent Rrahmani"}}]}},"_links":{"self":[{"href":"https:\/\/president-ksgov.net\/sr\/wp-json\/wp\/v2\/posts\/93091","targetHints":{"allow":["GET"]}}],"collection":[{"href":"https:\/\/president-ksgov.net\/sr\/wp-json\/wp\/v2\/posts"}],"about":[{"href":"https:\/\/president-ksgov.net\/sr\/wp-json\/wp\/v2\/types\/post"}],"author":[{"embeddable":true,"href":"https:\/\/president-ksgov.net\/sr\/wp-json\/wp\/v2\/users\/9"}],"replies":[{"embeddable":true,"href":"https:\/\/president-ksgov.net\/sr\/wp-json\/wp\/v2\/comments?post=93091"}],"version-history":[{"count":1,"href":"https:\/\/president-ksgov.net\/sr\/wp-json\/wp\/v2\/posts\/93091\/revisions"}],"predecessor-version":[{"id":93092,"href":"https:\/\/president-ksgov.net\/sr\/wp-json\/wp\/v2\/posts\/93091\/revisions\/93092"}],"wp:featuredmedia":[{"embeddable":true,"href":"https:\/\/president-ksgov.net\/sr\/wp-json\/wp\/v2\/media\/8565"}],"wp:attachment":[{"href":"https:\/\/president-ksgov.net\/sr\/wp-json\/wp\/v2\/media?parent=93091"}],"wp:term":[{"taxonomy":"category","embeddable":true,"href":"https:\/\/president-ksgov.net\/sr\/wp-json\/wp\/v2\/categories?post=93091"},{"taxonomy":"post_tag","embeddable":true,"href":"https:\/\/president-ksgov.net\/sr\/wp-json\/wp\/v2\/tags?post=93091"}],"curies":[{"name":"wp","href":"https:\/\/api.w.org\/{rel}","templated":true}]}}