{"id":93087,"date":"2023-03-08T20:30:08","date_gmt":"2023-03-08T19:30:08","guid":{"rendered":"https:\/\/president-ksgov.net\/?p=93087"},"modified":"2026-01-28T09:05:46","modified_gmt":"2026-01-28T08:05:46","slug":"govor-predsednice-osmani-na-svecanoj-sednici-u-skupstini-opstine-pristina-povodom-dana-zena","status":"publish","type":"post","link":"https:\/\/president-ksgov.net\/sr\/govor-predsednice-osmani-na-svecanoj-sednici-u-skupstini-opstine-pristina-povodom-dana-zena\/","title":{"rendered":"Govor predsednice Osmani na Sve\u010danoj sednici u Skup\u0161tini op\u0161tine Pri\u0161tina povodom Dana \u017eena"},"content":{"rendered":"<p>Po\u0161tovani predsedni\u010de op\u0161tine, g. Rama,<br \/>\nPo\u0161tovani predsedni\u010de Skup\u0161tine op\u0161tine,<br \/>\nPo\u0161tovani potpredsednici Donjeta i Albane,<br \/>\nPo\u0161tovani direktori,<br \/>\nPo\u0161tovani odbornici Skup\u0161tine op\u0161tine,<br \/>\nPo\u0161tovani gra\u0111ani Pri\u0161tine,<br \/>\nUspe\u0161ne \u017eene,<br \/>\nDraga Kristale,<\/p>\n<p>Zadovoljstvo mi je pridru\u017eiti se svima vama danas u glavnom gradu i hvala vam na pozivu da u\u010destvujem na ovoj posebnoj sednici posve\u0107enoj dostignu\u0107ima \u017eena i podizanju svesti o izazovima sa kojima se suo\u010davaju u na\u0161oj zemlji!<\/p>\n<p>8. mart podse\u0107a na napore za ravnopravnost, mir i pravdu, kao i na egzistencijalni zna\u010daj ostvarivanja rodne ravnopravnosti.<\/p>\n<p>\u017dene, na Kosovu i drugde, pre\u0161le su dug put u borbi za ravnopravnost, ali put nije zavr\u0161en. Uprkos napretku postignutom tokom godina, \u017eene su i dalje nedovoljno zastupljene u mnogim oblastima i pozicijama na kojima se donose odluke.<\/p>\n<p>I \u0161to je ozbiljnije, mnoge \u017eene i devojke se i dalje suo\u010davaju sa diskriminacijom, uznemiravanjem i nasiljem, kako kod ku\u0107e, tako i u svom profesionalnom anga\u017emanu, a odnedavno i u digitalnom prostoru. \u010cesto su se i ovi slu\u010dajevi zavr\u0161avali ubistvom, kroz ru\u017eni fenomen femicida, protiv kojeg \u0107emo mo\u0107i da se borimo samo ako svi udru\u017eimo snage oko ove nacionalne vanredne situacije.<\/p>\n<p>Diskriminacija je u mnogim slu\u010dajevima prisutna i za \u017eene koje se bave politikom i to svaka od vas zna. Ove \u017eene se \u010desto suo\u010davaju sa nejednako\u0161\u0107u, obeshrabrenjem, nedostatkom podr\u0161ke politi\u010dkih subjekata, ugnjetavanjem, uznemiravanjem, pretnjama, a ponekad \u010dak i nasiljem. Upravo je to nagnalo mnoge \u017eene da se povuku iz javnog \u017eivota i mnoge druge da ni ne pomisle da krenu ovim putem. Ali to je upravo cilj patrijarhalista, mizoginista i diskriminatora. Da odluke o ovom dru\u0161tvu, odluke za na\u0161e gra\u0111ane pripadaju samo mu\u0161karcima. Da nema \u017eena za stolom. A pogotovo ne na pozicijama na kojima se donose odluke. Da nema \u017eena koje koriste svoj glas za dobrobit ovog dru\u0161tva. Ovu \u017eelju ne treba i ne\u0107emo ispuniti. Jer, osim \u0161to su duboko nepravedne, takve nejednakosti do sr\u017ei \u0161tete na\u0161em dru\u0161tvu i na\u0161oj zemlji i uskra\u0107uju svetlu budu\u0107nost novim, sada\u0161njim i budu\u0107im generacijama. Osna\u017eivanje \u017eena u politici mora krenuti od vas, sa lokalnog nivoa, upravo u op\u0161tinama, upravo u na\u0161oj prestonici, koja se svakodnevno bavi brigama gra\u0111ana. Po\u0161to ove brige pripadaju \u017eenama i mu\u0161karcima zajedno, stoga \u017eene i mu\u0161karci zajedno treba da ih tretiraju.<\/p>\n<p>Danas, raditi za rodnu ravnopravnost zna\u010di raditi za pravdu, zna\u010di raditi za ve\u0107u sigurnost, ve\u0107u inkluzivnost i ve\u0107u produktivnost za \u010ditavo na\u0161e dru\u0161tvo. Ali iznad svega, doprinos rodnoj ravnopravnosti zna\u010di biti na pravoj strani istorije. A \u010desto ste nas \u010duli da ka\u017eemo da je to ne samo ispravno, ve\u0107 je to i najmudrije \u0161to treba u\u010diniti, jer ne bi bilo ve\u0107e gre\u0161ke za dru\u0161tvo od toga da ispusti 50%sopstvenih potencijala.<\/p>\n<p>Po\u0161tovani prisutni,<\/p>\n<p>Dana\u0161nji dan smo zapo\u010deli sa mnogim susretima sa izvanrednim \u017eenama i devojkama anga\u017eovanim u oblasti nauke, tehnologije, tehnike, a nastavljamo danas ovde u prestonici, na adresi gra\u0111ana Pri\u0161tine, na mestu gde svako od vas ima priliku da direktno razume stvarne potrebe na\u0161ih devojaka i \u017eena. U va\u0161oj ulozi imate priliku da promenite njihove \u017eivote na bolje.<\/p>\n<p>Ali ne treba da budemo uz devojke i \u017eene samo danas. U ovoj sali ideolo\u0161ka uverenja mogu zaista biti druga\u010dija, ali vera u rodnu ravnopravnost treba da nas sve ujedini. Jer na\u0161e dru\u0161tvo i dr\u017eava imaju svakodnevnu potrebu za anga\u017eovanjem i inkluzivno\u0161\u0107u \u017eena ako \u017eelimo uspe\u0161nu Pri\u0161tinu i uspe\u0161no Kosovo.<\/p>\n<p>Iako su \u017eene i dalje diskriminisane svakodnevnim nejednakostima, imamo izuzetna dostignu\u0107a na koja mo\u017eemo da se ponosimo. Kosovo bele\u017ei pove\u0107anje broja \u017eena u oblasti nauke, tehnologije, in\u017eenjerstva i mehanike, na rukovode\u0107im pozicijama. U umetnosti, kulturi, sportu, biznisu, \u010dije predstavnice i danas imamo me\u0111u nama, mobilizacija za njihovo aktiviranje na tr\u017ei\u0161tu rada i u javnom \u017eivotu sve je ve\u0107a. Ali, uprkos tome, ne treba da budemo sami, naprotiv, treba da vidimo kako da dana\u0161nje izazove transformi\u0161emo u budu\u0107e prilike.<\/p>\n<p>Po\u0161tovani \u010dlanovi Skup\u0161tine<\/p>\n<p>Svesna sam da je prestonica prva adresa za re\u0161avanje problema gra\u0111ana. Ali pouzdano znam da samo zajedno mo\u017eemo napraviti promene u korist odr\u017eivog pobolj\u0161anja polo\u017eaja \u017eena, inkluzije i njihovih prava.<\/p>\n<p>Sredstva i opcije za ovo su mnogobrojni, polaze od simboli\u010dnih inicijativa do sistematskih intervencija. Ali jedno je sigurno, svaka inicijativa i aktivnost igraju posebnu ulogu i imaju te\u017einu, posebno u obrazovanju mla\u0111ih generacija. Zato vas pozivam da podr\u017eite inicijativu da \u0161to vi\u0161e novih ulica nosi imena \u017eena, kao i da podstaknete upis imovine na ime \u017eena.<\/p>\n<p>Moramo svaki dan dokazivati da mo\u017eemo u\u010diniti ne\u0161to vi\u0161e za pobolj\u0161anje polo\u017eaja \u017eena u svim oblastima. Za ovom govornicom, nakone nekoliko decenija, bi\u0107e i drugih lidera i odbornika. Potrudimo se da kada se sete na\u0161eg rada da se sete nas kao lidera da smo posao uradili najbolje i na sveobuhvatan na\u010din.<\/p>\n<p>Trenutno 75% ulica nosi imena mu\u0161karaca, dok je samo 9,8% nazvano po \u017eenama. Ova statistika nam ne \u010dini \u010dast ni kao dru\u0161tvu ni kao dr\u017eavi. Jer na\u0161u istoriju su pisali \u017eene i mu\u0161karci zajedno, pa je kao takvu treba prikazati, bilo kroz knjige, dokumentarne filmove, filmove, pa \u010dak i nazive \u0161kola i ulica. Imamo mnogo \u017eena koje zaslu\u017euju da se njihova imena ovekove\u010de bilo u nazivima ulica, \u0161kola ili drugih sli\u010dnih institucija. Zato \u0161to su nas odlikovale kroz na\u0161u istoriju, pa smo im danas du\u017eni da ih po\u0161tujemo.<\/p>\n<p>Rodna ravnopravnost ne obuhvata samo odre\u0111ene sektore, ve\u0107 sve sektore, bez razlike.<\/p>\n<p>Zato, sledimo ovu praksu svaki put kada imenujemo ulice, trgove, bulevare, \u0161kole, vrti\u0107e i druge ustanove.<\/p>\n<p>Po\u0161tovani \u010dlanovi Skup\u0161tine,<\/p>\n<p>Po\u0161tovani gra\u0111ani Pri\u0161tine,<\/p>\n<p>Danas se suo\u010davamo i sa drugim uznemiruju\u0107im pojavama. Imamo zaista mali broj upisa imovine na ime \u017eene ili oba pola.<\/p>\n<p>Sa govornice Skup\u0161tine glavnog grada pozivam sve \u017eene da insistiraju na tra\u017eenju svojih prava i da ne stanu pred bilo kojom preprekom, jer samo kada ne odustanete, trijumfujete u onome \u0161to vam pripada.<\/p>\n<p>Tako se o\u017eivljava jednakost. To je ono \u0161to nam je na kraju potrebno kao dru\u0161tvu i kao dr\u017eavi.<\/p>\n<p>8. mart je zapravo samo jedan od mnogih dana, od 365 dana koji bi trebalo da poslu\u017ei kao dan se\u0107anja na razmi\u0161ljanje o izazovima sa kojima se suo\u010davaju devojke i \u017eene, kao i prilika da se pove\u0107a posve\u0107enost borbi protiv njih.<\/p>\n<p>Tokom istorije, \u017eene su \u010desto bile ugnjetavane, u\u0107utkivane i uskra\u0107ena su im osnovna ljudska prava. Ali danas je zaista do\u0161lo vreme da se ka\u017ee dosta ovoj diskriminaciji!<\/p>\n<p>Borba za prava \u017eena nije samo \u017eensko pitanje, to je ljudsko pitanje. Kada su \u017eene osna\u017eene, dru\u0161tvo u celini ima koristi.<\/p>\n<p>A kada govorimo o pravima \u017eena, govorimo o pravu na \u017eivot bez nasilja, bez uznemiravanja, ali govorimo i o njihovom ekonomskom osna\u017eivanju, pravu na obrazovanje i zdravstvenu za\u0161titu, pravu na rad i dostojnu zaradu. Prakti\u010dno, govorimo o pravu da budemo potpuno i ravnopravno uklju\u010deni u na\u0161e dru\u0161tvo i potrebi da budemo uklju\u010deni kao dru\u0161tvo za ravnopravnost.<\/p>\n<p>Zato, hajde da radimo zajedno, mu\u0161karci i \u017eene, da svaka \u017eena i devojka Kosova budu cenjene, po\u0161tovane i da ne budu diskriminisane!<\/p>\n<p>Hvala vam!<\/p>\n<p>&nbsp;<\/p>\n<p><iframe style=\"border: none; overflow: hidden;\" src=\"https:\/\/www.facebook.com\/plugins\/video.php?height=314&amp;href=https%3A%2F%2Fwww.facebook.com%2FPresidencaRKS%2Fvideos%2F174767865340607%2F&amp;show_text=false&amp;width=560&amp;t=0\" width=\"560\" height=\"560\" frameborder=\"0\" scrolling=\"no\" allowfullscreen=\"allowfullscreen\"><\/iframe><\/p>\n","protected":false},"excerpt":{"rendered":"<p>Po\u0161tovani predsedni\u010de op\u0161tine, g. Rama, Po\u0161tovani predsedni\u010de Skup\u0161tine op\u0161tine, Po\u0161tovani potpredsednici Donjeta i Albane, Po\u0161tovani direktori, Po\u0161tovani odbornici Skup\u0161tine op\u0161tine, Po\u0161tovani gra\u0111ani Pri\u0161tine, Uspe\u0161ne \u017eene, Draga Kristale, Zadovoljstvo mi je pridru\u017eiti se svima vama danas u glavnom gradu i hvala vam na pozivu da u\u010destvujem na ovoj posebnoj sednici posve\u0107enoj dostignu\u0107ima \u017eena i podizanju svesti o izazovima sa kojima se suo\u010davaju u na\u0161oj zemlji! 8. mart podse\u0107a na napore za ravnopravnost, mir i pravdu, kao i na egzistencijalni zna\u010daj ostvarivanja rodne ravnopravnosti. \u017dene, na Kosovu i drugde, pre\u0161le su dug put u borbi za ravnopravnost, ali put nije zavr\u0161en. Uprkos napretku postignutom tokom godina, \u017eene su i dalje nedovoljno zastupljene u mnogim oblastima i pozicijama na kojima se donose odluke. I \u0161to je ozbiljnije, mnoge \u017eene i devojke se i dalje suo\u010davaju sa diskriminacijom, uznemiravanjem i nasiljem, kako kod ku\u0107e, tako i u svom profesionalnom anga\u017emanu, a odnedavno i u digitalnom prostoru. \u010cesto su se i ovi slu\u010dajevi zavr\u0161avali ubistvom, kroz ru\u017eni fenomen femicida, protiv kojeg \u0107emo mo\u0107i da se borimo samo ako svi udru\u017eimo snage oko ove nacionalne vanredne situacije. Diskriminacija je u mnogim slu\u010dajevima prisutna i za \u017eene koje se bave politikom i to svaka od vas zna. Ove \u017eene se \u010desto suo\u010davaju sa nejednako\u0161\u0107u, obeshrabrenjem, nedostatkom podr\u0161ke politi\u010dkih subjekata, ugnjetavanjem, uznemiravanjem, pretnjama, a ponekad \u010dak i nasiljem. Upravo je to nagnalo mnoge \u017eene da se povuku iz javnog \u017eivota i mnoge druge da ni ne pomisle da krenu ovim putem. Ali to je upravo cilj patrijarhalista, mizoginista i diskriminatora. Da odluke o ovom dru\u0161tvu, odluke za na\u0161e gra\u0111ane pripadaju samo mu\u0161karcima. Da nema \u017eena za stolom. A pogotovo ne na pozicijama na kojima se donose odluke. Da nema \u017eena koje koriste svoj glas za dobrobit ovog dru\u0161tva. Ovu \u017eelju ne treba i ne\u0107emo ispuniti. Jer, osim \u0161to su duboko nepravedne, takve nejednakosti do sr\u017ei \u0161tete na\u0161em dru\u0161tvu i na\u0161oj zemlji i uskra\u0107uju svetlu budu\u0107nost novim, sada\u0161njim i budu\u0107im generacijama. Osna\u017eivanje \u017eena u politici mora krenuti od vas, sa lokalnog nivoa, upravo u op\u0161tinama, upravo u na\u0161oj prestonici, koja se svakodnevno bavi brigama gra\u0111ana. Po\u0161to ove brige pripadaju \u017eenama i mu\u0161karcima zajedno, stoga \u017eene i mu\u0161karci zajedno treba da ih tretiraju. Danas, raditi za rodnu ravnopravnost zna\u010di raditi za pravdu, zna\u010di raditi za ve\u0107u sigurnost, ve\u0107u inkluzivnost i ve\u0107u produktivnost za \u010ditavo na\u0161e dru\u0161tvo. Ali iznad svega, doprinos rodnoj ravnopravnosti zna\u010di biti na pravoj strani istorije. A \u010desto ste nas \u010duli da ka\u017eemo da je to ne samo ispravno, ve\u0107 je to i najmudrije \u0161to treba u\u010diniti, jer ne bi bilo ve\u0107e gre\u0161ke za dru\u0161tvo od toga da ispusti 50%sopstvenih potencijala. Po\u0161tovani prisutni, Dana\u0161nji dan smo zapo\u010deli sa mnogim susretima sa izvanrednim \u017eenama i devojkama anga\u017eovanim u oblasti nauke, tehnologije, tehnike, a nastavljamo danas ovde u prestonici, na adresi gra\u0111ana Pri\u0161tine, na mestu gde svako od vas ima priliku da direktno razume stvarne potrebe na\u0161ih devojaka i \u017eena. U va\u0161oj ulozi imate priliku da promenite njihove \u017eivote na bolje. Ali ne treba da budemo uz devojke i \u017eene samo danas. U ovoj sali ideolo\u0161ka uverenja mogu zaista biti druga\u010dija, ali vera u rodnu ravnopravnost treba da nas sve ujedini. Jer na\u0161e dru\u0161tvo i dr\u017eava imaju svakodnevnu potrebu za anga\u017eovanjem i inkluzivno\u0161\u0107u \u017eena ako \u017eelimo uspe\u0161nu Pri\u0161tinu i uspe\u0161no Kosovo. Iako su \u017eene i dalje diskriminisane svakodnevnim nejednakostima, imamo izuzetna dostignu\u0107a na koja mo\u017eemo da se ponosimo. Kosovo bele\u017ei pove\u0107anje broja \u017eena u oblasti nauke, tehnologije, in\u017eenjerstva i mehanike, na rukovode\u0107im pozicijama. U umetnosti, kulturi, sportu, biznisu, \u010dije predstavnice i danas imamo me\u0111u nama, mobilizacija za njihovo aktiviranje na tr\u017ei\u0161tu rada i u javnom \u017eivotu sve je ve\u0107a. Ali, uprkos tome, ne treba da budemo sami, naprotiv, treba da vidimo kako da dana\u0161nje izazove transformi\u0161emo u budu\u0107e prilike. Po\u0161tovani \u010dlanovi Skup\u0161tine Svesna sam da je prestonica prva adresa za re\u0161avanje problema gra\u0111ana. Ali pouzdano znam da samo zajedno mo\u017eemo napraviti promene u korist odr\u017eivog pobolj\u0161anja polo\u017eaja \u017eena, inkluzije i njihovih prava. Sredstva i opcije za ovo su mnogobrojni, polaze od simboli\u010dnih inicijativa do sistematskih intervencija. Ali jedno je sigurno, svaka inicijativa i aktivnost igraju posebnu ulogu i imaju te\u017einu, posebno u obrazovanju mla\u0111ih generacija. Zato vas pozivam da podr\u017eite inicijativu da \u0161to vi\u0161e novih ulica nosi imena \u017eena, kao i da podstaknete upis imovine na ime \u017eena. Moramo svaki dan dokazivati da mo\u017eemo u\u010diniti ne\u0161to vi\u0161e za pobolj\u0161anje polo\u017eaja \u017eena u svim oblastima. Za ovom govornicom, nakone nekoliko decenija, bi\u0107e i drugih lidera i odbornika. Potrudimo se da kada se sete na\u0161eg rada da se sete nas kao lidera da smo posao uradili najbolje i na sveobuhvatan na\u010din. Trenutno 75% ulica nosi imena mu\u0161karaca, dok je samo 9,8% nazvano po \u017eenama. Ova statistika nam ne \u010dini \u010dast ni kao dru\u0161tvu ni kao dr\u017eavi. Jer na\u0161u istoriju su pisali \u017eene i mu\u0161karci zajedno, pa je kao takvu treba prikazati, bilo kroz knjige, dokumentarne filmove, filmove, pa \u010dak i nazive \u0161kola i ulica. Imamo mnogo \u017eena koje zaslu\u017euju da se njihova imena ovekove\u010de bilo u nazivima ulica, \u0161kola ili drugih sli\u010dnih institucija. Zato \u0161to su nas odlikovale kroz na\u0161u istoriju, pa smo im danas du\u017eni da ih po\u0161tujemo. Rodna ravnopravnost ne obuhvata samo odre\u0111ene sektore, ve\u0107 sve sektore, bez razlike. Zato, sledimo ovu praksu svaki put kada imenujemo ulice, trgove, bulevare, \u0161kole, vrti\u0107e i druge ustanove. Po\u0161tovani \u010dlanovi Skup\u0161tine, Po\u0161tovani gra\u0111ani Pri\u0161tine, Danas se suo\u010davamo i sa drugim uznemiruju\u0107im pojavama. Imamo zaista mali broj upisa imovine na ime \u017eene ili oba pola. Sa govornice Skup\u0161tine glavnog grada pozivam sve \u017eene da insistiraju na tra\u017eenju svojih prava i da ne stanu pred bilo kojom preprekom, jer samo kada ne odustanete, trijumfujete u onome \u0161to vam pripada. Tako se o\u017eivljava jednakost. To je ono \u0161to nam je na kraju potrebno kao dru\u0161tvu i kao dr\u017eavi. 8. mart je zapravo samo jedan od mnogih dana, od 365 dana koji bi trebalo da poslu\u017ei kao dan se\u0107anja na razmi\u0161ljanje o izazovima sa kojima se suo\u010davaju devojke i \u017eene, kao i prilika da se pove\u0107a posve\u0107enost borbi protiv njih. Tokom istorije, \u017eene su \u010desto bile<\/p>\n","protected":false},"author":9,"featured_media":82191,"comment_status":"closed","ping_status":"closed","sticky":false,"template":"","format":"standard","meta":{"_eb_attr":"","footnotes":""},"categories":[106,101],"tags":[],"class_list":["post-93087","post","type-post","status-publish","format-standard","has-post-thumbnail","hentry","category-govori","category-vesti"],"yoast_head":"<!-- This site is optimized with the Yoast SEO plugin v23.5 - https:\/\/yoast.com\/wordpress\/plugins\/seo\/ -->\n<title>Govor predsednice Osmani na Sve\u010danoj sednici u Skup\u0161tini op\u0161tine Pri\u0161tina povodom Dana \u017eena - Predsednik Republike Kosovo - DR. VJOSA OSMANI - SADRIU<\/title>\n<meta name=\"description\" content=\"Govor predsednice Osmani na Sve\u010danoj sednici u Skup\u0161tini op\u0161tine Pri\u0161tina povodom Dana \u017eena - Predsednik Republike Kosovo - DR. VJOSA OSMANI - SADRIU -\" \/>\n<meta name=\"robots\" content=\"index, follow, max-snippet:-1, max-image-preview:large, max-video-preview:-1\" \/>\n<link rel=\"canonical\" href=\"https:\/\/president-ksgov.net\/sr\/govor-predsednice-osmani-na-svecanoj-sednici-u-skupstini-opstine-pristina-povodom-dana-zena\/\" \/>\n<meta property=\"og:locale\" content=\"sr_RS\" \/>\n<meta property=\"og:type\" content=\"article\" \/>\n<meta property=\"og:title\" content=\"Govor predsednice Osmani na Sve\u010danoj sednici u Skup\u0161tini op\u0161tine Pri\u0161tina povodom Dana \u017eena - Predsednik Republike Kosovo - DR. VJOSA OSMANI - SADRIU\" \/>\n<meta property=\"og:description\" content=\"Govor predsednice Osmani na Sve\u010danoj sednici u Skup\u0161tini op\u0161tine Pri\u0161tina povodom Dana \u017eena - Predsednik Republike Kosovo - DR. VJOSA OSMANI - SADRIU -\" \/>\n<meta property=\"og:url\" content=\"https:\/\/president-ksgov.net\/sr\/govor-predsednice-osmani-na-svecanoj-sednici-u-skupstini-opstine-pristina-povodom-dana-zena\/\" \/>\n<meta property=\"og:site_name\" content=\"Predsednik Republike Kosovo - DR. VJOSA OSMANI - SADRIU\" \/>\n<meta property=\"article:published_time\" content=\"2023-03-08T19:30:08+00:00\" \/>\n<meta property=\"article:modified_time\" content=\"2026-01-28T08:05:46+00:00\" \/>\n<meta property=\"og:image\" content=\"https:\/\/president-ksgov.net\/wp-content\/uploads\/DSC_7443-1024x683.jpg\" \/>\n\t<meta property=\"og:image:width\" content=\"1024\" \/>\n\t<meta property=\"og:image:height\" content=\"683\" \/>\n\t<meta property=\"og:image:type\" content=\"image\/jpeg\" \/>\n<meta name=\"author\" content=\"Florent Rrahmani\" \/>\n<meta name=\"twitter:card\" content=\"summary_large_image\" \/>\n<meta name=\"twitter:label1\" content=\"\u041d\u0430\u043f\u0438\u0441\u0430\u043d\u043e \u043e\u0434\" \/>\n\t<meta name=\"twitter:data1\" content=\"Florent Rrahmani\" \/>\n\t<meta name=\"twitter:label2\" content=\"\u041f\u0440\u043e\u0446\u0435\u045a\u0435\u043d\u043e \u0432\u0440\u0435\u043c\u0435 \u0447\u0438\u0442\u0430\u045a\u0430\" \/>\n\t<meta name=\"twitter:data2\" content=\"7 \u043c\u0438\u043d\u0443\u0442\u0430\" \/>\n<script type=\"application\/ld+json\" class=\"yoast-schema-graph\">{\"@context\":\"https:\/\/schema.org\",\"@graph\":[{\"@type\":\"WebPage\",\"@id\":\"https:\/\/president-ksgov.net\/sr\/govor-predsednice-osmani-na-svecanoj-sednici-u-skupstini-opstine-pristina-povodom-dana-zena\/\",\"url\":\"https:\/\/president-ksgov.net\/sr\/govor-predsednice-osmani-na-svecanoj-sednici-u-skupstini-opstine-pristina-povodom-dana-zena\/\",\"name\":\"Govor predsednice Osmani na Sve\u010danoj sednici u Skup\u0161tini op\u0161tine Pri\u0161tina povodom Dana \u017eena - Predsednik Republike Kosovo - DR. VJOSA OSMANI - SADRIU\",\"isPartOf\":{\"@id\":\"https:\/\/president-ksgov.net\/#website\"},\"primaryImageOfPage\":{\"@id\":\"https:\/\/president-ksgov.net\/sr\/govor-predsednice-osmani-na-svecanoj-sednici-u-skupstini-opstine-pristina-povodom-dana-zena\/#primaryimage\"},\"image\":{\"@id\":\"https:\/\/president-ksgov.net\/sr\/govor-predsednice-osmani-na-svecanoj-sednici-u-skupstini-opstine-pristina-povodom-dana-zena\/#primaryimage\"},\"thumbnailUrl\":\"https:\/\/president-ksgov.net\/wp-content\/uploads\/DSC_7443.jpg\",\"datePublished\":\"2023-03-08T19:30:08+00:00\",\"dateModified\":\"2026-01-28T08:05:46+00:00\",\"author\":{\"@id\":\"https:\/\/president-ksgov.net\/#\/schema\/person\/7c46f744a99d3f1616b92658282aa934\"},\"description\":\"Govor predsednice Osmani na Sve\u010danoj sednici u Skup\u0161tini op\u0161tine Pri\u0161tina povodom Dana \u017eena - Predsednik Republike Kosovo - DR. VJOSA OSMANI - SADRIU -\",\"breadcrumb\":{\"@id\":\"https:\/\/president-ksgov.net\/sr\/govor-predsednice-osmani-na-svecanoj-sednici-u-skupstini-opstine-pristina-povodom-dana-zena\/#breadcrumb\"},\"inLanguage\":\"sr-RS\",\"potentialAction\":[{\"@type\":\"ReadAction\",\"target\":[\"https:\/\/president-ksgov.net\/sr\/govor-predsednice-osmani-na-svecanoj-sednici-u-skupstini-opstine-pristina-povodom-dana-zena\/\"]}]},{\"@type\":\"ImageObject\",\"inLanguage\":\"sr-RS\",\"@id\":\"https:\/\/president-ksgov.net\/sr\/govor-predsednice-osmani-na-svecanoj-sednici-u-skupstini-opstine-pristina-povodom-dana-zena\/#primaryimage\",\"url\":\"https:\/\/president-ksgov.net\/wp-content\/uploads\/DSC_7443.jpg\",\"contentUrl\":\"https:\/\/president-ksgov.net\/wp-content\/uploads\/DSC_7443.jpg\",\"width\":2500,\"height\":1667},{\"@type\":\"BreadcrumbList\",\"@id\":\"https:\/\/president-ksgov.net\/sr\/govor-predsednice-osmani-na-svecanoj-sednici-u-skupstini-opstine-pristina-povodom-dana-zena\/#breadcrumb\",\"itemListElement\":[{\"@type\":\"ListItem\",\"position\":1,\"name\":\"Home\",\"item\":\"https:\/\/president-ksgov.net\/sr\/\"},{\"@type\":\"ListItem\",\"position\":2,\"name\":\"Govor predsednice Osmani na Sve\u010danoj sednici u Skup\u0161tini op\u0161tine Pri\u0161tina povodom Dana \u017eena\"}]},{\"@type\":\"WebSite\",\"@id\":\"https:\/\/president-ksgov.net\/#website\",\"url\":\"https:\/\/president-ksgov.net\/\",\"name\":\"Presidente e Republik\u00ebs s\u00eb Kosov\u00ebs\",\"description\":\"Presidente e Republik\u00ebs s\u00eb Kosov\u00ebs\",\"alternateName\":\"DR. VJOSA OSMANI - SADRIU\",\"potentialAction\":[{\"@type\":\"SearchAction\",\"target\":{\"@type\":\"EntryPoint\",\"urlTemplate\":\"https:\/\/president-ksgov.net\/?s={search_term_string}\"},\"query-input\":{\"@type\":\"PropertyValueSpecification\",\"valueRequired\":true,\"valueName\":\"search_term_string\"}}],\"inLanguage\":\"sr-RS\"},{\"@type\":\"Person\",\"@id\":\"https:\/\/president-ksgov.net\/#\/schema\/person\/7c46f744a99d3f1616b92658282aa934\",\"name\":\"Florent Rrahmani\",\"image\":{\"@type\":\"ImageObject\",\"inLanguage\":\"sr-RS\",\"@id\":\"https:\/\/president-ksgov.net\/#\/schema\/person\/image\/\",\"url\":\"https:\/\/secure.gravatar.com\/avatar\/2545924aa250de68ac8368367a79b663e59571cd131611f54c89b0613a94e230?s=96&d=mm&r=g\",\"contentUrl\":\"https:\/\/secure.gravatar.com\/avatar\/2545924aa250de68ac8368367a79b663e59571cd131611f54c89b0613a94e230?s=96&d=mm&r=g\",\"caption\":\"Florent Rrahmani\"}}]}<\/script>\n<!-- \/ Yoast SEO plugin. -->","yoast_head_json":{"title":"Govor predsednice Osmani na Sve\u010danoj sednici u Skup\u0161tini op\u0161tine Pri\u0161tina povodom Dana \u017eena - Predsednik Republike Kosovo - DR. VJOSA OSMANI - SADRIU","description":"Govor predsednice Osmani na Sve\u010danoj sednici u Skup\u0161tini op\u0161tine Pri\u0161tina povodom Dana \u017eena - Predsednik Republike Kosovo - DR. VJOSA OSMANI - SADRIU -","robots":{"index":"index","follow":"follow","max-snippet":"max-snippet:-1","max-image-preview":"max-image-preview:large","max-video-preview":"max-video-preview:-1"},"canonical":"https:\/\/president-ksgov.net\/sr\/govor-predsednice-osmani-na-svecanoj-sednici-u-skupstini-opstine-pristina-povodom-dana-zena\/","og_locale":"sr_RS","og_type":"article","og_title":"Govor predsednice Osmani na Sve\u010danoj sednici u Skup\u0161tini op\u0161tine Pri\u0161tina povodom Dana \u017eena - Predsednik Republike Kosovo - DR. VJOSA OSMANI - SADRIU","og_description":"Govor predsednice Osmani na Sve\u010danoj sednici u Skup\u0161tini op\u0161tine Pri\u0161tina povodom Dana \u017eena - Predsednik Republike Kosovo - DR. VJOSA OSMANI - SADRIU -","og_url":"https:\/\/president-ksgov.net\/sr\/govor-predsednice-osmani-na-svecanoj-sednici-u-skupstini-opstine-pristina-povodom-dana-zena\/","og_site_name":"Predsednik Republike Kosovo - DR. VJOSA OSMANI - SADRIU","article_published_time":"2023-03-08T19:30:08+00:00","article_modified_time":"2026-01-28T08:05:46+00:00","og_image":[{"width":1024,"height":683,"url":"https:\/\/president-ksgov.net\/wp-content\/uploads\/DSC_7443-1024x683.jpg","type":"image\/jpeg"}],"author":"Florent Rrahmani","twitter_card":"summary_large_image","twitter_misc":{"\u041d\u0430\u043f\u0438\u0441\u0430\u043d\u043e \u043e\u0434":"Florent Rrahmani","\u041f\u0440\u043e\u0446\u0435\u045a\u0435\u043d\u043e \u0432\u0440\u0435\u043c\u0435 \u0447\u0438\u0442\u0430\u045a\u0430":"7 \u043c\u0438\u043d\u0443\u0442\u0430"},"schema":{"@context":"https:\/\/schema.org","@graph":[{"@type":"WebPage","@id":"https:\/\/president-ksgov.net\/sr\/govor-predsednice-osmani-na-svecanoj-sednici-u-skupstini-opstine-pristina-povodom-dana-zena\/","url":"https:\/\/president-ksgov.net\/sr\/govor-predsednice-osmani-na-svecanoj-sednici-u-skupstini-opstine-pristina-povodom-dana-zena\/","name":"Govor predsednice Osmani na Sve\u010danoj sednici u Skup\u0161tini op\u0161tine Pri\u0161tina povodom Dana \u017eena - Predsednik Republike Kosovo - DR. VJOSA OSMANI - SADRIU","isPartOf":{"@id":"https:\/\/president-ksgov.net\/#website"},"primaryImageOfPage":{"@id":"https:\/\/president-ksgov.net\/sr\/govor-predsednice-osmani-na-svecanoj-sednici-u-skupstini-opstine-pristina-povodom-dana-zena\/#primaryimage"},"image":{"@id":"https:\/\/president-ksgov.net\/sr\/govor-predsednice-osmani-na-svecanoj-sednici-u-skupstini-opstine-pristina-povodom-dana-zena\/#primaryimage"},"thumbnailUrl":"https:\/\/president-ksgov.net\/wp-content\/uploads\/DSC_7443.jpg","datePublished":"2023-03-08T19:30:08+00:00","dateModified":"2026-01-28T08:05:46+00:00","author":{"@id":"https:\/\/president-ksgov.net\/#\/schema\/person\/7c46f744a99d3f1616b92658282aa934"},"description":"Govor predsednice Osmani na Sve\u010danoj sednici u Skup\u0161tini op\u0161tine Pri\u0161tina povodom Dana \u017eena - Predsednik Republike Kosovo - DR. VJOSA OSMANI - SADRIU -","breadcrumb":{"@id":"https:\/\/president-ksgov.net\/sr\/govor-predsednice-osmani-na-svecanoj-sednici-u-skupstini-opstine-pristina-povodom-dana-zena\/#breadcrumb"},"inLanguage":"sr-RS","potentialAction":[{"@type":"ReadAction","target":["https:\/\/president-ksgov.net\/sr\/govor-predsednice-osmani-na-svecanoj-sednici-u-skupstini-opstine-pristina-povodom-dana-zena\/"]}]},{"@type":"ImageObject","inLanguage":"sr-RS","@id":"https:\/\/president-ksgov.net\/sr\/govor-predsednice-osmani-na-svecanoj-sednici-u-skupstini-opstine-pristina-povodom-dana-zena\/#primaryimage","url":"https:\/\/president-ksgov.net\/wp-content\/uploads\/DSC_7443.jpg","contentUrl":"https:\/\/president-ksgov.net\/wp-content\/uploads\/DSC_7443.jpg","width":2500,"height":1667},{"@type":"BreadcrumbList","@id":"https:\/\/president-ksgov.net\/sr\/govor-predsednice-osmani-na-svecanoj-sednici-u-skupstini-opstine-pristina-povodom-dana-zena\/#breadcrumb","itemListElement":[{"@type":"ListItem","position":1,"name":"Home","item":"https:\/\/president-ksgov.net\/sr\/"},{"@type":"ListItem","position":2,"name":"Govor predsednice Osmani na Sve\u010danoj sednici u Skup\u0161tini op\u0161tine Pri\u0161tina povodom Dana \u017eena"}]},{"@type":"WebSite","@id":"https:\/\/president-ksgov.net\/#website","url":"https:\/\/president-ksgov.net\/","name":"Presidente e Republik\u00ebs s\u00eb Kosov\u00ebs","description":"Presidente e Republik\u00ebs s\u00eb Kosov\u00ebs","alternateName":"DR. VJOSA OSMANI - SADRIU","potentialAction":[{"@type":"SearchAction","target":{"@type":"EntryPoint","urlTemplate":"https:\/\/president-ksgov.net\/?s={search_term_string}"},"query-input":{"@type":"PropertyValueSpecification","valueRequired":true,"valueName":"search_term_string"}}],"inLanguage":"sr-RS"},{"@type":"Person","@id":"https:\/\/president-ksgov.net\/#\/schema\/person\/7c46f744a99d3f1616b92658282aa934","name":"Florent Rrahmani","image":{"@type":"ImageObject","inLanguage":"sr-RS","@id":"https:\/\/president-ksgov.net\/#\/schema\/person\/image\/","url":"https:\/\/secure.gravatar.com\/avatar\/2545924aa250de68ac8368367a79b663e59571cd131611f54c89b0613a94e230?s=96&d=mm&r=g","contentUrl":"https:\/\/secure.gravatar.com\/avatar\/2545924aa250de68ac8368367a79b663e59571cd131611f54c89b0613a94e230?s=96&d=mm&r=g","caption":"Florent Rrahmani"}}]}},"_links":{"self":[{"href":"https:\/\/president-ksgov.net\/sr\/wp-json\/wp\/v2\/posts\/93087","targetHints":{"allow":["GET"]}}],"collection":[{"href":"https:\/\/president-ksgov.net\/sr\/wp-json\/wp\/v2\/posts"}],"about":[{"href":"https:\/\/president-ksgov.net\/sr\/wp-json\/wp\/v2\/types\/post"}],"author":[{"embeddable":true,"href":"https:\/\/president-ksgov.net\/sr\/wp-json\/wp\/v2\/users\/9"}],"replies":[{"embeddable":true,"href":"https:\/\/president-ksgov.net\/sr\/wp-json\/wp\/v2\/comments?post=93087"}],"version-history":[{"count":2,"href":"https:\/\/president-ksgov.net\/sr\/wp-json\/wp\/v2\/posts\/93087\/revisions"}],"predecessor-version":[{"id":180904,"href":"https:\/\/president-ksgov.net\/sr\/wp-json\/wp\/v2\/posts\/93087\/revisions\/180904"}],"wp:featuredmedia":[{"embeddable":true,"href":"https:\/\/president-ksgov.net\/sr\/wp-json\/wp\/v2\/media\/82191"}],"wp:attachment":[{"href":"https:\/\/president-ksgov.net\/sr\/wp-json\/wp\/v2\/media?parent=93087"}],"wp:term":[{"taxonomy":"category","embeddable":true,"href":"https:\/\/president-ksgov.net\/sr\/wp-json\/wp\/v2\/categories?post=93087"},{"taxonomy":"post_tag","embeddable":true,"href":"https:\/\/president-ksgov.net\/sr\/wp-json\/wp\/v2\/tags?post=93087"}],"curies":[{"name":"wp","href":"https:\/\/api.w.org\/{rel}","templated":true}]}}