{"id":93071,"date":"2023-05-20T19:27:50","date_gmt":"2023-05-20T17:27:50","guid":{"rendered":"https:\/\/president-ksgov.net\/?p=93071"},"modified":"2023-06-26T13:38:51","modified_gmt":"2023-06-26T11:38:51","slug":"predsednica-osmani-se-u-podgorici-sastala-sa-specijalnim-izaslanikom-sad-a-za-zapadni-balkan-gospodinom-gabrielom-escobarom","status":"publish","type":"post","link":"https:\/\/president-ksgov.net\/sr\/predsednica-osmani-se-u-podgorici-sastala-sa-specijalnim-izaslanikom-sad-a-za-zapadni-balkan-gospodinom-gabrielom-escobarom\/","title":{"rendered":"Predsednica Osmani se u Podgorici sastala sa specijalnim izaslanikom SAD-a za Zapadni Balkan, gospodinom Gabrielom Escobarom"},"content":{"rendered":"<p>Predsednica Republike Kosovo Vjosa Osmani je tokom boravka u Crnoj Gori, nakon u\u010de\u0161\u0107a na inauguraciji novog predsednika ove zemlje, gospodina Jakova Milatovi\u0107a, odr\u017eala sastanak u Podgorici sa specijalnim izaslanikom SAD-a za zapadni Balkan g. Gabrielom Escobarom.<\/p>\n<p>Na sastanku je razgovarano o poslednjim de\u0161avanjima na Kosovu i u regionu, sa posebnim osvrtom na sprovo\u0111enje sporazuma sa Srbijom postignutih u Briselu i Ohridu.<\/p>\n<p>Predsednica Osmani je istakla da je Kosovo konstruktivna strana i da primena sporazuma mora biti potpuna, a da se moraju spre\u010diti napori Srbije da podriva njihovu primenu.<\/p>\n<p>U tom kontekstu, predsednica Osmani je naglasila da je Republika Kosovo pristala na sprovo\u0111enje sporazuma postignutih u Briselu i Ohridu, u celini i bez preduslova koji imaju za cilj da se fokusiraju samo na jedan \u010dlan ili deo sporazuma.<\/p>\n<p>Predsednica Osmani je zahvalila Sjedinjenim Ameri\u010dkim Dr\u017eavama na njihovoj kontinuiranoj podr\u0161ci i garanciji da je ceo proces u skladu sa Ustavom Kosova i u cilju o\u010duvanja funkcionalnosti dr\u017eave i ubrzanja me\u0111unarodne integracije na\u0161e zemlje.<\/p>\n","protected":false},"excerpt":{"rendered":"<p>Predsednica Republike Kosovo Vjosa Osmani je tokom boravka u Crnoj Gori, nakon u\u010de\u0161\u0107a na inauguraciji novog predsednika ove zemlje, gospodina Jakova Milatovi\u0107a, odr\u017eala sastanak u Podgorici sa specijalnim izaslanikom SAD-a za zapadni Balkan g. Gabrielom Escobarom. Na sastanku je razgovarano o poslednjim de\u0161avanjima na Kosovu i u regionu, sa posebnim osvrtom na sprovo\u0111enje sporazuma sa Srbijom postignutih u Briselu i Ohridu. Predsednica Osmani je istakla da je Kosovo konstruktivna strana i da primena sporazuma mora biti potpuna, a da se moraju spre\u010diti napori Srbije da podriva njihovu primenu. U tom kontekstu, predsednica Osmani je naglasila da je Republika Kosovo pristala na sprovo\u0111enje sporazuma postignutih u Briselu i Ohridu, u celini i bez preduslova koji imaju za cilj da se fokusiraju samo na jedan \u010dlan ili deo sporazuma. Predsednica Osmani je zahvalila Sjedinjenim Ameri\u010dkim Dr\u017eavama na njihovoj kontinuiranoj podr\u0161ci i garanciji da je ceo proces u skladu sa Ustavom Kosova i u cilju o\u010duvanja funkcionalnosti dr\u017eave i ubrzanja me\u0111unarodne integracije na\u0161e zemlje.<\/p>\n","protected":false},"author":9,"featured_media":90975,"comment_status":"open","ping_status":"closed","sticky":false,"template":"","format":"standard","meta":{"_eb_attr":"","footnotes":""},"categories":[101],"tags":[],"class_list":["post-93071","post","type-post","status-publish","format-standard","has-post-thumbnail","hentry","category-vesti"],"yoast_head":"<!-- This site is optimized with the Yoast SEO plugin v23.5 - https:\/\/yoast.com\/wordpress\/plugins\/seo\/ -->\n<title>Predsednica Osmani se u Podgorici sastala sa specijalnim izaslanikom SAD-a za Zapadni Balkan, gospodinom Gabrielom Escobarom - Predsednik Republike Kosovo - DR. VJOSA OSMANI - SADRIU<\/title>\n<meta name=\"description\" content=\"Predsednica Osmani se u Podgorici sastala sa specijalnim izaslanikom SAD-a za Zapadni Balkan, gospodinom Gabrielom Escobarom - Predsednik Republike Kosovo - DR. VJOSA OSMANI - SADRIU -\" \/>\n<meta name=\"robots\" content=\"index, follow, max-snippet:-1, max-image-preview:large, max-video-preview:-1\" \/>\n<link rel=\"canonical\" href=\"https:\/\/president-ksgov.net\/sr\/predsednica-osmani-se-u-podgorici-sastala-sa-specijalnim-izaslanikom-sad-a-za-zapadni-balkan-gospodinom-gabrielom-escobarom\/\" \/>\n<meta property=\"og:locale\" content=\"sr_RS\" \/>\n<meta property=\"og:type\" content=\"article\" \/>\n<meta property=\"og:title\" content=\"Predsednica Osmani se u Podgorici sastala sa specijalnim izaslanikom SAD-a za Zapadni Balkan, gospodinom Gabrielom Escobarom - Predsednik Republike Kosovo - DR. VJOSA OSMANI - SADRIU\" \/>\n<meta property=\"og:description\" content=\"Predsednica Osmani se u Podgorici sastala sa specijalnim izaslanikom SAD-a za Zapadni Balkan, gospodinom Gabrielom Escobarom - Predsednik Republike Kosovo - DR. VJOSA OSMANI - SADRIU -\" \/>\n<meta property=\"og:url\" content=\"https:\/\/president-ksgov.net\/sr\/predsednica-osmani-se-u-podgorici-sastala-sa-specijalnim-izaslanikom-sad-a-za-zapadni-balkan-gospodinom-gabrielom-escobarom\/\" \/>\n<meta property=\"og:site_name\" content=\"Predsednik Republike Kosovo - DR. VJOSA OSMANI - SADRIU\" \/>\n<meta property=\"article:published_time\" content=\"2023-05-20T17:27:50+00:00\" \/>\n<meta property=\"article:modified_time\" content=\"2023-06-26T11:38:51+00:00\" \/>\n<meta property=\"og:image\" content=\"https:\/\/president-ksgov.net\/wp-content\/uploads\/podgorice1.jpg\" \/>\n\t<meta property=\"og:image:width\" content=\"2048\" \/>\n\t<meta property=\"og:image:height\" content=\"1365\" \/>\n\t<meta property=\"og:image:type\" content=\"image\/jpeg\" \/>\n<meta name=\"author\" content=\"Florent Rrahmani\" \/>\n<meta name=\"twitter:card\" content=\"summary_large_image\" \/>\n<meta name=\"twitter:label1\" content=\"\u041d\u0430\u043f\u0438\u0441\u0430\u043d\u043e \u043e\u0434\" \/>\n\t<meta name=\"twitter:data1\" content=\"Florent Rrahmani\" \/>\n\t<meta name=\"twitter:label2\" content=\"\u041f\u0440\u043e\u0446\u0435\u045a\u0435\u043d\u043e \u0432\u0440\u0435\u043c\u0435 \u0447\u0438\u0442\u0430\u045a\u0430\" \/>\n\t<meta name=\"twitter:data2\" content=\"1 \u043c\u0438\u043d\u0443\u0442\" \/>\n<script type=\"application\/ld+json\" class=\"yoast-schema-graph\">{\"@context\":\"https:\/\/schema.org\",\"@graph\":[{\"@type\":\"WebPage\",\"@id\":\"https:\/\/president-ksgov.net\/sr\/predsednica-osmani-se-u-podgorici-sastala-sa-specijalnim-izaslanikom-sad-a-za-zapadni-balkan-gospodinom-gabrielom-escobarom\/\",\"url\":\"https:\/\/president-ksgov.net\/sr\/predsednica-osmani-se-u-podgorici-sastala-sa-specijalnim-izaslanikom-sad-a-za-zapadni-balkan-gospodinom-gabrielom-escobarom\/\",\"name\":\"Predsednica Osmani se u Podgorici sastala sa specijalnim izaslanikom SAD-a za Zapadni Balkan, gospodinom Gabrielom Escobarom - Predsednik Republike Kosovo - DR. VJOSA OSMANI - SADRIU\",\"isPartOf\":{\"@id\":\"https:\/\/president-ksgov.net\/#website\"},\"primaryImageOfPage\":{\"@id\":\"https:\/\/president-ksgov.net\/sr\/predsednica-osmani-se-u-podgorici-sastala-sa-specijalnim-izaslanikom-sad-a-za-zapadni-balkan-gospodinom-gabrielom-escobarom\/#primaryimage\"},\"image\":{\"@id\":\"https:\/\/president-ksgov.net\/sr\/predsednica-osmani-se-u-podgorici-sastala-sa-specijalnim-izaslanikom-sad-a-za-zapadni-balkan-gospodinom-gabrielom-escobarom\/#primaryimage\"},\"thumbnailUrl\":\"https:\/\/president-ksgov.net\/wp-content\/uploads\/podgorice1.jpg\",\"datePublished\":\"2023-05-20T17:27:50+00:00\",\"dateModified\":\"2023-06-26T11:38:51+00:00\",\"author\":{\"@id\":\"https:\/\/president-ksgov.net\/#\/schema\/person\/7c46f744a99d3f1616b92658282aa934\"},\"description\":\"Predsednica Osmani se u Podgorici sastala sa specijalnim izaslanikom SAD-a za Zapadni Balkan, gospodinom Gabrielom Escobarom - Predsednik Republike Kosovo - DR. VJOSA OSMANI - SADRIU -\",\"breadcrumb\":{\"@id\":\"https:\/\/president-ksgov.net\/sr\/predsednica-osmani-se-u-podgorici-sastala-sa-specijalnim-izaslanikom-sad-a-za-zapadni-balkan-gospodinom-gabrielom-escobarom\/#breadcrumb\"},\"inLanguage\":\"sr-RS\",\"potentialAction\":[{\"@type\":\"ReadAction\",\"target\":[\"https:\/\/president-ksgov.net\/sr\/predsednica-osmani-se-u-podgorici-sastala-sa-specijalnim-izaslanikom-sad-a-za-zapadni-balkan-gospodinom-gabrielom-escobarom\/\"]}]},{\"@type\":\"ImageObject\",\"inLanguage\":\"sr-RS\",\"@id\":\"https:\/\/president-ksgov.net\/sr\/predsednica-osmani-se-u-podgorici-sastala-sa-specijalnim-izaslanikom-sad-a-za-zapadni-balkan-gospodinom-gabrielom-escobarom\/#primaryimage\",\"url\":\"https:\/\/president-ksgov.net\/wp-content\/uploads\/podgorice1.jpg\",\"contentUrl\":\"https:\/\/president-ksgov.net\/wp-content\/uploads\/podgorice1.jpg\",\"width\":2048,\"height\":1365},{\"@type\":\"BreadcrumbList\",\"@id\":\"https:\/\/president-ksgov.net\/sr\/predsednica-osmani-se-u-podgorici-sastala-sa-specijalnim-izaslanikom-sad-a-za-zapadni-balkan-gospodinom-gabrielom-escobarom\/#breadcrumb\",\"itemListElement\":[{\"@type\":\"ListItem\",\"position\":1,\"name\":\"Home\",\"item\":\"https:\/\/president-ksgov.net\/sr\/\"},{\"@type\":\"ListItem\",\"position\":2,\"name\":\"Predsednica Osmani se u Podgorici sastala sa specijalnim izaslanikom SAD-a za Zapadni Balkan, gospodinom Gabrielom Escobarom\"}]},{\"@type\":\"WebSite\",\"@id\":\"https:\/\/president-ksgov.net\/#website\",\"url\":\"https:\/\/president-ksgov.net\/\",\"name\":\"Presidente e Republik\u00ebs s\u00eb Kosov\u00ebs\",\"description\":\"Presidente e Republik\u00ebs s\u00eb Kosov\u00ebs\",\"alternateName\":\"DR. VJOSA OSMANI - SADRIU\",\"potentialAction\":[{\"@type\":\"SearchAction\",\"target\":{\"@type\":\"EntryPoint\",\"urlTemplate\":\"https:\/\/president-ksgov.net\/?s={search_term_string}\"},\"query-input\":{\"@type\":\"PropertyValueSpecification\",\"valueRequired\":true,\"valueName\":\"search_term_string\"}}],\"inLanguage\":\"sr-RS\"},{\"@type\":\"Person\",\"@id\":\"https:\/\/president-ksgov.net\/#\/schema\/person\/7c46f744a99d3f1616b92658282aa934\",\"name\":\"Florent Rrahmani\",\"image\":{\"@type\":\"ImageObject\",\"inLanguage\":\"sr-RS\",\"@id\":\"https:\/\/president-ksgov.net\/#\/schema\/person\/image\/\",\"url\":\"https:\/\/secure.gravatar.com\/avatar\/2545924aa250de68ac8368367a79b663e59571cd131611f54c89b0613a94e230?s=96&d=mm&r=g\",\"contentUrl\":\"https:\/\/secure.gravatar.com\/avatar\/2545924aa250de68ac8368367a79b663e59571cd131611f54c89b0613a94e230?s=96&d=mm&r=g\",\"caption\":\"Florent Rrahmani\"}}]}<\/script>\n<!-- \/ Yoast SEO plugin. -->","yoast_head_json":{"title":"Predsednica Osmani se u Podgorici sastala sa specijalnim izaslanikom SAD-a za Zapadni Balkan, gospodinom Gabrielom Escobarom - Predsednik Republike Kosovo - DR. VJOSA OSMANI - SADRIU","description":"Predsednica Osmani se u Podgorici sastala sa specijalnim izaslanikom SAD-a za Zapadni Balkan, gospodinom Gabrielom Escobarom - Predsednik Republike Kosovo - DR. VJOSA OSMANI - SADRIU -","robots":{"index":"index","follow":"follow","max-snippet":"max-snippet:-1","max-image-preview":"max-image-preview:large","max-video-preview":"max-video-preview:-1"},"canonical":"https:\/\/president-ksgov.net\/sr\/predsednica-osmani-se-u-podgorici-sastala-sa-specijalnim-izaslanikom-sad-a-za-zapadni-balkan-gospodinom-gabrielom-escobarom\/","og_locale":"sr_RS","og_type":"article","og_title":"Predsednica Osmani se u Podgorici sastala sa specijalnim izaslanikom SAD-a za Zapadni Balkan, gospodinom Gabrielom Escobarom - Predsednik Republike Kosovo - DR. VJOSA OSMANI - SADRIU","og_description":"Predsednica Osmani se u Podgorici sastala sa specijalnim izaslanikom SAD-a za Zapadni Balkan, gospodinom Gabrielom Escobarom - Predsednik Republike Kosovo - DR. VJOSA OSMANI - SADRIU -","og_url":"https:\/\/president-ksgov.net\/sr\/predsednica-osmani-se-u-podgorici-sastala-sa-specijalnim-izaslanikom-sad-a-za-zapadni-balkan-gospodinom-gabrielom-escobarom\/","og_site_name":"Predsednik Republike Kosovo - DR. VJOSA OSMANI - SADRIU","article_published_time":"2023-05-20T17:27:50+00:00","article_modified_time":"2023-06-26T11:38:51+00:00","og_image":[{"width":2048,"height":1365,"url":"https:\/\/president-ksgov.net\/wp-content\/uploads\/podgorice1.jpg","type":"image\/jpeg"}],"author":"Florent Rrahmani","twitter_card":"summary_large_image","twitter_misc":{"\u041d\u0430\u043f\u0438\u0441\u0430\u043d\u043e \u043e\u0434":"Florent Rrahmani","\u041f\u0440\u043e\u0446\u0435\u045a\u0435\u043d\u043e \u0432\u0440\u0435\u043c\u0435 \u0447\u0438\u0442\u0430\u045a\u0430":"1 \u043c\u0438\u043d\u0443\u0442"},"schema":{"@context":"https:\/\/schema.org","@graph":[{"@type":"WebPage","@id":"https:\/\/president-ksgov.net\/sr\/predsednica-osmani-se-u-podgorici-sastala-sa-specijalnim-izaslanikom-sad-a-za-zapadni-balkan-gospodinom-gabrielom-escobarom\/","url":"https:\/\/president-ksgov.net\/sr\/predsednica-osmani-se-u-podgorici-sastala-sa-specijalnim-izaslanikom-sad-a-za-zapadni-balkan-gospodinom-gabrielom-escobarom\/","name":"Predsednica Osmani se u Podgorici sastala sa specijalnim izaslanikom SAD-a za Zapadni Balkan, gospodinom Gabrielom Escobarom - Predsednik Republike Kosovo - DR. VJOSA OSMANI - SADRIU","isPartOf":{"@id":"https:\/\/president-ksgov.net\/#website"},"primaryImageOfPage":{"@id":"https:\/\/president-ksgov.net\/sr\/predsednica-osmani-se-u-podgorici-sastala-sa-specijalnim-izaslanikom-sad-a-za-zapadni-balkan-gospodinom-gabrielom-escobarom\/#primaryimage"},"image":{"@id":"https:\/\/president-ksgov.net\/sr\/predsednica-osmani-se-u-podgorici-sastala-sa-specijalnim-izaslanikom-sad-a-za-zapadni-balkan-gospodinom-gabrielom-escobarom\/#primaryimage"},"thumbnailUrl":"https:\/\/president-ksgov.net\/wp-content\/uploads\/podgorice1.jpg","datePublished":"2023-05-20T17:27:50+00:00","dateModified":"2023-06-26T11:38:51+00:00","author":{"@id":"https:\/\/president-ksgov.net\/#\/schema\/person\/7c46f744a99d3f1616b92658282aa934"},"description":"Predsednica Osmani se u Podgorici sastala sa specijalnim izaslanikom SAD-a za Zapadni Balkan, gospodinom Gabrielom Escobarom - Predsednik Republike Kosovo - DR. VJOSA OSMANI - SADRIU -","breadcrumb":{"@id":"https:\/\/president-ksgov.net\/sr\/predsednica-osmani-se-u-podgorici-sastala-sa-specijalnim-izaslanikom-sad-a-za-zapadni-balkan-gospodinom-gabrielom-escobarom\/#breadcrumb"},"inLanguage":"sr-RS","potentialAction":[{"@type":"ReadAction","target":["https:\/\/president-ksgov.net\/sr\/predsednica-osmani-se-u-podgorici-sastala-sa-specijalnim-izaslanikom-sad-a-za-zapadni-balkan-gospodinom-gabrielom-escobarom\/"]}]},{"@type":"ImageObject","inLanguage":"sr-RS","@id":"https:\/\/president-ksgov.net\/sr\/predsednica-osmani-se-u-podgorici-sastala-sa-specijalnim-izaslanikom-sad-a-za-zapadni-balkan-gospodinom-gabrielom-escobarom\/#primaryimage","url":"https:\/\/president-ksgov.net\/wp-content\/uploads\/podgorice1.jpg","contentUrl":"https:\/\/president-ksgov.net\/wp-content\/uploads\/podgorice1.jpg","width":2048,"height":1365},{"@type":"BreadcrumbList","@id":"https:\/\/president-ksgov.net\/sr\/predsednica-osmani-se-u-podgorici-sastala-sa-specijalnim-izaslanikom-sad-a-za-zapadni-balkan-gospodinom-gabrielom-escobarom\/#breadcrumb","itemListElement":[{"@type":"ListItem","position":1,"name":"Home","item":"https:\/\/president-ksgov.net\/sr\/"},{"@type":"ListItem","position":2,"name":"Predsednica Osmani se u Podgorici sastala sa specijalnim izaslanikom SAD-a za Zapadni Balkan, gospodinom Gabrielom Escobarom"}]},{"@type":"WebSite","@id":"https:\/\/president-ksgov.net\/#website","url":"https:\/\/president-ksgov.net\/","name":"Presidente e Republik\u00ebs s\u00eb Kosov\u00ebs","description":"Presidente e Republik\u00ebs s\u00eb Kosov\u00ebs","alternateName":"DR. VJOSA OSMANI - SADRIU","potentialAction":[{"@type":"SearchAction","target":{"@type":"EntryPoint","urlTemplate":"https:\/\/president-ksgov.net\/?s={search_term_string}"},"query-input":{"@type":"PropertyValueSpecification","valueRequired":true,"valueName":"search_term_string"}}],"inLanguage":"sr-RS"},{"@type":"Person","@id":"https:\/\/president-ksgov.net\/#\/schema\/person\/7c46f744a99d3f1616b92658282aa934","name":"Florent Rrahmani","image":{"@type":"ImageObject","inLanguage":"sr-RS","@id":"https:\/\/president-ksgov.net\/#\/schema\/person\/image\/","url":"https:\/\/secure.gravatar.com\/avatar\/2545924aa250de68ac8368367a79b663e59571cd131611f54c89b0613a94e230?s=96&d=mm&r=g","contentUrl":"https:\/\/secure.gravatar.com\/avatar\/2545924aa250de68ac8368367a79b663e59571cd131611f54c89b0613a94e230?s=96&d=mm&r=g","caption":"Florent Rrahmani"}}]}},"_links":{"self":[{"href":"https:\/\/president-ksgov.net\/sr\/wp-json\/wp\/v2\/posts\/93071","targetHints":{"allow":["GET"]}}],"collection":[{"href":"https:\/\/president-ksgov.net\/sr\/wp-json\/wp\/v2\/posts"}],"about":[{"href":"https:\/\/president-ksgov.net\/sr\/wp-json\/wp\/v2\/types\/post"}],"author":[{"embeddable":true,"href":"https:\/\/president-ksgov.net\/sr\/wp-json\/wp\/v2\/users\/9"}],"replies":[{"embeddable":true,"href":"https:\/\/president-ksgov.net\/sr\/wp-json\/wp\/v2\/comments?post=93071"}],"version-history":[{"count":1,"href":"https:\/\/president-ksgov.net\/sr\/wp-json\/wp\/v2\/posts\/93071\/revisions"}],"predecessor-version":[{"id":93072,"href":"https:\/\/president-ksgov.net\/sr\/wp-json\/wp\/v2\/posts\/93071\/revisions\/93072"}],"wp:featuredmedia":[{"embeddable":true,"href":"https:\/\/president-ksgov.net\/sr\/wp-json\/wp\/v2\/media\/90975"}],"wp:attachment":[{"href":"https:\/\/president-ksgov.net\/sr\/wp-json\/wp\/v2\/media?parent=93071"}],"wp:term":[{"taxonomy":"category","embeddable":true,"href":"https:\/\/president-ksgov.net\/sr\/wp-json\/wp\/v2\/categories?post=93071"},{"taxonomy":"post_tag","embeddable":true,"href":"https:\/\/president-ksgov.net\/sr\/wp-json\/wp\/v2\/tags?post=93071"}],"curies":[{"name":"wp","href":"https:\/\/api.w.org\/{rel}","templated":true}]}}