{"id":93069,"date":"2023-04-07T14:35:03","date_gmt":"2023-04-07T12:35:03","guid":{"rendered":"https:\/\/president-ksgov.net\/?p=93069"},"modified":"2026-01-28T09:12:26","modified_gmt":"2026-01-28T08:12:26","slug":"danasnji-govor-predsednice-osmani-o-15-godisnjici-ustava-republike-kosovo-na-konferenciji-grupe-za-balkan-bprg","status":"publish","type":"post","link":"https:\/\/president-ksgov.net\/sr\/danasnji-govor-predsednice-osmani-o-15-godisnjici-ustava-republike-kosovo-na-konferenciji-grupe-za-balkan-bprg\/","title":{"rendered":"Dana\u0161nji govor predsednice Osmani o 15. godi\u0161njici Ustava Republike Kosovo, na konferenciji Grupe za Balkan (BPRG)"},"content":{"rendered":"<p>Po\u0161tovani predsedni\u010de Skup\u0161tine,<br \/>\nGospo\u0111o predsednice Ustavnog suda,<br \/>\nAmbasadore Grondahl,<br \/>\nPo\u0161tovani profesore Ku\u00e7i,<br \/>\nPo\u0161tovane profesorke i profesori i kolege,<br \/>\nPredstavnici civilnog dru\u0161tva,<\/p>\n<p>Zadovoljstvo mi je da vam se danas obratim na ovom forumu profesionalaca da na taj na\u010din prethodimo obele\u017eavanju dana na\u0161eg Ustava kao glavnog vodi\u010da javnog institucionalnog \u017eivota.<\/p>\n<p>Na 15. godi\u0161njicu u na\u0161eg Ustava, pored najlep\u0161ih \u017eelja svima onima koji su pomogli u izradi Ustava, ali i njegovoj svakodnevnoj primeni, moramo razmisliti i o tome da li ovaj Ustav predstavlja dobru osnovu za napredak na\u0161e zemlje i kako da maksimizira svoju funkcionalnost za potrebe na\u0161eg dru\u0161tva danas.<\/p>\n<p>U okviru ovog razmi\u0161ljanja, va\u017eno je prvo ponoviti zna\u010daj najvi\u0161eg nivoa za\u0161tite prava i sloboda garantovanih ovim Ustavom. Uvek sa velikim ponosom ka\u017eem da smo me\u0111u retkim dr\u017eavama, ako ne i jedine, koje imaju takav nivo garantovanja prava zajednica i njihovih pripadnika, ali i gra\u0111ana uop\u0161te. Ova prava i slobode su su\u0161tina na\u0161ih dru\u0161tvenih vrednosti i kao takve treba da ostanu nedirnute.<\/p>\n<p>Jednako je va\u017eno ponoviti \u010dinjenicu da su ova prava ne samo ostala deklarativno upisana u Ustavu, ve\u0107 se jasno prime\u0107uje da se na\u0161e institucije svakodnevno trude da ih sprovode, a gra\u0111ani se za njih svakodnevno bore.<\/p>\n<p>U idealnom svetu, o\u010dekivali bismo da se ustavna prava i slobode gra\u0111ana prirodno primenjuju i po\u0161tuju od svih. Me\u0111utim, u stvarnosti je va\u017eno da \u010dak i u slu\u010dajevima kada postoji opasnost po ova prava, institucije zemlje reaguju na najbolji, najefikasniji mogu\u0107i na\u010din, uz odgovaraju\u0107e mere uvek u odbrani ovih prava. Iz tog razloga, kontinuirano sam pozivala na pobolj\u0161anje reagovanja institucija za sprovo\u0111enje zakona, posebno u slu\u010dajevima nasilja u porodici i nasilja nad \u017eenama. Tokom ovog perioda mog mandata, predlagala sam i iznosila sam razli\u010dite mere za pobolj\u0161anje reakcijea na\u0161ih institucija u tom pogledu.<\/p>\n<p>Dok svakodnevno radimo na re\u0161avanju ovih izazova, moramo biti motivisani napretkom koji je na\u0161a zemlja nedavno postigla u pogledu garantovanja vladavine prava. Mi smo zemlja sa najvi\u0161im ocenama u regionu, u ocenama World Justice Project, u okviru kojeg se ocenjuje ne samo pravni okvir na\u0161e zemlje, ve\u0107 i institucionalni okvir i primena standarda u praksi.<\/p>\n<p>Veoma sna\u017eno oru\u017eje na\u0161eg Ustava je i institucionalni okvir koji on predvi\u0111a, kao i glavni preduslov da taj okvir pravilno funkcioni\u0161e: podela vlasti i ravnote\u017ea izme\u0111u njih. Upravo ovakva podela vlasti i njihov balans \u0107e obezbediti da na\u0161a zemlja napreduje omogu\u0107avaju\u0107i primenu ostalih delova Ustava, po\u010dev od poglavlja II o pravima i slobodama na\u0161ih gra\u0111ana. Upravo te institucije moraju biti pokrenute kako bi se osiguralo da se po\u0161tuje svako slovo ovog Ustava \u010dak i kada moraju da ispravljaju me\u0111usobnu praksu.<\/p>\n<p>Na\u0161 Ustav je veoma jedinstven i po tome \u0161to predsedniku Republike daje veoma va\u017enu du\u017enost; su\u0161tinsku du\u017enost: da garantuje ustavno funkcionisanje institucija predvi\u0111enih ovim Ustavom. To je jedan od najve\u0107ih du\u017enosti koje ima institucija predsednika. Ovim principom sam se tokom ove dve godine mandata svakodnevno rukovodila i tokom vr\u0161enja drugih nadle\u017enosti, poput onih u oblasti pravosu\u0111a, bezbednosti, spoljne politike i drugih oblasti. S druge strane, sa akademske ta\u010dke gledi\u0161ta, uverena sam da je na\u0161oj zemlji potrebno jo\u0161 mnogo godina vr\u0161enja ove nadle\u017enosti da bi se bolje razumeo njen duboki sadr\u017eaj i efekat koji ima na oblikovanje uloge predsednika u regulisanju institucionalnog \u017eivota, a \u010desto i u prevenciji nenadoknadive \u0161tete koja se mo\u017ee desiti zemlji ako se ne sprovede kako treba. To u mnogim slu\u010dajevima zna\u010di spre\u010davanje \u0161teta koje bi naru\u0161ile i druge institucije i poverenje gra\u0111ana u njih.<\/p>\n<p>Raduje me \u0161to se na ovu godi\u0161njicu Ustava me\u0111u profesionalcima diskutuje \u0161ta na\u0161 Ustav mo\u017ee u\u010diniti vi\u0161e za na\u0161u zemlju. Tokom ovih 15 godina, na\u0161 Ustav je pretrpeo mnoge promene, posebno u okviru me\u0111unarodnih obaveza na\u0161e zemlje, u institucionalnom okviru, kao i u na\u010dinu na koji su one delovale u pro\u0161losti. Njegovu istoriju smo zapo\u010deli sa me\u0111unarodnim institucijama koje su nadgledale nezavisnost na\u0161ih institucija, i koje su se povukle odlukom na\u0161e zemlje.<\/p>\n<p>Na\u0161 Ustav je pretrpeo i druge promene kada ih je na\u0161e dru\u0161tvo smatralo va\u017enim, a verujem da \u0107e se to de\u0161avati i u budu\u0107nosti, uvek da bi \u0161to vi\u0161e slu\u017eio svakodnevnim potrebama dru\u0161tva. U ovom trenutku, pred Ustavnim sudom se ocenjuju i amandmani o vetingu, kao izuzetno va\u017ean proces koji garantuje da na\u0161e pravosudne institucije vode profesionalci sa visokim integritetom. Ovakve promene, verujem, samo \u0107e pomo\u0107i na\u0161em Ustavu da izdr\u017ei test vremena, da ide u korak sa njim i njegovim zahtevima, a pre svega, kao \u0161to sam ranije pomenula, da pove\u0107a poverenje gra\u0111ana u pravosudne institucije.<\/p>\n<p>Pre nego \u0161to zavr\u0161im, ne mogu a da ne govorim o zna\u010daju etike u sprovo\u0111enju zakona i na\u0161eg Ustava. \u017delim da istaknem da zakoni \u2013 u ovom slu\u010daju sam Ustav kao najvi\u0161i pravni akt na\u0161e zemlje \u2013 imaju pun smisao kada slu\u017ee pobolj\u0161anju op\u0161teg blagostanja i unapre\u0111enju individualnih prava kao i kolektivnog interesa.<\/p>\n<p>Stoga, tokom sprovo\u0111enja ovih odredbi, uvek treba postavljati odgovaraju\u0107a pitanja; moramo biti rukovo\u0111eni ispravnim principima; moramo nastojati da se ne udaljimo od moralnog kompasa. Odstupanje od onoga \u0161to je ispravno ponekad mo\u017ee doneti kratkoro\u010dne koristi za odre\u0111ene pojedince ili grupe, ali \u0161teta je uvek dugoro\u010dna i ponekad te\u0161ko nadoknadiva. \u0160teta je izuzetno ozbiljna. Jer, nema ni\u010deg bolnijeg i vi\u0161e razo\u010daravaju\u0107eg za jedno dru\u0161tvo od gubitka vere u pravdu zakona, u etiku zakona. Dakle, jedno je sigurno: \u010dak i kada sada\u0161njost mo\u017ee biti izazvana nepravdom, vreme uvek na\u0111e svoj put da kona\u010dno donese pravdu u zemlji.<\/p>\n<p>Na kraju, \u017eelim da ka\u017eem da, dok proslavljamo ovu 15. godi\u0161njicu, izra\u017eavam punu spremnost kao predsednica Republike Kosovo da nastavimo da budemo zajedno u slu\u017ebi sprovo\u0111enja Ustava zemlje, a pre svega u slu\u017ebi na\u0161e zemlje, kako nala\u017ee Ustav i kako sam postupala od prvog dana na ovoj funkciji.<\/p>\n<p>Hvala vam!<\/p>\n<p><iframe style=\"border: none; overflow: hidden;\" src=\"https:\/\/www.facebook.com\/plugins\/video.php?href=https%3A%2F%2Fwww.facebook.com%2FPresidencaRKS%2Fvideos%2F1575161226312692%2F&amp;show_text=0&amp;width=560\" width=\"560\" height=\"560\" frameborder=\"0\" scrolling=\"no\" allowfullscreen=\"allowfullscreen\"><span data-mce-type=\"bookmark\" style=\"display: inline-block; width: 0px; overflow: hidden; line-height: 0;\" class=\"mce_SELRES_start\">\ufeff<\/span><\/iframe><\/p>\n","protected":false},"excerpt":{"rendered":"<p>Po\u0161tovani predsedni\u010de Skup\u0161tine, Gospo\u0111o predsednice Ustavnog suda, Ambasadore Grondahl, Po\u0161tovani profesore Ku\u00e7i, Po\u0161tovane profesorke i profesori i kolege, Predstavnici civilnog dru\u0161tva, Zadovoljstvo mi je da vam se danas obratim na ovom forumu profesionalaca da na taj na\u010din prethodimo obele\u017eavanju dana na\u0161eg Ustava kao glavnog vodi\u010da javnog institucionalnog \u017eivota. Na 15. godi\u0161njicu u na\u0161eg Ustava, pored najlep\u0161ih \u017eelja svima onima koji su pomogli u izradi Ustava, ali i njegovoj svakodnevnoj primeni, moramo razmisliti i o tome da li ovaj Ustav predstavlja dobru osnovu za napredak na\u0161e zemlje i kako da maksimizira svoju funkcionalnost za potrebe na\u0161eg dru\u0161tva danas. U okviru ovog razmi\u0161ljanja, va\u017eno je prvo ponoviti zna\u010daj najvi\u0161eg nivoa za\u0161tite prava i sloboda garantovanih ovim Ustavom. Uvek sa velikim ponosom ka\u017eem da smo me\u0111u retkim dr\u017eavama, ako ne i jedine, koje imaju takav nivo garantovanja prava zajednica i njihovih pripadnika, ali i gra\u0111ana uop\u0161te. Ova prava i slobode su su\u0161tina na\u0161ih dru\u0161tvenih vrednosti i kao takve treba da ostanu nedirnute. Jednako je va\u017eno ponoviti \u010dinjenicu da su ova prava ne samo ostala deklarativno upisana u Ustavu, ve\u0107 se jasno prime\u0107uje da se na\u0161e institucije svakodnevno trude da ih sprovode, a gra\u0111ani se za njih svakodnevno bore. U idealnom svetu, o\u010dekivali bismo da se ustavna prava i slobode gra\u0111ana prirodno primenjuju i po\u0161tuju od svih. Me\u0111utim, u stvarnosti je va\u017eno da \u010dak i u slu\u010dajevima kada postoji opasnost po ova prava, institucije zemlje reaguju na najbolji, najefikasniji mogu\u0107i na\u010din, uz odgovaraju\u0107e mere uvek u odbrani ovih prava. Iz tog razloga, kontinuirano sam pozivala na pobolj\u0161anje reagovanja institucija za sprovo\u0111enje zakona, posebno u slu\u010dajevima nasilja u porodici i nasilja nad \u017eenama. Tokom ovog perioda mog mandata, predlagala sam i iznosila sam razli\u010dite mere za pobolj\u0161anje reakcijea na\u0161ih institucija u tom pogledu. Dok svakodnevno radimo na re\u0161avanju ovih izazova, moramo biti motivisani napretkom koji je na\u0161a zemlja nedavno postigla u pogledu garantovanja vladavine prava. Mi smo zemlja sa najvi\u0161im ocenama u regionu, u ocenama World Justice Project, u okviru kojeg se ocenjuje ne samo pravni okvir na\u0161e zemlje, ve\u0107 i institucionalni okvir i primena standarda u praksi. Veoma sna\u017eno oru\u017eje na\u0161eg Ustava je i institucionalni okvir koji on predvi\u0111a, kao i glavni preduslov da taj okvir pravilno funkcioni\u0161e: podela vlasti i ravnote\u017ea izme\u0111u njih. Upravo ovakva podela vlasti i njihov balans \u0107e obezbediti da na\u0161a zemlja napreduje omogu\u0107avaju\u0107i primenu ostalih delova Ustava, po\u010dev od poglavlja II o pravima i slobodama na\u0161ih gra\u0111ana. Upravo te institucije moraju biti pokrenute kako bi se osiguralo da se po\u0161tuje svako slovo ovog Ustava \u010dak i kada moraju da ispravljaju me\u0111usobnu praksu. Na\u0161 Ustav je veoma jedinstven i po tome \u0161to predsedniku Republike daje veoma va\u017enu du\u017enost; su\u0161tinsku du\u017enost: da garantuje ustavno funkcionisanje institucija predvi\u0111enih ovim Ustavom. To je jedan od najve\u0107ih du\u017enosti koje ima institucija predsednika. Ovim principom sam se tokom ove dve godine mandata svakodnevno rukovodila i tokom vr\u0161enja drugih nadle\u017enosti, poput onih u oblasti pravosu\u0111a, bezbednosti, spoljne politike i drugih oblasti. S druge strane, sa akademske ta\u010dke gledi\u0161ta, uverena sam da je na\u0161oj zemlji potrebno jo\u0161 mnogo godina vr\u0161enja ove nadle\u017enosti da bi se bolje razumeo njen duboki sadr\u017eaj i efekat koji ima na oblikovanje uloge predsednika u regulisanju institucionalnog \u017eivota, a \u010desto i u prevenciji nenadoknadive \u0161tete koja se mo\u017ee desiti zemlji ako se ne sprovede kako treba. To u mnogim slu\u010dajevima zna\u010di spre\u010davanje \u0161teta koje bi naru\u0161ile i druge institucije i poverenje gra\u0111ana u njih. Raduje me \u0161to se na ovu godi\u0161njicu Ustava me\u0111u profesionalcima diskutuje \u0161ta na\u0161 Ustav mo\u017ee u\u010diniti vi\u0161e za na\u0161u zemlju. Tokom ovih 15 godina, na\u0161 Ustav je pretrpeo mnoge promene, posebno u okviru me\u0111unarodnih obaveza na\u0161e zemlje, u institucionalnom okviru, kao i u na\u010dinu na koji su one delovale u pro\u0161losti. Njegovu istoriju smo zapo\u010deli sa me\u0111unarodnim institucijama koje su nadgledale nezavisnost na\u0161ih institucija, i koje su se povukle odlukom na\u0161e zemlje. Na\u0161 Ustav je pretrpeo i druge promene kada ih je na\u0161e dru\u0161tvo smatralo va\u017enim, a verujem da \u0107e se to de\u0161avati i u budu\u0107nosti, uvek da bi \u0161to vi\u0161e slu\u017eio svakodnevnim potrebama dru\u0161tva. U ovom trenutku, pred Ustavnim sudom se ocenjuju i amandmani o vetingu, kao izuzetno va\u017ean proces koji garantuje da na\u0161e pravosudne institucije vode profesionalci sa visokim integritetom. Ovakve promene, verujem, samo \u0107e pomo\u0107i na\u0161em Ustavu da izdr\u017ei test vremena, da ide u korak sa njim i njegovim zahtevima, a pre svega, kao \u0161to sam ranije pomenula, da pove\u0107a poverenje gra\u0111ana u pravosudne institucije. Pre nego \u0161to zavr\u0161im, ne mogu a da ne govorim o zna\u010daju etike u sprovo\u0111enju zakona i na\u0161eg Ustava. \u017delim da istaknem da zakoni \u2013 u ovom slu\u010daju sam Ustav kao najvi\u0161i pravni akt na\u0161e zemlje \u2013 imaju pun smisao kada slu\u017ee pobolj\u0161anju op\u0161teg blagostanja i unapre\u0111enju individualnih prava kao i kolektivnog interesa. Stoga, tokom sprovo\u0111enja ovih odredbi, uvek treba postavljati odgovaraju\u0107a pitanja; moramo biti rukovo\u0111eni ispravnim principima; moramo nastojati da se ne udaljimo od moralnog kompasa. Odstupanje od onoga \u0161to je ispravno ponekad mo\u017ee doneti kratkoro\u010dne koristi za odre\u0111ene pojedince ili grupe, ali \u0161teta je uvek dugoro\u010dna i ponekad te\u0161ko nadoknadiva. \u0160teta je izuzetno ozbiljna. Jer, nema ni\u010deg bolnijeg i vi\u0161e razo\u010daravaju\u0107eg za jedno dru\u0161tvo od gubitka vere u pravdu zakona, u etiku zakona. Dakle, jedno je sigurno: \u010dak i kada sada\u0161njost mo\u017ee biti izazvana nepravdom, vreme uvek na\u0111e svoj put da kona\u010dno donese pravdu u zemlji. Na kraju, \u017eelim da ka\u017eem da, dok proslavljamo ovu 15. godi\u0161njicu, izra\u017eavam punu spremnost kao predsednica Republike Kosovo da nastavimo da budemo zajedno u slu\u017ebi sprovo\u0111enja Ustava zemlje, a pre svega u slu\u017ebi na\u0161e zemlje, kako nala\u017ee Ustav i kako sam postupala od prvog dana na ovoj funkciji. Hvala vam! \ufeff<\/p>\n","protected":false},"author":9,"featured_media":88675,"comment_status":"closed","ping_status":"closed","sticky":false,"template":"","format":"standard","meta":{"_eb_attr":"","footnotes":""},"categories":[106,101],"tags":[],"class_list":["post-93069","post","type-post","status-publish","format-standard","has-post-thumbnail","hentry","category-govori","category-vesti"],"yoast_head":"<!-- This site is optimized with the Yoast SEO plugin v23.5 - https:\/\/yoast.com\/wordpress\/plugins\/seo\/ -->\n<title>Dana\u0161nji govor predsednice Osmani o 15. godi\u0161njici Ustava Republike Kosovo, na konferenciji Grupe za Balkan (BPRG) - Predsednik Republike Kosovo - DR. VJOSA OSMANI - SADRIU<\/title>\n<meta name=\"description\" content=\"Dana\u0161nji govor predsednice Osmani o 15. godi\u0161njici Ustava Republike Kosovo, na konferenciji Grupe za Balkan (BPRG) - Predsednik Republike Kosovo - DR. VJOSA OSMANI - SADRIU -\" \/>\n<meta name=\"robots\" content=\"index, follow, max-snippet:-1, max-image-preview:large, max-video-preview:-1\" \/>\n<link rel=\"canonical\" href=\"https:\/\/president-ksgov.net\/sr\/danasnji-govor-predsednice-osmani-o-15-godisnjici-ustava-republike-kosovo-na-konferenciji-grupe-za-balkan-bprg\/\" \/>\n<meta property=\"og:locale\" content=\"sr_RS\" \/>\n<meta property=\"og:type\" content=\"article\" \/>\n<meta property=\"og:title\" content=\"Dana\u0161nji govor predsednice Osmani o 15. godi\u0161njici Ustava Republike Kosovo, na konferenciji Grupe za Balkan (BPRG) - Predsednik Republike Kosovo - DR. VJOSA OSMANI - SADRIU\" \/>\n<meta property=\"og:description\" content=\"Dana\u0161nji govor predsednice Osmani o 15. godi\u0161njici Ustava Republike Kosovo, na konferenciji Grupe za Balkan (BPRG) - Predsednik Republike Kosovo - DR. VJOSA OSMANI - SADRIU -\" \/>\n<meta property=\"og:url\" content=\"https:\/\/president-ksgov.net\/sr\/danasnji-govor-predsednice-osmani-o-15-godisnjici-ustava-republike-kosovo-na-konferenciji-grupe-za-balkan-bprg\/\" \/>\n<meta property=\"og:site_name\" content=\"Predsednik Republike Kosovo - DR. VJOSA OSMANI - SADRIU\" \/>\n<meta property=\"article:published_time\" content=\"2023-04-07T12:35:03+00:00\" \/>\n<meta property=\"article:modified_time\" content=\"2026-01-28T08:12:26+00:00\" \/>\n<meta property=\"og:image\" content=\"https:\/\/president-ksgov.net\/wp-content\/uploads\/ZPRK-71-1024x683.jpg\" \/>\n\t<meta property=\"og:image:width\" content=\"1024\" \/>\n\t<meta property=\"og:image:height\" content=\"683\" \/>\n\t<meta property=\"og:image:type\" content=\"image\/jpeg\" \/>\n<meta name=\"author\" content=\"Florent Rrahmani\" \/>\n<meta name=\"twitter:card\" content=\"summary_large_image\" \/>\n<meta name=\"twitter:label1\" content=\"\u041d\u0430\u043f\u0438\u0441\u0430\u043d\u043e \u043e\u0434\" \/>\n\t<meta name=\"twitter:data1\" content=\"Florent Rrahmani\" \/>\n\t<meta name=\"twitter:label2\" content=\"\u041f\u0440\u043e\u0446\u0435\u045a\u0435\u043d\u043e \u0432\u0440\u0435\u043c\u0435 \u0447\u0438\u0442\u0430\u045a\u0430\" \/>\n\t<meta name=\"twitter:data2\" content=\"6 \u043c\u0438\u043d\u0443\u0442\u0430\" \/>\n<script type=\"application\/ld+json\" class=\"yoast-schema-graph\">{\"@context\":\"https:\/\/schema.org\",\"@graph\":[{\"@type\":\"WebPage\",\"@id\":\"https:\/\/president-ksgov.net\/sr\/danasnji-govor-predsednice-osmani-o-15-godisnjici-ustava-republike-kosovo-na-konferenciji-grupe-za-balkan-bprg\/\",\"url\":\"https:\/\/president-ksgov.net\/sr\/danasnji-govor-predsednice-osmani-o-15-godisnjici-ustava-republike-kosovo-na-konferenciji-grupe-za-balkan-bprg\/\",\"name\":\"Dana\u0161nji govor predsednice Osmani o 15. godi\u0161njici Ustava Republike Kosovo, na konferenciji Grupe za Balkan (BPRG) - Predsednik Republike Kosovo - DR. VJOSA OSMANI - SADRIU\",\"isPartOf\":{\"@id\":\"https:\/\/president-ksgov.net\/#website\"},\"primaryImageOfPage\":{\"@id\":\"https:\/\/president-ksgov.net\/sr\/danasnji-govor-predsednice-osmani-o-15-godisnjici-ustava-republike-kosovo-na-konferenciji-grupe-za-balkan-bprg\/#primaryimage\"},\"image\":{\"@id\":\"https:\/\/president-ksgov.net\/sr\/danasnji-govor-predsednice-osmani-o-15-godisnjici-ustava-republike-kosovo-na-konferenciji-grupe-za-balkan-bprg\/#primaryimage\"},\"thumbnailUrl\":\"https:\/\/president-ksgov.net\/wp-content\/uploads\/ZPRK-71.jpg\",\"datePublished\":\"2023-04-07T12:35:03+00:00\",\"dateModified\":\"2026-01-28T08:12:26+00:00\",\"author\":{\"@id\":\"https:\/\/president-ksgov.net\/#\/schema\/person\/7c46f744a99d3f1616b92658282aa934\"},\"description\":\"Dana\u0161nji govor predsednice Osmani o 15. godi\u0161njici Ustava Republike Kosovo, na konferenciji Grupe za Balkan (BPRG) - Predsednik Republike Kosovo - DR. VJOSA OSMANI - SADRIU -\",\"breadcrumb\":{\"@id\":\"https:\/\/president-ksgov.net\/sr\/danasnji-govor-predsednice-osmani-o-15-godisnjici-ustava-republike-kosovo-na-konferenciji-grupe-za-balkan-bprg\/#breadcrumb\"},\"inLanguage\":\"sr-RS\",\"potentialAction\":[{\"@type\":\"ReadAction\",\"target\":[\"https:\/\/president-ksgov.net\/sr\/danasnji-govor-predsednice-osmani-o-15-godisnjici-ustava-republike-kosovo-na-konferenciji-grupe-za-balkan-bprg\/\"]}]},{\"@type\":\"ImageObject\",\"inLanguage\":\"sr-RS\",\"@id\":\"https:\/\/president-ksgov.net\/sr\/danasnji-govor-predsednice-osmani-o-15-godisnjici-ustava-republike-kosovo-na-konferenciji-grupe-za-balkan-bprg\/#primaryimage\",\"url\":\"https:\/\/president-ksgov.net\/wp-content\/uploads\/ZPRK-71.jpg\",\"contentUrl\":\"https:\/\/president-ksgov.net\/wp-content\/uploads\/ZPRK-71.jpg\",\"width\":2500,\"height\":1667},{\"@type\":\"BreadcrumbList\",\"@id\":\"https:\/\/president-ksgov.net\/sr\/danasnji-govor-predsednice-osmani-o-15-godisnjici-ustava-republike-kosovo-na-konferenciji-grupe-za-balkan-bprg\/#breadcrumb\",\"itemListElement\":[{\"@type\":\"ListItem\",\"position\":1,\"name\":\"Home\",\"item\":\"https:\/\/president-ksgov.net\/sr\/\"},{\"@type\":\"ListItem\",\"position\":2,\"name\":\"Dana\u0161nji govor predsednice Osmani o 15. godi\u0161njici Ustava Republike Kosovo, na konferenciji Grupe za Balkan (BPRG)\"}]},{\"@type\":\"WebSite\",\"@id\":\"https:\/\/president-ksgov.net\/#website\",\"url\":\"https:\/\/president-ksgov.net\/\",\"name\":\"Presidente e Republik\u00ebs s\u00eb Kosov\u00ebs\",\"description\":\"Presidente e Republik\u00ebs s\u00eb Kosov\u00ebs\",\"alternateName\":\"DR. VJOSA OSMANI - SADRIU\",\"potentialAction\":[{\"@type\":\"SearchAction\",\"target\":{\"@type\":\"EntryPoint\",\"urlTemplate\":\"https:\/\/president-ksgov.net\/?s={search_term_string}\"},\"query-input\":{\"@type\":\"PropertyValueSpecification\",\"valueRequired\":true,\"valueName\":\"search_term_string\"}}],\"inLanguage\":\"sr-RS\"},{\"@type\":\"Person\",\"@id\":\"https:\/\/president-ksgov.net\/#\/schema\/person\/7c46f744a99d3f1616b92658282aa934\",\"name\":\"Florent Rrahmani\",\"image\":{\"@type\":\"ImageObject\",\"inLanguage\":\"sr-RS\",\"@id\":\"https:\/\/president-ksgov.net\/#\/schema\/person\/image\/\",\"url\":\"https:\/\/secure.gravatar.com\/avatar\/2545924aa250de68ac8368367a79b663e59571cd131611f54c89b0613a94e230?s=96&d=mm&r=g\",\"contentUrl\":\"https:\/\/secure.gravatar.com\/avatar\/2545924aa250de68ac8368367a79b663e59571cd131611f54c89b0613a94e230?s=96&d=mm&r=g\",\"caption\":\"Florent Rrahmani\"}}]}<\/script>\n<!-- \/ Yoast SEO plugin. -->","yoast_head_json":{"title":"Dana\u0161nji govor predsednice Osmani o 15. godi\u0161njici Ustava Republike Kosovo, na konferenciji Grupe za Balkan (BPRG) - Predsednik Republike Kosovo - DR. VJOSA OSMANI - SADRIU","description":"Dana\u0161nji govor predsednice Osmani o 15. godi\u0161njici Ustava Republike Kosovo, na konferenciji Grupe za Balkan (BPRG) - Predsednik Republike Kosovo - DR. VJOSA OSMANI - SADRIU -","robots":{"index":"index","follow":"follow","max-snippet":"max-snippet:-1","max-image-preview":"max-image-preview:large","max-video-preview":"max-video-preview:-1"},"canonical":"https:\/\/president-ksgov.net\/sr\/danasnji-govor-predsednice-osmani-o-15-godisnjici-ustava-republike-kosovo-na-konferenciji-grupe-za-balkan-bprg\/","og_locale":"sr_RS","og_type":"article","og_title":"Dana\u0161nji govor predsednice Osmani o 15. godi\u0161njici Ustava Republike Kosovo, na konferenciji Grupe za Balkan (BPRG) - Predsednik Republike Kosovo - DR. VJOSA OSMANI - SADRIU","og_description":"Dana\u0161nji govor predsednice Osmani o 15. godi\u0161njici Ustava Republike Kosovo, na konferenciji Grupe za Balkan (BPRG) - Predsednik Republike Kosovo - DR. VJOSA OSMANI - SADRIU -","og_url":"https:\/\/president-ksgov.net\/sr\/danasnji-govor-predsednice-osmani-o-15-godisnjici-ustava-republike-kosovo-na-konferenciji-grupe-za-balkan-bprg\/","og_site_name":"Predsednik Republike Kosovo - DR. VJOSA OSMANI - SADRIU","article_published_time":"2023-04-07T12:35:03+00:00","article_modified_time":"2026-01-28T08:12:26+00:00","og_image":[{"width":1024,"height":683,"url":"https:\/\/president-ksgov.net\/wp-content\/uploads\/ZPRK-71-1024x683.jpg","type":"image\/jpeg"}],"author":"Florent Rrahmani","twitter_card":"summary_large_image","twitter_misc":{"\u041d\u0430\u043f\u0438\u0441\u0430\u043d\u043e \u043e\u0434":"Florent Rrahmani","\u041f\u0440\u043e\u0446\u0435\u045a\u0435\u043d\u043e \u0432\u0440\u0435\u043c\u0435 \u0447\u0438\u0442\u0430\u045a\u0430":"6 \u043c\u0438\u043d\u0443\u0442\u0430"},"schema":{"@context":"https:\/\/schema.org","@graph":[{"@type":"WebPage","@id":"https:\/\/president-ksgov.net\/sr\/danasnji-govor-predsednice-osmani-o-15-godisnjici-ustava-republike-kosovo-na-konferenciji-grupe-za-balkan-bprg\/","url":"https:\/\/president-ksgov.net\/sr\/danasnji-govor-predsednice-osmani-o-15-godisnjici-ustava-republike-kosovo-na-konferenciji-grupe-za-balkan-bprg\/","name":"Dana\u0161nji govor predsednice Osmani o 15. godi\u0161njici Ustava Republike Kosovo, na konferenciji Grupe za Balkan (BPRG) - Predsednik Republike Kosovo - DR. VJOSA OSMANI - SADRIU","isPartOf":{"@id":"https:\/\/president-ksgov.net\/#website"},"primaryImageOfPage":{"@id":"https:\/\/president-ksgov.net\/sr\/danasnji-govor-predsednice-osmani-o-15-godisnjici-ustava-republike-kosovo-na-konferenciji-grupe-za-balkan-bprg\/#primaryimage"},"image":{"@id":"https:\/\/president-ksgov.net\/sr\/danasnji-govor-predsednice-osmani-o-15-godisnjici-ustava-republike-kosovo-na-konferenciji-grupe-za-balkan-bprg\/#primaryimage"},"thumbnailUrl":"https:\/\/president-ksgov.net\/wp-content\/uploads\/ZPRK-71.jpg","datePublished":"2023-04-07T12:35:03+00:00","dateModified":"2026-01-28T08:12:26+00:00","author":{"@id":"https:\/\/president-ksgov.net\/#\/schema\/person\/7c46f744a99d3f1616b92658282aa934"},"description":"Dana\u0161nji govor predsednice Osmani o 15. godi\u0161njici Ustava Republike Kosovo, na konferenciji Grupe za Balkan (BPRG) - Predsednik Republike Kosovo - DR. VJOSA OSMANI - SADRIU -","breadcrumb":{"@id":"https:\/\/president-ksgov.net\/sr\/danasnji-govor-predsednice-osmani-o-15-godisnjici-ustava-republike-kosovo-na-konferenciji-grupe-za-balkan-bprg\/#breadcrumb"},"inLanguage":"sr-RS","potentialAction":[{"@type":"ReadAction","target":["https:\/\/president-ksgov.net\/sr\/danasnji-govor-predsednice-osmani-o-15-godisnjici-ustava-republike-kosovo-na-konferenciji-grupe-za-balkan-bprg\/"]}]},{"@type":"ImageObject","inLanguage":"sr-RS","@id":"https:\/\/president-ksgov.net\/sr\/danasnji-govor-predsednice-osmani-o-15-godisnjici-ustava-republike-kosovo-na-konferenciji-grupe-za-balkan-bprg\/#primaryimage","url":"https:\/\/president-ksgov.net\/wp-content\/uploads\/ZPRK-71.jpg","contentUrl":"https:\/\/president-ksgov.net\/wp-content\/uploads\/ZPRK-71.jpg","width":2500,"height":1667},{"@type":"BreadcrumbList","@id":"https:\/\/president-ksgov.net\/sr\/danasnji-govor-predsednice-osmani-o-15-godisnjici-ustava-republike-kosovo-na-konferenciji-grupe-za-balkan-bprg\/#breadcrumb","itemListElement":[{"@type":"ListItem","position":1,"name":"Home","item":"https:\/\/president-ksgov.net\/sr\/"},{"@type":"ListItem","position":2,"name":"Dana\u0161nji govor predsednice Osmani o 15. godi\u0161njici Ustava Republike Kosovo, na konferenciji Grupe za Balkan (BPRG)"}]},{"@type":"WebSite","@id":"https:\/\/president-ksgov.net\/#website","url":"https:\/\/president-ksgov.net\/","name":"Presidente e Republik\u00ebs s\u00eb Kosov\u00ebs","description":"Presidente e Republik\u00ebs s\u00eb Kosov\u00ebs","alternateName":"DR. VJOSA OSMANI - SADRIU","potentialAction":[{"@type":"SearchAction","target":{"@type":"EntryPoint","urlTemplate":"https:\/\/president-ksgov.net\/?s={search_term_string}"},"query-input":{"@type":"PropertyValueSpecification","valueRequired":true,"valueName":"search_term_string"}}],"inLanguage":"sr-RS"},{"@type":"Person","@id":"https:\/\/president-ksgov.net\/#\/schema\/person\/7c46f744a99d3f1616b92658282aa934","name":"Florent Rrahmani","image":{"@type":"ImageObject","inLanguage":"sr-RS","@id":"https:\/\/president-ksgov.net\/#\/schema\/person\/image\/","url":"https:\/\/secure.gravatar.com\/avatar\/2545924aa250de68ac8368367a79b663e59571cd131611f54c89b0613a94e230?s=96&d=mm&r=g","contentUrl":"https:\/\/secure.gravatar.com\/avatar\/2545924aa250de68ac8368367a79b663e59571cd131611f54c89b0613a94e230?s=96&d=mm&r=g","caption":"Florent Rrahmani"}}]}},"_links":{"self":[{"href":"https:\/\/president-ksgov.net\/sr\/wp-json\/wp\/v2\/posts\/93069","targetHints":{"allow":["GET"]}}],"collection":[{"href":"https:\/\/president-ksgov.net\/sr\/wp-json\/wp\/v2\/posts"}],"about":[{"href":"https:\/\/president-ksgov.net\/sr\/wp-json\/wp\/v2\/types\/post"}],"author":[{"embeddable":true,"href":"https:\/\/president-ksgov.net\/sr\/wp-json\/wp\/v2\/users\/9"}],"replies":[{"embeddable":true,"href":"https:\/\/president-ksgov.net\/sr\/wp-json\/wp\/v2\/comments?post=93069"}],"version-history":[{"count":2,"href":"https:\/\/president-ksgov.net\/sr\/wp-json\/wp\/v2\/posts\/93069\/revisions"}],"predecessor-version":[{"id":180912,"href":"https:\/\/president-ksgov.net\/sr\/wp-json\/wp\/v2\/posts\/93069\/revisions\/180912"}],"wp:featuredmedia":[{"embeddable":true,"href":"https:\/\/president-ksgov.net\/sr\/wp-json\/wp\/v2\/media\/88675"}],"wp:attachment":[{"href":"https:\/\/president-ksgov.net\/sr\/wp-json\/wp\/v2\/media?parent=93069"}],"wp:term":[{"taxonomy":"category","embeddable":true,"href":"https:\/\/president-ksgov.net\/sr\/wp-json\/wp\/v2\/categories?post=93069"},{"taxonomy":"post_tag","embeddable":true,"href":"https:\/\/president-ksgov.net\/sr\/wp-json\/wp\/v2\/tags?post=93069"}],"curies":[{"name":"wp","href":"https:\/\/api.w.org\/{rel}","templated":true}]}}