{"id":92979,"date":"2023-02-16T17:50:11","date_gmt":"2023-02-16T16:50:11","guid":{"rendered":"https:\/\/president-ksgov.net\/?p=92979"},"modified":"2026-01-28T08:51:31","modified_gmt":"2026-01-28T07:51:31","slug":"predsednik-bajden-cestita-predsednici-osmani-dan-nezavisnosti-sad-podrzavaju-integraciju-kosova-u-evroatlantske-institucije","status":"publish","type":"post","link":"https:\/\/president-ksgov.net\/sr\/predsednik-bajden-cestita-predsednici-osmani-dan-nezavisnosti-sad-podrzavaju-integraciju-kosova-u-evroatlantske-institucije\/","title":{"rendered":"Predsednik Bajden \u010destita predsednici Osmani Dan nezavisnosti: SAD podr\u017eavaju integraciju Kosova u evroatlantske institucije"},"content":{"rendered":"<p>Predsednica Republike Kosovo Vjosa Osmani primila je pismo sa \u010destitkom predsednika Sjedinjenih Ameri\u010dkih Dr\u017eava Joe Bidena povodom 15. godi\u0161njice nezavisnosti Republike Kosovo.<\/p>\n<p>\u201eU ime naroda Sjedinjenih Dr\u017eava, upu\u0107ujem vam na\u0161e najlep\u0161e \u017eelje vama i narodu Kosova dok obele\u017eavate 15. godi\u0161njicu nezavisnosti va\u0161e zemlje. Tokom poslednjih nekoliko godina, Kosovo i Sjedinjene Dr\u017eave su oja\u010dale demokratske institucije kako bi obezbedile podjednako efikasno dobro upravljanje, vladavinu prava i mogu\u0107nosti za gra\u0111ane obe na\u0161e zemlje\u201c, rekao je predsednik Biden.<\/p>\n<p>Izme\u0111u ostalog, predsednik Biden je izrazio podr\u0161ku integraciji Kosova u evroatlantske institucije, kao i dijalogu sa Srbijom.<\/p>\n<p>U prilogu je pismo sa \u010destitkom.<\/p>\n","protected":false},"excerpt":{"rendered":"<p>Predsednica Republike Kosovo Vjosa Osmani primila je pismo sa \u010destitkom predsednika Sjedinjenih Ameri\u010dkih Dr\u017eava Joe Bidena povodom 15. godi\u0161njice nezavisnosti Republike Kosovo. \u201eU ime naroda Sjedinjenih Dr\u017eava, upu\u0107ujem vam na\u0161e najlep\u0161e \u017eelje vama i narodu Kosova dok obele\u017eavate 15. godi\u0161njicu nezavisnosti va\u0161e zemlje. Tokom poslednjih nekoliko godina, Kosovo i Sjedinjene Dr\u017eave su oja\u010dale demokratske institucije kako bi obezbedile podjednako efikasno dobro upravljanje, vladavinu prava i mogu\u0107nosti za gra\u0111ane obe na\u0161e zemlje\u201c, rekao je predsednik Biden. Izme\u0111u ostalog, predsednik Biden je izrazio podr\u0161ku integraciji Kosova u evroatlantske institucije, kao i dijalogu sa Srbijom. U prilogu je pismo sa \u010destitkom.<\/p>\n","protected":false},"author":9,"featured_media":4091,"comment_status":"closed","ping_status":"closed","sticky":false,"template":"","format":"standard","meta":{"_eb_attr":"","footnotes":""},"categories":[101],"tags":[],"class_list":["post-92979","post","type-post","status-publish","format-standard","has-post-thumbnail","hentry","category-vesti"],"yoast_head":"<!-- This site is optimized with the Yoast SEO plugin v23.5 - https:\/\/yoast.com\/wordpress\/plugins\/seo\/ -->\n<title>Predsednik Bajden \u010destita predsednici Osmani Dan nezavisnosti: SAD podr\u017eavaju integraciju Kosova u evroatlantske institucije - Predsednik Republike Kosovo - DR. VJOSA OSMANI - SADRIU<\/title>\n<meta name=\"description\" content=\"Predsednik Bajden \u010destita predsednici Osmani Dan nezavisnosti: SAD podr\u017eavaju integraciju Kosova u evroatlantske institucije - Predsednik Republike Kosovo - DR. VJOSA OSMANI - SADRIU -\" \/>\n<meta name=\"robots\" content=\"index, follow, max-snippet:-1, max-image-preview:large, max-video-preview:-1\" \/>\n<link rel=\"canonical\" href=\"https:\/\/president-ksgov.net\/sr\/predsednik-bajden-cestita-predsednici-osmani-dan-nezavisnosti-sad-podrzavaju-integraciju-kosova-u-evroatlantske-institucije\/\" \/>\n<meta property=\"og:locale\" content=\"sr_RS\" \/>\n<meta property=\"og:type\" content=\"article\" \/>\n<meta property=\"og:title\" content=\"Predsednik Bajden \u010destita predsednici Osmani Dan nezavisnosti: SAD podr\u017eavaju integraciju Kosova u evroatlantske institucije - Predsednik Republike Kosovo - DR. VJOSA OSMANI - SADRIU\" \/>\n<meta property=\"og:description\" content=\"Predsednik Bajden \u010destita predsednici Osmani Dan nezavisnosti: SAD podr\u017eavaju integraciju Kosova u evroatlantske institucije - Predsednik Republike Kosovo - DR. VJOSA OSMANI - SADRIU -\" \/>\n<meta property=\"og:url\" content=\"https:\/\/president-ksgov.net\/sr\/predsednik-bajden-cestita-predsednici-osmani-dan-nezavisnosti-sad-podrzavaju-integraciju-kosova-u-evroatlantske-institucije\/\" \/>\n<meta property=\"og:site_name\" content=\"Predsednik Republike Kosovo - DR. VJOSA OSMANI - SADRIU\" \/>\n<meta property=\"article:published_time\" content=\"2023-02-16T16:50:11+00:00\" \/>\n<meta property=\"article:modified_time\" content=\"2026-01-28T07:51:31+00:00\" \/>\n<meta property=\"og:image\" content=\"https:\/\/president-ksgov.net\/wp-content\/uploads\/2023\/02\/Screenshot-2023-02-16-at-17.58.58.png\" \/>\n\t<meta property=\"og:image:width\" content=\"1864\" \/>\n\t<meta property=\"og:image:height\" content=\"1568\" \/>\n\t<meta property=\"og:image:type\" content=\"image\/png\" \/>\n<meta name=\"author\" content=\"Florent Rrahmani\" \/>\n<meta name=\"twitter:card\" content=\"summary_large_image\" \/>\n<meta name=\"twitter:label1\" content=\"\u041d\u0430\u043f\u0438\u0441\u0430\u043d\u043e \u043e\u0434\" \/>\n\t<meta name=\"twitter:data1\" content=\"Florent Rrahmani\" \/>\n\t<meta name=\"twitter:label2\" content=\"\u041f\u0440\u043e\u0446\u0435\u045a\u0435\u043d\u043e \u0432\u0440\u0435\u043c\u0435 \u0447\u0438\u0442\u0430\u045a\u0430\" \/>\n\t<meta name=\"twitter:data2\" content=\"1 \u043c\u0438\u043d\u0443\u0442\" \/>\n<script type=\"application\/ld+json\" class=\"yoast-schema-graph\">{\"@context\":\"https:\/\/schema.org\",\"@graph\":[{\"@type\":\"WebPage\",\"@id\":\"https:\/\/president-ksgov.net\/sr\/predsednik-bajden-cestita-predsednici-osmani-dan-nezavisnosti-sad-podrzavaju-integraciju-kosova-u-evroatlantske-institucije\/\",\"url\":\"https:\/\/president-ksgov.net\/sr\/predsednik-bajden-cestita-predsednici-osmani-dan-nezavisnosti-sad-podrzavaju-integraciju-kosova-u-evroatlantske-institucije\/\",\"name\":\"Predsednik Bajden \u010destita predsednici Osmani Dan nezavisnosti: SAD podr\u017eavaju integraciju Kosova u evroatlantske institucije - Predsednik Republike Kosovo - DR. VJOSA OSMANI - SADRIU\",\"isPartOf\":{\"@id\":\"https:\/\/president-ksgov.net\/#website\"},\"primaryImageOfPage\":{\"@id\":\"https:\/\/president-ksgov.net\/sr\/predsednik-bajden-cestita-predsednici-osmani-dan-nezavisnosti-sad-podrzavaju-integraciju-kosova-u-evroatlantske-institucije\/#primaryimage\"},\"image\":{\"@id\":\"https:\/\/president-ksgov.net\/sr\/predsednik-bajden-cestita-predsednici-osmani-dan-nezavisnosti-sad-podrzavaju-integraciju-kosova-u-evroatlantske-institucije\/#primaryimage\"},\"thumbnailUrl\":\"https:\/\/president-ksgov.net\/wp-content\/uploads\/2023\/02\/Screenshot-2023-02-16-at-17.58.58.png\",\"datePublished\":\"2023-02-16T16:50:11+00:00\",\"dateModified\":\"2026-01-28T07:51:31+00:00\",\"author\":{\"@id\":\"https:\/\/president-ksgov.net\/#\/schema\/person\/7c46f744a99d3f1616b92658282aa934\"},\"description\":\"Predsednik Bajden \u010destita predsednici Osmani Dan nezavisnosti: SAD podr\u017eavaju integraciju Kosova u evroatlantske institucije - Predsednik Republike Kosovo - DR. VJOSA OSMANI - SADRIU -\",\"breadcrumb\":{\"@id\":\"https:\/\/president-ksgov.net\/sr\/predsednik-bajden-cestita-predsednici-osmani-dan-nezavisnosti-sad-podrzavaju-integraciju-kosova-u-evroatlantske-institucije\/#breadcrumb\"},\"inLanguage\":\"sr-RS\",\"potentialAction\":[{\"@type\":\"ReadAction\",\"target\":[\"https:\/\/president-ksgov.net\/sr\/predsednik-bajden-cestita-predsednici-osmani-dan-nezavisnosti-sad-podrzavaju-integraciju-kosova-u-evroatlantske-institucije\/\"]}]},{\"@type\":\"ImageObject\",\"inLanguage\":\"sr-RS\",\"@id\":\"https:\/\/president-ksgov.net\/sr\/predsednik-bajden-cestita-predsednici-osmani-dan-nezavisnosti-sad-podrzavaju-integraciju-kosova-u-evroatlantske-institucije\/#primaryimage\",\"url\":\"https:\/\/president-ksgov.net\/wp-content\/uploads\/2023\/02\/Screenshot-2023-02-16-at-17.58.58.png\",\"contentUrl\":\"https:\/\/president-ksgov.net\/wp-content\/uploads\/2023\/02\/Screenshot-2023-02-16-at-17.58.58.png\",\"width\":1864,\"height\":1568},{\"@type\":\"BreadcrumbList\",\"@id\":\"https:\/\/president-ksgov.net\/sr\/predsednik-bajden-cestita-predsednici-osmani-dan-nezavisnosti-sad-podrzavaju-integraciju-kosova-u-evroatlantske-institucije\/#breadcrumb\",\"itemListElement\":[{\"@type\":\"ListItem\",\"position\":1,\"name\":\"Home\",\"item\":\"https:\/\/president-ksgov.net\/sr\/\"},{\"@type\":\"ListItem\",\"position\":2,\"name\":\"Predsednik Bajden \u010destita predsednici Osmani Dan nezavisnosti: SAD podr\u017eavaju integraciju Kosova u evroatlantske institucije\"}]},{\"@type\":\"WebSite\",\"@id\":\"https:\/\/president-ksgov.net\/#website\",\"url\":\"https:\/\/president-ksgov.net\/\",\"name\":\"Presidente e Republik\u00ebs s\u00eb Kosov\u00ebs\",\"description\":\"Presidente e Republik\u00ebs s\u00eb Kosov\u00ebs\",\"alternateName\":\"DR. VJOSA OSMANI - SADRIU\",\"potentialAction\":[{\"@type\":\"SearchAction\",\"target\":{\"@type\":\"EntryPoint\",\"urlTemplate\":\"https:\/\/president-ksgov.net\/?s={search_term_string}\"},\"query-input\":{\"@type\":\"PropertyValueSpecification\",\"valueRequired\":true,\"valueName\":\"search_term_string\"}}],\"inLanguage\":\"sr-RS\"},{\"@type\":\"Person\",\"@id\":\"https:\/\/president-ksgov.net\/#\/schema\/person\/7c46f744a99d3f1616b92658282aa934\",\"name\":\"Florent Rrahmani\",\"image\":{\"@type\":\"ImageObject\",\"inLanguage\":\"sr-RS\",\"@id\":\"https:\/\/president-ksgov.net\/#\/schema\/person\/image\/\",\"url\":\"https:\/\/secure.gravatar.com\/avatar\/2545924aa250de68ac8368367a79b663e59571cd131611f54c89b0613a94e230?s=96&d=mm&r=g\",\"contentUrl\":\"https:\/\/secure.gravatar.com\/avatar\/2545924aa250de68ac8368367a79b663e59571cd131611f54c89b0613a94e230?s=96&d=mm&r=g\",\"caption\":\"Florent Rrahmani\"}}]}<\/script>\n<!-- \/ Yoast SEO plugin. -->","yoast_head_json":{"title":"Predsednik Bajden \u010destita predsednici Osmani Dan nezavisnosti: SAD podr\u017eavaju integraciju Kosova u evroatlantske institucije - Predsednik Republike Kosovo - DR. VJOSA OSMANI - SADRIU","description":"Predsednik Bajden \u010destita predsednici Osmani Dan nezavisnosti: SAD podr\u017eavaju integraciju Kosova u evroatlantske institucije - Predsednik Republike Kosovo - DR. VJOSA OSMANI - SADRIU -","robots":{"index":"index","follow":"follow","max-snippet":"max-snippet:-1","max-image-preview":"max-image-preview:large","max-video-preview":"max-video-preview:-1"},"canonical":"https:\/\/president-ksgov.net\/sr\/predsednik-bajden-cestita-predsednici-osmani-dan-nezavisnosti-sad-podrzavaju-integraciju-kosova-u-evroatlantske-institucije\/","og_locale":"sr_RS","og_type":"article","og_title":"Predsednik Bajden \u010destita predsednici Osmani Dan nezavisnosti: SAD podr\u017eavaju integraciju Kosova u evroatlantske institucije - Predsednik Republike Kosovo - DR. VJOSA OSMANI - SADRIU","og_description":"Predsednik Bajden \u010destita predsednici Osmani Dan nezavisnosti: SAD podr\u017eavaju integraciju Kosova u evroatlantske institucije - Predsednik Republike Kosovo - DR. VJOSA OSMANI - SADRIU -","og_url":"https:\/\/president-ksgov.net\/sr\/predsednik-bajden-cestita-predsednici-osmani-dan-nezavisnosti-sad-podrzavaju-integraciju-kosova-u-evroatlantske-institucije\/","og_site_name":"Predsednik Republike Kosovo - DR. VJOSA OSMANI - SADRIU","article_published_time":"2023-02-16T16:50:11+00:00","article_modified_time":"2026-01-28T07:51:31+00:00","og_image":[{"width":1864,"height":1568,"url":"https:\/\/president-ksgov.net\/wp-content\/uploads\/2023\/02\/Screenshot-2023-02-16-at-17.58.58.png","type":"image\/png"}],"author":"Florent Rrahmani","twitter_card":"summary_large_image","twitter_misc":{"\u041d\u0430\u043f\u0438\u0441\u0430\u043d\u043e \u043e\u0434":"Florent Rrahmani","\u041f\u0440\u043e\u0446\u0435\u045a\u0435\u043d\u043e \u0432\u0440\u0435\u043c\u0435 \u0447\u0438\u0442\u0430\u045a\u0430":"1 \u043c\u0438\u043d\u0443\u0442"},"schema":{"@context":"https:\/\/schema.org","@graph":[{"@type":"WebPage","@id":"https:\/\/president-ksgov.net\/sr\/predsednik-bajden-cestita-predsednici-osmani-dan-nezavisnosti-sad-podrzavaju-integraciju-kosova-u-evroatlantske-institucije\/","url":"https:\/\/president-ksgov.net\/sr\/predsednik-bajden-cestita-predsednici-osmani-dan-nezavisnosti-sad-podrzavaju-integraciju-kosova-u-evroatlantske-institucije\/","name":"Predsednik Bajden \u010destita predsednici Osmani Dan nezavisnosti: SAD podr\u017eavaju integraciju Kosova u evroatlantske institucije - Predsednik Republike Kosovo - DR. VJOSA OSMANI - SADRIU","isPartOf":{"@id":"https:\/\/president-ksgov.net\/#website"},"primaryImageOfPage":{"@id":"https:\/\/president-ksgov.net\/sr\/predsednik-bajden-cestita-predsednici-osmani-dan-nezavisnosti-sad-podrzavaju-integraciju-kosova-u-evroatlantske-institucije\/#primaryimage"},"image":{"@id":"https:\/\/president-ksgov.net\/sr\/predsednik-bajden-cestita-predsednici-osmani-dan-nezavisnosti-sad-podrzavaju-integraciju-kosova-u-evroatlantske-institucije\/#primaryimage"},"thumbnailUrl":"https:\/\/president-ksgov.net\/wp-content\/uploads\/2023\/02\/Screenshot-2023-02-16-at-17.58.58.png","datePublished":"2023-02-16T16:50:11+00:00","dateModified":"2026-01-28T07:51:31+00:00","author":{"@id":"https:\/\/president-ksgov.net\/#\/schema\/person\/7c46f744a99d3f1616b92658282aa934"},"description":"Predsednik Bajden \u010destita predsednici Osmani Dan nezavisnosti: SAD podr\u017eavaju integraciju Kosova u evroatlantske institucije - Predsednik Republike Kosovo - DR. VJOSA OSMANI - SADRIU -","breadcrumb":{"@id":"https:\/\/president-ksgov.net\/sr\/predsednik-bajden-cestita-predsednici-osmani-dan-nezavisnosti-sad-podrzavaju-integraciju-kosova-u-evroatlantske-institucije\/#breadcrumb"},"inLanguage":"sr-RS","potentialAction":[{"@type":"ReadAction","target":["https:\/\/president-ksgov.net\/sr\/predsednik-bajden-cestita-predsednici-osmani-dan-nezavisnosti-sad-podrzavaju-integraciju-kosova-u-evroatlantske-institucije\/"]}]},{"@type":"ImageObject","inLanguage":"sr-RS","@id":"https:\/\/president-ksgov.net\/sr\/predsednik-bajden-cestita-predsednici-osmani-dan-nezavisnosti-sad-podrzavaju-integraciju-kosova-u-evroatlantske-institucije\/#primaryimage","url":"https:\/\/president-ksgov.net\/wp-content\/uploads\/2023\/02\/Screenshot-2023-02-16-at-17.58.58.png","contentUrl":"https:\/\/president-ksgov.net\/wp-content\/uploads\/2023\/02\/Screenshot-2023-02-16-at-17.58.58.png","width":1864,"height":1568},{"@type":"BreadcrumbList","@id":"https:\/\/president-ksgov.net\/sr\/predsednik-bajden-cestita-predsednici-osmani-dan-nezavisnosti-sad-podrzavaju-integraciju-kosova-u-evroatlantske-institucije\/#breadcrumb","itemListElement":[{"@type":"ListItem","position":1,"name":"Home","item":"https:\/\/president-ksgov.net\/sr\/"},{"@type":"ListItem","position":2,"name":"Predsednik Bajden \u010destita predsednici Osmani Dan nezavisnosti: SAD podr\u017eavaju integraciju Kosova u evroatlantske institucije"}]},{"@type":"WebSite","@id":"https:\/\/president-ksgov.net\/#website","url":"https:\/\/president-ksgov.net\/","name":"Presidente e Republik\u00ebs s\u00eb Kosov\u00ebs","description":"Presidente e Republik\u00ebs s\u00eb Kosov\u00ebs","alternateName":"DR. VJOSA OSMANI - SADRIU","potentialAction":[{"@type":"SearchAction","target":{"@type":"EntryPoint","urlTemplate":"https:\/\/president-ksgov.net\/?s={search_term_string}"},"query-input":{"@type":"PropertyValueSpecification","valueRequired":true,"valueName":"search_term_string"}}],"inLanguage":"sr-RS"},{"@type":"Person","@id":"https:\/\/president-ksgov.net\/#\/schema\/person\/7c46f744a99d3f1616b92658282aa934","name":"Florent Rrahmani","image":{"@type":"ImageObject","inLanguage":"sr-RS","@id":"https:\/\/president-ksgov.net\/#\/schema\/person\/image\/","url":"https:\/\/secure.gravatar.com\/avatar\/2545924aa250de68ac8368367a79b663e59571cd131611f54c89b0613a94e230?s=96&d=mm&r=g","contentUrl":"https:\/\/secure.gravatar.com\/avatar\/2545924aa250de68ac8368367a79b663e59571cd131611f54c89b0613a94e230?s=96&d=mm&r=g","caption":"Florent Rrahmani"}}]}},"_links":{"self":[{"href":"https:\/\/president-ksgov.net\/sr\/wp-json\/wp\/v2\/posts\/92979","targetHints":{"allow":["GET"]}}],"collection":[{"href":"https:\/\/president-ksgov.net\/sr\/wp-json\/wp\/v2\/posts"}],"about":[{"href":"https:\/\/president-ksgov.net\/sr\/wp-json\/wp\/v2\/types\/post"}],"author":[{"embeddable":true,"href":"https:\/\/president-ksgov.net\/sr\/wp-json\/wp\/v2\/users\/9"}],"replies":[{"embeddable":true,"href":"https:\/\/president-ksgov.net\/sr\/wp-json\/wp\/v2\/comments?post=92979"}],"version-history":[{"count":1,"href":"https:\/\/president-ksgov.net\/sr\/wp-json\/wp\/v2\/posts\/92979\/revisions"}],"predecessor-version":[{"id":92980,"href":"https:\/\/president-ksgov.net\/sr\/wp-json\/wp\/v2\/posts\/92979\/revisions\/92980"}],"wp:featuredmedia":[{"embeddable":true,"href":"https:\/\/president-ksgov.net\/sr\/wp-json\/wp\/v2\/media\/4091"}],"wp:attachment":[{"href":"https:\/\/president-ksgov.net\/sr\/wp-json\/wp\/v2\/media?parent=92979"}],"wp:term":[{"taxonomy":"category","embeddable":true,"href":"https:\/\/president-ksgov.net\/sr\/wp-json\/wp\/v2\/categories?post=92979"},{"taxonomy":"post_tag","embeddable":true,"href":"https:\/\/president-ksgov.net\/sr\/wp-json\/wp\/v2\/tags?post=92979"}],"curies":[{"name":"wp","href":"https:\/\/api.w.org\/{rel}","templated":true}]}}