{"id":92966,"date":"2023-01-17T18:39:09","date_gmt":"2023-01-17T17:39:09","guid":{"rendered":"https:\/\/president-ksgov.net\/?p=92966"},"modified":"2023-06-23T10:19:13","modified_gmt":"2023-06-23T08:19:13","slug":"predsednica-smajl-hajdaraj-heroj-kosova-ce-ostati-vodic-sadasnjim-i-buducim-generacijama","status":"publish","type":"post","link":"https:\/\/president-ksgov.net\/sr\/predsednica-smajl-hajdaraj-heroj-kosova-ce-ostati-vodic-sadasnjim-i-buducim-generacijama\/","title":{"rendered":"Predsednica: Smajl Hajdaraj heroj Kosova \u0107e ostati vodi\u010d sada\u0161njim i budu\u0107im generacijama"},"content":{"rendered":"<p>Predsednica Republike Kosovo Vjosa Osmani prisetila se Smajla Hajdaraja na 21. godi\u0161njicu ubistva.<\/p>\n<p>Ceo post predsednice Osmani:<\/p>\n<p>21 godina bez poslanika Skup\u0161tine Kosova, aktiviste i komandanta OVK-a za region Rugove, borca za slobodu Smajla Hajdaraja.<\/p>\n<p>Se\u0107anje na patriotu i nesalomivog borca osta\u0107e ve\u010dno, a konstantan mora biti napor da se izvr\u0161ioci zlo\u010dina izvedu pred pravdu.<\/p>\n<p>Heroj Koosva osta\u0107e vodi\u010d sada\u0161njim i budu\u0107im generacijama!<\/p>\n<p>&nbsp;<\/p>\n","protected":false},"excerpt":{"rendered":"<p>Predsednica Republike Kosovo Vjosa Osmani prisetila se Smajla Hajdaraja na 21. godi\u0161njicu ubistva. Ceo post predsednice Osmani: 21 godina bez poslanika Skup\u0161tine Kosova, aktiviste i komandanta OVK-a za region Rugove, borca za slobodu Smajla Hajdaraja. Se\u0107anje na patriotu i nesalomivog borca osta\u0107e ve\u010dno, a konstantan mora biti napor da se izvr\u0161ioci zlo\u010dina izvedu pred pravdu. Heroj Koosva osta\u0107e vodi\u010d sada\u0161njim i budu\u0107im generacijama! &nbsp;<\/p>\n","protected":false},"author":9,"featured_media":92924,"comment_status":"open","ping_status":"closed","sticky":false,"template":"","format":"standard","meta":{"_eb_attr":"","footnotes":""},"categories":[101],"tags":[],"class_list":["post-92966","post","type-post","status-publish","format-standard","has-post-thumbnail","hentry","category-vesti"],"yoast_head":"<!-- This site is optimized with the Yoast SEO plugin v23.5 - https:\/\/yoast.com\/wordpress\/plugins\/seo\/ -->\n<title>Predsednica: Smajl Hajdaraj heroj Kosova \u0107e ostati vodi\u010d sada\u0161njim i budu\u0107im generacijama - Predsednik Republike Kosovo - DR. VJOSA OSMANI - SADRIU<\/title>\n<meta name=\"description\" content=\"Predsednica: Smajl Hajdaraj heroj Kosova \u0107e ostati vodi\u010d sada\u0161njim i budu\u0107im generacijama - Predsednik Republike Kosovo - DR. VJOSA OSMANI - SADRIU -\" \/>\n<meta name=\"robots\" content=\"index, follow, max-snippet:-1, max-image-preview:large, max-video-preview:-1\" \/>\n<link rel=\"canonical\" href=\"https:\/\/president-ksgov.net\/presidentja-smajl-hajdaraj-heroi-i-kosoves-do-te-mbetet-udherrefyes-per-brezat-e-tashem-dhe-te-ardhshem\/\" \/>\n<meta property=\"og:locale\" content=\"sr_RS\" \/>\n<meta property=\"og:type\" content=\"article\" \/>\n<meta property=\"og:title\" content=\"Predsednica: Smajl Hajdaraj heroj Kosova \u0107e ostati vodi\u010d sada\u0161njim i budu\u0107im generacijama - Predsednik Republike Kosovo - DR. VJOSA OSMANI - SADRIU\" \/>\n<meta property=\"og:description\" content=\"Predsednica: Smajl Hajdaraj heroj Kosova \u0107e ostati vodi\u010d sada\u0161njim i budu\u0107im generacijama - Predsednik Republike Kosovo - DR. VJOSA OSMANI - SADRIU -\" \/>\n<meta property=\"og:url\" content=\"https:\/\/president-ksgov.net\/presidentja-smajl-hajdaraj-heroi-i-kosoves-do-te-mbetet-udherrefyes-per-brezat-e-tashem-dhe-te-ardhshem\/\" \/>\n<meta property=\"og:site_name\" content=\"Predsednik Republike Kosovo - DR. VJOSA OSMANI - SADRIU\" \/>\n<meta property=\"article:published_time\" content=\"2023-01-17T17:39:09+00:00\" \/>\n<meta property=\"article:modified_time\" content=\"2023-06-23T08:19:13+00:00\" \/>\n<meta property=\"og:image\" content=\"https:\/\/president-ksgov.net\/wp-content\/uploads\/ZPRK-3.jpg\" \/>\n\t<meta property=\"og:image:width\" content=\"2000\" \/>\n\t<meta property=\"og:image:height\" content=\"1000\" \/>\n\t<meta property=\"og:image:type\" content=\"image\/jpeg\" \/>\n<meta name=\"author\" content=\"Florent Rrahmani\" \/>\n<meta name=\"twitter:card\" content=\"summary_large_image\" \/>\n<meta name=\"twitter:label1\" content=\"\u041d\u0430\u043f\u0438\u0441\u0430\u043d\u043e \u043e\u0434\" \/>\n\t<meta name=\"twitter:data1\" content=\"Florent Rrahmani\" \/>\n<script type=\"application\/ld+json\" class=\"yoast-schema-graph\">{\"@context\":\"https:\/\/schema.org\",\"@graph\":[{\"@type\":\"WebPage\",\"@id\":\"https:\/\/president-ksgov.net\/presidentja-smajl-hajdaraj-heroi-i-kosoves-do-te-mbetet-udherrefyes-per-brezat-e-tashem-dhe-te-ardhshem\/\",\"url\":\"https:\/\/president-ksgov.net\/presidentja-smajl-hajdaraj-heroi-i-kosoves-do-te-mbetet-udherrefyes-per-brezat-e-tashem-dhe-te-ardhshem\/\",\"name\":\"Predsednica: Smajl Hajdaraj heroj Kosova \u0107e ostati vodi\u010d sada\u0161njim i budu\u0107im generacijama - Predsednik Republike Kosovo - DR. VJOSA OSMANI - SADRIU\",\"isPartOf\":{\"@id\":\"https:\/\/president-ksgov.net\/#website\"},\"primaryImageOfPage\":{\"@id\":\"https:\/\/president-ksgov.net\/presidentja-smajl-hajdaraj-heroi-i-kosoves-do-te-mbetet-udherrefyes-per-brezat-e-tashem-dhe-te-ardhshem\/#primaryimage\"},\"image\":{\"@id\":\"https:\/\/president-ksgov.net\/presidentja-smajl-hajdaraj-heroi-i-kosoves-do-te-mbetet-udherrefyes-per-brezat-e-tashem-dhe-te-ardhshem\/#primaryimage\"},\"thumbnailUrl\":\"https:\/\/president-ksgov.net\/wp-content\/uploads\/ZPRK-3.jpg\",\"datePublished\":\"2023-01-17T17:39:09+00:00\",\"dateModified\":\"2023-06-23T08:19:13+00:00\",\"author\":{\"@id\":\"https:\/\/president-ksgov.net\/#\/schema\/person\/7c46f744a99d3f1616b92658282aa934\"},\"description\":\"Predsednica: Smajl Hajdaraj heroj Kosova \u0107e ostati vodi\u010d sada\u0161njim i budu\u0107im generacijama - Predsednik Republike Kosovo - DR. VJOSA OSMANI - SADRIU -\",\"breadcrumb\":{\"@id\":\"https:\/\/president-ksgov.net\/presidentja-smajl-hajdaraj-heroi-i-kosoves-do-te-mbetet-udherrefyes-per-brezat-e-tashem-dhe-te-ardhshem\/#breadcrumb\"},\"inLanguage\":\"sr-RS\",\"potentialAction\":[{\"@type\":\"ReadAction\",\"target\":[\"https:\/\/president-ksgov.net\/presidentja-smajl-hajdaraj-heroi-i-kosoves-do-te-mbetet-udherrefyes-per-brezat-e-tashem-dhe-te-ardhshem\/\"]}]},{\"@type\":\"ImageObject\",\"inLanguage\":\"sr-RS\",\"@id\":\"https:\/\/president-ksgov.net\/presidentja-smajl-hajdaraj-heroi-i-kosoves-do-te-mbetet-udherrefyes-per-brezat-e-tashem-dhe-te-ardhshem\/#primaryimage\",\"url\":\"https:\/\/president-ksgov.net\/wp-content\/uploads\/ZPRK-3.jpg\",\"contentUrl\":\"https:\/\/president-ksgov.net\/wp-content\/uploads\/ZPRK-3.jpg\",\"width\":2000,\"height\":1000},{\"@type\":\"BreadcrumbList\",\"@id\":\"https:\/\/president-ksgov.net\/presidentja-smajl-hajdaraj-heroi-i-kosoves-do-te-mbetet-udherrefyes-per-brezat-e-tashem-dhe-te-ardhshem\/#breadcrumb\",\"itemListElement\":[{\"@type\":\"ListItem\",\"position\":1,\"name\":\"Home\",\"item\":\"https:\/\/president-ksgov.net\/sr\/\"},{\"@type\":\"ListItem\",\"position\":2,\"name\":\"Predsednica: Smajl Hajdaraj heroj Kosova \u0107e ostati vodi\u010d sada\u0161njim i budu\u0107im generacijama\"}]},{\"@type\":\"WebSite\",\"@id\":\"https:\/\/president-ksgov.net\/#website\",\"url\":\"https:\/\/president-ksgov.net\/\",\"name\":\"Presidente e Republik\u00ebs s\u00eb Kosov\u00ebs\",\"description\":\"Presidente e Republik\u00ebs s\u00eb Kosov\u00ebs\",\"alternateName\":\"DR. VJOSA OSMANI - SADRIU\",\"potentialAction\":[{\"@type\":\"SearchAction\",\"target\":{\"@type\":\"EntryPoint\",\"urlTemplate\":\"https:\/\/president-ksgov.net\/?s={search_term_string}\"},\"query-input\":{\"@type\":\"PropertyValueSpecification\",\"valueRequired\":true,\"valueName\":\"search_term_string\"}}],\"inLanguage\":\"sr-RS\"},{\"@type\":\"Person\",\"@id\":\"https:\/\/president-ksgov.net\/#\/schema\/person\/7c46f744a99d3f1616b92658282aa934\",\"name\":\"Florent Rrahmani\",\"image\":{\"@type\":\"ImageObject\",\"inLanguage\":\"sr-RS\",\"@id\":\"https:\/\/president-ksgov.net\/#\/schema\/person\/image\/\",\"url\":\"https:\/\/secure.gravatar.com\/avatar\/2545924aa250de68ac8368367a79b663e59571cd131611f54c89b0613a94e230?s=96&d=mm&r=g\",\"contentUrl\":\"https:\/\/secure.gravatar.com\/avatar\/2545924aa250de68ac8368367a79b663e59571cd131611f54c89b0613a94e230?s=96&d=mm&r=g\",\"caption\":\"Florent Rrahmani\"}}]}<\/script>\n<!-- \/ Yoast SEO plugin. -->","yoast_head_json":{"title":"Predsednica: Smajl Hajdaraj heroj Kosova \u0107e ostati vodi\u010d sada\u0161njim i budu\u0107im generacijama - Predsednik Republike Kosovo - DR. VJOSA OSMANI - SADRIU","description":"Predsednica: Smajl Hajdaraj heroj Kosova \u0107e ostati vodi\u010d sada\u0161njim i budu\u0107im generacijama - Predsednik Republike Kosovo - DR. VJOSA OSMANI - SADRIU -","robots":{"index":"index","follow":"follow","max-snippet":"max-snippet:-1","max-image-preview":"max-image-preview:large","max-video-preview":"max-video-preview:-1"},"canonical":"https:\/\/president-ksgov.net\/presidentja-smajl-hajdaraj-heroi-i-kosoves-do-te-mbetet-udherrefyes-per-brezat-e-tashem-dhe-te-ardhshem\/","og_locale":"sr_RS","og_type":"article","og_title":"Predsednica: Smajl Hajdaraj heroj Kosova \u0107e ostati vodi\u010d sada\u0161njim i budu\u0107im generacijama - Predsednik Republike Kosovo - DR. VJOSA OSMANI - SADRIU","og_description":"Predsednica: Smajl Hajdaraj heroj Kosova \u0107e ostati vodi\u010d sada\u0161njim i budu\u0107im generacijama - Predsednik Republike Kosovo - DR. VJOSA OSMANI - SADRIU -","og_url":"https:\/\/president-ksgov.net\/presidentja-smajl-hajdaraj-heroi-i-kosoves-do-te-mbetet-udherrefyes-per-brezat-e-tashem-dhe-te-ardhshem\/","og_site_name":"Predsednik Republike Kosovo - DR. VJOSA OSMANI - SADRIU","article_published_time":"2023-01-17T17:39:09+00:00","article_modified_time":"2023-06-23T08:19:13+00:00","og_image":[{"width":2000,"height":1000,"url":"https:\/\/president-ksgov.net\/wp-content\/uploads\/ZPRK-3.jpg","type":"image\/jpeg"}],"author":"Florent Rrahmani","twitter_card":"summary_large_image","twitter_misc":{"\u041d\u0430\u043f\u0438\u0441\u0430\u043d\u043e \u043e\u0434":"Florent Rrahmani"},"schema":{"@context":"https:\/\/schema.org","@graph":[{"@type":"WebPage","@id":"https:\/\/president-ksgov.net\/presidentja-smajl-hajdaraj-heroi-i-kosoves-do-te-mbetet-udherrefyes-per-brezat-e-tashem-dhe-te-ardhshem\/","url":"https:\/\/president-ksgov.net\/presidentja-smajl-hajdaraj-heroi-i-kosoves-do-te-mbetet-udherrefyes-per-brezat-e-tashem-dhe-te-ardhshem\/","name":"Predsednica: Smajl Hajdaraj heroj Kosova \u0107e ostati vodi\u010d sada\u0161njim i budu\u0107im generacijama - Predsednik Republike Kosovo - DR. VJOSA OSMANI - SADRIU","isPartOf":{"@id":"https:\/\/president-ksgov.net\/#website"},"primaryImageOfPage":{"@id":"https:\/\/president-ksgov.net\/presidentja-smajl-hajdaraj-heroi-i-kosoves-do-te-mbetet-udherrefyes-per-brezat-e-tashem-dhe-te-ardhshem\/#primaryimage"},"image":{"@id":"https:\/\/president-ksgov.net\/presidentja-smajl-hajdaraj-heroi-i-kosoves-do-te-mbetet-udherrefyes-per-brezat-e-tashem-dhe-te-ardhshem\/#primaryimage"},"thumbnailUrl":"https:\/\/president-ksgov.net\/wp-content\/uploads\/ZPRK-3.jpg","datePublished":"2023-01-17T17:39:09+00:00","dateModified":"2023-06-23T08:19:13+00:00","author":{"@id":"https:\/\/president-ksgov.net\/#\/schema\/person\/7c46f744a99d3f1616b92658282aa934"},"description":"Predsednica: Smajl Hajdaraj heroj Kosova \u0107e ostati vodi\u010d sada\u0161njim i budu\u0107im generacijama - Predsednik Republike Kosovo - DR. VJOSA OSMANI - SADRIU -","breadcrumb":{"@id":"https:\/\/president-ksgov.net\/presidentja-smajl-hajdaraj-heroi-i-kosoves-do-te-mbetet-udherrefyes-per-brezat-e-tashem-dhe-te-ardhshem\/#breadcrumb"},"inLanguage":"sr-RS","potentialAction":[{"@type":"ReadAction","target":["https:\/\/president-ksgov.net\/presidentja-smajl-hajdaraj-heroi-i-kosoves-do-te-mbetet-udherrefyes-per-brezat-e-tashem-dhe-te-ardhshem\/"]}]},{"@type":"ImageObject","inLanguage":"sr-RS","@id":"https:\/\/president-ksgov.net\/presidentja-smajl-hajdaraj-heroi-i-kosoves-do-te-mbetet-udherrefyes-per-brezat-e-tashem-dhe-te-ardhshem\/#primaryimage","url":"https:\/\/president-ksgov.net\/wp-content\/uploads\/ZPRK-3.jpg","contentUrl":"https:\/\/president-ksgov.net\/wp-content\/uploads\/ZPRK-3.jpg","width":2000,"height":1000},{"@type":"BreadcrumbList","@id":"https:\/\/president-ksgov.net\/presidentja-smajl-hajdaraj-heroi-i-kosoves-do-te-mbetet-udherrefyes-per-brezat-e-tashem-dhe-te-ardhshem\/#breadcrumb","itemListElement":[{"@type":"ListItem","position":1,"name":"Home","item":"https:\/\/president-ksgov.net\/sr\/"},{"@type":"ListItem","position":2,"name":"Predsednica: Smajl Hajdaraj heroj Kosova \u0107e ostati vodi\u010d sada\u0161njim i budu\u0107im generacijama"}]},{"@type":"WebSite","@id":"https:\/\/president-ksgov.net\/#website","url":"https:\/\/president-ksgov.net\/","name":"Presidente e Republik\u00ebs s\u00eb Kosov\u00ebs","description":"Presidente e Republik\u00ebs s\u00eb Kosov\u00ebs","alternateName":"DR. VJOSA OSMANI - SADRIU","potentialAction":[{"@type":"SearchAction","target":{"@type":"EntryPoint","urlTemplate":"https:\/\/president-ksgov.net\/?s={search_term_string}"},"query-input":{"@type":"PropertyValueSpecification","valueRequired":true,"valueName":"search_term_string"}}],"inLanguage":"sr-RS"},{"@type":"Person","@id":"https:\/\/president-ksgov.net\/#\/schema\/person\/7c46f744a99d3f1616b92658282aa934","name":"Florent Rrahmani","image":{"@type":"ImageObject","inLanguage":"sr-RS","@id":"https:\/\/president-ksgov.net\/#\/schema\/person\/image\/","url":"https:\/\/secure.gravatar.com\/avatar\/2545924aa250de68ac8368367a79b663e59571cd131611f54c89b0613a94e230?s=96&d=mm&r=g","contentUrl":"https:\/\/secure.gravatar.com\/avatar\/2545924aa250de68ac8368367a79b663e59571cd131611f54c89b0613a94e230?s=96&d=mm&r=g","caption":"Florent Rrahmani"}}]}},"_links":{"self":[{"href":"https:\/\/president-ksgov.net\/sr\/wp-json\/wp\/v2\/posts\/92966","targetHints":{"allow":["GET"]}}],"collection":[{"href":"https:\/\/president-ksgov.net\/sr\/wp-json\/wp\/v2\/posts"}],"about":[{"href":"https:\/\/president-ksgov.net\/sr\/wp-json\/wp\/v2\/types\/post"}],"author":[{"embeddable":true,"href":"https:\/\/president-ksgov.net\/sr\/wp-json\/wp\/v2\/users\/9"}],"replies":[{"embeddable":true,"href":"https:\/\/president-ksgov.net\/sr\/wp-json\/wp\/v2\/comments?post=92966"}],"version-history":[{"count":1,"href":"https:\/\/president-ksgov.net\/sr\/wp-json\/wp\/v2\/posts\/92966\/revisions"}],"predecessor-version":[{"id":92967,"href":"https:\/\/president-ksgov.net\/sr\/wp-json\/wp\/v2\/posts\/92966\/revisions\/92967"}],"wp:featuredmedia":[{"embeddable":true,"href":"https:\/\/president-ksgov.net\/sr\/wp-json\/wp\/v2\/media\/92924"}],"wp:attachment":[{"href":"https:\/\/president-ksgov.net\/sr\/wp-json\/wp\/v2\/media?parent=92966"}],"wp:term":[{"taxonomy":"category","embeddable":true,"href":"https:\/\/president-ksgov.net\/sr\/wp-json\/wp\/v2\/categories?post=92966"},{"taxonomy":"post_tag","embeddable":true,"href":"https:\/\/president-ksgov.net\/sr\/wp-json\/wp\/v2\/tags?post=92966"}],"curies":[{"name":"wp","href":"https:\/\/api.w.org\/{rel}","templated":true}]}}