{"id":92960,"date":"2023-01-17T11:07:22","date_gmt":"2023-01-17T10:07:22","guid":{"rendered":"https:\/\/president-ksgov.net\/?p=92960"},"modified":"2026-01-28T08:30:00","modified_gmt":"2026-01-28T07:30:00","slug":"predsednica-osmani-izrazila-saucesce-zbog-smrti-akademika-edi-shukriu","status":"publish","type":"post","link":"https:\/\/president-ksgov.net\/sr\/predsednica-osmani-izrazila-saucesce-zbog-smrti-akademika-edi-shukriu\/","title":{"rendered":"Predsednica Osmani izrazila sau\u010de\u0161\u0107e zbog smrti akademika Edi Shukriu"},"content":{"rendered":"<p>\u201eSa dubokim bolom primio sam vest o smrti profesorke Edi Shukriu, \u010dlanice Akademije nauka i umetnosti Kosova, dugogodi\u0161nje profesorke Univerziteta u Pri\u0161tini, kao i istaknute politi\u010dke i institucionalne aktivistkinje.<\/p>\n<p>Smrt Edi Shukriu je dubok gubitak za albansko znanje i nauku, jer je ona bila dragoceno ime u oblasti arheologije i istorije, oblasti u kojima je ostavila neizbrisiv trag. Budu\u0107i me\u0111u prvim albanskim arheolozima, postavila je temelje arheolo\u0161kog znanja na Kosovu, kome je posvetila skoro ceo svoj \u017eivot, osnivaju\u0107i i rukovode\u0107i razli\u010ditim istra\u017eiva\u010dkim i nau\u010dnim institucijama i projektima. \u017dena nagla\u0161enog pesni\u010dkog poziva, prof. Shukriu je poznata i u oblasti knji\u017eevnosti. Zave\u0161tala nam je nekoliko pesni\u010dkih dela.<\/p>\n<p>U ovim te\u0161kim trenucima saose\u0107am sa njenom porodicom, prijateljima i kolegama.<\/p>\n<p>Neka je ve\u010dno se\u0107anje na Edi!\u201c, navodi se u telegramu sau\u010de\u0161\u0107a predsednice Osmani.<\/p>\n","protected":false},"excerpt":{"rendered":"<p>\u201eSa dubokim bolom primio sam vest o smrti profesorke Edi Shukriu, \u010dlanice Akademije nauka i umetnosti Kosova, dugogodi\u0161nje profesorke Univerziteta u Pri\u0161tini, kao i istaknute politi\u010dke i institucionalne aktivistkinje. Smrt Edi Shukriu je dubok gubitak za albansko znanje i nauku, jer je ona bila dragoceno ime u oblasti arheologije i istorije, oblasti u kojima je ostavila neizbrisiv trag. Budu\u0107i me\u0111u prvim albanskim arheolozima, postavila je temelje arheolo\u0161kog znanja na Kosovu, kome je posvetila skoro ceo svoj \u017eivot, osnivaju\u0107i i rukovode\u0107i razli\u010ditim istra\u017eiva\u010dkim i nau\u010dnim institucijama i projektima. \u017dena nagla\u0161enog pesni\u010dkog poziva, prof. Shukriu je poznata i u oblasti knji\u017eevnosti. Zave\u0161tala nam je nekoliko pesni\u010dkih dela. U ovim te\u0161kim trenucima saose\u0107am sa njenom porodicom, prijateljima i kolegama. Neka je ve\u010dno se\u0107anje na Edi!\u201c, navodi se u telegramu sau\u010de\u0161\u0107a predsednice Osmani.<\/p>\n","protected":false},"author":9,"featured_media":8569,"comment_status":"closed","ping_status":"closed","sticky":false,"template":"","format":"standard","meta":{"_eb_attr":"","footnotes":""},"categories":[101],"tags":[],"class_list":["post-92960","post","type-post","status-publish","format-standard","has-post-thumbnail","hentry","category-vesti"],"yoast_head":"<!-- This site is optimized with the Yoast SEO plugin v23.5 - https:\/\/yoast.com\/wordpress\/plugins\/seo\/ -->\n<title>Predsednica Osmani izrazila sau\u010de\u0161\u0107e zbog smrti akademika Edi Shukriu - Predsednik Republike Kosovo - DR. VJOSA OSMANI - SADRIU<\/title>\n<meta name=\"description\" content=\"Predsednica Osmani izrazila sau\u010de\u0161\u0107e zbog smrti akademika Edi Shukriu - Predsednik Republike Kosovo - DR. VJOSA OSMANI - SADRIU -\" \/>\n<meta name=\"robots\" content=\"index, follow, max-snippet:-1, max-image-preview:large, max-video-preview:-1\" \/>\n<link rel=\"canonical\" href=\"https:\/\/president-ksgov.net\/sr\/predsednica-osmani-izrazila-saucesce-zbog-smrti-akademika-edi-shukriu\/\" \/>\n<meta property=\"og:locale\" content=\"sr_RS\" \/>\n<meta property=\"og:type\" content=\"article\" \/>\n<meta property=\"og:title\" content=\"Predsednica Osmani izrazila sau\u010de\u0161\u0107e zbog smrti akademika Edi Shukriu - Predsednik Republike Kosovo - DR. VJOSA OSMANI - SADRIU\" \/>\n<meta property=\"og:description\" content=\"Predsednica Osmani izrazila sau\u010de\u0161\u0107e zbog smrti akademika Edi Shukriu - Predsednik Republike Kosovo - DR. VJOSA OSMANI - SADRIU -\" \/>\n<meta property=\"og:url\" content=\"https:\/\/president-ksgov.net\/sr\/predsednica-osmani-izrazila-saucesce-zbog-smrti-akademika-edi-shukriu\/\" \/>\n<meta property=\"og:site_name\" content=\"Predsednik Republike Kosovo - DR. VJOSA OSMANI - SADRIU\" \/>\n<meta property=\"article:published_time\" content=\"2023-01-17T10:07:22+00:00\" \/>\n<meta property=\"article:modified_time\" content=\"2026-01-28T07:30:00+00:00\" \/>\n<meta property=\"og:image\" content=\"https:\/\/president-ksgov.net\/wp-content\/uploads\/2023\/03\/16_01_2023_7657-1.jpg\" \/>\n\t<meta property=\"og:image:width\" content=\"600\" \/>\n\t<meta property=\"og:image:height\" content=\"360\" \/>\n\t<meta property=\"og:image:type\" content=\"image\/jpeg\" \/>\n<meta name=\"author\" content=\"Florent Rrahmani\" \/>\n<meta name=\"twitter:card\" content=\"summary_large_image\" \/>\n<meta name=\"twitter:label1\" content=\"\u041d\u0430\u043f\u0438\u0441\u0430\u043d\u043e \u043e\u0434\" \/>\n\t<meta name=\"twitter:data1\" content=\"Florent Rrahmani\" \/>\n\t<meta name=\"twitter:label2\" content=\"\u041f\u0440\u043e\u0446\u0435\u045a\u0435\u043d\u043e \u0432\u0440\u0435\u043c\u0435 \u0447\u0438\u0442\u0430\u045a\u0430\" \/>\n\t<meta name=\"twitter:data2\" content=\"1 \u043c\u0438\u043d\u0443\u0442\" \/>\n<script type=\"application\/ld+json\" class=\"yoast-schema-graph\">{\"@context\":\"https:\/\/schema.org\",\"@graph\":[{\"@type\":\"WebPage\",\"@id\":\"https:\/\/president-ksgov.net\/sr\/predsednica-osmani-izrazila-saucesce-zbog-smrti-akademika-edi-shukriu\/\",\"url\":\"https:\/\/president-ksgov.net\/sr\/predsednica-osmani-izrazila-saucesce-zbog-smrti-akademika-edi-shukriu\/\",\"name\":\"Predsednica Osmani izrazila sau\u010de\u0161\u0107e zbog smrti akademika Edi Shukriu - Predsednik Republike Kosovo - DR. VJOSA OSMANI - SADRIU\",\"isPartOf\":{\"@id\":\"https:\/\/president-ksgov.net\/#website\"},\"primaryImageOfPage\":{\"@id\":\"https:\/\/president-ksgov.net\/sr\/predsednica-osmani-izrazila-saucesce-zbog-smrti-akademika-edi-shukriu\/#primaryimage\"},\"image\":{\"@id\":\"https:\/\/president-ksgov.net\/sr\/predsednica-osmani-izrazila-saucesce-zbog-smrti-akademika-edi-shukriu\/#primaryimage\"},\"thumbnailUrl\":\"https:\/\/president-ksgov.net\/wp-content\/uploads\/2023\/03\/16_01_2023_7657-1.jpg\",\"datePublished\":\"2023-01-17T10:07:22+00:00\",\"dateModified\":\"2026-01-28T07:30:00+00:00\",\"author\":{\"@id\":\"https:\/\/president-ksgov.net\/#\/schema\/person\/7c46f744a99d3f1616b92658282aa934\"},\"description\":\"Predsednica Osmani izrazila sau\u010de\u0161\u0107e zbog smrti akademika Edi Shukriu - Predsednik Republike Kosovo - DR. VJOSA OSMANI - SADRIU -\",\"breadcrumb\":{\"@id\":\"https:\/\/president-ksgov.net\/sr\/predsednica-osmani-izrazila-saucesce-zbog-smrti-akademika-edi-shukriu\/#breadcrumb\"},\"inLanguage\":\"sr-RS\",\"potentialAction\":[{\"@type\":\"ReadAction\",\"target\":[\"https:\/\/president-ksgov.net\/sr\/predsednica-osmani-izrazila-saucesce-zbog-smrti-akademika-edi-shukriu\/\"]}]},{\"@type\":\"ImageObject\",\"inLanguage\":\"sr-RS\",\"@id\":\"https:\/\/president-ksgov.net\/sr\/predsednica-osmani-izrazila-saucesce-zbog-smrti-akademika-edi-shukriu\/#primaryimage\",\"url\":\"https:\/\/president-ksgov.net\/wp-content\/uploads\/2023\/03\/16_01_2023_7657-1.jpg\",\"contentUrl\":\"https:\/\/president-ksgov.net\/wp-content\/uploads\/2023\/03\/16_01_2023_7657-1.jpg\",\"width\":600,\"height\":360},{\"@type\":\"BreadcrumbList\",\"@id\":\"https:\/\/president-ksgov.net\/sr\/predsednica-osmani-izrazila-saucesce-zbog-smrti-akademika-edi-shukriu\/#breadcrumb\",\"itemListElement\":[{\"@type\":\"ListItem\",\"position\":1,\"name\":\"Home\",\"item\":\"https:\/\/president-ksgov.net\/sr\/\"},{\"@type\":\"ListItem\",\"position\":2,\"name\":\"Predsednica Osmani izrazila sau\u010de\u0161\u0107e zbog smrti akademika Edi Shukriu\"}]},{\"@type\":\"WebSite\",\"@id\":\"https:\/\/president-ksgov.net\/#website\",\"url\":\"https:\/\/president-ksgov.net\/\",\"name\":\"Presidente e Republik\u00ebs s\u00eb Kosov\u00ebs\",\"description\":\"Presidente e Republik\u00ebs s\u00eb Kosov\u00ebs\",\"alternateName\":\"DR. VJOSA OSMANI - SADRIU\",\"potentialAction\":[{\"@type\":\"SearchAction\",\"target\":{\"@type\":\"EntryPoint\",\"urlTemplate\":\"https:\/\/president-ksgov.net\/?s={search_term_string}\"},\"query-input\":{\"@type\":\"PropertyValueSpecification\",\"valueRequired\":true,\"valueName\":\"search_term_string\"}}],\"inLanguage\":\"sr-RS\"},{\"@type\":\"Person\",\"@id\":\"https:\/\/president-ksgov.net\/#\/schema\/person\/7c46f744a99d3f1616b92658282aa934\",\"name\":\"Florent Rrahmani\",\"image\":{\"@type\":\"ImageObject\",\"inLanguage\":\"sr-RS\",\"@id\":\"https:\/\/president-ksgov.net\/#\/schema\/person\/image\/\",\"url\":\"https:\/\/secure.gravatar.com\/avatar\/2545924aa250de68ac8368367a79b663e59571cd131611f54c89b0613a94e230?s=96&d=mm&r=g\",\"contentUrl\":\"https:\/\/secure.gravatar.com\/avatar\/2545924aa250de68ac8368367a79b663e59571cd131611f54c89b0613a94e230?s=96&d=mm&r=g\",\"caption\":\"Florent Rrahmani\"}}]}<\/script>\n<!-- \/ Yoast SEO plugin. -->","yoast_head_json":{"title":"Predsednica Osmani izrazila sau\u010de\u0161\u0107e zbog smrti akademika Edi Shukriu - Predsednik Republike Kosovo - DR. VJOSA OSMANI - SADRIU","description":"Predsednica Osmani izrazila sau\u010de\u0161\u0107e zbog smrti akademika Edi Shukriu - Predsednik Republike Kosovo - DR. VJOSA OSMANI - SADRIU -","robots":{"index":"index","follow":"follow","max-snippet":"max-snippet:-1","max-image-preview":"max-image-preview:large","max-video-preview":"max-video-preview:-1"},"canonical":"https:\/\/president-ksgov.net\/sr\/predsednica-osmani-izrazila-saucesce-zbog-smrti-akademika-edi-shukriu\/","og_locale":"sr_RS","og_type":"article","og_title":"Predsednica Osmani izrazila sau\u010de\u0161\u0107e zbog smrti akademika Edi Shukriu - Predsednik Republike Kosovo - DR. VJOSA OSMANI - SADRIU","og_description":"Predsednica Osmani izrazila sau\u010de\u0161\u0107e zbog smrti akademika Edi Shukriu - Predsednik Republike Kosovo - DR. VJOSA OSMANI - SADRIU -","og_url":"https:\/\/president-ksgov.net\/sr\/predsednica-osmani-izrazila-saucesce-zbog-smrti-akademika-edi-shukriu\/","og_site_name":"Predsednik Republike Kosovo - DR. VJOSA OSMANI - SADRIU","article_published_time":"2023-01-17T10:07:22+00:00","article_modified_time":"2026-01-28T07:30:00+00:00","og_image":[{"width":600,"height":360,"url":"https:\/\/president-ksgov.net\/wp-content\/uploads\/2023\/03\/16_01_2023_7657-1.jpg","type":"image\/jpeg"}],"author":"Florent Rrahmani","twitter_card":"summary_large_image","twitter_misc":{"\u041d\u0430\u043f\u0438\u0441\u0430\u043d\u043e \u043e\u0434":"Florent Rrahmani","\u041f\u0440\u043e\u0446\u0435\u045a\u0435\u043d\u043e \u0432\u0440\u0435\u043c\u0435 \u0447\u0438\u0442\u0430\u045a\u0430":"1 \u043c\u0438\u043d\u0443\u0442"},"schema":{"@context":"https:\/\/schema.org","@graph":[{"@type":"WebPage","@id":"https:\/\/president-ksgov.net\/sr\/predsednica-osmani-izrazila-saucesce-zbog-smrti-akademika-edi-shukriu\/","url":"https:\/\/president-ksgov.net\/sr\/predsednica-osmani-izrazila-saucesce-zbog-smrti-akademika-edi-shukriu\/","name":"Predsednica Osmani izrazila sau\u010de\u0161\u0107e zbog smrti akademika Edi Shukriu - Predsednik Republike Kosovo - DR. VJOSA OSMANI - SADRIU","isPartOf":{"@id":"https:\/\/president-ksgov.net\/#website"},"primaryImageOfPage":{"@id":"https:\/\/president-ksgov.net\/sr\/predsednica-osmani-izrazila-saucesce-zbog-smrti-akademika-edi-shukriu\/#primaryimage"},"image":{"@id":"https:\/\/president-ksgov.net\/sr\/predsednica-osmani-izrazila-saucesce-zbog-smrti-akademika-edi-shukriu\/#primaryimage"},"thumbnailUrl":"https:\/\/president-ksgov.net\/wp-content\/uploads\/2023\/03\/16_01_2023_7657-1.jpg","datePublished":"2023-01-17T10:07:22+00:00","dateModified":"2026-01-28T07:30:00+00:00","author":{"@id":"https:\/\/president-ksgov.net\/#\/schema\/person\/7c46f744a99d3f1616b92658282aa934"},"description":"Predsednica Osmani izrazila sau\u010de\u0161\u0107e zbog smrti akademika Edi Shukriu - Predsednik Republike Kosovo - DR. VJOSA OSMANI - SADRIU -","breadcrumb":{"@id":"https:\/\/president-ksgov.net\/sr\/predsednica-osmani-izrazila-saucesce-zbog-smrti-akademika-edi-shukriu\/#breadcrumb"},"inLanguage":"sr-RS","potentialAction":[{"@type":"ReadAction","target":["https:\/\/president-ksgov.net\/sr\/predsednica-osmani-izrazila-saucesce-zbog-smrti-akademika-edi-shukriu\/"]}]},{"@type":"ImageObject","inLanguage":"sr-RS","@id":"https:\/\/president-ksgov.net\/sr\/predsednica-osmani-izrazila-saucesce-zbog-smrti-akademika-edi-shukriu\/#primaryimage","url":"https:\/\/president-ksgov.net\/wp-content\/uploads\/2023\/03\/16_01_2023_7657-1.jpg","contentUrl":"https:\/\/president-ksgov.net\/wp-content\/uploads\/2023\/03\/16_01_2023_7657-1.jpg","width":600,"height":360},{"@type":"BreadcrumbList","@id":"https:\/\/president-ksgov.net\/sr\/predsednica-osmani-izrazila-saucesce-zbog-smrti-akademika-edi-shukriu\/#breadcrumb","itemListElement":[{"@type":"ListItem","position":1,"name":"Home","item":"https:\/\/president-ksgov.net\/sr\/"},{"@type":"ListItem","position":2,"name":"Predsednica Osmani izrazila sau\u010de\u0161\u0107e zbog smrti akademika Edi Shukriu"}]},{"@type":"WebSite","@id":"https:\/\/president-ksgov.net\/#website","url":"https:\/\/president-ksgov.net\/","name":"Presidente e Republik\u00ebs s\u00eb Kosov\u00ebs","description":"Presidente e Republik\u00ebs s\u00eb Kosov\u00ebs","alternateName":"DR. VJOSA OSMANI - SADRIU","potentialAction":[{"@type":"SearchAction","target":{"@type":"EntryPoint","urlTemplate":"https:\/\/president-ksgov.net\/?s={search_term_string}"},"query-input":{"@type":"PropertyValueSpecification","valueRequired":true,"valueName":"search_term_string"}}],"inLanguage":"sr-RS"},{"@type":"Person","@id":"https:\/\/president-ksgov.net\/#\/schema\/person\/7c46f744a99d3f1616b92658282aa934","name":"Florent Rrahmani","image":{"@type":"ImageObject","inLanguage":"sr-RS","@id":"https:\/\/president-ksgov.net\/#\/schema\/person\/image\/","url":"https:\/\/secure.gravatar.com\/avatar\/2545924aa250de68ac8368367a79b663e59571cd131611f54c89b0613a94e230?s=96&d=mm&r=g","contentUrl":"https:\/\/secure.gravatar.com\/avatar\/2545924aa250de68ac8368367a79b663e59571cd131611f54c89b0613a94e230?s=96&d=mm&r=g","caption":"Florent Rrahmani"}}]}},"_links":{"self":[{"href":"https:\/\/president-ksgov.net\/sr\/wp-json\/wp\/v2\/posts\/92960","targetHints":{"allow":["GET"]}}],"collection":[{"href":"https:\/\/president-ksgov.net\/sr\/wp-json\/wp\/v2\/posts"}],"about":[{"href":"https:\/\/president-ksgov.net\/sr\/wp-json\/wp\/v2\/types\/post"}],"author":[{"embeddable":true,"href":"https:\/\/president-ksgov.net\/sr\/wp-json\/wp\/v2\/users\/9"}],"replies":[{"embeddable":true,"href":"https:\/\/president-ksgov.net\/sr\/wp-json\/wp\/v2\/comments?post=92960"}],"version-history":[{"count":1,"href":"https:\/\/president-ksgov.net\/sr\/wp-json\/wp\/v2\/posts\/92960\/revisions"}],"predecessor-version":[{"id":92961,"href":"https:\/\/president-ksgov.net\/sr\/wp-json\/wp\/v2\/posts\/92960\/revisions\/92961"}],"wp:featuredmedia":[{"embeddable":true,"href":"https:\/\/president-ksgov.net\/sr\/wp-json\/wp\/v2\/media\/8569"}],"wp:attachment":[{"href":"https:\/\/president-ksgov.net\/sr\/wp-json\/wp\/v2\/media?parent=92960"}],"wp:term":[{"taxonomy":"category","embeddable":true,"href":"https:\/\/president-ksgov.net\/sr\/wp-json\/wp\/v2\/categories?post=92960"},{"taxonomy":"post_tag","embeddable":true,"href":"https:\/\/president-ksgov.net\/sr\/wp-json\/wp\/v2\/tags?post=92960"}],"curies":[{"name":"wp","href":"https:\/\/api.w.org\/{rel}","templated":true}]}}