{"id":92890,"date":"2023-05-21T16:21:03","date_gmt":"2023-05-21T14:21:03","guid":{"rendered":"https:\/\/president-ksgov.net\/?p=92890"},"modified":"2026-01-28T09:26:17","modified_gmt":"2026-01-28T08:26:17","slug":"govor-predsednice-osmani-na-ceremoniji-otvaranja-zajednicke-multinacionalne-vezbe-defender-europe-23","status":"publish","type":"post","link":"https:\/\/president-ksgov.net\/sr\/govor-predsednice-osmani-na-ceremoniji-otvaranja-zajednicke-multinacionalne-vezbe-defender-europe-23\/","title":{"rendered":"Govor predsednice Osmani na ceremoniji otvaranja zajedni\u010dke multinacionalne ve\u017ebe \u201eDefender Europe &#8217;23\u201c"},"content":{"rendered":"<p>Po\u0161tovani premijeru Kurti,<br \/>\nPo\u0161tovani ambasadore Hovenier,<br \/>\nPo\u0161tovani ministre Mehaj,<br \/>\nMinistre Sve\u00e7la,<br \/>\nPo\u0161tovani komandante KBS-a, general-pukovni\u010de Jashari,<br \/>\nPo\u0161tovani zameni\u010de komandanta 34. pe\u0161adijske divizije, brigadni generale Erens, g.<br \/>\nBrigadni generale Bo\u017ei\u0107ev\u0107u,<br \/>\nPo\u0161tovani partneri Republike Kosovo, partneri Kosovskih bezbednosnih snaga,<br \/>\nVojnici partnerskih snaga i Kosovskih bezbednosnih snaga,<br \/>\nSvi vi u\u010desnici ove istorijske ve\u017ebe,<br \/>\nPo\u0161tovani gra\u0111ani na\u0161e Republike,<\/p>\n<p>\u010cast mi je da budem sa vama danas na ceremoniji otvaranja zajedni\u010dke multinacionalne ve\u017ebe \u201eDefender Europe &#8217;23\u201c koju predvodi Komanda ameri\u010dke vojske za Evropu i Afriku.<\/p>\n<p>Danas stojim pred vama da odam po\u010dast va\u0161oj hrabrosti, posve\u0107enosti i nepokolebljivom anga\u017eovanju ovoj me\u0111unarodnoj ve\u017ebi.<\/p>\n<p>Vi ste oli\u010denje hrabrosti i predstavljanje najplemenitijih ideala slu\u017eenja, po\u017ertvovanja i solidarnosti.<\/p>\n<p>Vi ste \u010duvari mira i bezbednosti u sve slo\u017eenijem svetu i sve izazovnijim de\u0161avanjima.<\/p>\n<p>U ovoj me\u0111unarodnoj ve\u017ebi, vi ste uz vojske razli\u010ditih nacija i dr\u017eava.<\/p>\n<p>Me\u0111utim, ostajete ujedinjeni u okviru jednog cilja, zajedni\u010dkog cilja &#8211; da oja\u010date saradnju, izgradite poverenje i pobolj\u0161ate interoperabilnost me\u0111u savezni\u010dkim snagama.<\/p>\n<p>Vi ste oli\u010denje timskog rada, prevazila\u017eenjem granica i zajedni\u010dkim radom ka zajedni\u010dkom cilju &#8211; bezbednosti i za\u0161titi na\u0161ih vrednosti.<\/p>\n<p>Ova me\u0111unarodna ve\u017eba je simbol na\u0161e kolektivne odlu\u010dnosti da o\u010duvamo mir i stabilnost u svetu koji se neprestano dovodi u pitanje. To je podsetnik da na\u0161a snaga nije samo u snazi na\u0161eg oru\u017eja, ve\u0107 i u vezama koje stvaramo, u savezima koje gradimo i u zajedni\u010dkim vrednostima koje negujemo svaki dan.<\/p>\n<p>Zajedno smo ja\u010di protiv snaga koje \u017eele da nas podele, dokazuju\u0107i da su na\u0161e jedinstvo i saradnja klju\u010dni za sigurniju i mirniju budu\u0107nost.<br \/>\nGlavni cilj Defendera 23 je da demonstrira vojnu i borbenu sposobnost SAD-a i savezni\u010dkih snaga protiv potencijalnih agresora i da uveri evropske saveznike i partnere da je kontinent bezbedan od potencijalnih napada.<\/p>\n<p>Ova ve\u017eba je istorijska po mnogo \u010demu, posebno za najnoviju vojsku na evropskom kontinentu, na\u0161ih Bezbednosnih snaga.<\/p>\n<p>Pre ta\u010dno dve godine, sa velikim uspehom, zajedno smo izveli ve\u017ebu \u201eDefender-Europe\u201921\u201c i bez prestanka nastavili sa pripremama za slede\u0107u ve\u017ebu, koja po\u010dinje danas ceremonijom na Trgu Gjergj-Kastrioti Skenderbeu, jednog od najzna\u010dajnijih imena u na\u0161oj istoriji.<\/p>\n<p>Skenderbeg je heroj ne samo za Kosovo, ve\u0107 i za Evropu. Poznat je kao strateg i vojskovo\u0111a, me\u0111u najve\u0107ima u istoriji ratova, za odbranu otad\u017ebine i za\u0161titu civilizacijskih vrednosti koji su sna\u017eno uticali na odbranu Evrope i na\u0161eg kontinenta uop\u0161te.<\/p>\n<p>S druge strane, tu je statua istorijskog lidera, na\u0161eg vo\u0111e pokreta za nezavisnost, ujedno i arhitekte na\u0161e Republike, istorijskog predsednika dr Ibrahima Rugove, \u010dije su vizija i ideal, tokom celog te\u0161kog puta, oli\u010dene u prozapadnim i evroatlantskim vrednostima.<\/p>\n<p>Defender 2023 tako\u0111e se poklapa sa 24. godi\u0161njicom na\u0161eg oslobo\u0111enja, koji je dan sve\u017e kao se\u0107anje na vojnu intervenciju SAD-a sa snagama drugih zemalja saveznica NATO-a, protiv Milo\u0161evi\u0107evog genocida nad narodom Kosova. Mi smo bili \u017ertve, dok je Milo\u0161evi\u0107ev re\u017eim bio agresor. A na\u0161a borba, bila je borba za slobodu! Ovo je jedina istina, koju \u0107emo braniti svaki put i svuda!<\/p>\n<p>Zato danas, kada vidimo postrojene vojnike KBS-a na ovom trgu, \u017eelim svima da skrenem pa\u017enju na \u017ertvu njihovih predaka, k\u0107eri i sinova OVK, koji su omogu\u0107ili na\u0161u slobodu, za\u0161titili i vratili na\u0161e dostojanstvo. Oni su oli\u010denje nesebi\u010dnosti, po\u017ertvovanja i hrabrosti. Predvo\u0111eni legendarnim komandantom Ademom Jasharijem, oni i preko 3 hiljade palih boraca OVK-a oli\u010denje su slobode i na\u0161e zemlje.<\/p>\n<p>Zato, hvala i ve\u010dna zahvalnost devojkama i momcima OVK-a!<\/p>\n<p>Hvala i mu\u0161karcima i \u017eenama naroda slobodarskog saveza, NATO alijanse i svim vojnicima SAD-a na \u017ertvi u podr\u0161ci na\u0161im naporima za slobodu i nezavisnost!<\/p>\n<p>Tokom 24 godine nakon rata, stajali ste uz nas svojom podr\u0161kom, podr\u017eavaju\u0107i Vojsku Republike Kosovo, koju smo zajedno sa vama podigli i razvijali, a sada \u0107e u ovoj ve\u017ebi prakti\u010dno pokazati da su spremni da izvr\u0161e zadatke u okviru multinacionalnih mirovnih operacija i operacija za stabilnost gde god je to potrebno.<\/p>\n<p>Po\u0161tovani prisutni,<\/p>\n<p>U\u010de\u0161\u0107e Republike Kosova, sa statusom zemlje doma\u0107ina me\u0111u 25 zemalja u ovoj ve\u017ebi uz spremnost i interoperabilnost oko 1400 trupa KBS-a pored mnogih ameri\u010dkih vojnih trupa i drugih multinacionalnih trupa ostalih savezni\u010dkih i partnerskih zemalja drugih NATO-a, najbolje potvr\u0111uje sna\u017eno poverenje na\u0161eg strate\u0161kog partnera, SAD-a, prema Republici Kosovo i prema na\u0161oj vojsci.<\/p>\n<p>Na\u0161 put napred je nezaustavljiv i \u010dvrsto smo odlu\u010dni da konsolidujemo i oja\u010damo demokratske institucije pravne dr\u017eave i vladavine prava kao vitalnih faktora u ja\u010danju sistema bezbednosti i odbrane u na\u0161oj zemlji.<\/p>\n<p>U veoma osetljivom bezbednosnom okru\u017eenju, kada izazovi i pretnje postaju sve slo\u017eeniji, zna\u010daj saradnje sa saveznicima u oblasti odbrane, kao i u svim drugim oblastima, je neophodan i egzistencijalan.<\/p>\n<p>To sna\u017eno potvr\u0111uje visok nivo interoperabilnosti tokom faze planiranja ve\u017ebe, za koju verujemo da \u0107e biti krunisana maksimalnim uspehom i u fazi izvo\u0111enja integracijom na\u0161ih snaga u zajedni\u010dku operaciju obuke sa zemljama regiona Zapadnog Balkana.<\/p>\n<p>Pored ve\u017ebe \u201eDefender-Europe\u201923\u201d, ovo name\u0107e i potrebu za zajedni\u010dkim stvaranjem politi\u010dkog fronta, kao i bezbednosnog i odbrambenog, po\u010dev od Jadranske povelje, SAD-A5, gde je neophodno da napredujemo sa \u010dlanstvom Kosova, zatim stupanjem na\u0161e Republike u program Partnerstva za mir, do \u010dlanstva u NATO.<\/p>\n<p>Ova \u010dinjenica treba da bude sna\u017ean pokazatelj svih uzroka izazova, svih uzroka destruktivnosti i destabilizacionih tendencija da nikada ne\u0107e uspeti u svojim nastojanjima da miniraju mir i bezbednost u na\u0161oj zemlji i regionu uop\u0161te.<\/p>\n<p>Na\u0161e zemlje su dokazale i dokazuju, i ovom ve\u017ebom, punu stabilnost zahvaljuju\u0107i jasnoj evroatlantskoj orijentaciji i bliskom partnerstvu sa SAD-om, zemljama EU i drugim zemljama \u010dlanicama NATO-a, kao i redovnoj i koordinisanoj saradnji zasnovanoj na zajedni\u010dkim vrednostima i ciljevima.<\/p>\n<p>Vojnici prijateljskih snaga i Kosovskih bezbednosnih snaga,<\/p>\n<p>Danas \u0107ete krunisati svoju maksimalnu i nesebi\u010dnu posve\u0107enost tokom duge pripremne faze.<\/p>\n<p>U potpunosti sam ube\u0111ena u va\u0161e profesionalne ve\u0161tine i kapacitete i nivo snage, izdr\u017eljivosti i va\u0161ih intenzivnih priprema.<\/p>\n<p>Neka ova me\u0111unarodna ve\u017eba slu\u017ei kao svedo\u010danstvo snage saradnje, kao trijumf ljudskog duha i nesalomive volje vojnika poput vas. Neka ovo bude pokazatelj koliko je jak na\u0161 savez sa SAD-om.<\/p>\n<p>Ostanite nepokolebljivi u svojoj nameri, \u010dvrsto se dr\u017eite svojih vrednosti i vratite se sa ove ve\u017ebe ponosni, sa novim iskustvom i ve\u0161tinama!<\/p>\n<p>Zajedno smo uvek ja\u010di sa savezni\u010dkim snagama!<\/p>\n<p>\u017delim vam uspeha i neka vas prati sre\u0107a!<\/p>\n<p>Bog blagoslovio na\u0161 savez sa Sjedinjenim Ameri\u010dkim Dr\u017eavama!<\/p>\n<p>Hvala vam!<\/p>\n<p><iframe width=\"1396\" height=\"785\" src=\"https:\/\/www.youtube.com\/embed\/DVNJbDzohK8\" title=\"Fjalimi i n\u00eb ceremonin\u00eb e fillimit t\u00eb st\u00ebrvitjes s\u00eb p\u00ebrbashk\u00ebt &quot;Defender Europe&#39;23&quot; - 21.05.2023\" frameborder=\"0\" allow=\"accelerometer; autoplay; clipboard-write; encrypted-media; gyroscope; picture-in-picture; web-share\" referrerpolicy=\"strict-origin-when-cross-origin\" allowfullscreen><\/iframe><\/p>\n","protected":false},"excerpt":{"rendered":"<p>Po\u0161tovani premijeru Kurti, Po\u0161tovani ambasadore Hovenier, Po\u0161tovani ministre Mehaj, Ministre Sve\u00e7la, Po\u0161tovani komandante KBS-a, general-pukovni\u010de Jashari, Po\u0161tovani zameni\u010de komandanta 34. pe\u0161adijske divizije, brigadni generale Erens, g. Brigadni generale Bo\u017ei\u0107ev\u0107u, Po\u0161tovani partneri Republike Kosovo, partneri Kosovskih bezbednosnih snaga, Vojnici partnerskih snaga i Kosovskih bezbednosnih snaga, Svi vi u\u010desnici ove istorijske ve\u017ebe, Po\u0161tovani gra\u0111ani na\u0161e Republike, \u010cast mi je da budem sa vama danas na ceremoniji otvaranja zajedni\u010dke multinacionalne ve\u017ebe \u201eDefender Europe &#8217;23\u201c koju predvodi Komanda ameri\u010dke vojske za Evropu i Afriku. Danas stojim pred vama da odam po\u010dast va\u0161oj hrabrosti, posve\u0107enosti i nepokolebljivom anga\u017eovanju ovoj me\u0111unarodnoj ve\u017ebi. Vi ste oli\u010denje hrabrosti i predstavljanje najplemenitijih ideala slu\u017eenja, po\u017ertvovanja i solidarnosti. Vi ste \u010duvari mira i bezbednosti u sve slo\u017eenijem svetu i sve izazovnijim de\u0161avanjima. U ovoj me\u0111unarodnoj ve\u017ebi, vi ste uz vojske razli\u010ditih nacija i dr\u017eava. Me\u0111utim, ostajete ujedinjeni u okviru jednog cilja, zajedni\u010dkog cilja &#8211; da oja\u010date saradnju, izgradite poverenje i pobolj\u0161ate interoperabilnost me\u0111u savezni\u010dkim snagama. Vi ste oli\u010denje timskog rada, prevazila\u017eenjem granica i zajedni\u010dkim radom ka zajedni\u010dkom cilju &#8211; bezbednosti i za\u0161titi na\u0161ih vrednosti. Ova me\u0111unarodna ve\u017eba je simbol na\u0161e kolektivne odlu\u010dnosti da o\u010duvamo mir i stabilnost u svetu koji se neprestano dovodi u pitanje. To je podsetnik da na\u0161a snaga nije samo u snazi na\u0161eg oru\u017eja, ve\u0107 i u vezama koje stvaramo, u savezima koje gradimo i u zajedni\u010dkim vrednostima koje negujemo svaki dan. Zajedno smo ja\u010di protiv snaga koje \u017eele da nas podele, dokazuju\u0107i da su na\u0161e jedinstvo i saradnja klju\u010dni za sigurniju i mirniju budu\u0107nost. Glavni cilj Defendera 23 je da demonstrira vojnu i borbenu sposobnost SAD-a i savezni\u010dkih snaga protiv potencijalnih agresora i da uveri evropske saveznike i partnere da je kontinent bezbedan od potencijalnih napada. Ova ve\u017eba je istorijska po mnogo \u010demu, posebno za najnoviju vojsku na evropskom kontinentu, na\u0161ih Bezbednosnih snaga. Pre ta\u010dno dve godine, sa velikim uspehom, zajedno smo izveli ve\u017ebu \u201eDefender-Europe\u201921\u201c i bez prestanka nastavili sa pripremama za slede\u0107u ve\u017ebu, koja po\u010dinje danas ceremonijom na Trgu Gjergj-Kastrioti Skenderbeu, jednog od najzna\u010dajnijih imena u na\u0161oj istoriji. Skenderbeg je heroj ne samo za Kosovo, ve\u0107 i za Evropu. Poznat je kao strateg i vojskovo\u0111a, me\u0111u najve\u0107ima u istoriji ratova, za odbranu otad\u017ebine i za\u0161titu civilizacijskih vrednosti koji su sna\u017eno uticali na odbranu Evrope i na\u0161eg kontinenta uop\u0161te. S druge strane, tu je statua istorijskog lidera, na\u0161eg vo\u0111e pokreta za nezavisnost, ujedno i arhitekte na\u0161e Republike, istorijskog predsednika dr Ibrahima Rugove, \u010dije su vizija i ideal, tokom celog te\u0161kog puta, oli\u010dene u prozapadnim i evroatlantskim vrednostima. Defender 2023 tako\u0111e se poklapa sa 24. godi\u0161njicom na\u0161eg oslobo\u0111enja, koji je dan sve\u017e kao se\u0107anje na vojnu intervenciju SAD-a sa snagama drugih zemalja saveznica NATO-a, protiv Milo\u0161evi\u0107evog genocida nad narodom Kosova. Mi smo bili \u017ertve, dok je Milo\u0161evi\u0107ev re\u017eim bio agresor. A na\u0161a borba, bila je borba za slobodu! Ovo je jedina istina, koju \u0107emo braniti svaki put i svuda! Zato danas, kada vidimo postrojene vojnike KBS-a na ovom trgu, \u017eelim svima da skrenem pa\u017enju na \u017ertvu njihovih predaka, k\u0107eri i sinova OVK, koji su omogu\u0107ili na\u0161u slobodu, za\u0161titili i vratili na\u0161e dostojanstvo. Oni su oli\u010denje nesebi\u010dnosti, po\u017ertvovanja i hrabrosti. Predvo\u0111eni legendarnim komandantom Ademom Jasharijem, oni i preko 3 hiljade palih boraca OVK-a oli\u010denje su slobode i na\u0161e zemlje. Zato, hvala i ve\u010dna zahvalnost devojkama i momcima OVK-a! Hvala i mu\u0161karcima i \u017eenama naroda slobodarskog saveza, NATO alijanse i svim vojnicima SAD-a na \u017ertvi u podr\u0161ci na\u0161im naporima za slobodu i nezavisnost! Tokom 24 godine nakon rata, stajali ste uz nas svojom podr\u0161kom, podr\u017eavaju\u0107i Vojsku Republike Kosovo, koju smo zajedno sa vama podigli i razvijali, a sada \u0107e u ovoj ve\u017ebi prakti\u010dno pokazati da su spremni da izvr\u0161e zadatke u okviru multinacionalnih mirovnih operacija i operacija za stabilnost gde god je to potrebno. Po\u0161tovani prisutni, U\u010de\u0161\u0107e Republike Kosova, sa statusom zemlje doma\u0107ina me\u0111u 25 zemalja u ovoj ve\u017ebi uz spremnost i interoperabilnost oko 1400 trupa KBS-a pored mnogih ameri\u010dkih vojnih trupa i drugih multinacionalnih trupa ostalih savezni\u010dkih i partnerskih zemalja drugih NATO-a, najbolje potvr\u0111uje sna\u017eno poverenje na\u0161eg strate\u0161kog partnera, SAD-a, prema Republici Kosovo i prema na\u0161oj vojsci. Na\u0161 put napred je nezaustavljiv i \u010dvrsto smo odlu\u010dni da konsolidujemo i oja\u010damo demokratske institucije pravne dr\u017eave i vladavine prava kao vitalnih faktora u ja\u010danju sistema bezbednosti i odbrane u na\u0161oj zemlji. U veoma osetljivom bezbednosnom okru\u017eenju, kada izazovi i pretnje postaju sve slo\u017eeniji, zna\u010daj saradnje sa saveznicima u oblasti odbrane, kao i u svim drugim oblastima, je neophodan i egzistencijalan. To sna\u017eno potvr\u0111uje visok nivo interoperabilnosti tokom faze planiranja ve\u017ebe, za koju verujemo da \u0107e biti krunisana maksimalnim uspehom i u fazi izvo\u0111enja integracijom na\u0161ih snaga u zajedni\u010dku operaciju obuke sa zemljama regiona Zapadnog Balkana. Pored ve\u017ebe \u201eDefender-Europe\u201923\u201d, ovo name\u0107e i potrebu za zajedni\u010dkim stvaranjem politi\u010dkog fronta, kao i bezbednosnog i odbrambenog, po\u010dev od Jadranske povelje, SAD-A5, gde je neophodno da napredujemo sa \u010dlanstvom Kosova, zatim stupanjem na\u0161e Republike u program Partnerstva za mir, do \u010dlanstva u NATO. Ova \u010dinjenica treba da bude sna\u017ean pokazatelj svih uzroka izazova, svih uzroka destruktivnosti i destabilizacionih tendencija da nikada ne\u0107e uspeti u svojim nastojanjima da miniraju mir i bezbednost u na\u0161oj zemlji i regionu uop\u0161te. Na\u0161e zemlje su dokazale i dokazuju, i ovom ve\u017ebom, punu stabilnost zahvaljuju\u0107i jasnoj evroatlantskoj orijentaciji i bliskom partnerstvu sa SAD-om, zemljama EU i drugim zemljama \u010dlanicama NATO-a, kao i redovnoj i koordinisanoj saradnji zasnovanoj na zajedni\u010dkim vrednostima i ciljevima. Vojnici prijateljskih snaga i Kosovskih bezbednosnih snaga, Danas \u0107ete krunisati svoju maksimalnu i nesebi\u010dnu posve\u0107enost tokom duge pripremne faze. U potpunosti sam ube\u0111ena u va\u0161e profesionalne ve\u0161tine i kapacitete i nivo snage, izdr\u017eljivosti i va\u0161ih intenzivnih priprema. Neka ova me\u0111unarodna ve\u017eba slu\u017ei kao svedo\u010danstvo snage saradnje, kao trijumf ljudskog duha i nesalomive volje vojnika poput vas. Neka ovo bude pokazatelj koliko je jak na\u0161 savez sa SAD-om. Ostanite nepokolebljivi u svojoj nameri, \u010dvrsto se dr\u017eite svojih vrednosti i vratite se sa ove ve\u017ebe ponosni, sa novim iskustvom i ve\u0161tinama! Zajedno smo uvek ja\u010di sa savezni\u010dkim snagama! \u017delim vam uspeha i neka vas prati sre\u0107a! Bog blagoslovio na\u0161 savez sa Sjedinjenim Ameri\u010dkim Dr\u017eavama! Hvala vam!<\/p>\n","protected":false},"author":9,"featured_media":90969,"comment_status":"closed","ping_status":"closed","sticky":false,"template":"","format":"standard","meta":{"_eb_attr":"","footnotes":""},"categories":[106,101],"tags":[],"class_list":["post-92890","post","type-post","status-publish","format-standard","has-post-thumbnail","hentry","category-govori","category-vesti"],"yoast_head":"<!-- This site is optimized with the Yoast SEO plugin v23.5 - https:\/\/yoast.com\/wordpress\/plugins\/seo\/ -->\n<title>Govor predsednice Osmani na ceremoniji otvaranja zajedni\u010dke multinacionalne ve\u017ebe \u201eDefender Europe &#039;23\u201c - Predsednik Republike Kosovo - DR. VJOSA OSMANI - SADRIU<\/title>\n<meta name=\"description\" content=\"Govor predsednice Osmani na ceremoniji otvaranja zajedni\u010dke multinacionalne ve\u017ebe \u201eDefender Europe &#039;23\u201c - Predsednik Republike Kosovo - DR. VJOSA OSMANI - SADRIU -\" \/>\n<meta name=\"robots\" content=\"index, follow, max-snippet:-1, max-image-preview:large, max-video-preview:-1\" \/>\n<link rel=\"canonical\" href=\"https:\/\/president-ksgov.net\/sr\/govor-predsednice-osmani-na-ceremoniji-otvaranja-zajednicke-multinacionalne-vezbe-defender-europe-23\/\" \/>\n<meta property=\"og:locale\" content=\"sr_RS\" \/>\n<meta property=\"og:type\" content=\"article\" \/>\n<meta property=\"og:title\" content=\"Govor predsednice Osmani na ceremoniji otvaranja zajedni\u010dke multinacionalne ve\u017ebe \u201eDefender Europe &#039;23\u201c - Predsednik Republike Kosovo - DR. VJOSA OSMANI - SADRIU\" \/>\n<meta property=\"og:description\" content=\"Govor predsednice Osmani na ceremoniji otvaranja zajedni\u010dke multinacionalne ve\u017ebe \u201eDefender Europe &#039;23\u201c - Predsednik Republike Kosovo - DR. VJOSA OSMANI - SADRIU -\" \/>\n<meta property=\"og:url\" content=\"https:\/\/president-ksgov.net\/sr\/govor-predsednice-osmani-na-ceremoniji-otvaranja-zajednicke-multinacionalne-vezbe-defender-europe-23\/\" \/>\n<meta property=\"og:site_name\" content=\"Predsednik Republike Kosovo - DR. VJOSA OSMANI - SADRIU\" \/>\n<meta property=\"article:published_time\" content=\"2023-05-21T14:21:03+00:00\" \/>\n<meta property=\"article:modified_time\" content=\"2026-01-28T08:26:17+00:00\" \/>\n<meta property=\"og:image\" content=\"https:\/\/president-ksgov.net\/wp-content\/uploads\/Fjalimi.jpg\" \/>\n\t<meta property=\"og:image:width\" content=\"2048\" \/>\n\t<meta property=\"og:image:height\" content=\"1365\" \/>\n\t<meta property=\"og:image:type\" content=\"image\/jpeg\" \/>\n<meta name=\"author\" content=\"Florent Rrahmani\" \/>\n<meta name=\"twitter:card\" content=\"summary_large_image\" \/>\n<meta name=\"twitter:label1\" content=\"\u041d\u0430\u043f\u0438\u0441\u0430\u043d\u043e \u043e\u0434\" \/>\n\t<meta name=\"twitter:data1\" content=\"Florent Rrahmani\" \/>\n\t<meta name=\"twitter:label2\" content=\"\u041f\u0440\u043e\u0446\u0435\u045a\u0435\u043d\u043e \u0432\u0440\u0435\u043c\u0435 \u0447\u0438\u0442\u0430\u045a\u0430\" \/>\n\t<meta name=\"twitter:data2\" content=\"6 \u043c\u0438\u043d\u0443\u0442\u0430\" \/>\n<script type=\"application\/ld+json\" class=\"yoast-schema-graph\">{\"@context\":\"https:\/\/schema.org\",\"@graph\":[{\"@type\":\"WebPage\",\"@id\":\"https:\/\/president-ksgov.net\/sr\/govor-predsednice-osmani-na-ceremoniji-otvaranja-zajednicke-multinacionalne-vezbe-defender-europe-23\/\",\"url\":\"https:\/\/president-ksgov.net\/sr\/govor-predsednice-osmani-na-ceremoniji-otvaranja-zajednicke-multinacionalne-vezbe-defender-europe-23\/\",\"name\":\"Govor predsednice Osmani na ceremoniji otvaranja zajedni\u010dke multinacionalne ve\u017ebe \u201eDefender Europe '23\u201c - Predsednik Republike Kosovo - DR. VJOSA OSMANI - SADRIU\",\"isPartOf\":{\"@id\":\"https:\/\/president-ksgov.net\/#website\"},\"primaryImageOfPage\":{\"@id\":\"https:\/\/president-ksgov.net\/sr\/govor-predsednice-osmani-na-ceremoniji-otvaranja-zajednicke-multinacionalne-vezbe-defender-europe-23\/#primaryimage\"},\"image\":{\"@id\":\"https:\/\/president-ksgov.net\/sr\/govor-predsednice-osmani-na-ceremoniji-otvaranja-zajednicke-multinacionalne-vezbe-defender-europe-23\/#primaryimage\"},\"thumbnailUrl\":\"https:\/\/president-ksgov.net\/wp-content\/uploads\/Fjalimi.jpg\",\"datePublished\":\"2023-05-21T14:21:03+00:00\",\"dateModified\":\"2026-01-28T08:26:17+00:00\",\"author\":{\"@id\":\"https:\/\/president-ksgov.net\/#\/schema\/person\/7c46f744a99d3f1616b92658282aa934\"},\"description\":\"Govor predsednice Osmani na ceremoniji otvaranja zajedni\u010dke multinacionalne ve\u017ebe \u201eDefender Europe '23\u201c - Predsednik Republike Kosovo - DR. VJOSA OSMANI - SADRIU -\",\"breadcrumb\":{\"@id\":\"https:\/\/president-ksgov.net\/sr\/govor-predsednice-osmani-na-ceremoniji-otvaranja-zajednicke-multinacionalne-vezbe-defender-europe-23\/#breadcrumb\"},\"inLanguage\":\"sr-RS\",\"potentialAction\":[{\"@type\":\"ReadAction\",\"target\":[\"https:\/\/president-ksgov.net\/sr\/govor-predsednice-osmani-na-ceremoniji-otvaranja-zajednicke-multinacionalne-vezbe-defender-europe-23\/\"]}]},{\"@type\":\"ImageObject\",\"inLanguage\":\"sr-RS\",\"@id\":\"https:\/\/president-ksgov.net\/sr\/govor-predsednice-osmani-na-ceremoniji-otvaranja-zajednicke-multinacionalne-vezbe-defender-europe-23\/#primaryimage\",\"url\":\"https:\/\/president-ksgov.net\/wp-content\/uploads\/Fjalimi.jpg\",\"contentUrl\":\"https:\/\/president-ksgov.net\/wp-content\/uploads\/Fjalimi.jpg\",\"width\":2048,\"height\":1365},{\"@type\":\"BreadcrumbList\",\"@id\":\"https:\/\/president-ksgov.net\/sr\/govor-predsednice-osmani-na-ceremoniji-otvaranja-zajednicke-multinacionalne-vezbe-defender-europe-23\/#breadcrumb\",\"itemListElement\":[{\"@type\":\"ListItem\",\"position\":1,\"name\":\"Home\",\"item\":\"https:\/\/president-ksgov.net\/sr\/\"},{\"@type\":\"ListItem\",\"position\":2,\"name\":\"Govor predsednice Osmani na ceremoniji otvaranja zajedni\u010dke multinacionalne ve\u017ebe \u201eDefender Europe &#8217;23\u201c\"}]},{\"@type\":\"WebSite\",\"@id\":\"https:\/\/president-ksgov.net\/#website\",\"url\":\"https:\/\/president-ksgov.net\/\",\"name\":\"Presidente e Republik\u00ebs s\u00eb Kosov\u00ebs\",\"description\":\"Presidente e Republik\u00ebs s\u00eb Kosov\u00ebs\",\"alternateName\":\"DR. VJOSA OSMANI - SADRIU\",\"potentialAction\":[{\"@type\":\"SearchAction\",\"target\":{\"@type\":\"EntryPoint\",\"urlTemplate\":\"https:\/\/president-ksgov.net\/?s={search_term_string}\"},\"query-input\":{\"@type\":\"PropertyValueSpecification\",\"valueRequired\":true,\"valueName\":\"search_term_string\"}}],\"inLanguage\":\"sr-RS\"},{\"@type\":\"Person\",\"@id\":\"https:\/\/president-ksgov.net\/#\/schema\/person\/7c46f744a99d3f1616b92658282aa934\",\"name\":\"Florent Rrahmani\",\"image\":{\"@type\":\"ImageObject\",\"inLanguage\":\"sr-RS\",\"@id\":\"https:\/\/president-ksgov.net\/#\/schema\/person\/image\/\",\"url\":\"https:\/\/secure.gravatar.com\/avatar\/2545924aa250de68ac8368367a79b663e59571cd131611f54c89b0613a94e230?s=96&d=mm&r=g\",\"contentUrl\":\"https:\/\/secure.gravatar.com\/avatar\/2545924aa250de68ac8368367a79b663e59571cd131611f54c89b0613a94e230?s=96&d=mm&r=g\",\"caption\":\"Florent Rrahmani\"}}]}<\/script>\n<!-- \/ Yoast SEO plugin. -->","yoast_head_json":{"title":"Govor predsednice Osmani na ceremoniji otvaranja zajedni\u010dke multinacionalne ve\u017ebe \u201eDefender Europe '23\u201c - Predsednik Republike Kosovo - DR. VJOSA OSMANI - SADRIU","description":"Govor predsednice Osmani na ceremoniji otvaranja zajedni\u010dke multinacionalne ve\u017ebe \u201eDefender Europe '23\u201c - Predsednik Republike Kosovo - DR. VJOSA OSMANI - SADRIU -","robots":{"index":"index","follow":"follow","max-snippet":"max-snippet:-1","max-image-preview":"max-image-preview:large","max-video-preview":"max-video-preview:-1"},"canonical":"https:\/\/president-ksgov.net\/sr\/govor-predsednice-osmani-na-ceremoniji-otvaranja-zajednicke-multinacionalne-vezbe-defender-europe-23\/","og_locale":"sr_RS","og_type":"article","og_title":"Govor predsednice Osmani na ceremoniji otvaranja zajedni\u010dke multinacionalne ve\u017ebe \u201eDefender Europe '23\u201c - Predsednik Republike Kosovo - DR. VJOSA OSMANI - SADRIU","og_description":"Govor predsednice Osmani na ceremoniji otvaranja zajedni\u010dke multinacionalne ve\u017ebe \u201eDefender Europe '23\u201c - Predsednik Republike Kosovo - DR. VJOSA OSMANI - SADRIU -","og_url":"https:\/\/president-ksgov.net\/sr\/govor-predsednice-osmani-na-ceremoniji-otvaranja-zajednicke-multinacionalne-vezbe-defender-europe-23\/","og_site_name":"Predsednik Republike Kosovo - DR. VJOSA OSMANI - SADRIU","article_published_time":"2023-05-21T14:21:03+00:00","article_modified_time":"2026-01-28T08:26:17+00:00","og_image":[{"width":2048,"height":1365,"url":"https:\/\/president-ksgov.net\/wp-content\/uploads\/Fjalimi.jpg","type":"image\/jpeg"}],"author":"Florent Rrahmani","twitter_card":"summary_large_image","twitter_misc":{"\u041d\u0430\u043f\u0438\u0441\u0430\u043d\u043e \u043e\u0434":"Florent Rrahmani","\u041f\u0440\u043e\u0446\u0435\u045a\u0435\u043d\u043e \u0432\u0440\u0435\u043c\u0435 \u0447\u0438\u0442\u0430\u045a\u0430":"6 \u043c\u0438\u043d\u0443\u0442\u0430"},"schema":{"@context":"https:\/\/schema.org","@graph":[{"@type":"WebPage","@id":"https:\/\/president-ksgov.net\/sr\/govor-predsednice-osmani-na-ceremoniji-otvaranja-zajednicke-multinacionalne-vezbe-defender-europe-23\/","url":"https:\/\/president-ksgov.net\/sr\/govor-predsednice-osmani-na-ceremoniji-otvaranja-zajednicke-multinacionalne-vezbe-defender-europe-23\/","name":"Govor predsednice Osmani na ceremoniji otvaranja zajedni\u010dke multinacionalne ve\u017ebe \u201eDefender Europe '23\u201c - Predsednik Republike Kosovo - DR. VJOSA OSMANI - SADRIU","isPartOf":{"@id":"https:\/\/president-ksgov.net\/#website"},"primaryImageOfPage":{"@id":"https:\/\/president-ksgov.net\/sr\/govor-predsednice-osmani-na-ceremoniji-otvaranja-zajednicke-multinacionalne-vezbe-defender-europe-23\/#primaryimage"},"image":{"@id":"https:\/\/president-ksgov.net\/sr\/govor-predsednice-osmani-na-ceremoniji-otvaranja-zajednicke-multinacionalne-vezbe-defender-europe-23\/#primaryimage"},"thumbnailUrl":"https:\/\/president-ksgov.net\/wp-content\/uploads\/Fjalimi.jpg","datePublished":"2023-05-21T14:21:03+00:00","dateModified":"2026-01-28T08:26:17+00:00","author":{"@id":"https:\/\/president-ksgov.net\/#\/schema\/person\/7c46f744a99d3f1616b92658282aa934"},"description":"Govor predsednice Osmani na ceremoniji otvaranja zajedni\u010dke multinacionalne ve\u017ebe \u201eDefender Europe '23\u201c - Predsednik Republike Kosovo - DR. VJOSA OSMANI - SADRIU -","breadcrumb":{"@id":"https:\/\/president-ksgov.net\/sr\/govor-predsednice-osmani-na-ceremoniji-otvaranja-zajednicke-multinacionalne-vezbe-defender-europe-23\/#breadcrumb"},"inLanguage":"sr-RS","potentialAction":[{"@type":"ReadAction","target":["https:\/\/president-ksgov.net\/sr\/govor-predsednice-osmani-na-ceremoniji-otvaranja-zajednicke-multinacionalne-vezbe-defender-europe-23\/"]}]},{"@type":"ImageObject","inLanguage":"sr-RS","@id":"https:\/\/president-ksgov.net\/sr\/govor-predsednice-osmani-na-ceremoniji-otvaranja-zajednicke-multinacionalne-vezbe-defender-europe-23\/#primaryimage","url":"https:\/\/president-ksgov.net\/wp-content\/uploads\/Fjalimi.jpg","contentUrl":"https:\/\/president-ksgov.net\/wp-content\/uploads\/Fjalimi.jpg","width":2048,"height":1365},{"@type":"BreadcrumbList","@id":"https:\/\/president-ksgov.net\/sr\/govor-predsednice-osmani-na-ceremoniji-otvaranja-zajednicke-multinacionalne-vezbe-defender-europe-23\/#breadcrumb","itemListElement":[{"@type":"ListItem","position":1,"name":"Home","item":"https:\/\/president-ksgov.net\/sr\/"},{"@type":"ListItem","position":2,"name":"Govor predsednice Osmani na ceremoniji otvaranja zajedni\u010dke multinacionalne ve\u017ebe \u201eDefender Europe &#8217;23\u201c"}]},{"@type":"WebSite","@id":"https:\/\/president-ksgov.net\/#website","url":"https:\/\/president-ksgov.net\/","name":"Presidente e Republik\u00ebs s\u00eb Kosov\u00ebs","description":"Presidente e Republik\u00ebs s\u00eb Kosov\u00ebs","alternateName":"DR. VJOSA OSMANI - SADRIU","potentialAction":[{"@type":"SearchAction","target":{"@type":"EntryPoint","urlTemplate":"https:\/\/president-ksgov.net\/?s={search_term_string}"},"query-input":{"@type":"PropertyValueSpecification","valueRequired":true,"valueName":"search_term_string"}}],"inLanguage":"sr-RS"},{"@type":"Person","@id":"https:\/\/president-ksgov.net\/#\/schema\/person\/7c46f744a99d3f1616b92658282aa934","name":"Florent Rrahmani","image":{"@type":"ImageObject","inLanguage":"sr-RS","@id":"https:\/\/president-ksgov.net\/#\/schema\/person\/image\/","url":"https:\/\/secure.gravatar.com\/avatar\/2545924aa250de68ac8368367a79b663e59571cd131611f54c89b0613a94e230?s=96&d=mm&r=g","contentUrl":"https:\/\/secure.gravatar.com\/avatar\/2545924aa250de68ac8368367a79b663e59571cd131611f54c89b0613a94e230?s=96&d=mm&r=g","caption":"Florent Rrahmani"}}]}},"_links":{"self":[{"href":"https:\/\/president-ksgov.net\/sr\/wp-json\/wp\/v2\/posts\/92890","targetHints":{"allow":["GET"]}}],"collection":[{"href":"https:\/\/president-ksgov.net\/sr\/wp-json\/wp\/v2\/posts"}],"about":[{"href":"https:\/\/president-ksgov.net\/sr\/wp-json\/wp\/v2\/types\/post"}],"author":[{"embeddable":true,"href":"https:\/\/president-ksgov.net\/sr\/wp-json\/wp\/v2\/users\/9"}],"replies":[{"embeddable":true,"href":"https:\/\/president-ksgov.net\/sr\/wp-json\/wp\/v2\/comments?post=92890"}],"version-history":[{"count":2,"href":"https:\/\/president-ksgov.net\/sr\/wp-json\/wp\/v2\/posts\/92890\/revisions"}],"predecessor-version":[{"id":180926,"href":"https:\/\/president-ksgov.net\/sr\/wp-json\/wp\/v2\/posts\/92890\/revisions\/180926"}],"wp:featuredmedia":[{"embeddable":true,"href":"https:\/\/president-ksgov.net\/sr\/wp-json\/wp\/v2\/media\/90969"}],"wp:attachment":[{"href":"https:\/\/president-ksgov.net\/sr\/wp-json\/wp\/v2\/media?parent=92890"}],"wp:term":[{"taxonomy":"category","embeddable":true,"href":"https:\/\/president-ksgov.net\/sr\/wp-json\/wp\/v2\/categories?post=92890"},{"taxonomy":"post_tag","embeddable":true,"href":"https:\/\/president-ksgov.net\/sr\/wp-json\/wp\/v2\/tags?post=92890"}],"curies":[{"name":"wp","href":"https:\/\/api.w.org\/{rel}","templated":true}]}}