{"id":92860,"date":"2023-04-26T15:34:28","date_gmt":"2023-04-26T13:34:28","guid":{"rendered":"https:\/\/president-ksgov.net\/?p=92860"},"modified":"2023-06-22T14:47:46","modified_gmt":"2023-06-22T12:47:46","slug":"predsednicu-osmani-na-sastanku-docekao-predsednik-skupstine-makedonije-g-talat-xhaferi","status":"publish","type":"post","link":"https:\/\/president-ksgov.net\/sr\/predsednicu-osmani-na-sastanku-docekao-predsednik-skupstine-makedonije-g-talat-xhaferi\/","title":{"rendered":"Predsednicu Osmani na sastanku do\u010dekao predsednik Skup\u0161tine Makedonije g. Talat Xhaferi"},"content":{"rendered":"<p>Predsednicu Republike Kosovo Vjosu Osmani, prvog dana zvani\u010dne posete Severnoj Makedoniji, do\u010dekao je na sastanku predsednik Skup\u0161tine Makedonije g. Talat Xhaferi.<\/p>\n<p>Predsednica Osmani je na sastanku zahvalila Severnoj Makedoniji na njenom glasu za Kosovo u Komitetu ministara Saveta Evrope i u tom kontekstu je zatra\u017eila istu podr\u0161ku u Parlamentarnoj skup\u0161tini Saveta Evrope (PACE) i Parlamentarnoj skup\u0161tini NATO-a.<\/p>\n<p>Predsednica Osmani je dalje, na sastanku sa predsednikom Skup\u0161tine Xhaferijem, govorila o va\u017enosti intenziviranja me\u0111uparlamentarne saradnje, uklju\u010duju\u0107i dinamiku sastanaka i interakcije doti\u010dnih parlamentarnih komisija. S tim u vezi, istaknuto je da se ceni uloga i doprinos grupa prijateljstva u parlamentima obe zemlje, podsti\u010du\u0107i sve proaktivnije pristupe.<\/p>\n<p>Predsednica Osmani je tako\u0111e pomenula doprinos Albanaca dr\u017eavnom formiranju i obnovi Severne Makedonije i rekla je da su oni mo\u0107an povezuju\u0107i most izme\u0111u dve dr\u017eave. Ona je rekla da oni najbolje pokazuju kako po\u0161tovanje ljudskih prava rezultira uspe\u0161nom integracijom razli\u010ditih zajednica u dru\u0161tvo.<\/p>\n","protected":false},"excerpt":{"rendered":"<p>Predsednicu Republike Kosovo Vjosu Osmani, prvog dana zvani\u010dne posete Severnoj Makedoniji, do\u010dekao je na sastanku predsednik Skup\u0161tine Makedonije g. Talat Xhaferi. Predsednica Osmani je na sastanku zahvalila Severnoj Makedoniji na njenom glasu za Kosovo u Komitetu ministara Saveta Evrope i u tom kontekstu je zatra\u017eila istu podr\u0161ku u Parlamentarnoj skup\u0161tini Saveta Evrope (PACE) i Parlamentarnoj skup\u0161tini NATO-a. Predsednica Osmani je dalje, na sastanku sa predsednikom Skup\u0161tine Xhaferijem, govorila o va\u017enosti intenziviranja me\u0111uparlamentarne saradnje, uklju\u010duju\u0107i dinamiku sastanaka i interakcije doti\u010dnih parlamentarnih komisija. S tim u vezi, istaknuto je da se ceni uloga i doprinos grupa prijateljstva u parlamentima obe zemlje, podsti\u010du\u0107i sve proaktivnije pristupe. Predsednica Osmani je tako\u0111e pomenula doprinos Albanaca dr\u017eavnom formiranju i obnovi Severne Makedonije i rekla je da su oni mo\u0107an povezuju\u0107i most izme\u0111u dve dr\u017eave. Ona je rekla da oni najbolje pokazuju kako po\u0161tovanje ljudskih prava rezultira uspe\u0161nom integracijom razli\u010ditih zajednica u dru\u0161tvo.<\/p>\n","protected":false},"author":9,"featured_media":89428,"comment_status":"open","ping_status":"closed","sticky":false,"template":"","format":"standard","meta":{"_eb_attr":"","footnotes":""},"categories":[101],"tags":[],"class_list":["post-92860","post","type-post","status-publish","format-standard","has-post-thumbnail","hentry","category-vesti"],"yoast_head":"<!-- This site is optimized with the Yoast SEO plugin v23.5 - https:\/\/yoast.com\/wordpress\/plugins\/seo\/ -->\n<title>Predsednicu Osmani na sastanku do\u010dekao predsednik Skup\u0161tine Makedonije g. Talat Xhaferi - Predsednik Republike Kosovo - DR. VJOSA OSMANI - SADRIU<\/title>\n<meta name=\"description\" content=\"Predsednicu Osmani na sastanku do\u010dekao predsednik Skup\u0161tine Makedonije g. Talat Xhaferi - Predsednik Republike Kosovo - DR. VJOSA OSMANI - SADRIU -\" \/>\n<meta name=\"robots\" content=\"index, follow, max-snippet:-1, max-image-preview:large, max-video-preview:-1\" \/>\n<link rel=\"canonical\" href=\"https:\/\/president-ksgov.net\/sr\/predsednicu-osmani-na-sastanku-docekao-predsednik-skupstine-makedonije-g-talat-xhaferi\/\" \/>\n<meta property=\"og:locale\" content=\"sr_RS\" \/>\n<meta property=\"og:type\" content=\"article\" \/>\n<meta property=\"og:title\" content=\"Predsednicu Osmani na sastanku do\u010dekao predsednik Skup\u0161tine Makedonije g. Talat Xhaferi - Predsednik Republike Kosovo - DR. VJOSA OSMANI - SADRIU\" \/>\n<meta property=\"og:description\" content=\"Predsednicu Osmani na sastanku do\u010dekao predsednik Skup\u0161tine Makedonije g. Talat Xhaferi - Predsednik Republike Kosovo - DR. VJOSA OSMANI - SADRIU -\" \/>\n<meta property=\"og:url\" content=\"https:\/\/president-ksgov.net\/sr\/predsednicu-osmani-na-sastanku-docekao-predsednik-skupstine-makedonije-g-talat-xhaferi\/\" \/>\n<meta property=\"og:site_name\" content=\"Predsednik Republike Kosovo - DR. VJOSA OSMANI - SADRIU\" \/>\n<meta property=\"article:published_time\" content=\"2023-04-26T13:34:28+00:00\" \/>\n<meta property=\"article:modified_time\" content=\"2023-06-22T12:47:46+00:00\" \/>\n<meta property=\"og:image\" content=\"https:\/\/president-ksgov.net\/wp-content\/uploads\/1-presidentja-osmani-talat-xhaferi.jpg\" \/>\n\t<meta property=\"og:image:width\" content=\"2319\" \/>\n\t<meta property=\"og:image:height\" content=\"1548\" \/>\n\t<meta property=\"og:image:type\" content=\"image\/jpeg\" \/>\n<meta name=\"author\" content=\"Florent Rrahmani\" \/>\n<meta name=\"twitter:card\" content=\"summary_large_image\" \/>\n<meta name=\"twitter:label1\" content=\"\u041d\u0430\u043f\u0438\u0441\u0430\u043d\u043e \u043e\u0434\" \/>\n\t<meta name=\"twitter:data1\" content=\"Florent Rrahmani\" \/>\n\t<meta name=\"twitter:label2\" content=\"\u041f\u0440\u043e\u0446\u0435\u045a\u0435\u043d\u043e \u0432\u0440\u0435\u043c\u0435 \u0447\u0438\u0442\u0430\u045a\u0430\" \/>\n\t<meta name=\"twitter:data2\" content=\"1 \u043c\u0438\u043d\u0443\u0442\" \/>\n<script type=\"application\/ld+json\" class=\"yoast-schema-graph\">{\"@context\":\"https:\/\/schema.org\",\"@graph\":[{\"@type\":\"WebPage\",\"@id\":\"https:\/\/president-ksgov.net\/sr\/predsednicu-osmani-na-sastanku-docekao-predsednik-skupstine-makedonije-g-talat-xhaferi\/\",\"url\":\"https:\/\/president-ksgov.net\/sr\/predsednicu-osmani-na-sastanku-docekao-predsednik-skupstine-makedonije-g-talat-xhaferi\/\",\"name\":\"Predsednicu Osmani na sastanku do\u010dekao predsednik Skup\u0161tine Makedonije g. Talat Xhaferi - Predsednik Republike Kosovo - DR. VJOSA OSMANI - SADRIU\",\"isPartOf\":{\"@id\":\"https:\/\/president-ksgov.net\/#website\"},\"primaryImageOfPage\":{\"@id\":\"https:\/\/president-ksgov.net\/sr\/predsednicu-osmani-na-sastanku-docekao-predsednik-skupstine-makedonije-g-talat-xhaferi\/#primaryimage\"},\"image\":{\"@id\":\"https:\/\/president-ksgov.net\/sr\/predsednicu-osmani-na-sastanku-docekao-predsednik-skupstine-makedonije-g-talat-xhaferi\/#primaryimage\"},\"thumbnailUrl\":\"https:\/\/president-ksgov.net\/wp-content\/uploads\/1-presidentja-osmani-talat-xhaferi.jpg\",\"datePublished\":\"2023-04-26T13:34:28+00:00\",\"dateModified\":\"2023-06-22T12:47:46+00:00\",\"author\":{\"@id\":\"https:\/\/president-ksgov.net\/#\/schema\/person\/7c46f744a99d3f1616b92658282aa934\"},\"description\":\"Predsednicu Osmani na sastanku do\u010dekao predsednik Skup\u0161tine Makedonije g. Talat Xhaferi - Predsednik Republike Kosovo - DR. VJOSA OSMANI - SADRIU -\",\"breadcrumb\":{\"@id\":\"https:\/\/president-ksgov.net\/sr\/predsednicu-osmani-na-sastanku-docekao-predsednik-skupstine-makedonije-g-talat-xhaferi\/#breadcrumb\"},\"inLanguage\":\"sr-RS\",\"potentialAction\":[{\"@type\":\"ReadAction\",\"target\":[\"https:\/\/president-ksgov.net\/sr\/predsednicu-osmani-na-sastanku-docekao-predsednik-skupstine-makedonije-g-talat-xhaferi\/\"]}]},{\"@type\":\"ImageObject\",\"inLanguage\":\"sr-RS\",\"@id\":\"https:\/\/president-ksgov.net\/sr\/predsednicu-osmani-na-sastanku-docekao-predsednik-skupstine-makedonije-g-talat-xhaferi\/#primaryimage\",\"url\":\"https:\/\/president-ksgov.net\/wp-content\/uploads\/1-presidentja-osmani-talat-xhaferi.jpg\",\"contentUrl\":\"https:\/\/president-ksgov.net\/wp-content\/uploads\/1-presidentja-osmani-talat-xhaferi.jpg\",\"width\":2319,\"height\":1548},{\"@type\":\"BreadcrumbList\",\"@id\":\"https:\/\/president-ksgov.net\/sr\/predsednicu-osmani-na-sastanku-docekao-predsednik-skupstine-makedonije-g-talat-xhaferi\/#breadcrumb\",\"itemListElement\":[{\"@type\":\"ListItem\",\"position\":1,\"name\":\"Home\",\"item\":\"https:\/\/president-ksgov.net\/sr\/\"},{\"@type\":\"ListItem\",\"position\":2,\"name\":\"Predsednicu Osmani na sastanku do\u010dekao predsednik Skup\u0161tine Makedonije g. Talat Xhaferi\"}]},{\"@type\":\"WebSite\",\"@id\":\"https:\/\/president-ksgov.net\/#website\",\"url\":\"https:\/\/president-ksgov.net\/\",\"name\":\"Presidente e Republik\u00ebs s\u00eb Kosov\u00ebs\",\"description\":\"Presidente e Republik\u00ebs s\u00eb Kosov\u00ebs\",\"alternateName\":\"DR. VJOSA OSMANI - SADRIU\",\"potentialAction\":[{\"@type\":\"SearchAction\",\"target\":{\"@type\":\"EntryPoint\",\"urlTemplate\":\"https:\/\/president-ksgov.net\/?s={search_term_string}\"},\"query-input\":{\"@type\":\"PropertyValueSpecification\",\"valueRequired\":true,\"valueName\":\"search_term_string\"}}],\"inLanguage\":\"sr-RS\"},{\"@type\":\"Person\",\"@id\":\"https:\/\/president-ksgov.net\/#\/schema\/person\/7c46f744a99d3f1616b92658282aa934\",\"name\":\"Florent Rrahmani\",\"image\":{\"@type\":\"ImageObject\",\"inLanguage\":\"sr-RS\",\"@id\":\"https:\/\/president-ksgov.net\/#\/schema\/person\/image\/\",\"url\":\"https:\/\/secure.gravatar.com\/avatar\/2545924aa250de68ac8368367a79b663e59571cd131611f54c89b0613a94e230?s=96&d=mm&r=g\",\"contentUrl\":\"https:\/\/secure.gravatar.com\/avatar\/2545924aa250de68ac8368367a79b663e59571cd131611f54c89b0613a94e230?s=96&d=mm&r=g\",\"caption\":\"Florent Rrahmani\"}}]}<\/script>\n<!-- \/ Yoast SEO plugin. -->","yoast_head_json":{"title":"Predsednicu Osmani na sastanku do\u010dekao predsednik Skup\u0161tine Makedonije g. Talat Xhaferi - Predsednik Republike Kosovo - DR. VJOSA OSMANI - SADRIU","description":"Predsednicu Osmani na sastanku do\u010dekao predsednik Skup\u0161tine Makedonije g. Talat Xhaferi - Predsednik Republike Kosovo - DR. VJOSA OSMANI - SADRIU -","robots":{"index":"index","follow":"follow","max-snippet":"max-snippet:-1","max-image-preview":"max-image-preview:large","max-video-preview":"max-video-preview:-1"},"canonical":"https:\/\/president-ksgov.net\/sr\/predsednicu-osmani-na-sastanku-docekao-predsednik-skupstine-makedonije-g-talat-xhaferi\/","og_locale":"sr_RS","og_type":"article","og_title":"Predsednicu Osmani na sastanku do\u010dekao predsednik Skup\u0161tine Makedonije g. Talat Xhaferi - Predsednik Republike Kosovo - DR. VJOSA OSMANI - SADRIU","og_description":"Predsednicu Osmani na sastanku do\u010dekao predsednik Skup\u0161tine Makedonije g. Talat Xhaferi - Predsednik Republike Kosovo - DR. VJOSA OSMANI - SADRIU -","og_url":"https:\/\/president-ksgov.net\/sr\/predsednicu-osmani-na-sastanku-docekao-predsednik-skupstine-makedonije-g-talat-xhaferi\/","og_site_name":"Predsednik Republike Kosovo - DR. VJOSA OSMANI - SADRIU","article_published_time":"2023-04-26T13:34:28+00:00","article_modified_time":"2023-06-22T12:47:46+00:00","og_image":[{"width":2319,"height":1548,"url":"https:\/\/president-ksgov.net\/wp-content\/uploads\/1-presidentja-osmani-talat-xhaferi.jpg","type":"image\/jpeg"}],"author":"Florent Rrahmani","twitter_card":"summary_large_image","twitter_misc":{"\u041d\u0430\u043f\u0438\u0441\u0430\u043d\u043e \u043e\u0434":"Florent Rrahmani","\u041f\u0440\u043e\u0446\u0435\u045a\u0435\u043d\u043e \u0432\u0440\u0435\u043c\u0435 \u0447\u0438\u0442\u0430\u045a\u0430":"1 \u043c\u0438\u043d\u0443\u0442"},"schema":{"@context":"https:\/\/schema.org","@graph":[{"@type":"WebPage","@id":"https:\/\/president-ksgov.net\/sr\/predsednicu-osmani-na-sastanku-docekao-predsednik-skupstine-makedonije-g-talat-xhaferi\/","url":"https:\/\/president-ksgov.net\/sr\/predsednicu-osmani-na-sastanku-docekao-predsednik-skupstine-makedonije-g-talat-xhaferi\/","name":"Predsednicu Osmani na sastanku do\u010dekao predsednik Skup\u0161tine Makedonije g. Talat Xhaferi - Predsednik Republike Kosovo - DR. VJOSA OSMANI - SADRIU","isPartOf":{"@id":"https:\/\/president-ksgov.net\/#website"},"primaryImageOfPage":{"@id":"https:\/\/president-ksgov.net\/sr\/predsednicu-osmani-na-sastanku-docekao-predsednik-skupstine-makedonije-g-talat-xhaferi\/#primaryimage"},"image":{"@id":"https:\/\/president-ksgov.net\/sr\/predsednicu-osmani-na-sastanku-docekao-predsednik-skupstine-makedonije-g-talat-xhaferi\/#primaryimage"},"thumbnailUrl":"https:\/\/president-ksgov.net\/wp-content\/uploads\/1-presidentja-osmani-talat-xhaferi.jpg","datePublished":"2023-04-26T13:34:28+00:00","dateModified":"2023-06-22T12:47:46+00:00","author":{"@id":"https:\/\/president-ksgov.net\/#\/schema\/person\/7c46f744a99d3f1616b92658282aa934"},"description":"Predsednicu Osmani na sastanku do\u010dekao predsednik Skup\u0161tine Makedonije g. Talat Xhaferi - Predsednik Republike Kosovo - DR. VJOSA OSMANI - SADRIU -","breadcrumb":{"@id":"https:\/\/president-ksgov.net\/sr\/predsednicu-osmani-na-sastanku-docekao-predsednik-skupstine-makedonije-g-talat-xhaferi\/#breadcrumb"},"inLanguage":"sr-RS","potentialAction":[{"@type":"ReadAction","target":["https:\/\/president-ksgov.net\/sr\/predsednicu-osmani-na-sastanku-docekao-predsednik-skupstine-makedonije-g-talat-xhaferi\/"]}]},{"@type":"ImageObject","inLanguage":"sr-RS","@id":"https:\/\/president-ksgov.net\/sr\/predsednicu-osmani-na-sastanku-docekao-predsednik-skupstine-makedonije-g-talat-xhaferi\/#primaryimage","url":"https:\/\/president-ksgov.net\/wp-content\/uploads\/1-presidentja-osmani-talat-xhaferi.jpg","contentUrl":"https:\/\/president-ksgov.net\/wp-content\/uploads\/1-presidentja-osmani-talat-xhaferi.jpg","width":2319,"height":1548},{"@type":"BreadcrumbList","@id":"https:\/\/president-ksgov.net\/sr\/predsednicu-osmani-na-sastanku-docekao-predsednik-skupstine-makedonije-g-talat-xhaferi\/#breadcrumb","itemListElement":[{"@type":"ListItem","position":1,"name":"Home","item":"https:\/\/president-ksgov.net\/sr\/"},{"@type":"ListItem","position":2,"name":"Predsednicu Osmani na sastanku do\u010dekao predsednik Skup\u0161tine Makedonije g. Talat Xhaferi"}]},{"@type":"WebSite","@id":"https:\/\/president-ksgov.net\/#website","url":"https:\/\/president-ksgov.net\/","name":"Presidente e Republik\u00ebs s\u00eb Kosov\u00ebs","description":"Presidente e Republik\u00ebs s\u00eb Kosov\u00ebs","alternateName":"DR. VJOSA OSMANI - SADRIU","potentialAction":[{"@type":"SearchAction","target":{"@type":"EntryPoint","urlTemplate":"https:\/\/president-ksgov.net\/?s={search_term_string}"},"query-input":{"@type":"PropertyValueSpecification","valueRequired":true,"valueName":"search_term_string"}}],"inLanguage":"sr-RS"},{"@type":"Person","@id":"https:\/\/president-ksgov.net\/#\/schema\/person\/7c46f744a99d3f1616b92658282aa934","name":"Florent Rrahmani","image":{"@type":"ImageObject","inLanguage":"sr-RS","@id":"https:\/\/president-ksgov.net\/#\/schema\/person\/image\/","url":"https:\/\/secure.gravatar.com\/avatar\/2545924aa250de68ac8368367a79b663e59571cd131611f54c89b0613a94e230?s=96&d=mm&r=g","contentUrl":"https:\/\/secure.gravatar.com\/avatar\/2545924aa250de68ac8368367a79b663e59571cd131611f54c89b0613a94e230?s=96&d=mm&r=g","caption":"Florent Rrahmani"}}]}},"_links":{"self":[{"href":"https:\/\/president-ksgov.net\/sr\/wp-json\/wp\/v2\/posts\/92860","targetHints":{"allow":["GET"]}}],"collection":[{"href":"https:\/\/president-ksgov.net\/sr\/wp-json\/wp\/v2\/posts"}],"about":[{"href":"https:\/\/president-ksgov.net\/sr\/wp-json\/wp\/v2\/types\/post"}],"author":[{"embeddable":true,"href":"https:\/\/president-ksgov.net\/sr\/wp-json\/wp\/v2\/users\/9"}],"replies":[{"embeddable":true,"href":"https:\/\/president-ksgov.net\/sr\/wp-json\/wp\/v2\/comments?post=92860"}],"version-history":[{"count":1,"href":"https:\/\/president-ksgov.net\/sr\/wp-json\/wp\/v2\/posts\/92860\/revisions"}],"predecessor-version":[{"id":92867,"href":"https:\/\/president-ksgov.net\/sr\/wp-json\/wp\/v2\/posts\/92860\/revisions\/92867"}],"wp:featuredmedia":[{"embeddable":true,"href":"https:\/\/president-ksgov.net\/sr\/wp-json\/wp\/v2\/media\/89428"}],"wp:attachment":[{"href":"https:\/\/president-ksgov.net\/sr\/wp-json\/wp\/v2\/media?parent=92860"}],"wp:term":[{"taxonomy":"category","embeddable":true,"href":"https:\/\/president-ksgov.net\/sr\/wp-json\/wp\/v2\/categories?post=92860"},{"taxonomy":"post_tag","embeddable":true,"href":"https:\/\/president-ksgov.net\/sr\/wp-json\/wp\/v2\/tags?post=92860"}],"curies":[{"name":"wp","href":"https:\/\/api.w.org\/{rel}","templated":true}]}}