{"id":92858,"date":"2023-04-24T16:10:49","date_gmt":"2023-04-24T14:10:49","guid":{"rendered":"https:\/\/president-ksgov.net\/?p=92858"},"modified":"2023-06-22T14:29:28","modified_gmt":"2023-06-22T12:29:28","slug":"izjava-predsjednice-osmani-nakon-glasanja-u-komitetu-ministara-saveta-evrope","status":"publish","type":"post","link":"https:\/\/president-ksgov.net\/sr\/izjava-predsjednice-osmani-nakon-glasanja-u-komitetu-ministara-saveta-evrope\/","title":{"rendered":"Izjava predsjednice Osmani nakon glasanja u Komitetu ministara Saveta Evrope"},"content":{"rendered":"<p>Dana\u0161nje glasanje za unapre\u0111enje prijave Kosova za Savet Evrope u Parlamentarnoj skup\u0161tini nije samo dobar dan za ljudska prava i demokratiju na Kosovu, ve\u0107 i va\u017ean trenutak za celu Evropu.<\/p>\n<p>Ovo je korak napred za Kosovo i njegove gra\u0111ane, ne samo u smislu me\u0111unarodne integracije na\u0161e zemlje, ve\u0107 pre svega za unapre\u0111enje polo\u017eaja ljudskih prava, za sve na\u0161e gra\u0111ane, bez razlike.<\/p>\n<p>\u017delela bih da izrazim svoju zahvalnost na\u0161im me\u0111unarodnim saveznicima, islandskom predsedavanju Savetom Evrope i svim zemljama koje su nas podr\u017eale svojim glasom. O\u010dekujem da razmatranje na\u0161e prijave u Parlamentarnoj skup\u0161tini po\u010dne \u0161to je pre mogu\u0107e i da bude uspe\u0161no okon\u010dano.<\/p>\n<p>Posve\u0107eni smo ispunjavanju najvi\u0161ih standarda demokratije, ljudskih prava i vladavine prava, i uvereni smo da \u0107e na\u0161a prijava biti ocenjena na osnovu na\u0161ih dostignu\u0107a u ovim oblastima.<\/p>\n<p>Na\u0161e evroatlantske te\u017enje su jasne i odlu\u010dnost naroda Kosova je ja\u010da nego ikad. Poslednjih godina Kosovo je postiglo izuzetan napredak, tako da je na\u0161e \u010dlanstvo u Savetu Evrope jo\u0161 jedan dokaz na\u0161e nepokolebljive posve\u0107enosti vrednostima koje ova institucija predstavlja.<\/p>\n<p>Slede\u0107i koraci su prilika za Evropu da poka\u017ee svoju posve\u0107enost za\u0161titi ljudskih prava u svakoj zemlji, \u0161irom kontinenta.<\/p>\n","protected":false},"excerpt":{"rendered":"<p>Dana\u0161nje glasanje za unapre\u0111enje prijave Kosova za Savet Evrope u Parlamentarnoj skup\u0161tini nije samo dobar dan za ljudska prava i demokratiju na Kosovu, ve\u0107 i va\u017ean trenutak za celu Evropu. Ovo je korak napred za Kosovo i njegove gra\u0111ane, ne samo u smislu me\u0111unarodne integracije na\u0161e zemlje, ve\u0107 pre svega za unapre\u0111enje polo\u017eaja ljudskih prava, za sve na\u0161e gra\u0111ane, bez razlike. \u017delela bih da izrazim svoju zahvalnost na\u0161im me\u0111unarodnim saveznicima, islandskom predsedavanju Savetom Evrope i svim zemljama koje su nas podr\u017eale svojim glasom. O\u010dekujem da razmatranje na\u0161e prijave u Parlamentarnoj skup\u0161tini po\u010dne \u0161to je pre mogu\u0107e i da bude uspe\u0161no okon\u010dano. Posve\u0107eni smo ispunjavanju najvi\u0161ih standarda demokratije, ljudskih prava i vladavine prava, i uvereni smo da \u0107e na\u0161a prijava biti ocenjena na osnovu na\u0161ih dostignu\u0107a u ovim oblastima. Na\u0161e evroatlantske te\u017enje su jasne i odlu\u010dnost naroda Kosova je ja\u010da nego ikad. Poslednjih godina Kosovo je postiglo izuzetan napredak, tako da je na\u0161e \u010dlanstvo u Savetu Evrope jo\u0161 jedan dokaz na\u0161e nepokolebljive posve\u0107enosti vrednostima koje ova institucija predstavlja. Slede\u0107i koraci su prilika za Evropu da poka\u017ee svoju posve\u0107enost za\u0161titi ljudskih prava u svakoj zemlji, \u0161irom kontinenta.<\/p>\n","protected":false},"author":9,"featured_media":92723,"comment_status":"open","ping_status":"closed","sticky":false,"template":"","format":"standard","meta":{"_eb_attr":"","footnotes":""},"categories":[101],"tags":[],"class_list":["post-92858","post","type-post","status-publish","format-standard","has-post-thumbnail","hentry","category-vesti"],"yoast_head":"<!-- This site is optimized with the Yoast SEO plugin v23.5 - https:\/\/yoast.com\/wordpress\/plugins\/seo\/ -->\n<title>Izjava predsjednice Osmani nakon glasanja u Komitetu ministara Saveta Evrope - Predsednik Republike Kosovo - DR. VJOSA OSMANI - SADRIU<\/title>\n<meta name=\"description\" content=\"Izjava predsjednice Osmani nakon glasanja u Komitetu ministara Saveta Evrope - Predsednik Republike Kosovo - DR. VJOSA OSMANI - SADRIU -\" \/>\n<meta name=\"robots\" content=\"index, follow, max-snippet:-1, max-image-preview:large, max-video-preview:-1\" \/>\n<link rel=\"canonical\" href=\"https:\/\/president-ksgov.net\/sr\/izjava-predsjednice-osmani-nakon-glasanja-u-komitetu-ministara-saveta-evrope\/\" \/>\n<meta property=\"og:locale\" content=\"sr_RS\" \/>\n<meta property=\"og:type\" content=\"article\" \/>\n<meta property=\"og:title\" content=\"Izjava predsjednice Osmani nakon glasanja u Komitetu ministara Saveta Evrope - Predsednik Republike Kosovo - DR. VJOSA OSMANI - SADRIU\" \/>\n<meta property=\"og:description\" content=\"Izjava predsjednice Osmani nakon glasanja u Komitetu ministara Saveta Evrope - Predsednik Republike Kosovo - DR. VJOSA OSMANI - SADRIU -\" \/>\n<meta property=\"og:url\" content=\"https:\/\/president-ksgov.net\/sr\/izjava-predsjednice-osmani-nakon-glasanja-u-komitetu-ministara-saveta-evrope\/\" \/>\n<meta property=\"og:site_name\" content=\"Predsednik Republike Kosovo - DR. VJOSA OSMANI - SADRIU\" \/>\n<meta property=\"article:published_time\" content=\"2023-04-24T14:10:49+00:00\" \/>\n<meta property=\"article:modified_time\" content=\"2023-06-22T12:29:28+00:00\" \/>\n<meta property=\"og:image\" content=\"https:\/\/president-ksgov.net\/wp-content\/uploads\/ZPRK-1.jpg\" \/>\n\t<meta property=\"og:image:width\" content=\"2000\" \/>\n\t<meta property=\"og:image:height\" content=\"1000\" \/>\n\t<meta property=\"og:image:type\" content=\"image\/jpeg\" \/>\n<meta name=\"author\" content=\"Florent Rrahmani\" \/>\n<meta name=\"twitter:card\" content=\"summary_large_image\" \/>\n<meta name=\"twitter:label1\" content=\"\u041d\u0430\u043f\u0438\u0441\u0430\u043d\u043e \u043e\u0434\" \/>\n\t<meta name=\"twitter:data1\" content=\"Florent Rrahmani\" \/>\n\t<meta name=\"twitter:label2\" content=\"\u041f\u0440\u043e\u0446\u0435\u045a\u0435\u043d\u043e \u0432\u0440\u0435\u043c\u0435 \u0447\u0438\u0442\u0430\u045a\u0430\" \/>\n\t<meta name=\"twitter:data2\" content=\"1 \u043c\u0438\u043d\u0443\u0442\" \/>\n<script type=\"application\/ld+json\" class=\"yoast-schema-graph\">{\"@context\":\"https:\/\/schema.org\",\"@graph\":[{\"@type\":\"WebPage\",\"@id\":\"https:\/\/president-ksgov.net\/sr\/izjava-predsjednice-osmani-nakon-glasanja-u-komitetu-ministara-saveta-evrope\/\",\"url\":\"https:\/\/president-ksgov.net\/sr\/izjava-predsjednice-osmani-nakon-glasanja-u-komitetu-ministara-saveta-evrope\/\",\"name\":\"Izjava predsjednice Osmani nakon glasanja u Komitetu ministara Saveta Evrope - Predsednik Republike Kosovo - DR. VJOSA OSMANI - SADRIU\",\"isPartOf\":{\"@id\":\"https:\/\/president-ksgov.net\/#website\"},\"primaryImageOfPage\":{\"@id\":\"https:\/\/president-ksgov.net\/sr\/izjava-predsjednice-osmani-nakon-glasanja-u-komitetu-ministara-saveta-evrope\/#primaryimage\"},\"image\":{\"@id\":\"https:\/\/president-ksgov.net\/sr\/izjava-predsjednice-osmani-nakon-glasanja-u-komitetu-ministara-saveta-evrope\/#primaryimage\"},\"thumbnailUrl\":\"https:\/\/president-ksgov.net\/wp-content\/uploads\/ZPRK-1.jpg\",\"datePublished\":\"2023-04-24T14:10:49+00:00\",\"dateModified\":\"2023-06-22T12:29:28+00:00\",\"author\":{\"@id\":\"https:\/\/president-ksgov.net\/#\/schema\/person\/7c46f744a99d3f1616b92658282aa934\"},\"description\":\"Izjava predsjednice Osmani nakon glasanja u Komitetu ministara Saveta Evrope - Predsednik Republike Kosovo - DR. VJOSA OSMANI - SADRIU -\",\"breadcrumb\":{\"@id\":\"https:\/\/president-ksgov.net\/sr\/izjava-predsjednice-osmani-nakon-glasanja-u-komitetu-ministara-saveta-evrope\/#breadcrumb\"},\"inLanguage\":\"sr-RS\",\"potentialAction\":[{\"@type\":\"ReadAction\",\"target\":[\"https:\/\/president-ksgov.net\/sr\/izjava-predsjednice-osmani-nakon-glasanja-u-komitetu-ministara-saveta-evrope\/\"]}]},{\"@type\":\"ImageObject\",\"inLanguage\":\"sr-RS\",\"@id\":\"https:\/\/president-ksgov.net\/sr\/izjava-predsjednice-osmani-nakon-glasanja-u-komitetu-ministara-saveta-evrope\/#primaryimage\",\"url\":\"https:\/\/president-ksgov.net\/wp-content\/uploads\/ZPRK-1.jpg\",\"contentUrl\":\"https:\/\/president-ksgov.net\/wp-content\/uploads\/ZPRK-1.jpg\",\"width\":2000,\"height\":1000},{\"@type\":\"BreadcrumbList\",\"@id\":\"https:\/\/president-ksgov.net\/sr\/izjava-predsjednice-osmani-nakon-glasanja-u-komitetu-ministara-saveta-evrope\/#breadcrumb\",\"itemListElement\":[{\"@type\":\"ListItem\",\"position\":1,\"name\":\"Home\",\"item\":\"https:\/\/president-ksgov.net\/sr\/\"},{\"@type\":\"ListItem\",\"position\":2,\"name\":\"Izjava predsjednice Osmani nakon glasanja u Komitetu ministara Saveta Evrope\"}]},{\"@type\":\"WebSite\",\"@id\":\"https:\/\/president-ksgov.net\/#website\",\"url\":\"https:\/\/president-ksgov.net\/\",\"name\":\"Presidente e Republik\u00ebs s\u00eb Kosov\u00ebs\",\"description\":\"Presidente e Republik\u00ebs s\u00eb Kosov\u00ebs\",\"alternateName\":\"DR. VJOSA OSMANI - SADRIU\",\"potentialAction\":[{\"@type\":\"SearchAction\",\"target\":{\"@type\":\"EntryPoint\",\"urlTemplate\":\"https:\/\/president-ksgov.net\/?s={search_term_string}\"},\"query-input\":{\"@type\":\"PropertyValueSpecification\",\"valueRequired\":true,\"valueName\":\"search_term_string\"}}],\"inLanguage\":\"sr-RS\"},{\"@type\":\"Person\",\"@id\":\"https:\/\/president-ksgov.net\/#\/schema\/person\/7c46f744a99d3f1616b92658282aa934\",\"name\":\"Florent Rrahmani\",\"image\":{\"@type\":\"ImageObject\",\"inLanguage\":\"sr-RS\",\"@id\":\"https:\/\/president-ksgov.net\/#\/schema\/person\/image\/\",\"url\":\"https:\/\/secure.gravatar.com\/avatar\/2545924aa250de68ac8368367a79b663e59571cd131611f54c89b0613a94e230?s=96&d=mm&r=g\",\"contentUrl\":\"https:\/\/secure.gravatar.com\/avatar\/2545924aa250de68ac8368367a79b663e59571cd131611f54c89b0613a94e230?s=96&d=mm&r=g\",\"caption\":\"Florent Rrahmani\"}}]}<\/script>\n<!-- \/ Yoast SEO plugin. -->","yoast_head_json":{"title":"Izjava predsjednice Osmani nakon glasanja u Komitetu ministara Saveta Evrope - Predsednik Republike Kosovo - DR. VJOSA OSMANI - SADRIU","description":"Izjava predsjednice Osmani nakon glasanja u Komitetu ministara Saveta Evrope - Predsednik Republike Kosovo - DR. VJOSA OSMANI - SADRIU -","robots":{"index":"index","follow":"follow","max-snippet":"max-snippet:-1","max-image-preview":"max-image-preview:large","max-video-preview":"max-video-preview:-1"},"canonical":"https:\/\/president-ksgov.net\/sr\/izjava-predsjednice-osmani-nakon-glasanja-u-komitetu-ministara-saveta-evrope\/","og_locale":"sr_RS","og_type":"article","og_title":"Izjava predsjednice Osmani nakon glasanja u Komitetu ministara Saveta Evrope - Predsednik Republike Kosovo - DR. VJOSA OSMANI - SADRIU","og_description":"Izjava predsjednice Osmani nakon glasanja u Komitetu ministara Saveta Evrope - Predsednik Republike Kosovo - DR. VJOSA OSMANI - SADRIU -","og_url":"https:\/\/president-ksgov.net\/sr\/izjava-predsjednice-osmani-nakon-glasanja-u-komitetu-ministara-saveta-evrope\/","og_site_name":"Predsednik Republike Kosovo - DR. VJOSA OSMANI - SADRIU","article_published_time":"2023-04-24T14:10:49+00:00","article_modified_time":"2023-06-22T12:29:28+00:00","og_image":[{"width":2000,"height":1000,"url":"https:\/\/president-ksgov.net\/wp-content\/uploads\/ZPRK-1.jpg","type":"image\/jpeg"}],"author":"Florent Rrahmani","twitter_card":"summary_large_image","twitter_misc":{"\u041d\u0430\u043f\u0438\u0441\u0430\u043d\u043e \u043e\u0434":"Florent Rrahmani","\u041f\u0440\u043e\u0446\u0435\u045a\u0435\u043d\u043e \u0432\u0440\u0435\u043c\u0435 \u0447\u0438\u0442\u0430\u045a\u0430":"1 \u043c\u0438\u043d\u0443\u0442"},"schema":{"@context":"https:\/\/schema.org","@graph":[{"@type":"WebPage","@id":"https:\/\/president-ksgov.net\/sr\/izjava-predsjednice-osmani-nakon-glasanja-u-komitetu-ministara-saveta-evrope\/","url":"https:\/\/president-ksgov.net\/sr\/izjava-predsjednice-osmani-nakon-glasanja-u-komitetu-ministara-saveta-evrope\/","name":"Izjava predsjednice Osmani nakon glasanja u Komitetu ministara Saveta Evrope - Predsednik Republike Kosovo - DR. VJOSA OSMANI - SADRIU","isPartOf":{"@id":"https:\/\/president-ksgov.net\/#website"},"primaryImageOfPage":{"@id":"https:\/\/president-ksgov.net\/sr\/izjava-predsjednice-osmani-nakon-glasanja-u-komitetu-ministara-saveta-evrope\/#primaryimage"},"image":{"@id":"https:\/\/president-ksgov.net\/sr\/izjava-predsjednice-osmani-nakon-glasanja-u-komitetu-ministara-saveta-evrope\/#primaryimage"},"thumbnailUrl":"https:\/\/president-ksgov.net\/wp-content\/uploads\/ZPRK-1.jpg","datePublished":"2023-04-24T14:10:49+00:00","dateModified":"2023-06-22T12:29:28+00:00","author":{"@id":"https:\/\/president-ksgov.net\/#\/schema\/person\/7c46f744a99d3f1616b92658282aa934"},"description":"Izjava predsjednice Osmani nakon glasanja u Komitetu ministara Saveta Evrope - Predsednik Republike Kosovo - DR. VJOSA OSMANI - SADRIU -","breadcrumb":{"@id":"https:\/\/president-ksgov.net\/sr\/izjava-predsjednice-osmani-nakon-glasanja-u-komitetu-ministara-saveta-evrope\/#breadcrumb"},"inLanguage":"sr-RS","potentialAction":[{"@type":"ReadAction","target":["https:\/\/president-ksgov.net\/sr\/izjava-predsjednice-osmani-nakon-glasanja-u-komitetu-ministara-saveta-evrope\/"]}]},{"@type":"ImageObject","inLanguage":"sr-RS","@id":"https:\/\/president-ksgov.net\/sr\/izjava-predsjednice-osmani-nakon-glasanja-u-komitetu-ministara-saveta-evrope\/#primaryimage","url":"https:\/\/president-ksgov.net\/wp-content\/uploads\/ZPRK-1.jpg","contentUrl":"https:\/\/president-ksgov.net\/wp-content\/uploads\/ZPRK-1.jpg","width":2000,"height":1000},{"@type":"BreadcrumbList","@id":"https:\/\/president-ksgov.net\/sr\/izjava-predsjednice-osmani-nakon-glasanja-u-komitetu-ministara-saveta-evrope\/#breadcrumb","itemListElement":[{"@type":"ListItem","position":1,"name":"Home","item":"https:\/\/president-ksgov.net\/sr\/"},{"@type":"ListItem","position":2,"name":"Izjava predsjednice Osmani nakon glasanja u Komitetu ministara Saveta Evrope"}]},{"@type":"WebSite","@id":"https:\/\/president-ksgov.net\/#website","url":"https:\/\/president-ksgov.net\/","name":"Presidente e Republik\u00ebs s\u00eb Kosov\u00ebs","description":"Presidente e Republik\u00ebs s\u00eb Kosov\u00ebs","alternateName":"DR. VJOSA OSMANI - SADRIU","potentialAction":[{"@type":"SearchAction","target":{"@type":"EntryPoint","urlTemplate":"https:\/\/president-ksgov.net\/?s={search_term_string}"},"query-input":{"@type":"PropertyValueSpecification","valueRequired":true,"valueName":"search_term_string"}}],"inLanguage":"sr-RS"},{"@type":"Person","@id":"https:\/\/president-ksgov.net\/#\/schema\/person\/7c46f744a99d3f1616b92658282aa934","name":"Florent Rrahmani","image":{"@type":"ImageObject","inLanguage":"sr-RS","@id":"https:\/\/president-ksgov.net\/#\/schema\/person\/image\/","url":"https:\/\/secure.gravatar.com\/avatar\/2545924aa250de68ac8368367a79b663e59571cd131611f54c89b0613a94e230?s=96&d=mm&r=g","contentUrl":"https:\/\/secure.gravatar.com\/avatar\/2545924aa250de68ac8368367a79b663e59571cd131611f54c89b0613a94e230?s=96&d=mm&r=g","caption":"Florent Rrahmani"}}]}},"_links":{"self":[{"href":"https:\/\/president-ksgov.net\/sr\/wp-json\/wp\/v2\/posts\/92858","targetHints":{"allow":["GET"]}}],"collection":[{"href":"https:\/\/president-ksgov.net\/sr\/wp-json\/wp\/v2\/posts"}],"about":[{"href":"https:\/\/president-ksgov.net\/sr\/wp-json\/wp\/v2\/types\/post"}],"author":[{"embeddable":true,"href":"https:\/\/president-ksgov.net\/sr\/wp-json\/wp\/v2\/users\/9"}],"replies":[{"embeddable":true,"href":"https:\/\/president-ksgov.net\/sr\/wp-json\/wp\/v2\/comments?post=92858"}],"version-history":[{"count":1,"href":"https:\/\/president-ksgov.net\/sr\/wp-json\/wp\/v2\/posts\/92858\/revisions"}],"predecessor-version":[{"id":92859,"href":"https:\/\/president-ksgov.net\/sr\/wp-json\/wp\/v2\/posts\/92858\/revisions\/92859"}],"wp:featuredmedia":[{"embeddable":true,"href":"https:\/\/president-ksgov.net\/sr\/wp-json\/wp\/v2\/media\/92723"}],"wp:attachment":[{"href":"https:\/\/president-ksgov.net\/sr\/wp-json\/wp\/v2\/media?parent=92858"}],"wp:term":[{"taxonomy":"category","embeddable":true,"href":"https:\/\/president-ksgov.net\/sr\/wp-json\/wp\/v2\/categories?post=92858"},{"taxonomy":"post_tag","embeddable":true,"href":"https:\/\/president-ksgov.net\/sr\/wp-json\/wp\/v2\/tags?post=92858"}],"curies":[{"name":"wp","href":"https:\/\/api.w.org\/{rel}","templated":true}]}}