{"id":92852,"date":"2023-04-24T12:14:35","date_gmt":"2023-04-24T10:14:35","guid":{"rendered":"https:\/\/president-ksgov.net\/?p=92852"},"modified":"2023-06-22T14:23:45","modified_gmt":"2023-06-22T12:23:45","slug":"predsednica-osmani-se-danas-sastala-sa-predsednikom-centralne-izborne-komisije-g-kreshnikom-radoniqijem","status":"publish","type":"post","link":"https:\/\/president-ksgov.net\/sr\/predsednica-osmani-se-danas-sastala-sa-predsednikom-centralne-izborne-komisije-g-kreshnikom-radoniqijem\/","title":{"rendered":"Predsednica Osmani se danas sastala sa predsednikom Centralne izborne komisije g. Kreshnikom Radoniqijem"},"content":{"rendered":"<p>Nakon ovog sastanka, predsednica je izjavila slede\u0107e:<\/p>\n<p>\u201e\u010cestitam Centralnoj izbornoj komisiji na ura\u0111enim pripremama koje su omogu\u0107ile realizaciju procesa glasanja za vanredne op\u0161tinske izbore u op\u0161tinama Severna Mitrovica, Zve\u010dan, Zubin Potok i Leposavi\u0107. Zahvaljujem se i svim bezbednosnim institucijama na profesionalnom radu, koje su obezbedile mirno i bezbedno okru\u017eenje tokom izbornog procesa, koji je odlo\u017een sa decembra 2022. na april 2023. godine.<\/p>\n<p>Institucije Kosova omogu\u0107ile su gra\u0111anima da ostvare svoje pravo da u\u010destvuju na izborima, u skladu sa Ustavom i zakonima Kosova i pokazale da kriminalne grupe kojima rukovodi Srbija ne mogu da diktiraju ustavne i pravne procese u Republici Kosovo.<\/p>\n<p>Zahvaljujem svim onim gra\u0111anima koji su u\u010destvovali u glasanju, uprkos nezakonitoj intervenciji Srbije i njenih kriminalnih struktura da tako ne\u0161to onemogu\u0107e. Kao rezultat ovih kriminalnih radnji, mnogi srpski gra\u0111ani ovih op\u0161tina su dobili pretnje i ucene kako ne bi u\u010destvovali u izbornom procesu i na taj na\u010din ne bi mogli da izraze svoju politi\u010dku volju da biraju svoje lokalne predstavnike.<\/p>\n<p>Strano me\u0161anje u izborne procese je globalni problem za demokratski svet, koji ne samo da naru\u0161ava volju gra\u0111ana, ve\u0107 i naru\u0161ava princip suverene ravnopravnosti dr\u017eava, kao jedne od osnovnih normi me\u0111unarodnog poretka.<\/p>\n<p>Republika Kosovo je na Samitu za demokratiju, organizovanom pod pokroviteljstvom predsednika Bidena, izrazila svoju posve\u0107enost da stane rame uz rame sa demokratskim dr\u017eavama u borbi protiv rastu\u0107e pojave stranog me\u0161anja u izborne procese.<\/p>\n<p>Kontinuirano i otvoreno zalaganje Srbije da ometa sprovo\u0111enje slobodnih izbora u Republici Kosovo protivno je duhu i slovu poslednjeg sporazuma postignutog u Briselu, zajedno sa planom sprovo\u0111enja.<\/p>\n<p>Kao takvom, ovakvom pristupu Srbije trebalo bi da se suprotstavi ceo demokratski svet, jer istovremeno predstavlja i akt protivpravnog spoljnog me\u0161anja, delo koje se ka\u017enjava nizom me\u0111unarodnopravnih akata.<\/p>\n<p>Institucije Kosova \u0107e poja\u010dati napore i sta\u0107e uz sve gra\u0111ane u \u010detiri op\u0161tine severa Kosova, kako bi ih za\u0161titile od pretnji ilegalnih struktura.<\/p>\n<p>Institucije Kosova \u0107e koordinisati i akcije sa strate\u0161kim saveznicima u zaustavljanju daljih destabilizuju\u0107ih akcija Srbije, koje su tako\u0111e suprotne poslednjem Briselskom sporazumu.<\/p>\n<p>Odlu\u010dni smo da zajedno sa gra\u0111anima ovih op\u0161tina radimo na sve boljim uslovima \u017eivota, vi\u0161e demokratije i blagostanja u svakom naselju svake op\u0161tine.<\/p>\n<p>&nbsp;<\/p>\n","protected":false},"excerpt":{"rendered":"<p>Nakon ovog sastanka, predsednica je izjavila slede\u0107e: \u201e\u010cestitam Centralnoj izbornoj komisiji na ura\u0111enim pripremama koje su omogu\u0107ile realizaciju procesa glasanja za vanredne op\u0161tinske izbore u op\u0161tinama Severna Mitrovica, Zve\u010dan, Zubin Potok i Leposavi\u0107. Zahvaljujem se i svim bezbednosnim institucijama na profesionalnom radu, koje su obezbedile mirno i bezbedno okru\u017eenje tokom izbornog procesa, koji je odlo\u017een sa decembra 2022. na april 2023. godine. Institucije Kosova omogu\u0107ile su gra\u0111anima da ostvare svoje pravo da u\u010destvuju na izborima, u skladu sa Ustavom i zakonima Kosova i pokazale da kriminalne grupe kojima rukovodi Srbija ne mogu da diktiraju ustavne i pravne procese u Republici Kosovo. Zahvaljujem svim onim gra\u0111anima koji su u\u010destvovali u glasanju, uprkos nezakonitoj intervenciji Srbije i njenih kriminalnih struktura da tako ne\u0161to onemogu\u0107e. Kao rezultat ovih kriminalnih radnji, mnogi srpski gra\u0111ani ovih op\u0161tina su dobili pretnje i ucene kako ne bi u\u010destvovali u izbornom procesu i na taj na\u010din ne bi mogli da izraze svoju politi\u010dku volju da biraju svoje lokalne predstavnike. Strano me\u0161anje u izborne procese je globalni problem za demokratski svet, koji ne samo da naru\u0161ava volju gra\u0111ana, ve\u0107 i naru\u0161ava princip suverene ravnopravnosti dr\u017eava, kao jedne od osnovnih normi me\u0111unarodnog poretka. Republika Kosovo je na Samitu za demokratiju, organizovanom pod pokroviteljstvom predsednika Bidena, izrazila svoju posve\u0107enost da stane rame uz rame sa demokratskim dr\u017eavama u borbi protiv rastu\u0107e pojave stranog me\u0161anja u izborne procese. Kontinuirano i otvoreno zalaganje Srbije da ometa sprovo\u0111enje slobodnih izbora u Republici Kosovo protivno je duhu i slovu poslednjeg sporazuma postignutog u Briselu, zajedno sa planom sprovo\u0111enja. Kao takvom, ovakvom pristupu Srbije trebalo bi da se suprotstavi ceo demokratski svet, jer istovremeno predstavlja i akt protivpravnog spoljnog me\u0161anja, delo koje se ka\u017enjava nizom me\u0111unarodnopravnih akata. Institucije Kosova \u0107e poja\u010dati napore i sta\u0107e uz sve gra\u0111ane u \u010detiri op\u0161tine severa Kosova, kako bi ih za\u0161titile od pretnji ilegalnih struktura. Institucije Kosova \u0107e koordinisati i akcije sa strate\u0161kim saveznicima u zaustavljanju daljih destabilizuju\u0107ih akcija Srbije, koje su tako\u0111e suprotne poslednjem Briselskom sporazumu. Odlu\u010dni smo da zajedno sa gra\u0111anima ovih op\u0161tina radimo na sve boljim uslovima \u017eivota, vi\u0161e demokratije i blagostanja u svakom naselju svake op\u0161tine. &nbsp;<\/p>\n","protected":false},"author":9,"featured_media":89313,"comment_status":"open","ping_status":"closed","sticky":false,"template":"","format":"standard","meta":{"_eb_attr":"","footnotes":""},"categories":[101],"tags":[],"class_list":["post-92852","post","type-post","status-publish","format-standard","has-post-thumbnail","hentry","category-vesti"],"yoast_head":"<!-- This site is optimized with the Yoast SEO plugin v23.5 - https:\/\/yoast.com\/wordpress\/plugins\/seo\/ -->\n<title>Predsednica Osmani se danas sastala sa predsednikom Centralne izborne komisije g. Kreshnikom Radoniqijem - Predsednik Republike Kosovo - DR. VJOSA OSMANI - SADRIU<\/title>\n<meta name=\"description\" content=\"Predsednica Osmani se danas sastala sa predsednikom Centralne izborne komisije g. Kreshnikom Radoniqijem - Predsednik Republike Kosovo - DR. VJOSA OSMANI - SADRIU -\" \/>\n<meta name=\"robots\" content=\"index, follow, max-snippet:-1, max-image-preview:large, max-video-preview:-1\" \/>\n<link rel=\"canonical\" href=\"https:\/\/president-ksgov.net\/sr\/predsednica-osmani-se-danas-sastala-sa-predsednikom-centralne-izborne-komisije-g-kreshnikom-radoniqijem\/\" \/>\n<meta property=\"og:locale\" content=\"sr_RS\" \/>\n<meta property=\"og:type\" content=\"article\" \/>\n<meta property=\"og:title\" content=\"Predsednica Osmani se danas sastala sa predsednikom Centralne izborne komisije g. Kreshnikom Radoniqijem - Predsednik Republike Kosovo - DR. VJOSA OSMANI - SADRIU\" \/>\n<meta property=\"og:description\" content=\"Predsednica Osmani se danas sastala sa predsednikom Centralne izborne komisije g. Kreshnikom Radoniqijem - Predsednik Republike Kosovo - DR. VJOSA OSMANI - SADRIU -\" \/>\n<meta property=\"og:url\" content=\"https:\/\/president-ksgov.net\/sr\/predsednica-osmani-se-danas-sastala-sa-predsednikom-centralne-izborne-komisije-g-kreshnikom-radoniqijem\/\" \/>\n<meta property=\"og:site_name\" content=\"Predsednik Republike Kosovo - DR. VJOSA OSMANI - SADRIU\" \/>\n<meta property=\"article:published_time\" content=\"2023-04-24T10:14:35+00:00\" \/>\n<meta property=\"article:modified_time\" content=\"2023-06-22T12:23:45+00:00\" \/>\n<meta property=\"og:image\" content=\"https:\/\/president-ksgov.net\/wp-content\/uploads\/image00001-scaled.jpeg\" \/>\n\t<meta property=\"og:image:width\" content=\"2560\" \/>\n\t<meta property=\"og:image:height\" content=\"1763\" \/>\n\t<meta property=\"og:image:type\" content=\"image\/jpeg\" \/>\n<meta name=\"author\" content=\"Florent Rrahmani\" \/>\n<meta name=\"twitter:card\" content=\"summary_large_image\" \/>\n<meta name=\"twitter:label1\" content=\"\u041d\u0430\u043f\u0438\u0441\u0430\u043d\u043e \u043e\u0434\" \/>\n\t<meta name=\"twitter:data1\" content=\"Florent Rrahmani\" \/>\n\t<meta name=\"twitter:label2\" content=\"\u041f\u0440\u043e\u0446\u0435\u045a\u0435\u043d\u043e \u0432\u0440\u0435\u043c\u0435 \u0447\u0438\u0442\u0430\u045a\u0430\" \/>\n\t<meta name=\"twitter:data2\" content=\"2 \u043c\u0438\u043d\u0443\u0442\u0430\" \/>\n<script type=\"application\/ld+json\" class=\"yoast-schema-graph\">{\"@context\":\"https:\/\/schema.org\",\"@graph\":[{\"@type\":\"WebPage\",\"@id\":\"https:\/\/president-ksgov.net\/sr\/predsednica-osmani-se-danas-sastala-sa-predsednikom-centralne-izborne-komisije-g-kreshnikom-radoniqijem\/\",\"url\":\"https:\/\/president-ksgov.net\/sr\/predsednica-osmani-se-danas-sastala-sa-predsednikom-centralne-izborne-komisije-g-kreshnikom-radoniqijem\/\",\"name\":\"Predsednica Osmani se danas sastala sa predsednikom Centralne izborne komisije g. Kreshnikom Radoniqijem - Predsednik Republike Kosovo - DR. VJOSA OSMANI - SADRIU\",\"isPartOf\":{\"@id\":\"https:\/\/president-ksgov.net\/#website\"},\"primaryImageOfPage\":{\"@id\":\"https:\/\/president-ksgov.net\/sr\/predsednica-osmani-se-danas-sastala-sa-predsednikom-centralne-izborne-komisije-g-kreshnikom-radoniqijem\/#primaryimage\"},\"image\":{\"@id\":\"https:\/\/president-ksgov.net\/sr\/predsednica-osmani-se-danas-sastala-sa-predsednikom-centralne-izborne-komisije-g-kreshnikom-radoniqijem\/#primaryimage\"},\"thumbnailUrl\":\"https:\/\/president-ksgov.net\/wp-content\/uploads\/image00001-scaled.jpeg\",\"datePublished\":\"2023-04-24T10:14:35+00:00\",\"dateModified\":\"2023-06-22T12:23:45+00:00\",\"author\":{\"@id\":\"https:\/\/president-ksgov.net\/#\/schema\/person\/7c46f744a99d3f1616b92658282aa934\"},\"description\":\"Predsednica Osmani se danas sastala sa predsednikom Centralne izborne komisije g. Kreshnikom Radoniqijem - Predsednik Republike Kosovo - DR. VJOSA OSMANI - SADRIU -\",\"breadcrumb\":{\"@id\":\"https:\/\/president-ksgov.net\/sr\/predsednica-osmani-se-danas-sastala-sa-predsednikom-centralne-izborne-komisije-g-kreshnikom-radoniqijem\/#breadcrumb\"},\"inLanguage\":\"sr-RS\",\"potentialAction\":[{\"@type\":\"ReadAction\",\"target\":[\"https:\/\/president-ksgov.net\/sr\/predsednica-osmani-se-danas-sastala-sa-predsednikom-centralne-izborne-komisije-g-kreshnikom-radoniqijem\/\"]}]},{\"@type\":\"ImageObject\",\"inLanguage\":\"sr-RS\",\"@id\":\"https:\/\/president-ksgov.net\/sr\/predsednica-osmani-se-danas-sastala-sa-predsednikom-centralne-izborne-komisije-g-kreshnikom-radoniqijem\/#primaryimage\",\"url\":\"https:\/\/president-ksgov.net\/wp-content\/uploads\/image00001-scaled.jpeg\",\"contentUrl\":\"https:\/\/president-ksgov.net\/wp-content\/uploads\/image00001-scaled.jpeg\",\"width\":2560,\"height\":1763},{\"@type\":\"BreadcrumbList\",\"@id\":\"https:\/\/president-ksgov.net\/sr\/predsednica-osmani-se-danas-sastala-sa-predsednikom-centralne-izborne-komisije-g-kreshnikom-radoniqijem\/#breadcrumb\",\"itemListElement\":[{\"@type\":\"ListItem\",\"position\":1,\"name\":\"Home\",\"item\":\"https:\/\/president-ksgov.net\/sr\/\"},{\"@type\":\"ListItem\",\"position\":2,\"name\":\"Predsednica Osmani se danas sastala sa predsednikom Centralne izborne komisije g. Kreshnikom Radoniqijem\"}]},{\"@type\":\"WebSite\",\"@id\":\"https:\/\/president-ksgov.net\/#website\",\"url\":\"https:\/\/president-ksgov.net\/\",\"name\":\"Presidente e Republik\u00ebs s\u00eb Kosov\u00ebs\",\"description\":\"Presidente e Republik\u00ebs s\u00eb Kosov\u00ebs\",\"alternateName\":\"DR. VJOSA OSMANI - SADRIU\",\"potentialAction\":[{\"@type\":\"SearchAction\",\"target\":{\"@type\":\"EntryPoint\",\"urlTemplate\":\"https:\/\/president-ksgov.net\/?s={search_term_string}\"},\"query-input\":{\"@type\":\"PropertyValueSpecification\",\"valueRequired\":true,\"valueName\":\"search_term_string\"}}],\"inLanguage\":\"sr-RS\"},{\"@type\":\"Person\",\"@id\":\"https:\/\/president-ksgov.net\/#\/schema\/person\/7c46f744a99d3f1616b92658282aa934\",\"name\":\"Florent Rrahmani\",\"image\":{\"@type\":\"ImageObject\",\"inLanguage\":\"sr-RS\",\"@id\":\"https:\/\/president-ksgov.net\/#\/schema\/person\/image\/\",\"url\":\"https:\/\/secure.gravatar.com\/avatar\/2545924aa250de68ac8368367a79b663e59571cd131611f54c89b0613a94e230?s=96&d=mm&r=g\",\"contentUrl\":\"https:\/\/secure.gravatar.com\/avatar\/2545924aa250de68ac8368367a79b663e59571cd131611f54c89b0613a94e230?s=96&d=mm&r=g\",\"caption\":\"Florent Rrahmani\"}}]}<\/script>\n<!-- \/ Yoast SEO plugin. -->","yoast_head_json":{"title":"Predsednica Osmani se danas sastala sa predsednikom Centralne izborne komisije g. Kreshnikom Radoniqijem - Predsednik Republike Kosovo - DR. VJOSA OSMANI - SADRIU","description":"Predsednica Osmani se danas sastala sa predsednikom Centralne izborne komisije g. Kreshnikom Radoniqijem - Predsednik Republike Kosovo - DR. VJOSA OSMANI - SADRIU -","robots":{"index":"index","follow":"follow","max-snippet":"max-snippet:-1","max-image-preview":"max-image-preview:large","max-video-preview":"max-video-preview:-1"},"canonical":"https:\/\/president-ksgov.net\/sr\/predsednica-osmani-se-danas-sastala-sa-predsednikom-centralne-izborne-komisije-g-kreshnikom-radoniqijem\/","og_locale":"sr_RS","og_type":"article","og_title":"Predsednica Osmani se danas sastala sa predsednikom Centralne izborne komisije g. Kreshnikom Radoniqijem - Predsednik Republike Kosovo - DR. VJOSA OSMANI - SADRIU","og_description":"Predsednica Osmani se danas sastala sa predsednikom Centralne izborne komisije g. Kreshnikom Radoniqijem - Predsednik Republike Kosovo - DR. VJOSA OSMANI - SADRIU -","og_url":"https:\/\/president-ksgov.net\/sr\/predsednica-osmani-se-danas-sastala-sa-predsednikom-centralne-izborne-komisije-g-kreshnikom-radoniqijem\/","og_site_name":"Predsednik Republike Kosovo - DR. VJOSA OSMANI - SADRIU","article_published_time":"2023-04-24T10:14:35+00:00","article_modified_time":"2023-06-22T12:23:45+00:00","og_image":[{"width":2560,"height":1763,"url":"https:\/\/president-ksgov.net\/wp-content\/uploads\/image00001-scaled.jpeg","type":"image\/jpeg"}],"author":"Florent Rrahmani","twitter_card":"summary_large_image","twitter_misc":{"\u041d\u0430\u043f\u0438\u0441\u0430\u043d\u043e \u043e\u0434":"Florent Rrahmani","\u041f\u0440\u043e\u0446\u0435\u045a\u0435\u043d\u043e \u0432\u0440\u0435\u043c\u0435 \u0447\u0438\u0442\u0430\u045a\u0430":"2 \u043c\u0438\u043d\u0443\u0442\u0430"},"schema":{"@context":"https:\/\/schema.org","@graph":[{"@type":"WebPage","@id":"https:\/\/president-ksgov.net\/sr\/predsednica-osmani-se-danas-sastala-sa-predsednikom-centralne-izborne-komisije-g-kreshnikom-radoniqijem\/","url":"https:\/\/president-ksgov.net\/sr\/predsednica-osmani-se-danas-sastala-sa-predsednikom-centralne-izborne-komisije-g-kreshnikom-radoniqijem\/","name":"Predsednica Osmani se danas sastala sa predsednikom Centralne izborne komisije g. Kreshnikom Radoniqijem - Predsednik Republike Kosovo - DR. VJOSA OSMANI - SADRIU","isPartOf":{"@id":"https:\/\/president-ksgov.net\/#website"},"primaryImageOfPage":{"@id":"https:\/\/president-ksgov.net\/sr\/predsednica-osmani-se-danas-sastala-sa-predsednikom-centralne-izborne-komisije-g-kreshnikom-radoniqijem\/#primaryimage"},"image":{"@id":"https:\/\/president-ksgov.net\/sr\/predsednica-osmani-se-danas-sastala-sa-predsednikom-centralne-izborne-komisije-g-kreshnikom-radoniqijem\/#primaryimage"},"thumbnailUrl":"https:\/\/president-ksgov.net\/wp-content\/uploads\/image00001-scaled.jpeg","datePublished":"2023-04-24T10:14:35+00:00","dateModified":"2023-06-22T12:23:45+00:00","author":{"@id":"https:\/\/president-ksgov.net\/#\/schema\/person\/7c46f744a99d3f1616b92658282aa934"},"description":"Predsednica Osmani se danas sastala sa predsednikom Centralne izborne komisije g. Kreshnikom Radoniqijem - Predsednik Republike Kosovo - DR. VJOSA OSMANI - SADRIU -","breadcrumb":{"@id":"https:\/\/president-ksgov.net\/sr\/predsednica-osmani-se-danas-sastala-sa-predsednikom-centralne-izborne-komisije-g-kreshnikom-radoniqijem\/#breadcrumb"},"inLanguage":"sr-RS","potentialAction":[{"@type":"ReadAction","target":["https:\/\/president-ksgov.net\/sr\/predsednica-osmani-se-danas-sastala-sa-predsednikom-centralne-izborne-komisije-g-kreshnikom-radoniqijem\/"]}]},{"@type":"ImageObject","inLanguage":"sr-RS","@id":"https:\/\/president-ksgov.net\/sr\/predsednica-osmani-se-danas-sastala-sa-predsednikom-centralne-izborne-komisije-g-kreshnikom-radoniqijem\/#primaryimage","url":"https:\/\/president-ksgov.net\/wp-content\/uploads\/image00001-scaled.jpeg","contentUrl":"https:\/\/president-ksgov.net\/wp-content\/uploads\/image00001-scaled.jpeg","width":2560,"height":1763},{"@type":"BreadcrumbList","@id":"https:\/\/president-ksgov.net\/sr\/predsednica-osmani-se-danas-sastala-sa-predsednikom-centralne-izborne-komisije-g-kreshnikom-radoniqijem\/#breadcrumb","itemListElement":[{"@type":"ListItem","position":1,"name":"Home","item":"https:\/\/president-ksgov.net\/sr\/"},{"@type":"ListItem","position":2,"name":"Predsednica Osmani se danas sastala sa predsednikom Centralne izborne komisije g. Kreshnikom Radoniqijem"}]},{"@type":"WebSite","@id":"https:\/\/president-ksgov.net\/#website","url":"https:\/\/president-ksgov.net\/","name":"Presidente e Republik\u00ebs s\u00eb Kosov\u00ebs","description":"Presidente e Republik\u00ebs s\u00eb Kosov\u00ebs","alternateName":"DR. VJOSA OSMANI - SADRIU","potentialAction":[{"@type":"SearchAction","target":{"@type":"EntryPoint","urlTemplate":"https:\/\/president-ksgov.net\/?s={search_term_string}"},"query-input":{"@type":"PropertyValueSpecification","valueRequired":true,"valueName":"search_term_string"}}],"inLanguage":"sr-RS"},{"@type":"Person","@id":"https:\/\/president-ksgov.net\/#\/schema\/person\/7c46f744a99d3f1616b92658282aa934","name":"Florent Rrahmani","image":{"@type":"ImageObject","inLanguage":"sr-RS","@id":"https:\/\/president-ksgov.net\/#\/schema\/person\/image\/","url":"https:\/\/secure.gravatar.com\/avatar\/2545924aa250de68ac8368367a79b663e59571cd131611f54c89b0613a94e230?s=96&d=mm&r=g","contentUrl":"https:\/\/secure.gravatar.com\/avatar\/2545924aa250de68ac8368367a79b663e59571cd131611f54c89b0613a94e230?s=96&d=mm&r=g","caption":"Florent Rrahmani"}}]}},"_links":{"self":[{"href":"https:\/\/president-ksgov.net\/sr\/wp-json\/wp\/v2\/posts\/92852","targetHints":{"allow":["GET"]}}],"collection":[{"href":"https:\/\/president-ksgov.net\/sr\/wp-json\/wp\/v2\/posts"}],"about":[{"href":"https:\/\/president-ksgov.net\/sr\/wp-json\/wp\/v2\/types\/post"}],"author":[{"embeddable":true,"href":"https:\/\/president-ksgov.net\/sr\/wp-json\/wp\/v2\/users\/9"}],"replies":[{"embeddable":true,"href":"https:\/\/president-ksgov.net\/sr\/wp-json\/wp\/v2\/comments?post=92852"}],"version-history":[{"count":1,"href":"https:\/\/president-ksgov.net\/sr\/wp-json\/wp\/v2\/posts\/92852\/revisions"}],"predecessor-version":[{"id":92853,"href":"https:\/\/president-ksgov.net\/sr\/wp-json\/wp\/v2\/posts\/92852\/revisions\/92853"}],"wp:featuredmedia":[{"embeddable":true,"href":"https:\/\/president-ksgov.net\/sr\/wp-json\/wp\/v2\/media\/89313"}],"wp:attachment":[{"href":"https:\/\/president-ksgov.net\/sr\/wp-json\/wp\/v2\/media?parent=92852"}],"wp:term":[{"taxonomy":"category","embeddable":true,"href":"https:\/\/president-ksgov.net\/sr\/wp-json\/wp\/v2\/categories?post=92852"},{"taxonomy":"post_tag","embeddable":true,"href":"https:\/\/president-ksgov.net\/sr\/wp-json\/wp\/v2\/tags?post=92852"}],"curies":[{"name":"wp","href":"https:\/\/api.w.org\/{rel}","templated":true}]}}