{"id":92822,"date":"2023-04-05T15:57:12","date_gmt":"2023-04-05T13:57:12","guid":{"rendered":"https:\/\/president-ksgov.net\/?p=92822"},"modified":"2023-06-22T13:02:58","modified_gmt":"2023-06-22T11:02:58","slug":"predsednica-osmani-posetila-generalstab-kbs-a-ucesce-u-defender-europe23-potvrduje-snazno-poverenje-nasih-strateskih-partnera-u-nasu-vojsku","status":"publish","type":"post","link":"https:\/\/president-ksgov.net\/sr\/predsednica-osmani-posetila-generalstab-kbs-a-ucesce-u-defender-europe23-potvrduje-snazno-poverenje-nasih-strateskih-partnera-u-nasu-vojsku\/","title":{"rendered":"Predsednica Osmani posetila General\u0161tab KBS-a: U\u010de\u0161\u0107e u \u201eDefender-Europe\u201923\u201c potvr\u0111uje sna\u017eno poverenje na\u0161ih strate\u0161kih partnera u na\u0161u vojsku"},"content":{"rendered":"<p>U cilju informisanja o zavr\u0161nim pripremama za izvo\u0111enje terenske ve\u017ebe \u201eDefender-Europe\u201923\u201c, predsednica Republike Kosovo Vjosa Osmani, ujedno i vrhovni komandant, posetila je General\u0161tab KSB-a u kasarni \u201eAdem Jashari\u201c u Pri\u0161tini, gde ju je do\u010dekao general-potpukovnik Bashkim Jashari sa generalima i oficirima KSB-a.<\/p>\n<p>Ovom prilikom, predsednica Osmani je obave\u0161tean od strane generala Jaaharija i njegovog osoblja o aktuelnim de\u0161avanjima u KBS-u i aktivnostima koje su u toku, sa posebnim naglaskom na zavr\u0161ne pripreme pre izvo\u0111enja terenske ve\u017ebe ameri\u010dkih snaga sa drugim partnerskim snagama Defender &#8211; Europe\u203223\u201c.<\/p>\n<p>Sa svoje strane, predsednik Osmani je \u010destitao KBS-u na uspe\u0161nom procesu planiranja i pravilnim pripremama za ve\u017ebu \u201eBranilac-Evropa\u201923\u201c.<\/p>\n<p>\u201eU\u010de\u0161\u0107e preko 1.300 trupa KBS-a u terenskoj ve\u017ebi \u201eDefender-Europe\u201923\u201c, uz ameri\u010dke snage i druge saveznike, kao i status Republike Kosovo kao zemlje doma\u0107ina, potvr\u0111uje sna\u017eno poverenje na\u0161eg strate\u0161kog partnera u profesionalizam KBS-a, kao i poverenje u na\u0161u zemlju i ljude u za\u0161titi evroatlantskih vrednosti slobode i regionalnog i globalnog mira\u201c, istakla je izme\u0111u ostalog predsednica Osmani.<\/p>\n<p>U svojstvu vrhovnog komandanta KBS-a, predsednica Osmani je izrazila punu podr\u0161ku razvoju i unapre\u0111enju KBS-a, kao i toku ve\u017ebe, kao jednom od najva\u017enijih doga\u0111aja ne samo za KBS, ve\u0107 i za Republiku Kosovo i evroatlantsku viziju.<\/p>\n","protected":false},"excerpt":{"rendered":"<p>U cilju informisanja o zavr\u0161nim pripremama za izvo\u0111enje terenske ve\u017ebe \u201eDefender-Europe\u201923\u201c, predsednica Republike Kosovo Vjosa Osmani, ujedno i vrhovni komandant, posetila je General\u0161tab KSB-a u kasarni \u201eAdem Jashari\u201c u Pri\u0161tini, gde ju je do\u010dekao general-potpukovnik Bashkim Jashari sa generalima i oficirima KSB-a. Ovom prilikom, predsednica Osmani je obave\u0161tean od strane generala Jaaharija i njegovog osoblja o aktuelnim de\u0161avanjima u KBS-u i aktivnostima koje su u toku, sa posebnim naglaskom na zavr\u0161ne pripreme pre izvo\u0111enja terenske ve\u017ebe ameri\u010dkih snaga sa drugim partnerskim snagama Defender &#8211; Europe\u203223\u201c. Sa svoje strane, predsednik Osmani je \u010destitao KBS-u na uspe\u0161nom procesu planiranja i pravilnim pripremama za ve\u017ebu \u201eBranilac-Evropa\u201923\u201c. \u201eU\u010de\u0161\u0107e preko 1.300 trupa KBS-a u terenskoj ve\u017ebi \u201eDefender-Europe\u201923\u201c, uz ameri\u010dke snage i druge saveznike, kao i status Republike Kosovo kao zemlje doma\u0107ina, potvr\u0111uje sna\u017eno poverenje na\u0161eg strate\u0161kog partnera u profesionalizam KBS-a, kao i poverenje u na\u0161u zemlju i ljude u za\u0161titi evroatlantskih vrednosti slobode i regionalnog i globalnog mira\u201c, istakla je izme\u0111u ostalog predsednica Osmani. U svojstvu vrhovnog komandanta KBS-a, predsednica Osmani je izrazila punu podr\u0161ku razvoju i unapre\u0111enju KBS-a, kao i toku ve\u017ebe, kao jednom od najva\u017enijih doga\u0111aja ne samo za KBS, ve\u0107 i za Republiku Kosovo i evroatlantsku viziju.<\/p>\n","protected":false},"author":9,"featured_media":88637,"comment_status":"open","ping_status":"closed","sticky":false,"template":"","format":"standard","meta":{"_eb_attr":"","footnotes":""},"categories":[101],"tags":[],"class_list":["post-92822","post","type-post","status-publish","format-standard","has-post-thumbnail","hentry","category-vesti"],"yoast_head":"<!-- This site is optimized with the Yoast SEO plugin v23.5 - https:\/\/yoast.com\/wordpress\/plugins\/seo\/ -->\n<title>Predsednica Osmani posetila General\u0161tab KBS-a: U\u010de\u0161\u0107e u \u201eDefender-Europe\u201923\u201c potvr\u0111uje sna\u017eno poverenje na\u0161ih strate\u0161kih partnera u na\u0161u vojsku - Predsednik Republike Kosovo - DR. VJOSA OSMANI - SADRIU<\/title>\n<meta name=\"description\" content=\"Predsednica Osmani posetila General\u0161tab KBS-a: U\u010de\u0161\u0107e u \u201eDefender-Europe\u201923\u201c potvr\u0111uje sna\u017eno poverenje na\u0161ih strate\u0161kih partnera u na\u0161u vojsku - Predsednik Republike Kosovo - DR. VJOSA OSMANI - SADRIU -\" \/>\n<meta name=\"robots\" content=\"index, follow, max-snippet:-1, max-image-preview:large, max-video-preview:-1\" \/>\n<link rel=\"canonical\" href=\"https:\/\/president-ksgov.net\/sr\/predsednica-osmani-posetila-generalstab-kbs-a-ucesce-u-defender-europe23-potvrduje-snazno-poverenje-nasih-strateskih-partnera-u-nasu-vojsku\/\" \/>\n<meta property=\"og:locale\" content=\"sr_RS\" \/>\n<meta property=\"og:type\" content=\"article\" \/>\n<meta property=\"og:title\" content=\"Predsednica Osmani posetila General\u0161tab KBS-a: U\u010de\u0161\u0107e u \u201eDefender-Europe\u201923\u201c potvr\u0111uje sna\u017eno poverenje na\u0161ih strate\u0161kih partnera u na\u0161u vojsku - Predsednik Republike Kosovo - DR. VJOSA OSMANI - SADRIU\" \/>\n<meta property=\"og:description\" content=\"Predsednica Osmani posetila General\u0161tab KBS-a: U\u010de\u0161\u0107e u \u201eDefender-Europe\u201923\u201c potvr\u0111uje sna\u017eno poverenje na\u0161ih strate\u0161kih partnera u na\u0161u vojsku - Predsednik Republike Kosovo - DR. VJOSA OSMANI - SADRIU -\" \/>\n<meta property=\"og:url\" content=\"https:\/\/president-ksgov.net\/sr\/predsednica-osmani-posetila-generalstab-kbs-a-ucesce-u-defender-europe23-potvrduje-snazno-poverenje-nasih-strateskih-partnera-u-nasu-vojsku\/\" \/>\n<meta property=\"og:site_name\" content=\"Predsednik Republike Kosovo - DR. VJOSA OSMANI - SADRIU\" \/>\n<meta property=\"article:published_time\" content=\"2023-04-05T13:57:12+00:00\" \/>\n<meta property=\"article:modified_time\" content=\"2023-06-22T11:02:58+00:00\" \/>\n<meta property=\"og:image\" content=\"https:\/\/president-ksgov.net\/wp-content\/uploads\/5-prill-shtabi-i-pergjithshem-i-fsk-1-1024x683.jpg\" \/>\n\t<meta property=\"og:image:width\" content=\"1024\" \/>\n\t<meta property=\"og:image:height\" content=\"683\" \/>\n\t<meta property=\"og:image:type\" content=\"image\/jpeg\" \/>\n<meta name=\"author\" content=\"Florent Rrahmani\" \/>\n<meta name=\"twitter:card\" content=\"summary_large_image\" \/>\n<meta name=\"twitter:label1\" content=\"\u041d\u0430\u043f\u0438\u0441\u0430\u043d\u043e \u043e\u0434\" \/>\n\t<meta name=\"twitter:data1\" content=\"Florent Rrahmani\" \/>\n\t<meta name=\"twitter:label2\" content=\"\u041f\u0440\u043e\u0446\u0435\u045a\u0435\u043d\u043e \u0432\u0440\u0435\u043c\u0435 \u0447\u0438\u0442\u0430\u045a\u0430\" \/>\n\t<meta name=\"twitter:data2\" content=\"1 \u043c\u0438\u043d\u0443\u0442\" \/>\n<script type=\"application\/ld+json\" class=\"yoast-schema-graph\">{\"@context\":\"https:\/\/schema.org\",\"@graph\":[{\"@type\":\"WebPage\",\"@id\":\"https:\/\/president-ksgov.net\/sr\/predsednica-osmani-posetila-generalstab-kbs-a-ucesce-u-defender-europe23-potvrduje-snazno-poverenje-nasih-strateskih-partnera-u-nasu-vojsku\/\",\"url\":\"https:\/\/president-ksgov.net\/sr\/predsednica-osmani-posetila-generalstab-kbs-a-ucesce-u-defender-europe23-potvrduje-snazno-poverenje-nasih-strateskih-partnera-u-nasu-vojsku\/\",\"name\":\"Predsednica Osmani posetila General\u0161tab KBS-a: U\u010de\u0161\u0107e u \u201eDefender-Europe\u201923\u201c potvr\u0111uje sna\u017eno poverenje na\u0161ih strate\u0161kih partnera u na\u0161u vojsku - Predsednik Republike Kosovo - DR. VJOSA OSMANI - SADRIU\",\"isPartOf\":{\"@id\":\"https:\/\/president-ksgov.net\/#website\"},\"primaryImageOfPage\":{\"@id\":\"https:\/\/president-ksgov.net\/sr\/predsednica-osmani-posetila-generalstab-kbs-a-ucesce-u-defender-europe23-potvrduje-snazno-poverenje-nasih-strateskih-partnera-u-nasu-vojsku\/#primaryimage\"},\"image\":{\"@id\":\"https:\/\/president-ksgov.net\/sr\/predsednica-osmani-posetila-generalstab-kbs-a-ucesce-u-defender-europe23-potvrduje-snazno-poverenje-nasih-strateskih-partnera-u-nasu-vojsku\/#primaryimage\"},\"thumbnailUrl\":\"https:\/\/president-ksgov.net\/wp-content\/uploads\/5-prill-shtabi-i-pergjithshem-i-fsk-1.jpg\",\"datePublished\":\"2023-04-05T13:57:12+00:00\",\"dateModified\":\"2023-06-22T11:02:58+00:00\",\"author\":{\"@id\":\"https:\/\/president-ksgov.net\/#\/schema\/person\/7c46f744a99d3f1616b92658282aa934\"},\"description\":\"Predsednica Osmani posetila General\u0161tab KBS-a: U\u010de\u0161\u0107e u \u201eDefender-Europe\u201923\u201c potvr\u0111uje sna\u017eno poverenje na\u0161ih strate\u0161kih partnera u na\u0161u vojsku - Predsednik Republike Kosovo - DR. VJOSA OSMANI - SADRIU -\",\"breadcrumb\":{\"@id\":\"https:\/\/president-ksgov.net\/sr\/predsednica-osmani-posetila-generalstab-kbs-a-ucesce-u-defender-europe23-potvrduje-snazno-poverenje-nasih-strateskih-partnera-u-nasu-vojsku\/#breadcrumb\"},\"inLanguage\":\"sr-RS\",\"potentialAction\":[{\"@type\":\"ReadAction\",\"target\":[\"https:\/\/president-ksgov.net\/sr\/predsednica-osmani-posetila-generalstab-kbs-a-ucesce-u-defender-europe23-potvrduje-snazno-poverenje-nasih-strateskih-partnera-u-nasu-vojsku\/\"]}]},{\"@type\":\"ImageObject\",\"inLanguage\":\"sr-RS\",\"@id\":\"https:\/\/president-ksgov.net\/sr\/predsednica-osmani-posetila-generalstab-kbs-a-ucesce-u-defender-europe23-potvrduje-snazno-poverenje-nasih-strateskih-partnera-u-nasu-vojsku\/#primaryimage\",\"url\":\"https:\/\/president-ksgov.net\/wp-content\/uploads\/5-prill-shtabi-i-pergjithshem-i-fsk-1.jpg\",\"contentUrl\":\"https:\/\/president-ksgov.net\/wp-content\/uploads\/5-prill-shtabi-i-pergjithshem-i-fsk-1.jpg\",\"width\":2500,\"height\":1667},{\"@type\":\"BreadcrumbList\",\"@id\":\"https:\/\/president-ksgov.net\/sr\/predsednica-osmani-posetila-generalstab-kbs-a-ucesce-u-defender-europe23-potvrduje-snazno-poverenje-nasih-strateskih-partnera-u-nasu-vojsku\/#breadcrumb\",\"itemListElement\":[{\"@type\":\"ListItem\",\"position\":1,\"name\":\"Home\",\"item\":\"https:\/\/president-ksgov.net\/sr\/\"},{\"@type\":\"ListItem\",\"position\":2,\"name\":\"Predsednica Osmani posetila General\u0161tab KBS-a: U\u010de\u0161\u0107e u \u201eDefender-Europe\u201923\u201c potvr\u0111uje sna\u017eno poverenje na\u0161ih strate\u0161kih partnera u na\u0161u vojsku\"}]},{\"@type\":\"WebSite\",\"@id\":\"https:\/\/president-ksgov.net\/#website\",\"url\":\"https:\/\/president-ksgov.net\/\",\"name\":\"Presidente e Republik\u00ebs s\u00eb Kosov\u00ebs\",\"description\":\"Presidente e Republik\u00ebs s\u00eb Kosov\u00ebs\",\"alternateName\":\"DR. VJOSA OSMANI - SADRIU\",\"potentialAction\":[{\"@type\":\"SearchAction\",\"target\":{\"@type\":\"EntryPoint\",\"urlTemplate\":\"https:\/\/president-ksgov.net\/?s={search_term_string}\"},\"query-input\":{\"@type\":\"PropertyValueSpecification\",\"valueRequired\":true,\"valueName\":\"search_term_string\"}}],\"inLanguage\":\"sr-RS\"},{\"@type\":\"Person\",\"@id\":\"https:\/\/president-ksgov.net\/#\/schema\/person\/7c46f744a99d3f1616b92658282aa934\",\"name\":\"Florent Rrahmani\",\"image\":{\"@type\":\"ImageObject\",\"inLanguage\":\"sr-RS\",\"@id\":\"https:\/\/president-ksgov.net\/#\/schema\/person\/image\/\",\"url\":\"https:\/\/secure.gravatar.com\/avatar\/2545924aa250de68ac8368367a79b663e59571cd131611f54c89b0613a94e230?s=96&d=mm&r=g\",\"contentUrl\":\"https:\/\/secure.gravatar.com\/avatar\/2545924aa250de68ac8368367a79b663e59571cd131611f54c89b0613a94e230?s=96&d=mm&r=g\",\"caption\":\"Florent Rrahmani\"}}]}<\/script>\n<!-- \/ Yoast SEO plugin. -->","yoast_head_json":{"title":"Predsednica Osmani posetila General\u0161tab KBS-a: U\u010de\u0161\u0107e u \u201eDefender-Europe\u201923\u201c potvr\u0111uje sna\u017eno poverenje na\u0161ih strate\u0161kih partnera u na\u0161u vojsku - Predsednik Republike Kosovo - DR. VJOSA OSMANI - SADRIU","description":"Predsednica Osmani posetila General\u0161tab KBS-a: U\u010de\u0161\u0107e u \u201eDefender-Europe\u201923\u201c potvr\u0111uje sna\u017eno poverenje na\u0161ih strate\u0161kih partnera u na\u0161u vojsku - Predsednik Republike Kosovo - DR. VJOSA OSMANI - SADRIU -","robots":{"index":"index","follow":"follow","max-snippet":"max-snippet:-1","max-image-preview":"max-image-preview:large","max-video-preview":"max-video-preview:-1"},"canonical":"https:\/\/president-ksgov.net\/sr\/predsednica-osmani-posetila-generalstab-kbs-a-ucesce-u-defender-europe23-potvrduje-snazno-poverenje-nasih-strateskih-partnera-u-nasu-vojsku\/","og_locale":"sr_RS","og_type":"article","og_title":"Predsednica Osmani posetila General\u0161tab KBS-a: U\u010de\u0161\u0107e u \u201eDefender-Europe\u201923\u201c potvr\u0111uje sna\u017eno poverenje na\u0161ih strate\u0161kih partnera u na\u0161u vojsku - Predsednik Republike Kosovo - DR. VJOSA OSMANI - SADRIU","og_description":"Predsednica Osmani posetila General\u0161tab KBS-a: U\u010de\u0161\u0107e u \u201eDefender-Europe\u201923\u201c potvr\u0111uje sna\u017eno poverenje na\u0161ih strate\u0161kih partnera u na\u0161u vojsku - Predsednik Republike Kosovo - DR. VJOSA OSMANI - SADRIU -","og_url":"https:\/\/president-ksgov.net\/sr\/predsednica-osmani-posetila-generalstab-kbs-a-ucesce-u-defender-europe23-potvrduje-snazno-poverenje-nasih-strateskih-partnera-u-nasu-vojsku\/","og_site_name":"Predsednik Republike Kosovo - DR. VJOSA OSMANI - SADRIU","article_published_time":"2023-04-05T13:57:12+00:00","article_modified_time":"2023-06-22T11:02:58+00:00","og_image":[{"width":1024,"height":683,"url":"https:\/\/president-ksgov.net\/wp-content\/uploads\/5-prill-shtabi-i-pergjithshem-i-fsk-1-1024x683.jpg","type":"image\/jpeg"}],"author":"Florent Rrahmani","twitter_card":"summary_large_image","twitter_misc":{"\u041d\u0430\u043f\u0438\u0441\u0430\u043d\u043e \u043e\u0434":"Florent Rrahmani","\u041f\u0440\u043e\u0446\u0435\u045a\u0435\u043d\u043e \u0432\u0440\u0435\u043c\u0435 \u0447\u0438\u0442\u0430\u045a\u0430":"1 \u043c\u0438\u043d\u0443\u0442"},"schema":{"@context":"https:\/\/schema.org","@graph":[{"@type":"WebPage","@id":"https:\/\/president-ksgov.net\/sr\/predsednica-osmani-posetila-generalstab-kbs-a-ucesce-u-defender-europe23-potvrduje-snazno-poverenje-nasih-strateskih-partnera-u-nasu-vojsku\/","url":"https:\/\/president-ksgov.net\/sr\/predsednica-osmani-posetila-generalstab-kbs-a-ucesce-u-defender-europe23-potvrduje-snazno-poverenje-nasih-strateskih-partnera-u-nasu-vojsku\/","name":"Predsednica Osmani posetila General\u0161tab KBS-a: U\u010de\u0161\u0107e u \u201eDefender-Europe\u201923\u201c potvr\u0111uje sna\u017eno poverenje na\u0161ih strate\u0161kih partnera u na\u0161u vojsku - Predsednik Republike Kosovo - DR. VJOSA OSMANI - SADRIU","isPartOf":{"@id":"https:\/\/president-ksgov.net\/#website"},"primaryImageOfPage":{"@id":"https:\/\/president-ksgov.net\/sr\/predsednica-osmani-posetila-generalstab-kbs-a-ucesce-u-defender-europe23-potvrduje-snazno-poverenje-nasih-strateskih-partnera-u-nasu-vojsku\/#primaryimage"},"image":{"@id":"https:\/\/president-ksgov.net\/sr\/predsednica-osmani-posetila-generalstab-kbs-a-ucesce-u-defender-europe23-potvrduje-snazno-poverenje-nasih-strateskih-partnera-u-nasu-vojsku\/#primaryimage"},"thumbnailUrl":"https:\/\/president-ksgov.net\/wp-content\/uploads\/5-prill-shtabi-i-pergjithshem-i-fsk-1.jpg","datePublished":"2023-04-05T13:57:12+00:00","dateModified":"2023-06-22T11:02:58+00:00","author":{"@id":"https:\/\/president-ksgov.net\/#\/schema\/person\/7c46f744a99d3f1616b92658282aa934"},"description":"Predsednica Osmani posetila General\u0161tab KBS-a: U\u010de\u0161\u0107e u \u201eDefender-Europe\u201923\u201c potvr\u0111uje sna\u017eno poverenje na\u0161ih strate\u0161kih partnera u na\u0161u vojsku - Predsednik Republike Kosovo - DR. VJOSA OSMANI - SADRIU -","breadcrumb":{"@id":"https:\/\/president-ksgov.net\/sr\/predsednica-osmani-posetila-generalstab-kbs-a-ucesce-u-defender-europe23-potvrduje-snazno-poverenje-nasih-strateskih-partnera-u-nasu-vojsku\/#breadcrumb"},"inLanguage":"sr-RS","potentialAction":[{"@type":"ReadAction","target":["https:\/\/president-ksgov.net\/sr\/predsednica-osmani-posetila-generalstab-kbs-a-ucesce-u-defender-europe23-potvrduje-snazno-poverenje-nasih-strateskih-partnera-u-nasu-vojsku\/"]}]},{"@type":"ImageObject","inLanguage":"sr-RS","@id":"https:\/\/president-ksgov.net\/sr\/predsednica-osmani-posetila-generalstab-kbs-a-ucesce-u-defender-europe23-potvrduje-snazno-poverenje-nasih-strateskih-partnera-u-nasu-vojsku\/#primaryimage","url":"https:\/\/president-ksgov.net\/wp-content\/uploads\/5-prill-shtabi-i-pergjithshem-i-fsk-1.jpg","contentUrl":"https:\/\/president-ksgov.net\/wp-content\/uploads\/5-prill-shtabi-i-pergjithshem-i-fsk-1.jpg","width":2500,"height":1667},{"@type":"BreadcrumbList","@id":"https:\/\/president-ksgov.net\/sr\/predsednica-osmani-posetila-generalstab-kbs-a-ucesce-u-defender-europe23-potvrduje-snazno-poverenje-nasih-strateskih-partnera-u-nasu-vojsku\/#breadcrumb","itemListElement":[{"@type":"ListItem","position":1,"name":"Home","item":"https:\/\/president-ksgov.net\/sr\/"},{"@type":"ListItem","position":2,"name":"Predsednica Osmani posetila General\u0161tab KBS-a: U\u010de\u0161\u0107e u \u201eDefender-Europe\u201923\u201c potvr\u0111uje sna\u017eno poverenje na\u0161ih strate\u0161kih partnera u na\u0161u vojsku"}]},{"@type":"WebSite","@id":"https:\/\/president-ksgov.net\/#website","url":"https:\/\/president-ksgov.net\/","name":"Presidente e Republik\u00ebs s\u00eb Kosov\u00ebs","description":"Presidente e Republik\u00ebs s\u00eb Kosov\u00ebs","alternateName":"DR. VJOSA OSMANI - SADRIU","potentialAction":[{"@type":"SearchAction","target":{"@type":"EntryPoint","urlTemplate":"https:\/\/president-ksgov.net\/?s={search_term_string}"},"query-input":{"@type":"PropertyValueSpecification","valueRequired":true,"valueName":"search_term_string"}}],"inLanguage":"sr-RS"},{"@type":"Person","@id":"https:\/\/president-ksgov.net\/#\/schema\/person\/7c46f744a99d3f1616b92658282aa934","name":"Florent Rrahmani","image":{"@type":"ImageObject","inLanguage":"sr-RS","@id":"https:\/\/president-ksgov.net\/#\/schema\/person\/image\/","url":"https:\/\/secure.gravatar.com\/avatar\/2545924aa250de68ac8368367a79b663e59571cd131611f54c89b0613a94e230?s=96&d=mm&r=g","contentUrl":"https:\/\/secure.gravatar.com\/avatar\/2545924aa250de68ac8368367a79b663e59571cd131611f54c89b0613a94e230?s=96&d=mm&r=g","caption":"Florent Rrahmani"}}]}},"_links":{"self":[{"href":"https:\/\/president-ksgov.net\/sr\/wp-json\/wp\/v2\/posts\/92822","targetHints":{"allow":["GET"]}}],"collection":[{"href":"https:\/\/president-ksgov.net\/sr\/wp-json\/wp\/v2\/posts"}],"about":[{"href":"https:\/\/president-ksgov.net\/sr\/wp-json\/wp\/v2\/types\/post"}],"author":[{"embeddable":true,"href":"https:\/\/president-ksgov.net\/sr\/wp-json\/wp\/v2\/users\/9"}],"replies":[{"embeddable":true,"href":"https:\/\/president-ksgov.net\/sr\/wp-json\/wp\/v2\/comments?post=92822"}],"version-history":[{"count":1,"href":"https:\/\/president-ksgov.net\/sr\/wp-json\/wp\/v2\/posts\/92822\/revisions"}],"predecessor-version":[{"id":92823,"href":"https:\/\/president-ksgov.net\/sr\/wp-json\/wp\/v2\/posts\/92822\/revisions\/92823"}],"wp:featuredmedia":[{"embeddable":true,"href":"https:\/\/president-ksgov.net\/sr\/wp-json\/wp\/v2\/media\/88637"}],"wp:attachment":[{"href":"https:\/\/president-ksgov.net\/sr\/wp-json\/wp\/v2\/media?parent=92822"}],"wp:term":[{"taxonomy":"category","embeddable":true,"href":"https:\/\/president-ksgov.net\/sr\/wp-json\/wp\/v2\/categories?post=92822"},{"taxonomy":"post_tag","embeddable":true,"href":"https:\/\/president-ksgov.net\/sr\/wp-json\/wp\/v2\/tags?post=92822"}],"curies":[{"name":"wp","href":"https:\/\/api.w.org\/{rel}","templated":true}]}}