{"id":92778,"date":"2023-03-23T22:00:18","date_gmt":"2023-03-23T21:00:18","guid":{"rendered":"https:\/\/president-ksgov.net\/?p=92778"},"modified":"2023-06-22T10:29:07","modified_gmt":"2023-06-22T08:29:07","slug":"predsednica-osmani-i-ambasador-hovenier-odali-su-pocast-bivsoj-sekretarki-albright-na-godisnjicu-njene-smrti","status":"publish","type":"post","link":"https:\/\/president-ksgov.net\/sr\/predsednica-osmani-i-ambasador-hovenier-odali-su-pocast-bivsoj-sekretarki-albright-na-godisnjicu-njene-smrti\/","title":{"rendered":"Predsednica Osmani i ambasador Hovenier odali su po\u010dast biv\u0161oj sekretarki Albright, na godi\u0161njicu njene smrti"},"content":{"rendered":"<p>Predsednica Republike Kosovo, Vjosa Osmani, zajedno sa ambasadorom Sjedinjenih Ameri\u010dkih Dr\u017eava, Jeffrey Hovenier, odali su danas po\u010dast biv\u0161oj dr\u017eavnoj sekretarki, Madeleine Albright, na godi\u0161njicu njene smrti.<\/p>\n<p>\u201eNarod Kosova \u0107e zauvek zapamtiti nju kao svetionik nade tokom na\u0161ih najmra\u010dnijih vremena. Mi nastavljamo da se rukovodimo njenim uzornim vo\u0111stvom\u201c, napisala je predsednica Osmani.<\/p>\n","protected":false},"excerpt":{"rendered":"<p>Predsednica Republike Kosovo, Vjosa Osmani, zajedno sa ambasadorom Sjedinjenih Ameri\u010dkih Dr\u017eava, Jeffrey Hovenier, odali su danas po\u010dast biv\u0161oj dr\u017eavnoj sekretarki, Madeleine Albright, na godi\u0161njicu njene smrti. \u201eNarod Kosova \u0107e zauvek zapamtiti nju kao svetionik nade tokom na\u0161ih najmra\u010dnijih vremena. Mi nastavljamo da se rukovodimo njenim uzornim vo\u0111stvom\u201c, napisala je predsednica Osmani.<\/p>\n","protected":false},"author":9,"featured_media":87332,"comment_status":"open","ping_status":"closed","sticky":false,"template":"","format":"standard","meta":{"_eb_attr":"","footnotes":""},"categories":[101],"tags":[],"class_list":["post-92778","post","type-post","status-publish","format-standard","has-post-thumbnail","hentry","category-vesti"],"yoast_head":"<!-- This site is optimized with the Yoast SEO plugin v23.5 - https:\/\/yoast.com\/wordpress\/plugins\/seo\/ -->\n<title>Predsednica Osmani i ambasador Hovenier odali su po\u010dast biv\u0161oj sekretarki Albright, na godi\u0161njicu njene smrti - Predsednik Republike Kosovo - DR. VJOSA OSMANI - SADRIU<\/title>\n<meta name=\"description\" content=\"Predsednica Osmani i ambasador Hovenier odali su po\u010dast biv\u0161oj sekretarki Albright, na godi\u0161njicu njene smrti - Predsednik Republike Kosovo - DR. VJOSA OSMANI - SADRIU -\" \/>\n<meta name=\"robots\" content=\"index, follow, max-snippet:-1, max-image-preview:large, max-video-preview:-1\" \/>\n<link rel=\"canonical\" href=\"https:\/\/president-ksgov.net\/sr\/predsednica-osmani-i-ambasador-hovenier-odali-su-pocast-bivsoj-sekretarki-albright-na-godisnjicu-njene-smrti\/\" \/>\n<meta property=\"og:locale\" content=\"sr_RS\" \/>\n<meta property=\"og:type\" content=\"article\" \/>\n<meta property=\"og:title\" content=\"Predsednica Osmani i ambasador Hovenier odali su po\u010dast biv\u0161oj sekretarki Albright, na godi\u0161njicu njene smrti - Predsednik Republike Kosovo - DR. VJOSA OSMANI - SADRIU\" \/>\n<meta property=\"og:description\" content=\"Predsednica Osmani i ambasador Hovenier odali su po\u010dast biv\u0161oj sekretarki Albright, na godi\u0161njicu njene smrti - Predsednik Republike Kosovo - DR. VJOSA OSMANI - SADRIU -\" \/>\n<meta property=\"og:url\" content=\"https:\/\/president-ksgov.net\/sr\/predsednica-osmani-i-ambasador-hovenier-odali-su-pocast-bivsoj-sekretarki-albright-na-godisnjicu-njene-smrti\/\" \/>\n<meta property=\"og:site_name\" content=\"Predsednik Republike Kosovo - DR. VJOSA OSMANI - SADRIU\" \/>\n<meta property=\"article:published_time\" content=\"2023-03-23T21:00:18+00:00\" \/>\n<meta property=\"article:modified_time\" content=\"2023-06-22T08:29:07+00:00\" \/>\n<meta property=\"og:image\" content=\"https:\/\/president-ksgov.net\/wp-content\/uploads\/IMG_5498-scaled.jpg\" \/>\n\t<meta property=\"og:image:width\" content=\"1707\" \/>\n\t<meta property=\"og:image:height\" content=\"2560\" \/>\n\t<meta property=\"og:image:type\" content=\"image\/jpeg\" \/>\n<meta name=\"author\" content=\"Florent Rrahmani\" \/>\n<meta name=\"twitter:card\" content=\"summary_large_image\" \/>\n<meta name=\"twitter:label1\" content=\"\u041d\u0430\u043f\u0438\u0441\u0430\u043d\u043e \u043e\u0434\" \/>\n\t<meta name=\"twitter:data1\" content=\"Florent Rrahmani\" \/>\n<script type=\"application\/ld+json\" class=\"yoast-schema-graph\">{\"@context\":\"https:\/\/schema.org\",\"@graph\":[{\"@type\":\"WebPage\",\"@id\":\"https:\/\/president-ksgov.net\/sr\/predsednica-osmani-i-ambasador-hovenier-odali-su-pocast-bivsoj-sekretarki-albright-na-godisnjicu-njene-smrti\/\",\"url\":\"https:\/\/president-ksgov.net\/sr\/predsednica-osmani-i-ambasador-hovenier-odali-su-pocast-bivsoj-sekretarki-albright-na-godisnjicu-njene-smrti\/\",\"name\":\"Predsednica Osmani i ambasador Hovenier odali su po\u010dast biv\u0161oj sekretarki Albright, na godi\u0161njicu njene smrti - Predsednik Republike Kosovo - DR. VJOSA OSMANI - SADRIU\",\"isPartOf\":{\"@id\":\"https:\/\/president-ksgov.net\/#website\"},\"primaryImageOfPage\":{\"@id\":\"https:\/\/president-ksgov.net\/sr\/predsednica-osmani-i-ambasador-hovenier-odali-su-pocast-bivsoj-sekretarki-albright-na-godisnjicu-njene-smrti\/#primaryimage\"},\"image\":{\"@id\":\"https:\/\/president-ksgov.net\/sr\/predsednica-osmani-i-ambasador-hovenier-odali-su-pocast-bivsoj-sekretarki-albright-na-godisnjicu-njene-smrti\/#primaryimage\"},\"thumbnailUrl\":\"https:\/\/president-ksgov.net\/wp-content\/uploads\/IMG_5498-scaled.jpg\",\"datePublished\":\"2023-03-23T21:00:18+00:00\",\"dateModified\":\"2023-06-22T08:29:07+00:00\",\"author\":{\"@id\":\"https:\/\/president-ksgov.net\/#\/schema\/person\/7c46f744a99d3f1616b92658282aa934\"},\"description\":\"Predsednica Osmani i ambasador Hovenier odali su po\u010dast biv\u0161oj sekretarki Albright, na godi\u0161njicu njene smrti - Predsednik Republike Kosovo - DR. VJOSA OSMANI - SADRIU -\",\"breadcrumb\":{\"@id\":\"https:\/\/president-ksgov.net\/sr\/predsednica-osmani-i-ambasador-hovenier-odali-su-pocast-bivsoj-sekretarki-albright-na-godisnjicu-njene-smrti\/#breadcrumb\"},\"inLanguage\":\"sr-RS\",\"potentialAction\":[{\"@type\":\"ReadAction\",\"target\":[\"https:\/\/president-ksgov.net\/sr\/predsednica-osmani-i-ambasador-hovenier-odali-su-pocast-bivsoj-sekretarki-albright-na-godisnjicu-njene-smrti\/\"]}]},{\"@type\":\"ImageObject\",\"inLanguage\":\"sr-RS\",\"@id\":\"https:\/\/president-ksgov.net\/sr\/predsednica-osmani-i-ambasador-hovenier-odali-su-pocast-bivsoj-sekretarki-albright-na-godisnjicu-njene-smrti\/#primaryimage\",\"url\":\"https:\/\/president-ksgov.net\/wp-content\/uploads\/IMG_5498-scaled.jpg\",\"contentUrl\":\"https:\/\/president-ksgov.net\/wp-content\/uploads\/IMG_5498-scaled.jpg\",\"width\":1707,\"height\":2560},{\"@type\":\"BreadcrumbList\",\"@id\":\"https:\/\/president-ksgov.net\/sr\/predsednica-osmani-i-ambasador-hovenier-odali-su-pocast-bivsoj-sekretarki-albright-na-godisnjicu-njene-smrti\/#breadcrumb\",\"itemListElement\":[{\"@type\":\"ListItem\",\"position\":1,\"name\":\"Home\",\"item\":\"https:\/\/president-ksgov.net\/sr\/\"},{\"@type\":\"ListItem\",\"position\":2,\"name\":\"Predsednica Osmani i ambasador Hovenier odali su po\u010dast biv\u0161oj sekretarki Albright, na godi\u0161njicu njene smrti\"}]},{\"@type\":\"WebSite\",\"@id\":\"https:\/\/president-ksgov.net\/#website\",\"url\":\"https:\/\/president-ksgov.net\/\",\"name\":\"Presidente e Republik\u00ebs s\u00eb Kosov\u00ebs\",\"description\":\"Presidente e Republik\u00ebs s\u00eb Kosov\u00ebs\",\"alternateName\":\"DR. VJOSA OSMANI - SADRIU\",\"potentialAction\":[{\"@type\":\"SearchAction\",\"target\":{\"@type\":\"EntryPoint\",\"urlTemplate\":\"https:\/\/president-ksgov.net\/?s={search_term_string}\"},\"query-input\":{\"@type\":\"PropertyValueSpecification\",\"valueRequired\":true,\"valueName\":\"search_term_string\"}}],\"inLanguage\":\"sr-RS\"},{\"@type\":\"Person\",\"@id\":\"https:\/\/president-ksgov.net\/#\/schema\/person\/7c46f744a99d3f1616b92658282aa934\",\"name\":\"Florent Rrahmani\",\"image\":{\"@type\":\"ImageObject\",\"inLanguage\":\"sr-RS\",\"@id\":\"https:\/\/president-ksgov.net\/#\/schema\/person\/image\/\",\"url\":\"https:\/\/secure.gravatar.com\/avatar\/2545924aa250de68ac8368367a79b663e59571cd131611f54c89b0613a94e230?s=96&d=mm&r=g\",\"contentUrl\":\"https:\/\/secure.gravatar.com\/avatar\/2545924aa250de68ac8368367a79b663e59571cd131611f54c89b0613a94e230?s=96&d=mm&r=g\",\"caption\":\"Florent Rrahmani\"}}]}<\/script>\n<!-- \/ Yoast SEO plugin. -->","yoast_head_json":{"title":"Predsednica Osmani i ambasador Hovenier odali su po\u010dast biv\u0161oj sekretarki Albright, na godi\u0161njicu njene smrti - Predsednik Republike Kosovo - DR. VJOSA OSMANI - SADRIU","description":"Predsednica Osmani i ambasador Hovenier odali su po\u010dast biv\u0161oj sekretarki Albright, na godi\u0161njicu njene smrti - Predsednik Republike Kosovo - DR. VJOSA OSMANI - SADRIU -","robots":{"index":"index","follow":"follow","max-snippet":"max-snippet:-1","max-image-preview":"max-image-preview:large","max-video-preview":"max-video-preview:-1"},"canonical":"https:\/\/president-ksgov.net\/sr\/predsednica-osmani-i-ambasador-hovenier-odali-su-pocast-bivsoj-sekretarki-albright-na-godisnjicu-njene-smrti\/","og_locale":"sr_RS","og_type":"article","og_title":"Predsednica Osmani i ambasador Hovenier odali su po\u010dast biv\u0161oj sekretarki Albright, na godi\u0161njicu njene smrti - Predsednik Republike Kosovo - DR. VJOSA OSMANI - SADRIU","og_description":"Predsednica Osmani i ambasador Hovenier odali su po\u010dast biv\u0161oj sekretarki Albright, na godi\u0161njicu njene smrti - Predsednik Republike Kosovo - DR. VJOSA OSMANI - SADRIU -","og_url":"https:\/\/president-ksgov.net\/sr\/predsednica-osmani-i-ambasador-hovenier-odali-su-pocast-bivsoj-sekretarki-albright-na-godisnjicu-njene-smrti\/","og_site_name":"Predsednik Republike Kosovo - DR. VJOSA OSMANI - SADRIU","article_published_time":"2023-03-23T21:00:18+00:00","article_modified_time":"2023-06-22T08:29:07+00:00","og_image":[{"width":1707,"height":2560,"url":"https:\/\/president-ksgov.net\/wp-content\/uploads\/IMG_5498-scaled.jpg","type":"image\/jpeg"}],"author":"Florent Rrahmani","twitter_card":"summary_large_image","twitter_misc":{"\u041d\u0430\u043f\u0438\u0441\u0430\u043d\u043e \u043e\u0434":"Florent Rrahmani"},"schema":{"@context":"https:\/\/schema.org","@graph":[{"@type":"WebPage","@id":"https:\/\/president-ksgov.net\/sr\/predsednica-osmani-i-ambasador-hovenier-odali-su-pocast-bivsoj-sekretarki-albright-na-godisnjicu-njene-smrti\/","url":"https:\/\/president-ksgov.net\/sr\/predsednica-osmani-i-ambasador-hovenier-odali-su-pocast-bivsoj-sekretarki-albright-na-godisnjicu-njene-smrti\/","name":"Predsednica Osmani i ambasador Hovenier odali su po\u010dast biv\u0161oj sekretarki Albright, na godi\u0161njicu njene smrti - Predsednik Republike Kosovo - DR. VJOSA OSMANI - SADRIU","isPartOf":{"@id":"https:\/\/president-ksgov.net\/#website"},"primaryImageOfPage":{"@id":"https:\/\/president-ksgov.net\/sr\/predsednica-osmani-i-ambasador-hovenier-odali-su-pocast-bivsoj-sekretarki-albright-na-godisnjicu-njene-smrti\/#primaryimage"},"image":{"@id":"https:\/\/president-ksgov.net\/sr\/predsednica-osmani-i-ambasador-hovenier-odali-su-pocast-bivsoj-sekretarki-albright-na-godisnjicu-njene-smrti\/#primaryimage"},"thumbnailUrl":"https:\/\/president-ksgov.net\/wp-content\/uploads\/IMG_5498-scaled.jpg","datePublished":"2023-03-23T21:00:18+00:00","dateModified":"2023-06-22T08:29:07+00:00","author":{"@id":"https:\/\/president-ksgov.net\/#\/schema\/person\/7c46f744a99d3f1616b92658282aa934"},"description":"Predsednica Osmani i ambasador Hovenier odali su po\u010dast biv\u0161oj sekretarki Albright, na godi\u0161njicu njene smrti - Predsednik Republike Kosovo - DR. VJOSA OSMANI - SADRIU -","breadcrumb":{"@id":"https:\/\/president-ksgov.net\/sr\/predsednica-osmani-i-ambasador-hovenier-odali-su-pocast-bivsoj-sekretarki-albright-na-godisnjicu-njene-smrti\/#breadcrumb"},"inLanguage":"sr-RS","potentialAction":[{"@type":"ReadAction","target":["https:\/\/president-ksgov.net\/sr\/predsednica-osmani-i-ambasador-hovenier-odali-su-pocast-bivsoj-sekretarki-albright-na-godisnjicu-njene-smrti\/"]}]},{"@type":"ImageObject","inLanguage":"sr-RS","@id":"https:\/\/president-ksgov.net\/sr\/predsednica-osmani-i-ambasador-hovenier-odali-su-pocast-bivsoj-sekretarki-albright-na-godisnjicu-njene-smrti\/#primaryimage","url":"https:\/\/president-ksgov.net\/wp-content\/uploads\/IMG_5498-scaled.jpg","contentUrl":"https:\/\/president-ksgov.net\/wp-content\/uploads\/IMG_5498-scaled.jpg","width":1707,"height":2560},{"@type":"BreadcrumbList","@id":"https:\/\/president-ksgov.net\/sr\/predsednica-osmani-i-ambasador-hovenier-odali-su-pocast-bivsoj-sekretarki-albright-na-godisnjicu-njene-smrti\/#breadcrumb","itemListElement":[{"@type":"ListItem","position":1,"name":"Home","item":"https:\/\/president-ksgov.net\/sr\/"},{"@type":"ListItem","position":2,"name":"Predsednica Osmani i ambasador Hovenier odali su po\u010dast biv\u0161oj sekretarki Albright, na godi\u0161njicu njene smrti"}]},{"@type":"WebSite","@id":"https:\/\/president-ksgov.net\/#website","url":"https:\/\/president-ksgov.net\/","name":"Presidente e Republik\u00ebs s\u00eb Kosov\u00ebs","description":"Presidente e Republik\u00ebs s\u00eb Kosov\u00ebs","alternateName":"DR. VJOSA OSMANI - SADRIU","potentialAction":[{"@type":"SearchAction","target":{"@type":"EntryPoint","urlTemplate":"https:\/\/president-ksgov.net\/?s={search_term_string}"},"query-input":{"@type":"PropertyValueSpecification","valueRequired":true,"valueName":"search_term_string"}}],"inLanguage":"sr-RS"},{"@type":"Person","@id":"https:\/\/president-ksgov.net\/#\/schema\/person\/7c46f744a99d3f1616b92658282aa934","name":"Florent Rrahmani","image":{"@type":"ImageObject","inLanguage":"sr-RS","@id":"https:\/\/president-ksgov.net\/#\/schema\/person\/image\/","url":"https:\/\/secure.gravatar.com\/avatar\/2545924aa250de68ac8368367a79b663e59571cd131611f54c89b0613a94e230?s=96&d=mm&r=g","contentUrl":"https:\/\/secure.gravatar.com\/avatar\/2545924aa250de68ac8368367a79b663e59571cd131611f54c89b0613a94e230?s=96&d=mm&r=g","caption":"Florent Rrahmani"}}]}},"_links":{"self":[{"href":"https:\/\/president-ksgov.net\/sr\/wp-json\/wp\/v2\/posts\/92778","targetHints":{"allow":["GET"]}}],"collection":[{"href":"https:\/\/president-ksgov.net\/sr\/wp-json\/wp\/v2\/posts"}],"about":[{"href":"https:\/\/president-ksgov.net\/sr\/wp-json\/wp\/v2\/types\/post"}],"author":[{"embeddable":true,"href":"https:\/\/president-ksgov.net\/sr\/wp-json\/wp\/v2\/users\/9"}],"replies":[{"embeddable":true,"href":"https:\/\/president-ksgov.net\/sr\/wp-json\/wp\/v2\/comments?post=92778"}],"version-history":[{"count":1,"href":"https:\/\/president-ksgov.net\/sr\/wp-json\/wp\/v2\/posts\/92778\/revisions"}],"predecessor-version":[{"id":92779,"href":"https:\/\/president-ksgov.net\/sr\/wp-json\/wp\/v2\/posts\/92778\/revisions\/92779"}],"wp:featuredmedia":[{"embeddable":true,"href":"https:\/\/president-ksgov.net\/sr\/wp-json\/wp\/v2\/media\/87332"}],"wp:attachment":[{"href":"https:\/\/president-ksgov.net\/sr\/wp-json\/wp\/v2\/media?parent=92778"}],"wp:term":[{"taxonomy":"category","embeddable":true,"href":"https:\/\/president-ksgov.net\/sr\/wp-json\/wp\/v2\/categories?post=92778"},{"taxonomy":"post_tag","embeddable":true,"href":"https:\/\/president-ksgov.net\/sr\/wp-json\/wp\/v2\/tags?post=92778"}],"curies":[{"name":"wp","href":"https:\/\/api.w.org\/{rel}","templated":true}]}}