{"id":92776,"date":"2023-03-23T13:35:33","date_gmt":"2023-03-23T12:35:33","guid":{"rendered":"https:\/\/president-ksgov.net\/?p=92776"},"modified":"2023-06-22T10:24:17","modified_gmt":"2023-06-22T08:24:17","slug":"govor-predsednice-osmani-na-gala-koncertu-zene-umetnice-za-zajednicu","status":"publish","type":"post","link":"https:\/\/president-ksgov.net\/sr\/govor-predsednice-osmani-na-gala-koncertu-zene-umetnice-za-zajednicu\/","title":{"rendered":"Govor predsednice Osmani na Gala koncertu &#8211; \u017dene umetnice za zajednicu"},"content":{"rendered":"<p>Po\u0161tovani predstavnici institucija,<br \/>\nPo\u0161tovani predsedni\u010de op\u0161tine Pri\u0161tina, g. Rama,<br \/>\nDrage Besa, Kristale,<br \/>\nPo\u0161tovani ambasadori, ambasadorke,<br \/>\nPo\u0161tovani predstavnici zajednice umetnika,<br \/>\nPo\u0161tovani predstavnici Centra za za\u0161titu \u017ertava i spre\u010davanje trgovine ljudima,<br \/>\n\u017dene aktivistkinje,<br \/>\nPo\u0161tovane devojke i \u017eene i svi vi koji ste danas prisutni,<\/p>\n<p>Svakako da smo ovde prvobitno zbog koncerta, ali nema ni\u0161ta bolje od u\u017eivanja u muzici i istovremeno poma\u017eemo i guramo napred kauze koje su nam bliske srcu i poma\u017eemo ljudima kojima je na\u0161a pomo\u0107 potrebna.<\/p>\n<p>Stoga, danas mi je \u010dast \u0161to sam me\u0111u \u017eenama umetnicama sa Kosova i iz Albanije u ovoj aktivnosti koja ima za cilj da doprinese naporima za spre\u010davanje, suzbijanje i podizanju svesti o trgovini ljudima.<\/p>\n<p>Ve\u010deras smo ovde zajedno da damo doprinos za \u017ertve trgovine ljudima, pojave koja ne poga\u0111a samo odre\u0111ene kategorije dru\u0161tva, na\u017ealost ovo nekome mo\u017ee izgledati kao veoma daleka pojava, ali na\u017ealost i Kosovo, kao i svaka druga zemlja u svetu je izuzetno pogo\u0111eno ovom stra\u0161nom pojavom.<\/p>\n<p>Milioni devojaka i \u017eena, milioni mladih svake godine su \u017ertve trgovine ljudima. Negde preko 2\/3 \u017ertava su maloletne devoj\u010dice, deca.<\/p>\n<p>\u017drtve trgovine ljudima su neza\u0161ti\u0107ene, one su izlo\u017eene neopisivim aktima nasilja, eksploatacije i zlostavljanja. Njima je oduzeta sloboda, dostojanstvo i ljudskost.<\/p>\n<p>Mi kao dru\u0161tvo ne treba da zatvaramo o\u010di pred ovom ranom, koja je u dana\u0161njem vremenu poznata kao moderno ropstvo.<\/p>\n<p>Stoga, moramo se udru\u017eiti da podignemo svest o trgovini ljudima, kao i da preduzmemo radnje da spre\u010dimo ovu pojavu.<\/p>\n<p>Moramo podr\u017eati organizacije koje svakodnevno rade na tretmanu \u017ertava, pru\u017eaju\u0107i im neophodne resurse da ponovo izgrade svoje \u017eivote.<\/p>\n<p>Na\u0161 odgovor kao dr\u017eave i kao dru\u0161tva mora da bude jedinstven i odlu\u010dan.<\/p>\n<p>Naravno da ovo nije laka stvar, ali je mogu\u0107a, i tako\u0111e je ostvariva.<\/p>\n<p>Na Kosovu, statistike pokazuje da su 86% \u017ertava trgovine \u017eene i devojke, dok je vi\u0161e od 2\/3 njih mla\u0111e od 18 godina.<\/p>\n<p>Ove brojke bi trebalo da nas alarmiraju, ali pre svega da nas sve mobili\u0161u u zajedni\u010dkom frontu za okru\u017eenje u kome se svako dete, svaka devojka i svaka \u017eena ose\u0107a slobodnom.<\/p>\n<p>Mi moramo u\u010diniti Kosovo sigurnim uto\u010di\u0161tem za sve bez razlike!<\/p>\n<p>Po\u0161tovani u\u010desnici,<\/p>\n<p>Mi imamo ne samo zakonsku i institucionalnu odgovornost, ve\u0107 pre svega moralnu i ljudsku odgovornost. Da ovo u\u010dinimo kolektivnom odgovorno\u0161\u0107u.<\/p>\n<p>Da u\u010dinimo ovu odgovornost postupkom u suzbijanju trgovine ljudima, kao i da pru\u017eimo podr\u0161ku u adekvatnoj za\u0161titi \u017ertava.<\/p>\n<p>Stoga, ova ve\u010dera\u0161nja aktivnost je u funkciji skretanja pa\u017enje na\u0161eg dru\u0161tva na ovu opasnu pojavu, ne samo za na\u0161e dru\u0161tvo, ve\u0107, zapravo za ceo svet.<\/p>\n<p>Inicijativa umetnica da doprinesu zajednici \u017ertava trgovine ljudima dolazi u pravo vreme i veoma je vredna. Nikada nije kasno za dobrotvorne aktivnosti i kauze koje poma\u017eu dru\u0161tvu.<\/p>\n<p>Uvek je pravi trenutak. Svaki dan treba da bude u funkciji stvaranja bezbednog okru\u017eenja za na\u0161e gra\u0111ane bez razlike.<\/p>\n<p>Iz tog razloga, ve\u010deras sam pred vama da vas zamolim da pomognemo onima koji u ovom trenutku ne mogu sami sebi pomo\u0107i, jer im je oduzeta sloboda.<\/p>\n<p>Po\u0161tovani u\u010desnici,<\/p>\n<p>Rad Centra za za\u0161titu \u017ertava i spre\u010davanje trgovine ljudima je od klju\u010dnog zna\u010daja za pomo\u0107 \u017ertvama da ponovo izgrade svoje \u017eivote i za podizanje svesti o spre\u010davanju trgovine ljudima.<\/p>\n<p>Ovaj Centar je posve\u0107en tome da pomogne \u017ertvama, kao \u0161to svako od nas treba da u\u010dini isto.<\/p>\n<p>Me\u0111utim, ovaj rad Centar ne mo\u017ee obavljati sam. Potrebna im je na\u0161a stalna pomo\u0107. A podr\u0161ka svakog od nas mo\u017ee u\u010diniti neophodnu promenu u \u017eivotima onih koji su pretrpeli trgovinu ljudima.<\/p>\n<p>Ujedinjeni i daju\u0107i doprinos \u0161aljemo jasnu poruku ovoj zajednici \u2013 Vi niste sami!<\/p>\n","protected":false},"excerpt":{"rendered":"<p>Po\u0161tovani predstavnici institucija, Po\u0161tovani predsedni\u010de op\u0161tine Pri\u0161tina, g. Rama, Drage Besa, Kristale, Po\u0161tovani ambasadori, ambasadorke, Po\u0161tovani predstavnici zajednice umetnika, Po\u0161tovani predstavnici Centra za za\u0161titu \u017ertava i spre\u010davanje trgovine ljudima, \u017dene aktivistkinje, Po\u0161tovane devojke i \u017eene i svi vi koji ste danas prisutni, Svakako da smo ovde prvobitno zbog koncerta, ali nema ni\u0161ta bolje od u\u017eivanja u muzici i istovremeno poma\u017eemo i guramo napred kauze koje su nam bliske srcu i poma\u017eemo ljudima kojima je na\u0161a pomo\u0107 potrebna. Stoga, danas mi je \u010dast \u0161to sam me\u0111u \u017eenama umetnicama sa Kosova i iz Albanije u ovoj aktivnosti koja ima za cilj da doprinese naporima za spre\u010davanje, suzbijanje i podizanju svesti o trgovini ljudima. Ve\u010deras smo ovde zajedno da damo doprinos za \u017ertve trgovine ljudima, pojave koja ne poga\u0111a samo odre\u0111ene kategorije dru\u0161tva, na\u017ealost ovo nekome mo\u017ee izgledati kao veoma daleka pojava, ali na\u017ealost i Kosovo, kao i svaka druga zemlja u svetu je izuzetno pogo\u0111eno ovom stra\u0161nom pojavom. Milioni devojaka i \u017eena, milioni mladih svake godine su \u017ertve trgovine ljudima. Negde preko 2\/3 \u017ertava su maloletne devoj\u010dice, deca. \u017drtve trgovine ljudima su neza\u0161ti\u0107ene, one su izlo\u017eene neopisivim aktima nasilja, eksploatacije i zlostavljanja. Njima je oduzeta sloboda, dostojanstvo i ljudskost. Mi kao dru\u0161tvo ne treba da zatvaramo o\u010di pred ovom ranom, koja je u dana\u0161njem vremenu poznata kao moderno ropstvo. Stoga, moramo se udru\u017eiti da podignemo svest o trgovini ljudima, kao i da preduzmemo radnje da spre\u010dimo ovu pojavu. Moramo podr\u017eati organizacije koje svakodnevno rade na tretmanu \u017ertava, pru\u017eaju\u0107i im neophodne resurse da ponovo izgrade svoje \u017eivote. Na\u0161 odgovor kao dr\u017eave i kao dru\u0161tva mora da bude jedinstven i odlu\u010dan. Naravno da ovo nije laka stvar, ali je mogu\u0107a, i tako\u0111e je ostvariva. Na Kosovu, statistike pokazuje da su 86% \u017ertava trgovine \u017eene i devojke, dok je vi\u0161e od 2\/3 njih mla\u0111e od 18 godina. Ove brojke bi trebalo da nas alarmiraju, ali pre svega da nas sve mobili\u0161u u zajedni\u010dkom frontu za okru\u017eenje u kome se svako dete, svaka devojka i svaka \u017eena ose\u0107a slobodnom. Mi moramo u\u010diniti Kosovo sigurnim uto\u010di\u0161tem za sve bez razlike! Po\u0161tovani u\u010desnici, Mi imamo ne samo zakonsku i institucionalnu odgovornost, ve\u0107 pre svega moralnu i ljudsku odgovornost. Da ovo u\u010dinimo kolektivnom odgovorno\u0161\u0107u. Da u\u010dinimo ovu odgovornost postupkom u suzbijanju trgovine ljudima, kao i da pru\u017eimo podr\u0161ku u adekvatnoj za\u0161titi \u017ertava. Stoga, ova ve\u010dera\u0161nja aktivnost je u funkciji skretanja pa\u017enje na\u0161eg dru\u0161tva na ovu opasnu pojavu, ne samo za na\u0161e dru\u0161tvo, ve\u0107, zapravo za ceo svet. Inicijativa umetnica da doprinesu zajednici \u017ertava trgovine ljudima dolazi u pravo vreme i veoma je vredna. Nikada nije kasno za dobrotvorne aktivnosti i kauze koje poma\u017eu dru\u0161tvu. Uvek je pravi trenutak. Svaki dan treba da bude u funkciji stvaranja bezbednog okru\u017eenja za na\u0161e gra\u0111ane bez razlike. Iz tog razloga, ve\u010deras sam pred vama da vas zamolim da pomognemo onima koji u ovom trenutku ne mogu sami sebi pomo\u0107i, jer im je oduzeta sloboda. Po\u0161tovani u\u010desnici, Rad Centra za za\u0161titu \u017ertava i spre\u010davanje trgovine ljudima je od klju\u010dnog zna\u010daja za pomo\u0107 \u017ertvama da ponovo izgrade svoje \u017eivote i za podizanje svesti o spre\u010davanju trgovine ljudima. Ovaj Centar je posve\u0107en tome da pomogne \u017ertvama, kao \u0161to svako od nas treba da u\u010dini isto. Me\u0111utim, ovaj rad Centar ne mo\u017ee obavljati sam. Potrebna im je na\u0161a stalna pomo\u0107. A podr\u0161ka svakog od nas mo\u017ee u\u010diniti neophodnu promenu u \u017eivotima onih koji su pretrpeli trgovinu ljudima. Ujedinjeni i daju\u0107i doprinos \u0161aljemo jasnu poruku ovoj zajednici \u2013 Vi niste sami!<\/p>\n","protected":false},"author":9,"featured_media":87466,"comment_status":"open","ping_status":"closed","sticky":false,"template":"","format":"standard","meta":{"_eb_attr":"","footnotes":""},"categories":[106,101],"tags":[],"class_list":["post-92776","post","type-post","status-publish","format-standard","has-post-thumbnail","hentry","category-govori","category-vesti"],"yoast_head":"<!-- This site is optimized with the Yoast SEO plugin v23.5 - https:\/\/yoast.com\/wordpress\/plugins\/seo\/ -->\n<title>Govor predsednice Osmani na Gala koncertu - \u017dene umetnice za zajednicu - Predsednik Republike Kosovo - DR. VJOSA OSMANI - SADRIU<\/title>\n<meta name=\"description\" content=\"Govor predsednice Osmani na Gala koncertu - \u017dene umetnice za zajednicu - Predsednik Republike Kosovo - DR. VJOSA OSMANI - SADRIU -\" \/>\n<meta name=\"robots\" content=\"index, follow, max-snippet:-1, max-image-preview:large, max-video-preview:-1\" \/>\n<link rel=\"canonical\" href=\"https:\/\/president-ksgov.net\/sr\/govor-predsednice-osmani-na-gala-koncertu-zene-umetnice-za-zajednicu\/\" \/>\n<meta property=\"og:locale\" content=\"sr_RS\" \/>\n<meta property=\"og:type\" content=\"article\" \/>\n<meta property=\"og:title\" content=\"Govor predsednice Osmani na Gala koncertu - \u017dene umetnice za zajednicu - Predsednik Republike Kosovo - DR. VJOSA OSMANI - SADRIU\" \/>\n<meta property=\"og:description\" content=\"Govor predsednice Osmani na Gala koncertu - \u017dene umetnice za zajednicu - Predsednik Republike Kosovo - DR. VJOSA OSMANI - SADRIU -\" \/>\n<meta property=\"og:url\" content=\"https:\/\/president-ksgov.net\/sr\/govor-predsednice-osmani-na-gala-koncertu-zene-umetnice-za-zajednicu\/\" \/>\n<meta property=\"og:site_name\" content=\"Predsednik Republike Kosovo - DR. VJOSA OSMANI - SADRIU\" \/>\n<meta property=\"article:published_time\" content=\"2023-03-23T12:35:33+00:00\" \/>\n<meta property=\"article:modified_time\" content=\"2023-06-22T08:24:17+00:00\" \/>\n<meta property=\"og:image\" content=\"https:\/\/president-ksgov.net\/wp-content\/uploads\/22_march_23-64-of-215.jpg\" \/>\n\t<meta property=\"og:image:width\" content=\"2000\" \/>\n\t<meta property=\"og:image:height\" content=\"1333\" \/>\n\t<meta property=\"og:image:type\" content=\"image\/jpeg\" \/>\n<meta name=\"author\" content=\"Florent Rrahmani\" \/>\n<meta name=\"twitter:card\" content=\"summary_large_image\" \/>\n<meta name=\"twitter:label1\" content=\"\u041d\u0430\u043f\u0438\u0441\u0430\u043d\u043e \u043e\u0434\" \/>\n\t<meta name=\"twitter:data1\" content=\"Florent Rrahmani\" \/>\n\t<meta name=\"twitter:label2\" content=\"\u041f\u0440\u043e\u0446\u0435\u045a\u0435\u043d\u043e \u0432\u0440\u0435\u043c\u0435 \u0447\u0438\u0442\u0430\u045a\u0430\" \/>\n\t<meta name=\"twitter:data2\" content=\"3 \u043c\u0438\u043d\u0443\u0442\u0430\" \/>\n<script type=\"application\/ld+json\" class=\"yoast-schema-graph\">{\"@context\":\"https:\/\/schema.org\",\"@graph\":[{\"@type\":\"WebPage\",\"@id\":\"https:\/\/president-ksgov.net\/sr\/govor-predsednice-osmani-na-gala-koncertu-zene-umetnice-za-zajednicu\/\",\"url\":\"https:\/\/president-ksgov.net\/sr\/govor-predsednice-osmani-na-gala-koncertu-zene-umetnice-za-zajednicu\/\",\"name\":\"Govor predsednice Osmani na Gala koncertu - \u017dene umetnice za zajednicu - Predsednik Republike Kosovo - DR. VJOSA OSMANI - SADRIU\",\"isPartOf\":{\"@id\":\"https:\/\/president-ksgov.net\/#website\"},\"primaryImageOfPage\":{\"@id\":\"https:\/\/president-ksgov.net\/sr\/govor-predsednice-osmani-na-gala-koncertu-zene-umetnice-za-zajednicu\/#primaryimage\"},\"image\":{\"@id\":\"https:\/\/president-ksgov.net\/sr\/govor-predsednice-osmani-na-gala-koncertu-zene-umetnice-za-zajednicu\/#primaryimage\"},\"thumbnailUrl\":\"https:\/\/president-ksgov.net\/wp-content\/uploads\/22_march_23-64-of-215.jpg\",\"datePublished\":\"2023-03-23T12:35:33+00:00\",\"dateModified\":\"2023-06-22T08:24:17+00:00\",\"author\":{\"@id\":\"https:\/\/president-ksgov.net\/#\/schema\/person\/7c46f744a99d3f1616b92658282aa934\"},\"description\":\"Govor predsednice Osmani na Gala koncertu - \u017dene umetnice za zajednicu - Predsednik Republike Kosovo - DR. VJOSA OSMANI - SADRIU -\",\"breadcrumb\":{\"@id\":\"https:\/\/president-ksgov.net\/sr\/govor-predsednice-osmani-na-gala-koncertu-zene-umetnice-za-zajednicu\/#breadcrumb\"},\"inLanguage\":\"sr-RS\",\"potentialAction\":[{\"@type\":\"ReadAction\",\"target\":[\"https:\/\/president-ksgov.net\/sr\/govor-predsednice-osmani-na-gala-koncertu-zene-umetnice-za-zajednicu\/\"]}]},{\"@type\":\"ImageObject\",\"inLanguage\":\"sr-RS\",\"@id\":\"https:\/\/president-ksgov.net\/sr\/govor-predsednice-osmani-na-gala-koncertu-zene-umetnice-za-zajednicu\/#primaryimage\",\"url\":\"https:\/\/president-ksgov.net\/wp-content\/uploads\/22_march_23-64-of-215.jpg\",\"contentUrl\":\"https:\/\/president-ksgov.net\/wp-content\/uploads\/22_march_23-64-of-215.jpg\",\"width\":2000,\"height\":1333},{\"@type\":\"BreadcrumbList\",\"@id\":\"https:\/\/president-ksgov.net\/sr\/govor-predsednice-osmani-na-gala-koncertu-zene-umetnice-za-zajednicu\/#breadcrumb\",\"itemListElement\":[{\"@type\":\"ListItem\",\"position\":1,\"name\":\"Home\",\"item\":\"https:\/\/president-ksgov.net\/sr\/\"},{\"@type\":\"ListItem\",\"position\":2,\"name\":\"Govor predsednice Osmani na Gala koncertu &#8211; \u017dene umetnice za zajednicu\"}]},{\"@type\":\"WebSite\",\"@id\":\"https:\/\/president-ksgov.net\/#website\",\"url\":\"https:\/\/president-ksgov.net\/\",\"name\":\"Presidente e Republik\u00ebs s\u00eb Kosov\u00ebs\",\"description\":\"Presidente e Republik\u00ebs s\u00eb Kosov\u00ebs\",\"alternateName\":\"DR. VJOSA OSMANI - SADRIU\",\"potentialAction\":[{\"@type\":\"SearchAction\",\"target\":{\"@type\":\"EntryPoint\",\"urlTemplate\":\"https:\/\/president-ksgov.net\/?s={search_term_string}\"},\"query-input\":{\"@type\":\"PropertyValueSpecification\",\"valueRequired\":true,\"valueName\":\"search_term_string\"}}],\"inLanguage\":\"sr-RS\"},{\"@type\":\"Person\",\"@id\":\"https:\/\/president-ksgov.net\/#\/schema\/person\/7c46f744a99d3f1616b92658282aa934\",\"name\":\"Florent Rrahmani\",\"image\":{\"@type\":\"ImageObject\",\"inLanguage\":\"sr-RS\",\"@id\":\"https:\/\/president-ksgov.net\/#\/schema\/person\/image\/\",\"url\":\"https:\/\/secure.gravatar.com\/avatar\/2545924aa250de68ac8368367a79b663e59571cd131611f54c89b0613a94e230?s=96&d=mm&r=g\",\"contentUrl\":\"https:\/\/secure.gravatar.com\/avatar\/2545924aa250de68ac8368367a79b663e59571cd131611f54c89b0613a94e230?s=96&d=mm&r=g\",\"caption\":\"Florent Rrahmani\"}}]}<\/script>\n<!-- \/ Yoast SEO plugin. -->","yoast_head_json":{"title":"Govor predsednice Osmani na Gala koncertu - \u017dene umetnice za zajednicu - Predsednik Republike Kosovo - DR. VJOSA OSMANI - SADRIU","description":"Govor predsednice Osmani na Gala koncertu - \u017dene umetnice za zajednicu - Predsednik Republike Kosovo - DR. VJOSA OSMANI - SADRIU -","robots":{"index":"index","follow":"follow","max-snippet":"max-snippet:-1","max-image-preview":"max-image-preview:large","max-video-preview":"max-video-preview:-1"},"canonical":"https:\/\/president-ksgov.net\/sr\/govor-predsednice-osmani-na-gala-koncertu-zene-umetnice-za-zajednicu\/","og_locale":"sr_RS","og_type":"article","og_title":"Govor predsednice Osmani na Gala koncertu - \u017dene umetnice za zajednicu - Predsednik Republike Kosovo - DR. VJOSA OSMANI - SADRIU","og_description":"Govor predsednice Osmani na Gala koncertu - \u017dene umetnice za zajednicu - Predsednik Republike Kosovo - DR. VJOSA OSMANI - SADRIU -","og_url":"https:\/\/president-ksgov.net\/sr\/govor-predsednice-osmani-na-gala-koncertu-zene-umetnice-za-zajednicu\/","og_site_name":"Predsednik Republike Kosovo - DR. VJOSA OSMANI - SADRIU","article_published_time":"2023-03-23T12:35:33+00:00","article_modified_time":"2023-06-22T08:24:17+00:00","og_image":[{"width":2000,"height":1333,"url":"https:\/\/president-ksgov.net\/wp-content\/uploads\/22_march_23-64-of-215.jpg","type":"image\/jpeg"}],"author":"Florent Rrahmani","twitter_card":"summary_large_image","twitter_misc":{"\u041d\u0430\u043f\u0438\u0441\u0430\u043d\u043e \u043e\u0434":"Florent Rrahmani","\u041f\u0440\u043e\u0446\u0435\u045a\u0435\u043d\u043e \u0432\u0440\u0435\u043c\u0435 \u0447\u0438\u0442\u0430\u045a\u0430":"3 \u043c\u0438\u043d\u0443\u0442\u0430"},"schema":{"@context":"https:\/\/schema.org","@graph":[{"@type":"WebPage","@id":"https:\/\/president-ksgov.net\/sr\/govor-predsednice-osmani-na-gala-koncertu-zene-umetnice-za-zajednicu\/","url":"https:\/\/president-ksgov.net\/sr\/govor-predsednice-osmani-na-gala-koncertu-zene-umetnice-za-zajednicu\/","name":"Govor predsednice Osmani na Gala koncertu - \u017dene umetnice za zajednicu - Predsednik Republike Kosovo - DR. VJOSA OSMANI - SADRIU","isPartOf":{"@id":"https:\/\/president-ksgov.net\/#website"},"primaryImageOfPage":{"@id":"https:\/\/president-ksgov.net\/sr\/govor-predsednice-osmani-na-gala-koncertu-zene-umetnice-za-zajednicu\/#primaryimage"},"image":{"@id":"https:\/\/president-ksgov.net\/sr\/govor-predsednice-osmani-na-gala-koncertu-zene-umetnice-za-zajednicu\/#primaryimage"},"thumbnailUrl":"https:\/\/president-ksgov.net\/wp-content\/uploads\/22_march_23-64-of-215.jpg","datePublished":"2023-03-23T12:35:33+00:00","dateModified":"2023-06-22T08:24:17+00:00","author":{"@id":"https:\/\/president-ksgov.net\/#\/schema\/person\/7c46f744a99d3f1616b92658282aa934"},"description":"Govor predsednice Osmani na Gala koncertu - \u017dene umetnice za zajednicu - Predsednik Republike Kosovo - DR. VJOSA OSMANI - SADRIU -","breadcrumb":{"@id":"https:\/\/president-ksgov.net\/sr\/govor-predsednice-osmani-na-gala-koncertu-zene-umetnice-za-zajednicu\/#breadcrumb"},"inLanguage":"sr-RS","potentialAction":[{"@type":"ReadAction","target":["https:\/\/president-ksgov.net\/sr\/govor-predsednice-osmani-na-gala-koncertu-zene-umetnice-za-zajednicu\/"]}]},{"@type":"ImageObject","inLanguage":"sr-RS","@id":"https:\/\/president-ksgov.net\/sr\/govor-predsednice-osmani-na-gala-koncertu-zene-umetnice-za-zajednicu\/#primaryimage","url":"https:\/\/president-ksgov.net\/wp-content\/uploads\/22_march_23-64-of-215.jpg","contentUrl":"https:\/\/president-ksgov.net\/wp-content\/uploads\/22_march_23-64-of-215.jpg","width":2000,"height":1333},{"@type":"BreadcrumbList","@id":"https:\/\/president-ksgov.net\/sr\/govor-predsednice-osmani-na-gala-koncertu-zene-umetnice-za-zajednicu\/#breadcrumb","itemListElement":[{"@type":"ListItem","position":1,"name":"Home","item":"https:\/\/president-ksgov.net\/sr\/"},{"@type":"ListItem","position":2,"name":"Govor predsednice Osmani na Gala koncertu &#8211; \u017dene umetnice za zajednicu"}]},{"@type":"WebSite","@id":"https:\/\/president-ksgov.net\/#website","url":"https:\/\/president-ksgov.net\/","name":"Presidente e Republik\u00ebs s\u00eb Kosov\u00ebs","description":"Presidente e Republik\u00ebs s\u00eb Kosov\u00ebs","alternateName":"DR. VJOSA OSMANI - SADRIU","potentialAction":[{"@type":"SearchAction","target":{"@type":"EntryPoint","urlTemplate":"https:\/\/president-ksgov.net\/?s={search_term_string}"},"query-input":{"@type":"PropertyValueSpecification","valueRequired":true,"valueName":"search_term_string"}}],"inLanguage":"sr-RS"},{"@type":"Person","@id":"https:\/\/president-ksgov.net\/#\/schema\/person\/7c46f744a99d3f1616b92658282aa934","name":"Florent Rrahmani","image":{"@type":"ImageObject","inLanguage":"sr-RS","@id":"https:\/\/president-ksgov.net\/#\/schema\/person\/image\/","url":"https:\/\/secure.gravatar.com\/avatar\/2545924aa250de68ac8368367a79b663e59571cd131611f54c89b0613a94e230?s=96&d=mm&r=g","contentUrl":"https:\/\/secure.gravatar.com\/avatar\/2545924aa250de68ac8368367a79b663e59571cd131611f54c89b0613a94e230?s=96&d=mm&r=g","caption":"Florent Rrahmani"}}]}},"_links":{"self":[{"href":"https:\/\/president-ksgov.net\/sr\/wp-json\/wp\/v2\/posts\/92776","targetHints":{"allow":["GET"]}}],"collection":[{"href":"https:\/\/president-ksgov.net\/sr\/wp-json\/wp\/v2\/posts"}],"about":[{"href":"https:\/\/president-ksgov.net\/sr\/wp-json\/wp\/v2\/types\/post"}],"author":[{"embeddable":true,"href":"https:\/\/president-ksgov.net\/sr\/wp-json\/wp\/v2\/users\/9"}],"replies":[{"embeddable":true,"href":"https:\/\/president-ksgov.net\/sr\/wp-json\/wp\/v2\/comments?post=92776"}],"version-history":[{"count":1,"href":"https:\/\/president-ksgov.net\/sr\/wp-json\/wp\/v2\/posts\/92776\/revisions"}],"predecessor-version":[{"id":92777,"href":"https:\/\/president-ksgov.net\/sr\/wp-json\/wp\/v2\/posts\/92776\/revisions\/92777"}],"wp:featuredmedia":[{"embeddable":true,"href":"https:\/\/president-ksgov.net\/sr\/wp-json\/wp\/v2\/media\/87466"}],"wp:attachment":[{"href":"https:\/\/president-ksgov.net\/sr\/wp-json\/wp\/v2\/media?parent=92776"}],"wp:term":[{"taxonomy":"category","embeddable":true,"href":"https:\/\/president-ksgov.net\/sr\/wp-json\/wp\/v2\/categories?post=92776"},{"taxonomy":"post_tag","embeddable":true,"href":"https:\/\/president-ksgov.net\/sr\/wp-json\/wp\/v2\/tags?post=92776"}],"curies":[{"name":"wp","href":"https:\/\/api.w.org\/{rel}","templated":true}]}}