{"id":92774,"date":"2023-03-22T17:23:40","date_gmt":"2023-03-22T16:23:40","guid":{"rendered":"https:\/\/president-ksgov.net\/?p=92774"},"modified":"2023-06-22T10:20:01","modified_gmt":"2023-06-22T08:20:01","slug":"predsednica-osmani-primila-je-odlazeceg-i-buduceg-direktora-savetodavnog-i-tima-za-vezu-nato-a-nalt","status":"publish","type":"post","link":"https:\/\/president-ksgov.net\/sr\/predsednica-osmani-primila-je-odlazeceg-i-buduceg-direktora-savetodavnog-i-tima-za-vezu-nato-a-nalt\/","title":{"rendered":"Predsednica Osmani primila je odlaze\u0107eg i budu\u0107eg direktora Savetodavnog i tima za vezu NATO-a (NALT)"},"content":{"rendered":"<p>Predsednica Republike Kosovo i vrhovni komandant Kosovskih bezbednosnih snaga, Vjosa Osmani, odr\u017eala je danas sastanak sa odlaze\u0107im direktorom Savetodavnog i tima za vezu NATO-a (NALT), brigadnim generalom, Joachim Hoppe, i budu\u0107im direktorom NALT-a, brigadnim generalom, Ralf Peter Hammerstein.<\/p>\n<p>Tokom sastanka, predsednica Osmani je razgovarala o nizu tema sa dva brigadna generala, fokusiraju\u0107i se na zna\u010daj maksimizacije svih napora za razvoj, obuku i slanje misija KBS-a u inostranstvu u skladu sa standardima NATO-a, i sa krajnjim ciljem \u010dlanstva u ovoj organizaciji. Ovaj cilj ostaje glavni strate\u0161ki prioritet spoljne politike i nacionalne bezbednosti Kosova u saradnji sa me\u0111unarodnim partnerima.<\/p>\n<p>Predsednica je iskoristila priliku da izrazi svoju zahvalnost za zna\u010dajnu podr\u0161ku i razvojnu pomo\u0107 koju pru\u017ea NALT u okviru svoje misije i mandata. Predsednica Osmani je naglasila da je podr\u0161ka koju je pru\u017eio tim NALT-a bila zna\u010dajna da pomogne Kosovu da postigne zna\u010dajan napredak ka svom cilju, \u010dlanstva u NATO.<\/p>\n<p>U znak zahvalnosti za zna\u010dajan doprinos ispunjavanju misije NALT-a na Kosovu, predsednica Osmani je odlikovala odlaze\u0107eg direktora NALT-a, brigadnog generala, Joachim Hoppe, Predsedni\u010dkom vojnom medaljom, za izuzetnu podr\u0161ku u izgradnji kapaciteta, stru\u010dnom obrazovanju i usavr\u0161avanju Kosovskih bezbednosnih snaga u skladu sa standardima NATO-a. Ovo po\u0161tovanje odra\u017eava duboko uva\u017eavanje i zahvalnost naroda Kosova za izuzetne napore brigadnog generala Joachim Hoppe i timova NALT-a.<\/p>\n<p>Izra\u017eavaju\u0107i zahvalnost odlaze\u0107em brigadnom generalu, Joachim Hoppe, predsednica Osmani je tako\u0111e izrazila svoju posve\u0107enost da blisko sara\u0111uje sa budu\u0107im direktorom NALT-a, brigadnim generalom, Ralf Peter Hammerstein, na ja\u010danju saradnje u budu\u0107nosti.<\/p>\n<p>Predsednica Osmani je naglasila da je posve\u0107ena tome da blisko sara\u0111uje sa NATO-om i svim njenim partnerima kako bi se garantovala bezbednost i stabilnost Republike, a samim tim i regiona, nagla\u0161avaju\u0107i da Kosovo ostaje u potpunosti posve\u0107eno svom strate\u0161kom prioritetu \u2013 potpunoj integraciji u evroatlantske institucije.<\/p>\n","protected":false},"excerpt":{"rendered":"<p>Predsednica Republike Kosovo i vrhovni komandant Kosovskih bezbednosnih snaga, Vjosa Osmani, odr\u017eala je danas sastanak sa odlaze\u0107im direktorom Savetodavnog i tima za vezu NATO-a (NALT), brigadnim generalom, Joachim Hoppe, i budu\u0107im direktorom NALT-a, brigadnim generalom, Ralf Peter Hammerstein. Tokom sastanka, predsednica Osmani je razgovarala o nizu tema sa dva brigadna generala, fokusiraju\u0107i se na zna\u010daj maksimizacije svih napora za razvoj, obuku i slanje misija KBS-a u inostranstvu u skladu sa standardima NATO-a, i sa krajnjim ciljem \u010dlanstva u ovoj organizaciji. Ovaj cilj ostaje glavni strate\u0161ki prioritet spoljne politike i nacionalne bezbednosti Kosova u saradnji sa me\u0111unarodnim partnerima. Predsednica je iskoristila priliku da izrazi svoju zahvalnost za zna\u010dajnu podr\u0161ku i razvojnu pomo\u0107 koju pru\u017ea NALT u okviru svoje misije i mandata. Predsednica Osmani je naglasila da je podr\u0161ka koju je pru\u017eio tim NALT-a bila zna\u010dajna da pomogne Kosovu da postigne zna\u010dajan napredak ka svom cilju, \u010dlanstva u NATO. U znak zahvalnosti za zna\u010dajan doprinos ispunjavanju misije NALT-a na Kosovu, predsednica Osmani je odlikovala odlaze\u0107eg direktora NALT-a, brigadnog generala, Joachim Hoppe, Predsedni\u010dkom vojnom medaljom, za izuzetnu podr\u0161ku u izgradnji kapaciteta, stru\u010dnom obrazovanju i usavr\u0161avanju Kosovskih bezbednosnih snaga u skladu sa standardima NATO-a. Ovo po\u0161tovanje odra\u017eava duboko uva\u017eavanje i zahvalnost naroda Kosova za izuzetne napore brigadnog generala Joachim Hoppe i timova NALT-a. Izra\u017eavaju\u0107i zahvalnost odlaze\u0107em brigadnom generalu, Joachim Hoppe, predsednica Osmani je tako\u0111e izrazila svoju posve\u0107enost da blisko sara\u0111uje sa budu\u0107im direktorom NALT-a, brigadnim generalom, Ralf Peter Hammerstein, na ja\u010danju saradnje u budu\u0107nosti. Predsednica Osmani je naglasila da je posve\u0107ena tome da blisko sara\u0111uje sa NATO-om i svim njenim partnerima kako bi se garantovala bezbednost i stabilnost Republike, a samim tim i regiona, nagla\u0161avaju\u0107i da Kosovo ostaje u potpunosti posve\u0107eno svom strate\u0161kom prioritetu \u2013 potpunoj integraciji u evroatlantske institucije.<\/p>\n","protected":false},"author":9,"featured_media":87239,"comment_status":"open","ping_status":"closed","sticky":false,"template":"","format":"standard","meta":{"_eb_attr":"","footnotes":""},"categories":[101],"tags":[],"class_list":["post-92774","post","type-post","status-publish","format-standard","has-post-thumbnail","hentry","category-vesti"],"yoast_head":"<!-- This site is optimized with the Yoast SEO plugin v23.5 - https:\/\/yoast.com\/wordpress\/plugins\/seo\/ -->\n<title>Predsednica Osmani primila je odlaze\u0107eg i budu\u0107eg direktora Savetodavnog i tima za vezu NATO-a (NALT) - Predsednik Republike Kosovo - DR. VJOSA OSMANI - SADRIU<\/title>\n<meta name=\"description\" content=\"Predsednica Osmani primila je odlaze\u0107eg i budu\u0107eg direktora Savetodavnog i tima za vezu NATO-a (NALT) - Predsednik Republike Kosovo - DR. VJOSA OSMANI - SADRIU -\" \/>\n<meta name=\"robots\" content=\"index, follow, max-snippet:-1, max-image-preview:large, max-video-preview:-1\" \/>\n<link rel=\"canonical\" href=\"https:\/\/president-ksgov.net\/sr\/predsednica-osmani-primila-je-odlazeceg-i-buduceg-direktora-savetodavnog-i-tima-za-vezu-nato-a-nalt\/\" \/>\n<meta property=\"og:locale\" content=\"sr_RS\" \/>\n<meta property=\"og:type\" content=\"article\" \/>\n<meta property=\"og:title\" content=\"Predsednica Osmani primila je odlaze\u0107eg i budu\u0107eg direktora Savetodavnog i tima za vezu NATO-a (NALT) - Predsednik Republike Kosovo - DR. VJOSA OSMANI - SADRIU\" \/>\n<meta property=\"og:description\" content=\"Predsednica Osmani primila je odlaze\u0107eg i budu\u0107eg direktora Savetodavnog i tima za vezu NATO-a (NALT) - Predsednik Republike Kosovo - DR. VJOSA OSMANI - SADRIU -\" \/>\n<meta property=\"og:url\" content=\"https:\/\/president-ksgov.net\/sr\/predsednica-osmani-primila-je-odlazeceg-i-buduceg-direktora-savetodavnog-i-tima-za-vezu-nato-a-nalt\/\" \/>\n<meta property=\"og:site_name\" content=\"Predsednik Republike Kosovo - DR. VJOSA OSMANI - SADRIU\" \/>\n<meta property=\"article:published_time\" content=\"2023-03-22T16:23:40+00:00\" \/>\n<meta property=\"article:modified_time\" content=\"2023-06-22T08:20:01+00:00\" \/>\n<meta property=\"og:image\" content=\"https:\/\/president-ksgov.net\/wp-content\/uploads\/1-007.jpg\" \/>\n\t<meta property=\"og:image:width\" content=\"2000\" \/>\n\t<meta property=\"og:image:height\" content=\"1333\" \/>\n\t<meta property=\"og:image:type\" content=\"image\/jpeg\" \/>\n<meta name=\"author\" content=\"Florent Rrahmani\" \/>\n<meta name=\"twitter:card\" content=\"summary_large_image\" \/>\n<meta name=\"twitter:label1\" content=\"\u041d\u0430\u043f\u0438\u0441\u0430\u043d\u043e \u043e\u0434\" \/>\n\t<meta name=\"twitter:data1\" content=\"Florent Rrahmani\" \/>\n\t<meta name=\"twitter:label2\" content=\"\u041f\u0440\u043e\u0446\u0435\u045a\u0435\u043d\u043e \u0432\u0440\u0435\u043c\u0435 \u0447\u0438\u0442\u0430\u045a\u0430\" \/>\n\t<meta name=\"twitter:data2\" content=\"2 \u043c\u0438\u043d\u0443\u0442\u0430\" \/>\n<script type=\"application\/ld+json\" class=\"yoast-schema-graph\">{\"@context\":\"https:\/\/schema.org\",\"@graph\":[{\"@type\":\"WebPage\",\"@id\":\"https:\/\/president-ksgov.net\/sr\/predsednica-osmani-primila-je-odlazeceg-i-buduceg-direktora-savetodavnog-i-tima-za-vezu-nato-a-nalt\/\",\"url\":\"https:\/\/president-ksgov.net\/sr\/predsednica-osmani-primila-je-odlazeceg-i-buduceg-direktora-savetodavnog-i-tima-za-vezu-nato-a-nalt\/\",\"name\":\"Predsednica Osmani primila je odlaze\u0107eg i budu\u0107eg direktora Savetodavnog i tima za vezu NATO-a (NALT) - Predsednik Republike Kosovo - DR. VJOSA OSMANI - SADRIU\",\"isPartOf\":{\"@id\":\"https:\/\/president-ksgov.net\/#website\"},\"primaryImageOfPage\":{\"@id\":\"https:\/\/president-ksgov.net\/sr\/predsednica-osmani-primila-je-odlazeceg-i-buduceg-direktora-savetodavnog-i-tima-za-vezu-nato-a-nalt\/#primaryimage\"},\"image\":{\"@id\":\"https:\/\/president-ksgov.net\/sr\/predsednica-osmani-primila-je-odlazeceg-i-buduceg-direktora-savetodavnog-i-tima-za-vezu-nato-a-nalt\/#primaryimage\"},\"thumbnailUrl\":\"https:\/\/president-ksgov.net\/wp-content\/uploads\/1-007.jpg\",\"datePublished\":\"2023-03-22T16:23:40+00:00\",\"dateModified\":\"2023-06-22T08:20:01+00:00\",\"author\":{\"@id\":\"https:\/\/president-ksgov.net\/#\/schema\/person\/7c46f744a99d3f1616b92658282aa934\"},\"description\":\"Predsednica Osmani primila je odlaze\u0107eg i budu\u0107eg direktora Savetodavnog i tima za vezu NATO-a (NALT) - Predsednik Republike Kosovo - DR. VJOSA OSMANI - SADRIU -\",\"breadcrumb\":{\"@id\":\"https:\/\/president-ksgov.net\/sr\/predsednica-osmani-primila-je-odlazeceg-i-buduceg-direktora-savetodavnog-i-tima-za-vezu-nato-a-nalt\/#breadcrumb\"},\"inLanguage\":\"sr-RS\",\"potentialAction\":[{\"@type\":\"ReadAction\",\"target\":[\"https:\/\/president-ksgov.net\/sr\/predsednica-osmani-primila-je-odlazeceg-i-buduceg-direktora-savetodavnog-i-tima-za-vezu-nato-a-nalt\/\"]}]},{\"@type\":\"ImageObject\",\"inLanguage\":\"sr-RS\",\"@id\":\"https:\/\/president-ksgov.net\/sr\/predsednica-osmani-primila-je-odlazeceg-i-buduceg-direktora-savetodavnog-i-tima-za-vezu-nato-a-nalt\/#primaryimage\",\"url\":\"https:\/\/president-ksgov.net\/wp-content\/uploads\/1-007.jpg\",\"contentUrl\":\"https:\/\/president-ksgov.net\/wp-content\/uploads\/1-007.jpg\",\"width\":2000,\"height\":1333},{\"@type\":\"BreadcrumbList\",\"@id\":\"https:\/\/president-ksgov.net\/sr\/predsednica-osmani-primila-je-odlazeceg-i-buduceg-direktora-savetodavnog-i-tima-za-vezu-nato-a-nalt\/#breadcrumb\",\"itemListElement\":[{\"@type\":\"ListItem\",\"position\":1,\"name\":\"Home\",\"item\":\"https:\/\/president-ksgov.net\/sr\/\"},{\"@type\":\"ListItem\",\"position\":2,\"name\":\"Predsednica Osmani primila je odlaze\u0107eg i budu\u0107eg direktora Savetodavnog i tima za vezu NATO-a (NALT)\"}]},{\"@type\":\"WebSite\",\"@id\":\"https:\/\/president-ksgov.net\/#website\",\"url\":\"https:\/\/president-ksgov.net\/\",\"name\":\"Presidente e Republik\u00ebs s\u00eb Kosov\u00ebs\",\"description\":\"Presidente e Republik\u00ebs s\u00eb Kosov\u00ebs\",\"alternateName\":\"DR. VJOSA OSMANI - SADRIU\",\"potentialAction\":[{\"@type\":\"SearchAction\",\"target\":{\"@type\":\"EntryPoint\",\"urlTemplate\":\"https:\/\/president-ksgov.net\/?s={search_term_string}\"},\"query-input\":{\"@type\":\"PropertyValueSpecification\",\"valueRequired\":true,\"valueName\":\"search_term_string\"}}],\"inLanguage\":\"sr-RS\"},{\"@type\":\"Person\",\"@id\":\"https:\/\/president-ksgov.net\/#\/schema\/person\/7c46f744a99d3f1616b92658282aa934\",\"name\":\"Florent Rrahmani\",\"image\":{\"@type\":\"ImageObject\",\"inLanguage\":\"sr-RS\",\"@id\":\"https:\/\/president-ksgov.net\/#\/schema\/person\/image\/\",\"url\":\"https:\/\/secure.gravatar.com\/avatar\/2545924aa250de68ac8368367a79b663e59571cd131611f54c89b0613a94e230?s=96&d=mm&r=g\",\"contentUrl\":\"https:\/\/secure.gravatar.com\/avatar\/2545924aa250de68ac8368367a79b663e59571cd131611f54c89b0613a94e230?s=96&d=mm&r=g\",\"caption\":\"Florent Rrahmani\"}}]}<\/script>\n<!-- \/ Yoast SEO plugin. -->","yoast_head_json":{"title":"Predsednica Osmani primila je odlaze\u0107eg i budu\u0107eg direktora Savetodavnog i tima za vezu NATO-a (NALT) - Predsednik Republike Kosovo - DR. VJOSA OSMANI - SADRIU","description":"Predsednica Osmani primila je odlaze\u0107eg i budu\u0107eg direktora Savetodavnog i tima za vezu NATO-a (NALT) - Predsednik Republike Kosovo - DR. VJOSA OSMANI - SADRIU -","robots":{"index":"index","follow":"follow","max-snippet":"max-snippet:-1","max-image-preview":"max-image-preview:large","max-video-preview":"max-video-preview:-1"},"canonical":"https:\/\/president-ksgov.net\/sr\/predsednica-osmani-primila-je-odlazeceg-i-buduceg-direktora-savetodavnog-i-tima-za-vezu-nato-a-nalt\/","og_locale":"sr_RS","og_type":"article","og_title":"Predsednica Osmani primila je odlaze\u0107eg i budu\u0107eg direktora Savetodavnog i tima za vezu NATO-a (NALT) - Predsednik Republike Kosovo - DR. VJOSA OSMANI - SADRIU","og_description":"Predsednica Osmani primila je odlaze\u0107eg i budu\u0107eg direktora Savetodavnog i tima za vezu NATO-a (NALT) - Predsednik Republike Kosovo - DR. VJOSA OSMANI - SADRIU -","og_url":"https:\/\/president-ksgov.net\/sr\/predsednica-osmani-primila-je-odlazeceg-i-buduceg-direktora-savetodavnog-i-tima-za-vezu-nato-a-nalt\/","og_site_name":"Predsednik Republike Kosovo - DR. VJOSA OSMANI - SADRIU","article_published_time":"2023-03-22T16:23:40+00:00","article_modified_time":"2023-06-22T08:20:01+00:00","og_image":[{"width":2000,"height":1333,"url":"https:\/\/president-ksgov.net\/wp-content\/uploads\/1-007.jpg","type":"image\/jpeg"}],"author":"Florent Rrahmani","twitter_card":"summary_large_image","twitter_misc":{"\u041d\u0430\u043f\u0438\u0441\u0430\u043d\u043e \u043e\u0434":"Florent Rrahmani","\u041f\u0440\u043e\u0446\u0435\u045a\u0435\u043d\u043e \u0432\u0440\u0435\u043c\u0435 \u0447\u0438\u0442\u0430\u045a\u0430":"2 \u043c\u0438\u043d\u0443\u0442\u0430"},"schema":{"@context":"https:\/\/schema.org","@graph":[{"@type":"WebPage","@id":"https:\/\/president-ksgov.net\/sr\/predsednica-osmani-primila-je-odlazeceg-i-buduceg-direktora-savetodavnog-i-tima-za-vezu-nato-a-nalt\/","url":"https:\/\/president-ksgov.net\/sr\/predsednica-osmani-primila-je-odlazeceg-i-buduceg-direktora-savetodavnog-i-tima-za-vezu-nato-a-nalt\/","name":"Predsednica Osmani primila je odlaze\u0107eg i budu\u0107eg direktora Savetodavnog i tima za vezu NATO-a (NALT) - Predsednik Republike Kosovo - DR. VJOSA OSMANI - SADRIU","isPartOf":{"@id":"https:\/\/president-ksgov.net\/#website"},"primaryImageOfPage":{"@id":"https:\/\/president-ksgov.net\/sr\/predsednica-osmani-primila-je-odlazeceg-i-buduceg-direktora-savetodavnog-i-tima-za-vezu-nato-a-nalt\/#primaryimage"},"image":{"@id":"https:\/\/president-ksgov.net\/sr\/predsednica-osmani-primila-je-odlazeceg-i-buduceg-direktora-savetodavnog-i-tima-za-vezu-nato-a-nalt\/#primaryimage"},"thumbnailUrl":"https:\/\/president-ksgov.net\/wp-content\/uploads\/1-007.jpg","datePublished":"2023-03-22T16:23:40+00:00","dateModified":"2023-06-22T08:20:01+00:00","author":{"@id":"https:\/\/president-ksgov.net\/#\/schema\/person\/7c46f744a99d3f1616b92658282aa934"},"description":"Predsednica Osmani primila je odlaze\u0107eg i budu\u0107eg direktora Savetodavnog i tima za vezu NATO-a (NALT) - Predsednik Republike Kosovo - DR. VJOSA OSMANI - SADRIU -","breadcrumb":{"@id":"https:\/\/president-ksgov.net\/sr\/predsednica-osmani-primila-je-odlazeceg-i-buduceg-direktora-savetodavnog-i-tima-za-vezu-nato-a-nalt\/#breadcrumb"},"inLanguage":"sr-RS","potentialAction":[{"@type":"ReadAction","target":["https:\/\/president-ksgov.net\/sr\/predsednica-osmani-primila-je-odlazeceg-i-buduceg-direktora-savetodavnog-i-tima-za-vezu-nato-a-nalt\/"]}]},{"@type":"ImageObject","inLanguage":"sr-RS","@id":"https:\/\/president-ksgov.net\/sr\/predsednica-osmani-primila-je-odlazeceg-i-buduceg-direktora-savetodavnog-i-tima-za-vezu-nato-a-nalt\/#primaryimage","url":"https:\/\/president-ksgov.net\/wp-content\/uploads\/1-007.jpg","contentUrl":"https:\/\/president-ksgov.net\/wp-content\/uploads\/1-007.jpg","width":2000,"height":1333},{"@type":"BreadcrumbList","@id":"https:\/\/president-ksgov.net\/sr\/predsednica-osmani-primila-je-odlazeceg-i-buduceg-direktora-savetodavnog-i-tima-za-vezu-nato-a-nalt\/#breadcrumb","itemListElement":[{"@type":"ListItem","position":1,"name":"Home","item":"https:\/\/president-ksgov.net\/sr\/"},{"@type":"ListItem","position":2,"name":"Predsednica Osmani primila je odlaze\u0107eg i budu\u0107eg direktora Savetodavnog i tima za vezu NATO-a (NALT)"}]},{"@type":"WebSite","@id":"https:\/\/president-ksgov.net\/#website","url":"https:\/\/president-ksgov.net\/","name":"Presidente e Republik\u00ebs s\u00eb Kosov\u00ebs","description":"Presidente e Republik\u00ebs s\u00eb Kosov\u00ebs","alternateName":"DR. VJOSA OSMANI - SADRIU","potentialAction":[{"@type":"SearchAction","target":{"@type":"EntryPoint","urlTemplate":"https:\/\/president-ksgov.net\/?s={search_term_string}"},"query-input":{"@type":"PropertyValueSpecification","valueRequired":true,"valueName":"search_term_string"}}],"inLanguage":"sr-RS"},{"@type":"Person","@id":"https:\/\/president-ksgov.net\/#\/schema\/person\/7c46f744a99d3f1616b92658282aa934","name":"Florent Rrahmani","image":{"@type":"ImageObject","inLanguage":"sr-RS","@id":"https:\/\/president-ksgov.net\/#\/schema\/person\/image\/","url":"https:\/\/secure.gravatar.com\/avatar\/2545924aa250de68ac8368367a79b663e59571cd131611f54c89b0613a94e230?s=96&d=mm&r=g","contentUrl":"https:\/\/secure.gravatar.com\/avatar\/2545924aa250de68ac8368367a79b663e59571cd131611f54c89b0613a94e230?s=96&d=mm&r=g","caption":"Florent Rrahmani"}}]}},"_links":{"self":[{"href":"https:\/\/president-ksgov.net\/sr\/wp-json\/wp\/v2\/posts\/92774","targetHints":{"allow":["GET"]}}],"collection":[{"href":"https:\/\/president-ksgov.net\/sr\/wp-json\/wp\/v2\/posts"}],"about":[{"href":"https:\/\/president-ksgov.net\/sr\/wp-json\/wp\/v2\/types\/post"}],"author":[{"embeddable":true,"href":"https:\/\/president-ksgov.net\/sr\/wp-json\/wp\/v2\/users\/9"}],"replies":[{"embeddable":true,"href":"https:\/\/president-ksgov.net\/sr\/wp-json\/wp\/v2\/comments?post=92774"}],"version-history":[{"count":1,"href":"https:\/\/president-ksgov.net\/sr\/wp-json\/wp\/v2\/posts\/92774\/revisions"}],"predecessor-version":[{"id":92775,"href":"https:\/\/president-ksgov.net\/sr\/wp-json\/wp\/v2\/posts\/92774\/revisions\/92775"}],"wp:featuredmedia":[{"embeddable":true,"href":"https:\/\/president-ksgov.net\/sr\/wp-json\/wp\/v2\/media\/87239"}],"wp:attachment":[{"href":"https:\/\/president-ksgov.net\/sr\/wp-json\/wp\/v2\/media?parent=92774"}],"wp:term":[{"taxonomy":"category","embeddable":true,"href":"https:\/\/president-ksgov.net\/sr\/wp-json\/wp\/v2\/categories?post=92774"},{"taxonomy":"post_tag","embeddable":true,"href":"https:\/\/president-ksgov.net\/sr\/wp-json\/wp\/v2\/tags?post=92774"}],"curies":[{"name":"wp","href":"https:\/\/api.w.org\/{rel}","templated":true}]}}