{"id":92772,"date":"2023-03-14T13:39:14","date_gmt":"2023-03-14T12:39:14","guid":{"rendered":"https:\/\/president-ksgov.net\/?p=92772"},"modified":"2026-01-28T09:08:34","modified_gmt":"2026-01-28T08:08:34","slug":"govor-predsednice-osmani-na-desetoj-ediciji-nedelje-zena","status":"publish","type":"post","link":"https:\/\/president-ksgov.net\/sr\/govor-predsednice-osmani-na-desetoj-ediciji-nedelje-zena\/","title":{"rendered":"Govor predsednice Osmani na desetoj ediciji Nedelje \u017eena"},"content":{"rendered":"<p>Po\u0161tovani ambasadore Soderberg,<br \/>\nPo\u0161tovana Zeinah Salahi, \u0161efice USAID-a,<br \/>\nPo\u0161tovana g]o Stocker, \u0161efice Swiss Development Corporation,<br \/>\nPo\u0161tovana zamenice premijera,<br \/>\nPo\u0161tovani poslanici,<br \/>\nPo\u0161tovani gradona\u010delnici,<br \/>\nDrage devojke i \u017eene i svi prisutni danas,<\/p>\n<p>Hvala vam na pozivu, za jedan od najva\u017enijih doga\u0111aja u godini u ovih poslednjih 10 godina, jer je uvek veliko zadovoljstvo biti deo Nedelje \u017eena, a naravno, ovde je trenutak da se zahvalim onima koje su zapo\u010dele ovaj doga\u0111aj, Grupi poslanica, koja je, inspirisana ikonom na\u0161e slobode i nezavisnosti, gospo\u0111om Madeleine Albright, krenula napred ka osna\u017eivanju \u017eena i devojaka i tokom ovog puta stalno smo imali podr\u0161ku NDI, zato hvala jo\u0161 jednom!<\/p>\n<p>Nacionalni demokratski institut, koji svi znamo kao NDI, danas obele\u017eava va\u017eno poglavlje u istoriji delovanja i rada u Republici Kosovo. Ovo je godina jubileja za jedan od najzna\u010dajnijih godi\u0161njih doga\u0111aja u na\u0161oj zemlji. Pro\u0161lo je 10 godina od Nedelje \u017eena; ovu manifestaciju, koja ima dragocene vrednosti zbog svog neuporedivog doprinosa unapre\u0111enju polo\u017eaja \u017eena i promociji rodne ravnopravnosti u javnom \u017eivotu u zemlji. Za neumorni rad, za nevi\u0111enu ambiciju i posve\u0107enost, ambasadoru Soderbergu, osoblju NDI, Grupi poslanica i svima onima koji su godinama dali doprinos, zaista smo veoma zahvalni.<\/p>\n<p>Po\u0161tovani prisutni,<\/p>\n<p>Razli\u010ditost, jednakost i inkluzija le\u017ee u osnovi demokratije koja di\u0161e duhom jednakosti. Polaze\u0107i od ovih premisa i rade\u0107i na njihovom sprovo\u0111enju, pove\u0107avamo verovatno\u0107u da se sve vi\u0161e pribli\u017eimo izgradnji stabilne demokratije.<\/p>\n<p>Ali u sr\u017ei svake akcije je gra\u0111anski aktivizam \u2013 to su sami gra\u0111ani. Dakle, demokratija je rezultat sveobuhvatnog dru\u0161tvenog anga\u017emana. Ako poku\u0161amo da je razbijemo na komadi\u0107e, demokratija je skup pojedina\u010dnih akcija koje doprinose izgradnji kolektivnog dobra i koje se uz odgovaraju\u0107u institucionalnu podr\u0161ku mogu prevesti u kontinuiranu promociju demokratskih vrednosti, \u0161to na kraju rezultira ja\u010danjem univerzalne demokratije.<\/p>\n<p>\u017dene i mu\u0161karci Kosova, na\u0161e devojke i momci, na\u0161i gra\u0111ani, slede\u0107i svoje ideale, doprineli su istoriji na\u0161e zemlje i stvorili temelj koji je omogu\u0107io promene. Oni su podr\u017eavali demokratiju.<\/p>\n<p>Stoga, svaki napor da se unapredi demokratija mo\u017ee biti uspe\u0161an samo kada se oja\u010da glas gra\u0111ana &#8211; bez razlike. Od \u017eena i mu\u0161karaca, bez razlike.<\/p>\n<p>Tada su institucije du\u017ene da pru\u017eaju podr\u0161ku, resurse, ali i strate\u0161ku orijentaciju, koje stvaraju neophodnu infrastrukturu kao \u0161to je institucionalizacija pojedina\u010dnih radova. I ova volja, ovo opredeljenje, danas postoji vi\u0161e nego ikada.<\/p>\n<p>Ako \u017eelimo jaku demokratiju, onda su nam potrebni osna\u017eeni gra\u0111ani. Kada se stvore mogu\u0107nosti za u\u010de\u0161\u0107e i anga\u017eovanje gra\u0111ana, nivo odgovornosti institucija po\u010dinje sve vi\u0161e da raste, pove\u0107ava se transparentnost i pove\u0107ava se odgovornost.<\/p>\n<p>Anga\u017eman svakog od vas u ovoj prostoriji donosi dodatnu prednost na na\u0161em putu ka daljoj izgradnji demokratije. Jer, realno, demokratija nikada nije zavr\u0161en projekat. Zahteva stalno odr\u017eavanje, o\u010duvanje i ja\u010danje.<\/p>\n<p>Prava demokratija je demokratija koja aktivno doprinosi pobolj\u0161anju i unapre\u0111enju polo\u017eaja \u017eena u dru\u0161tvu. Zdrava demokratija je demokratija koja \u017eivi na principu rodne ravnopravnosti.<\/p>\n<p>Iako na\u0161a Republika ima samo 15 godina, na\u0161i gra\u0111ani su godinama dokazivali da razumeju su\u0161tinski zna\u010daj uklju\u010divanja \u017eena u institucionalni i javni \u017eivot. Za 15 godina putovanja, Kosovo ostaje vode\u0107a zemlja u regionu i \u0161ire sa dve predsednice u svojoj novoj istoriji; sa parlamentarnim sastavom koji prevazilazi rodnu kvotu; sa vladom u kojoj su \u017eene zastupljenije i imaju ja\u010di glas nego ikada ranije; ali iznad svega, Kosovo je danas zemlja koja ima nepokolebljivu posve\u0107enost daljem unapre\u0111enju rodne ravnopravnosti u zemlji.<\/p>\n<p>Realnost je da posve\u0107enost, na\u017ealost, nije ujedna\u010dena. Odre\u0111ene institucije rade sa ve\u0107im intenzitetom, a neke su se ovim pitanjem bavile znatno ozbiljnije. Ali, svakim danom postaje sve jasnije da kada \u017eene vode; kad se \u010duju \u017eenski glasovi; kada su \u017eene uklju\u010dene u stvaranje politika i dono\u0161enje odluka; rezultati su konkretni i napredak je neizbe\u017ean.<\/p>\n<p>Me\u0111utim, uspesi u prestonici ne bi trebalo da zasene potrebu za pove\u0107anim anga\u017eovanjem na pro\u0161irenju jednakosti i inkluzivnosti u svakom uglu KosovaMi se moramo mobilizovati da ne dozvolimo da budemo uhva\u0107eni u zamku samozadovoljstva. Pogotovo ne, kada se u na\u0161oj zemlji i dalje ubijaju \u017eene. Jer ima jo\u0161 mnogo posla koji treba da se uradi pored predstavljanja \u017eena u odlu\u010divanju na centralnom nivou, po\u010dev\u0161i od njihovog osna\u017eivanja na lokalnom nivou, pa do eliminisanja svake nepravde i nejednakosti sa kojima se suo\u010davaju bilo kod ku\u0107e, na poslu, na ulici ili \u010dak u digitalnom prostoru.<\/p>\n<p>U ovih 10 godina Nedelje \u017eena, NDI je uspeo da dotakne \u017eivote mnogih \u017eena i devojaka koje nisu imale priliku da budu deo diskusija, radnih grupa, a kamoli da budu deo dono\u0161enja odluka. Mnoge od njih su danas me\u0111u nama. One vode promenu, one su sama promena. I ja sam krenula od poslednjeg reda u kome danas sedite, zatim sam u drugoj godini sedela malo bli\u017ee, u tre\u0107oj godini jo\u0161 bli\u017ee i danas govorim kao predsednica Republike. Za koju godinu i vi koji sedite na kraju bi\u0107ete ovde i obra\u0107ate se u\u010desnicima Nedelje \u017eena umesto mene.<\/p>\n<p>Me\u0111utim, ne mogu da ne pomenem sjajan rad mnogih drugih doma\u0107ih i me\u0111unarodnih partnera, organizacija civilnog dru\u0161tva u zemlji, ali i mnogih stvaralaca politike u javnim institucijama. Sva\u010diji rad je rezultirao osna\u017eivanjem i inkluzivno\u0161\u0107u.<\/p>\n<p>Ali moramo biti posebno oprezni i pobrinuti se da se na\u0161i krugovi sve vi\u0161e \u0161ire, izvan ove sale. Na\u0161a je obaveza da mogu\u0107nosti koje su nam stvorene uz podr\u0161ku jedna-drugoj, uz podr\u0161ku doma\u0107ih i me\u0111unarodnih organizacija, pro\u0161irimo, kako bismo garantovali mnogim devojkama i drugim \u017eenama koje se ose\u0107aju izolovano i jo\u0161 uvek se suo\u010davaju sa nejednako\u0161\u0107u.<\/p>\n<p>Sve \u0161to je potrebno je pru\u017eanje ruke u odre\u0111enim slu\u010dajevima i taj trenutak se pretvara u lavinu koja ima mo\u0107 da transformi\u0161e \u017eivote i \u010ditave zajednice. Dakle, u na\u0161oj misiji da garantujemo rodnu ravnopravnost nema odmora, jer rodna ravnopravnost mora biti svakodnevna misija.<\/p>\n<p>Po\u0161tovani prisutni,<\/p>\n<p>U ovim vremenima velike neizvesnosti, vidimo sve ve\u0107e tendencije napada na demokratske vrednosti \u2013 one vrednosti na kojima su izgra\u0111ena i odi\u0161u na\u0161a dru\u0161tva.<\/p>\n<p>Ali, sve dok gra\u0111ane stavljamo u sredi\u0161te na\u0161eg anga\u017eovanja, anga\u017eovanja na pobolj\u0161anju njihovih \u017eivota, garantovanju njihovih sloboda i za\u0161titi njihovih prava, na\u0161 moralni i politi\u010dki kompas \u0107e nas uvek voditi u pravom smeru.<\/p>\n<p>A kada iskombinujemo ove napore sa posve\u0107eno\u0161\u0107u unapre\u0111enju jednakosti, inkluzivnosti i razli\u010ditosti, krajnji rezultat je uvek vi\u0161e demokratije. Po\u0161tena demokratija. Demokratija za sve. Odr\u017eiva demokratija.<\/p>\n<p>Hvala vam!<\/p>\n<p><iframe src=\"https:\/\/www.facebook.com\/plugins\/video.php?height=250&#038;href=https%3A%2F%2Fwww.facebook.com%2FPresidencaRKS%2Fvideos%2F738425231319371%2F&#038;show_text=false&#038;width=476&#038;t=0\" width=\"476\" height=\"476\" style=\"border:none;overflow:hidden\" scrolling=\"no\" frameborder=\"0\" allowfullscreen=\"true\" allow=\"autoplay; clipboard-write; encrypted-media; picture-in-picture; web-share\" allowFullScreen=\"true\"><\/iframe><\/p>\n","protected":false},"excerpt":{"rendered":"<p>Po\u0161tovani ambasadore Soderberg, Po\u0161tovana Zeinah Salahi, \u0161efice USAID-a, Po\u0161tovana g]o Stocker, \u0161efice Swiss Development Corporation, Po\u0161tovana zamenice premijera, Po\u0161tovani poslanici, Po\u0161tovani gradona\u010delnici, Drage devojke i \u017eene i svi prisutni danas, Hvala vam na pozivu, za jedan od najva\u017enijih doga\u0111aja u godini u ovih poslednjih 10 godina, jer je uvek veliko zadovoljstvo biti deo Nedelje \u017eena, a naravno, ovde je trenutak da se zahvalim onima koje su zapo\u010dele ovaj doga\u0111aj, Grupi poslanica, koja je, inspirisana ikonom na\u0161e slobode i nezavisnosti, gospo\u0111om Madeleine Albright, krenula napred ka osna\u017eivanju \u017eena i devojaka i tokom ovog puta stalno smo imali podr\u0161ku NDI, zato hvala jo\u0161 jednom! Nacionalni demokratski institut, koji svi znamo kao NDI, danas obele\u017eava va\u017eno poglavlje u istoriji delovanja i rada u Republici Kosovo. Ovo je godina jubileja za jedan od najzna\u010dajnijih godi\u0161njih doga\u0111aja u na\u0161oj zemlji. Pro\u0161lo je 10 godina od Nedelje \u017eena; ovu manifestaciju, koja ima dragocene vrednosti zbog svog neuporedivog doprinosa unapre\u0111enju polo\u017eaja \u017eena i promociji rodne ravnopravnosti u javnom \u017eivotu u zemlji. Za neumorni rad, za nevi\u0111enu ambiciju i posve\u0107enost, ambasadoru Soderbergu, osoblju NDI, Grupi poslanica i svima onima koji su godinama dali doprinos, zaista smo veoma zahvalni. Po\u0161tovani prisutni, Razli\u010ditost, jednakost i inkluzija le\u017ee u osnovi demokratije koja di\u0161e duhom jednakosti. Polaze\u0107i od ovih premisa i rade\u0107i na njihovom sprovo\u0111enju, pove\u0107avamo verovatno\u0107u da se sve vi\u0161e pribli\u017eimo izgradnji stabilne demokratije. Ali u sr\u017ei svake akcije je gra\u0111anski aktivizam \u2013 to su sami gra\u0111ani. Dakle, demokratija je rezultat sveobuhvatnog dru\u0161tvenog anga\u017emana. Ako poku\u0161amo da je razbijemo na komadi\u0107e, demokratija je skup pojedina\u010dnih akcija koje doprinose izgradnji kolektivnog dobra i koje se uz odgovaraju\u0107u institucionalnu podr\u0161ku mogu prevesti u kontinuiranu promociju demokratskih vrednosti, \u0161to na kraju rezultira ja\u010danjem univerzalne demokratije. \u017dene i mu\u0161karci Kosova, na\u0161e devojke i momci, na\u0161i gra\u0111ani, slede\u0107i svoje ideale, doprineli su istoriji na\u0161e zemlje i stvorili temelj koji je omogu\u0107io promene. Oni su podr\u017eavali demokratiju. Stoga, svaki napor da se unapredi demokratija mo\u017ee biti uspe\u0161an samo kada se oja\u010da glas gra\u0111ana &#8211; bez razlike. Od \u017eena i mu\u0161karaca, bez razlike. Tada su institucije du\u017ene da pru\u017eaju podr\u0161ku, resurse, ali i strate\u0161ku orijentaciju, koje stvaraju neophodnu infrastrukturu kao \u0161to je institucionalizacija pojedina\u010dnih radova. I ova volja, ovo opredeljenje, danas postoji vi\u0161e nego ikada. Ako \u017eelimo jaku demokratiju, onda su nam potrebni osna\u017eeni gra\u0111ani. Kada se stvore mogu\u0107nosti za u\u010de\u0161\u0107e i anga\u017eovanje gra\u0111ana, nivo odgovornosti institucija po\u010dinje sve vi\u0161e da raste, pove\u0107ava se transparentnost i pove\u0107ava se odgovornost. Anga\u017eman svakog od vas u ovoj prostoriji donosi dodatnu prednost na na\u0161em putu ka daljoj izgradnji demokratije. Jer, realno, demokratija nikada nije zavr\u0161en projekat. Zahteva stalno odr\u017eavanje, o\u010duvanje i ja\u010danje. Prava demokratija je demokratija koja aktivno doprinosi pobolj\u0161anju i unapre\u0111enju polo\u017eaja \u017eena u dru\u0161tvu. Zdrava demokratija je demokratija koja \u017eivi na principu rodne ravnopravnosti. Iako na\u0161a Republika ima samo 15 godina, na\u0161i gra\u0111ani su godinama dokazivali da razumeju su\u0161tinski zna\u010daj uklju\u010divanja \u017eena u institucionalni i javni \u017eivot. Za 15 godina putovanja, Kosovo ostaje vode\u0107a zemlja u regionu i \u0161ire sa dve predsednice u svojoj novoj istoriji; sa parlamentarnim sastavom koji prevazilazi rodnu kvotu; sa vladom u kojoj su \u017eene zastupljenije i imaju ja\u010di glas nego ikada ranije; ali iznad svega, Kosovo je danas zemlja koja ima nepokolebljivu posve\u0107enost daljem unapre\u0111enju rodne ravnopravnosti u zemlji. Realnost je da posve\u0107enost, na\u017ealost, nije ujedna\u010dena. Odre\u0111ene institucije rade sa ve\u0107im intenzitetom, a neke su se ovim pitanjem bavile znatno ozbiljnije. Ali, svakim danom postaje sve jasnije da kada \u017eene vode; kad se \u010duju \u017eenski glasovi; kada su \u017eene uklju\u010dene u stvaranje politika i dono\u0161enje odluka; rezultati su konkretni i napredak je neizbe\u017ean. Me\u0111utim, uspesi u prestonici ne bi trebalo da zasene potrebu za pove\u0107anim anga\u017eovanjem na pro\u0161irenju jednakosti i inkluzivnosti u svakom uglu KosovaMi se moramo mobilizovati da ne dozvolimo da budemo uhva\u0107eni u zamku samozadovoljstva. Pogotovo ne, kada se u na\u0161oj zemlji i dalje ubijaju \u017eene. Jer ima jo\u0161 mnogo posla koji treba da se uradi pored predstavljanja \u017eena u odlu\u010divanju na centralnom nivou, po\u010dev\u0161i od njihovog osna\u017eivanja na lokalnom nivou, pa do eliminisanja svake nepravde i nejednakosti sa kojima se suo\u010davaju bilo kod ku\u0107e, na poslu, na ulici ili \u010dak u digitalnom prostoru. U ovih 10 godina Nedelje \u017eena, NDI je uspeo da dotakne \u017eivote mnogih \u017eena i devojaka koje nisu imale priliku da budu deo diskusija, radnih grupa, a kamoli da budu deo dono\u0161enja odluka. Mnoge od njih su danas me\u0111u nama. One vode promenu, one su sama promena. I ja sam krenula od poslednjeg reda u kome danas sedite, zatim sam u drugoj godini sedela malo bli\u017ee, u tre\u0107oj godini jo\u0161 bli\u017ee i danas govorim kao predsednica Republike. Za koju godinu i vi koji sedite na kraju bi\u0107ete ovde i obra\u0107ate se u\u010desnicima Nedelje \u017eena umesto mene. Me\u0111utim, ne mogu da ne pomenem sjajan rad mnogih drugih doma\u0107ih i me\u0111unarodnih partnera, organizacija civilnog dru\u0161tva u zemlji, ali i mnogih stvaralaca politike u javnim institucijama. Sva\u010diji rad je rezultirao osna\u017eivanjem i inkluzivno\u0161\u0107u. Ali moramo biti posebno oprezni i pobrinuti se da se na\u0161i krugovi sve vi\u0161e \u0161ire, izvan ove sale. Na\u0161a je obaveza da mogu\u0107nosti koje su nam stvorene uz podr\u0161ku jedna-drugoj, uz podr\u0161ku doma\u0107ih i me\u0111unarodnih organizacija, pro\u0161irimo, kako bismo garantovali mnogim devojkama i drugim \u017eenama koje se ose\u0107aju izolovano i jo\u0161 uvek se suo\u010davaju sa nejednako\u0161\u0107u. Sve \u0161to je potrebno je pru\u017eanje ruke u odre\u0111enim slu\u010dajevima i taj trenutak se pretvara u lavinu koja ima mo\u0107 da transformi\u0161e \u017eivote i \u010ditave zajednice. Dakle, u na\u0161oj misiji da garantujemo rodnu ravnopravnost nema odmora, jer rodna ravnopravnost mora biti svakodnevna misija. Po\u0161tovani prisutni, U ovim vremenima velike neizvesnosti, vidimo sve ve\u0107e tendencije napada na demokratske vrednosti \u2013 one vrednosti na kojima su izgra\u0111ena i odi\u0161u na\u0161a dru\u0161tva. Ali, sve dok gra\u0111ane stavljamo u sredi\u0161te na\u0161eg anga\u017eovanja, anga\u017eovanja na pobolj\u0161anju njihovih \u017eivota, garantovanju njihovih sloboda i za\u0161titi njihovih prava, na\u0161 moralni i politi\u010dki kompas \u0107e nas uvek voditi u pravom smeru. A kada iskombinujemo ove napore sa posve\u0107eno\u0161\u0107u unapre\u0111enju jednakosti, inkluzivnosti i razli\u010ditosti, krajnji rezultat je uvek vi\u0161e demokratije. Po\u0161tena demokratija. Demokratija za sve. Odr\u017eiva demokratija. Hvala vam!<\/p>\n","protected":false},"author":9,"featured_media":86482,"comment_status":"closed","ping_status":"closed","sticky":false,"template":"","format":"standard","meta":{"_eb_attr":"","footnotes":""},"categories":[106,101],"tags":[],"class_list":["post-92772","post","type-post","status-publish","format-standard","has-post-thumbnail","hentry","category-govori","category-vesti"],"yoast_head":"<!-- This site is optimized with the Yoast SEO plugin v23.5 - https:\/\/yoast.com\/wordpress\/plugins\/seo\/ -->\n<title>Govor predsednice Osmani na desetoj ediciji Nedelje \u017eena - Predsednik Republike Kosovo - DR. VJOSA OSMANI - SADRIU<\/title>\n<meta name=\"description\" content=\"Govor predsednice Osmani na desetoj ediciji Nedelje \u017eena - Predsednik Republike Kosovo - DR. VJOSA OSMANI - SADRIU -\" \/>\n<meta name=\"robots\" content=\"index, follow, max-snippet:-1, max-image-preview:large, max-video-preview:-1\" \/>\n<link rel=\"canonical\" href=\"https:\/\/president-ksgov.net\/sr\/govor-predsednice-osmani-na-desetoj-ediciji-nedelje-zena\/\" \/>\n<meta property=\"og:locale\" content=\"sr_RS\" \/>\n<meta property=\"og:type\" content=\"article\" \/>\n<meta property=\"og:title\" content=\"Govor predsednice Osmani na desetoj ediciji Nedelje \u017eena - Predsednik Republike Kosovo - DR. VJOSA OSMANI - SADRIU\" \/>\n<meta property=\"og:description\" content=\"Govor predsednice Osmani na desetoj ediciji Nedelje \u017eena - Predsednik Republike Kosovo - DR. VJOSA OSMANI - SADRIU -\" \/>\n<meta property=\"og:url\" content=\"https:\/\/president-ksgov.net\/sr\/govor-predsednice-osmani-na-desetoj-ediciji-nedelje-zena\/\" \/>\n<meta property=\"og:site_name\" content=\"Predsednik Republike Kosovo - DR. VJOSA OSMANI - SADRIU\" \/>\n<meta property=\"article:published_time\" content=\"2023-03-14T12:39:14+00:00\" \/>\n<meta property=\"article:modified_time\" content=\"2026-01-28T08:08:34+00:00\" \/>\n<meta property=\"og:image\" content=\"https:\/\/president-ksgov.net\/wp-content\/uploads\/Presidentja-Osmani-NDI-1024x682.jpeg\" \/>\n\t<meta property=\"og:image:width\" content=\"1024\" \/>\n\t<meta property=\"og:image:height\" content=\"682\" \/>\n\t<meta property=\"og:image:type\" content=\"image\/jpeg\" \/>\n<meta name=\"author\" content=\"Florent Rrahmani\" \/>\n<meta name=\"twitter:card\" content=\"summary_large_image\" \/>\n<meta name=\"twitter:label1\" content=\"\u041d\u0430\u043f\u0438\u0441\u0430\u043d\u043e \u043e\u0434\" \/>\n\t<meta name=\"twitter:data1\" content=\"Florent Rrahmani\" \/>\n\t<meta name=\"twitter:label2\" content=\"\u041f\u0440\u043e\u0446\u0435\u045a\u0435\u043d\u043e \u0432\u0440\u0435\u043c\u0435 \u0447\u0438\u0442\u0430\u045a\u0430\" \/>\n\t<meta name=\"twitter:data2\" content=\"6 \u043c\u0438\u043d\u0443\u0442\u0430\" \/>\n<script type=\"application\/ld+json\" class=\"yoast-schema-graph\">{\"@context\":\"https:\/\/schema.org\",\"@graph\":[{\"@type\":\"WebPage\",\"@id\":\"https:\/\/president-ksgov.net\/sr\/govor-predsednice-osmani-na-desetoj-ediciji-nedelje-zena\/\",\"url\":\"https:\/\/president-ksgov.net\/sr\/govor-predsednice-osmani-na-desetoj-ediciji-nedelje-zena\/\",\"name\":\"Govor predsednice Osmani na desetoj ediciji Nedelje \u017eena - Predsednik Republike Kosovo - DR. VJOSA OSMANI - SADRIU\",\"isPartOf\":{\"@id\":\"https:\/\/president-ksgov.net\/#website\"},\"primaryImageOfPage\":{\"@id\":\"https:\/\/president-ksgov.net\/sr\/govor-predsednice-osmani-na-desetoj-ediciji-nedelje-zena\/#primaryimage\"},\"image\":{\"@id\":\"https:\/\/president-ksgov.net\/sr\/govor-predsednice-osmani-na-desetoj-ediciji-nedelje-zena\/#primaryimage\"},\"thumbnailUrl\":\"https:\/\/president-ksgov.net\/wp-content\/uploads\/Presidentja-Osmani-NDI.jpeg\",\"datePublished\":\"2023-03-14T12:39:14+00:00\",\"dateModified\":\"2026-01-28T08:08:34+00:00\",\"author\":{\"@id\":\"https:\/\/president-ksgov.net\/#\/schema\/person\/7c46f744a99d3f1616b92658282aa934\"},\"description\":\"Govor predsednice Osmani na desetoj ediciji Nedelje \u017eena - Predsednik Republike Kosovo - DR. VJOSA OSMANI - SADRIU -\",\"breadcrumb\":{\"@id\":\"https:\/\/president-ksgov.net\/sr\/govor-predsednice-osmani-na-desetoj-ediciji-nedelje-zena\/#breadcrumb\"},\"inLanguage\":\"sr-RS\",\"potentialAction\":[{\"@type\":\"ReadAction\",\"target\":[\"https:\/\/president-ksgov.net\/sr\/govor-predsednice-osmani-na-desetoj-ediciji-nedelje-zena\/\"]}]},{\"@type\":\"ImageObject\",\"inLanguage\":\"sr-RS\",\"@id\":\"https:\/\/president-ksgov.net\/sr\/govor-predsednice-osmani-na-desetoj-ediciji-nedelje-zena\/#primaryimage\",\"url\":\"https:\/\/president-ksgov.net\/wp-content\/uploads\/Presidentja-Osmani-NDI.jpeg\",\"contentUrl\":\"https:\/\/president-ksgov.net\/wp-content\/uploads\/Presidentja-Osmani-NDI.jpeg\",\"width\":2000,\"height\":1333},{\"@type\":\"BreadcrumbList\",\"@id\":\"https:\/\/president-ksgov.net\/sr\/govor-predsednice-osmani-na-desetoj-ediciji-nedelje-zena\/#breadcrumb\",\"itemListElement\":[{\"@type\":\"ListItem\",\"position\":1,\"name\":\"Home\",\"item\":\"https:\/\/president-ksgov.net\/sr\/\"},{\"@type\":\"ListItem\",\"position\":2,\"name\":\"Govor predsednice Osmani na desetoj ediciji Nedelje \u017eena\"}]},{\"@type\":\"WebSite\",\"@id\":\"https:\/\/president-ksgov.net\/#website\",\"url\":\"https:\/\/president-ksgov.net\/\",\"name\":\"Presidente e Republik\u00ebs s\u00eb Kosov\u00ebs\",\"description\":\"Presidente e Republik\u00ebs s\u00eb Kosov\u00ebs\",\"alternateName\":\"DR. VJOSA OSMANI - SADRIU\",\"potentialAction\":[{\"@type\":\"SearchAction\",\"target\":{\"@type\":\"EntryPoint\",\"urlTemplate\":\"https:\/\/president-ksgov.net\/?s={search_term_string}\"},\"query-input\":{\"@type\":\"PropertyValueSpecification\",\"valueRequired\":true,\"valueName\":\"search_term_string\"}}],\"inLanguage\":\"sr-RS\"},{\"@type\":\"Person\",\"@id\":\"https:\/\/president-ksgov.net\/#\/schema\/person\/7c46f744a99d3f1616b92658282aa934\",\"name\":\"Florent Rrahmani\",\"image\":{\"@type\":\"ImageObject\",\"inLanguage\":\"sr-RS\",\"@id\":\"https:\/\/president-ksgov.net\/#\/schema\/person\/image\/\",\"url\":\"https:\/\/secure.gravatar.com\/avatar\/2545924aa250de68ac8368367a79b663e59571cd131611f54c89b0613a94e230?s=96&d=mm&r=g\",\"contentUrl\":\"https:\/\/secure.gravatar.com\/avatar\/2545924aa250de68ac8368367a79b663e59571cd131611f54c89b0613a94e230?s=96&d=mm&r=g\",\"caption\":\"Florent Rrahmani\"}}]}<\/script>\n<!-- \/ Yoast SEO plugin. -->","yoast_head_json":{"title":"Govor predsednice Osmani na desetoj ediciji Nedelje \u017eena - Predsednik Republike Kosovo - DR. VJOSA OSMANI - SADRIU","description":"Govor predsednice Osmani na desetoj ediciji Nedelje \u017eena - Predsednik Republike Kosovo - DR. VJOSA OSMANI - SADRIU -","robots":{"index":"index","follow":"follow","max-snippet":"max-snippet:-1","max-image-preview":"max-image-preview:large","max-video-preview":"max-video-preview:-1"},"canonical":"https:\/\/president-ksgov.net\/sr\/govor-predsednice-osmani-na-desetoj-ediciji-nedelje-zena\/","og_locale":"sr_RS","og_type":"article","og_title":"Govor predsednice Osmani na desetoj ediciji Nedelje \u017eena - Predsednik Republike Kosovo - DR. VJOSA OSMANI - SADRIU","og_description":"Govor predsednice Osmani na desetoj ediciji Nedelje \u017eena - Predsednik Republike Kosovo - DR. VJOSA OSMANI - SADRIU -","og_url":"https:\/\/president-ksgov.net\/sr\/govor-predsednice-osmani-na-desetoj-ediciji-nedelje-zena\/","og_site_name":"Predsednik Republike Kosovo - DR. VJOSA OSMANI - SADRIU","article_published_time":"2023-03-14T12:39:14+00:00","article_modified_time":"2026-01-28T08:08:34+00:00","og_image":[{"width":1024,"height":682,"url":"https:\/\/president-ksgov.net\/wp-content\/uploads\/Presidentja-Osmani-NDI-1024x682.jpeg","type":"image\/jpeg"}],"author":"Florent Rrahmani","twitter_card":"summary_large_image","twitter_misc":{"\u041d\u0430\u043f\u0438\u0441\u0430\u043d\u043e \u043e\u0434":"Florent Rrahmani","\u041f\u0440\u043e\u0446\u0435\u045a\u0435\u043d\u043e \u0432\u0440\u0435\u043c\u0435 \u0447\u0438\u0442\u0430\u045a\u0430":"6 \u043c\u0438\u043d\u0443\u0442\u0430"},"schema":{"@context":"https:\/\/schema.org","@graph":[{"@type":"WebPage","@id":"https:\/\/president-ksgov.net\/sr\/govor-predsednice-osmani-na-desetoj-ediciji-nedelje-zena\/","url":"https:\/\/president-ksgov.net\/sr\/govor-predsednice-osmani-na-desetoj-ediciji-nedelje-zena\/","name":"Govor predsednice Osmani na desetoj ediciji Nedelje \u017eena - Predsednik Republike Kosovo - DR. VJOSA OSMANI - SADRIU","isPartOf":{"@id":"https:\/\/president-ksgov.net\/#website"},"primaryImageOfPage":{"@id":"https:\/\/president-ksgov.net\/sr\/govor-predsednice-osmani-na-desetoj-ediciji-nedelje-zena\/#primaryimage"},"image":{"@id":"https:\/\/president-ksgov.net\/sr\/govor-predsednice-osmani-na-desetoj-ediciji-nedelje-zena\/#primaryimage"},"thumbnailUrl":"https:\/\/president-ksgov.net\/wp-content\/uploads\/Presidentja-Osmani-NDI.jpeg","datePublished":"2023-03-14T12:39:14+00:00","dateModified":"2026-01-28T08:08:34+00:00","author":{"@id":"https:\/\/president-ksgov.net\/#\/schema\/person\/7c46f744a99d3f1616b92658282aa934"},"description":"Govor predsednice Osmani na desetoj ediciji Nedelje \u017eena - Predsednik Republike Kosovo - DR. VJOSA OSMANI - SADRIU -","breadcrumb":{"@id":"https:\/\/president-ksgov.net\/sr\/govor-predsednice-osmani-na-desetoj-ediciji-nedelje-zena\/#breadcrumb"},"inLanguage":"sr-RS","potentialAction":[{"@type":"ReadAction","target":["https:\/\/president-ksgov.net\/sr\/govor-predsednice-osmani-na-desetoj-ediciji-nedelje-zena\/"]}]},{"@type":"ImageObject","inLanguage":"sr-RS","@id":"https:\/\/president-ksgov.net\/sr\/govor-predsednice-osmani-na-desetoj-ediciji-nedelje-zena\/#primaryimage","url":"https:\/\/president-ksgov.net\/wp-content\/uploads\/Presidentja-Osmani-NDI.jpeg","contentUrl":"https:\/\/president-ksgov.net\/wp-content\/uploads\/Presidentja-Osmani-NDI.jpeg","width":2000,"height":1333},{"@type":"BreadcrumbList","@id":"https:\/\/president-ksgov.net\/sr\/govor-predsednice-osmani-na-desetoj-ediciji-nedelje-zena\/#breadcrumb","itemListElement":[{"@type":"ListItem","position":1,"name":"Home","item":"https:\/\/president-ksgov.net\/sr\/"},{"@type":"ListItem","position":2,"name":"Govor predsednice Osmani na desetoj ediciji Nedelje \u017eena"}]},{"@type":"WebSite","@id":"https:\/\/president-ksgov.net\/#website","url":"https:\/\/president-ksgov.net\/","name":"Presidente e Republik\u00ebs s\u00eb Kosov\u00ebs","description":"Presidente e Republik\u00ebs s\u00eb Kosov\u00ebs","alternateName":"DR. VJOSA OSMANI - SADRIU","potentialAction":[{"@type":"SearchAction","target":{"@type":"EntryPoint","urlTemplate":"https:\/\/president-ksgov.net\/?s={search_term_string}"},"query-input":{"@type":"PropertyValueSpecification","valueRequired":true,"valueName":"search_term_string"}}],"inLanguage":"sr-RS"},{"@type":"Person","@id":"https:\/\/president-ksgov.net\/#\/schema\/person\/7c46f744a99d3f1616b92658282aa934","name":"Florent Rrahmani","image":{"@type":"ImageObject","inLanguage":"sr-RS","@id":"https:\/\/president-ksgov.net\/#\/schema\/person\/image\/","url":"https:\/\/secure.gravatar.com\/avatar\/2545924aa250de68ac8368367a79b663e59571cd131611f54c89b0613a94e230?s=96&d=mm&r=g","contentUrl":"https:\/\/secure.gravatar.com\/avatar\/2545924aa250de68ac8368367a79b663e59571cd131611f54c89b0613a94e230?s=96&d=mm&r=g","caption":"Florent Rrahmani"}}]}},"_links":{"self":[{"href":"https:\/\/president-ksgov.net\/sr\/wp-json\/wp\/v2\/posts\/92772","targetHints":{"allow":["GET"]}}],"collection":[{"href":"https:\/\/president-ksgov.net\/sr\/wp-json\/wp\/v2\/posts"}],"about":[{"href":"https:\/\/president-ksgov.net\/sr\/wp-json\/wp\/v2\/types\/post"}],"author":[{"embeddable":true,"href":"https:\/\/president-ksgov.net\/sr\/wp-json\/wp\/v2\/users\/9"}],"replies":[{"embeddable":true,"href":"https:\/\/president-ksgov.net\/sr\/wp-json\/wp\/v2\/comments?post=92772"}],"version-history":[{"count":2,"href":"https:\/\/president-ksgov.net\/sr\/wp-json\/wp\/v2\/posts\/92772\/revisions"}],"predecessor-version":[{"id":180908,"href":"https:\/\/president-ksgov.net\/sr\/wp-json\/wp\/v2\/posts\/92772\/revisions\/180908"}],"wp:featuredmedia":[{"embeddable":true,"href":"https:\/\/president-ksgov.net\/sr\/wp-json\/wp\/v2\/media\/86482"}],"wp:attachment":[{"href":"https:\/\/president-ksgov.net\/sr\/wp-json\/wp\/v2\/media?parent=92772"}],"wp:term":[{"taxonomy":"category","embeddable":true,"href":"https:\/\/president-ksgov.net\/sr\/wp-json\/wp\/v2\/categories?post=92772"},{"taxonomy":"post_tag","embeddable":true,"href":"https:\/\/president-ksgov.net\/sr\/wp-json\/wp\/v2\/tags?post=92772"}],"curies":[{"name":"wp","href":"https:\/\/api.w.org\/{rel}","templated":true}]}}