{"id":92754,"date":"2023-03-06T21:12:08","date_gmt":"2023-03-06T20:12:08","guid":{"rendered":"https:\/\/president-ksgov.net\/?p=92754"},"modified":"2023-06-22T09:39:20","modified_gmt":"2023-06-22T07:39:20","slug":"predsednica-osmani-na-sastanku-docekala-ambasadore-zemalja-kvinte-i-sefa-kancelarije-eu","status":"publish","type":"post","link":"https:\/\/president-ksgov.net\/sr\/predsednica-osmani-na-sastanku-docekala-ambasadore-zemalja-kvinte-i-sefa-kancelarije-eu\/","title":{"rendered":"Predsednica Osmani na sastanku do\u010dekala ambasadore zemalja Kvinte i \u0161efa Kancelarije EU"},"content":{"rendered":"<p>Predsednica Republike Kosovo Vjosa Osmani do\u010dekala je danas na sastanku ambasadore zemalja Kvinte na Kosovu, odnosno ambasadora Ujedinjenog Kraljevstva Nicholasa Abbotta, ambasadora Nema\u010dke J\u00f6rna Rohdea, ambasadora Italije Antonella De Ria, ambasadora Francuske Olivera Gu\u00e9rota, zamenicu \u0161efice Misije Sjedinjenih Dr\u017eava Alyson Grunder, kao i \u0161efa Kancelarije EU na Kosovu Tom\u00e1\u0161a Szunyoga.<\/p>\n<p>Na sastanku se razgovaralo o poslednjim de\u0161avanjima, uklju\u010duju\u0107i i dijalog sa Srbijom, o daljim koracima, kao i o konstantnoj koordinaciji institucija Republike Kosovo sa saveznicima.<\/p>\n<p>Dalje je predsednica Osmani naglasila da usagla\u0161avanje oko aneksa o sprovo\u0111enju osnovnog sporazuma mora da predvidi na\u010dela koja su usvojena u Skup\u0161tini Republike Kosovo o nepovredivosti suvereniteta, teritorijalnog integriteta, ustavnosti i funkcionalnosti dr\u017eave Kosovo.<\/p>\n<p>Predsednica Osmani tako\u0111e je istakla da je Kosovo i dalje konstruktivna strana u dijalogu sa Srbijom i da nastavlja da bude posve\u0107eno procesu koji doprinosi odr\u017eivom miru, sigurnosti i prosperitetu u zemlji i regionu.<\/p>\n","protected":false},"excerpt":{"rendered":"<p>Predsednica Republike Kosovo Vjosa Osmani do\u010dekala je danas na sastanku ambasadore zemalja Kvinte na Kosovu, odnosno ambasadora Ujedinjenog Kraljevstva Nicholasa Abbotta, ambasadora Nema\u010dke J\u00f6rna Rohdea, ambasadora Italije Antonella De Ria, ambasadora Francuske Olivera Gu\u00e9rota, zamenicu \u0161efice Misije Sjedinjenih Dr\u017eava Alyson Grunder, kao i \u0161efa Kancelarije EU na Kosovu Tom\u00e1\u0161a Szunyoga. Na sastanku se razgovaralo o poslednjim de\u0161avanjima, uklju\u010duju\u0107i i dijalog sa Srbijom, o daljim koracima, kao i o konstantnoj koordinaciji institucija Republike Kosovo sa saveznicima. Dalje je predsednica Osmani naglasila da usagla\u0161avanje oko aneksa o sprovo\u0111enju osnovnog sporazuma mora da predvidi na\u010dela koja su usvojena u Skup\u0161tini Republike Kosovo o nepovredivosti suvereniteta, teritorijalnog integriteta, ustavnosti i funkcionalnosti dr\u017eave Kosovo. Predsednica Osmani tako\u0111e je istakla da je Kosovo i dalje konstruktivna strana u dijalogu sa Srbijom i da nastavlja da bude posve\u0107eno procesu koji doprinosi odr\u017eivom miru, sigurnosti i prosperitetu u zemlji i regionu.<\/p>\n","protected":false},"author":9,"featured_media":82131,"comment_status":"open","ping_status":"closed","sticky":false,"template":"","format":"standard","meta":{"_eb_attr":"","footnotes":""},"categories":[101],"tags":[],"class_list":["post-92754","post","type-post","status-publish","format-standard","has-post-thumbnail","hentry","category-vesti"],"yoast_head":"<!-- This site is optimized with the Yoast SEO plugin v23.5 - https:\/\/yoast.com\/wordpress\/plugins\/seo\/ -->\n<title>Predsednica Osmani na sastanku do\u010dekala ambasadore zemalja Kvinte i \u0161efa Kancelarije EU - Predsednik Republike Kosovo - DR. VJOSA OSMANI - SADRIU<\/title>\n<meta name=\"description\" content=\"Predsednica Osmani na sastanku do\u010dekala ambasadore zemalja Kvinte i \u0161efa Kancelarije EU - Predsednik Republike Kosovo - DR. VJOSA OSMANI - SADRIU -\" \/>\n<meta name=\"robots\" content=\"index, follow, max-snippet:-1, max-image-preview:large, max-video-preview:-1\" \/>\n<link rel=\"canonical\" href=\"https:\/\/president-ksgov.net\/sr\/predsednica-osmani-na-sastanku-docekala-ambasadore-zemalja-kvinte-i-sefa-kancelarije-eu\/\" \/>\n<meta property=\"og:locale\" content=\"sr_RS\" \/>\n<meta property=\"og:type\" content=\"article\" \/>\n<meta property=\"og:title\" content=\"Predsednica Osmani na sastanku do\u010dekala ambasadore zemalja Kvinte i \u0161efa Kancelarije EU - Predsednik Republike Kosovo - DR. VJOSA OSMANI - SADRIU\" \/>\n<meta property=\"og:description\" content=\"Predsednica Osmani na sastanku do\u010dekala ambasadore zemalja Kvinte i \u0161efa Kancelarije EU - Predsednik Republike Kosovo - DR. VJOSA OSMANI - SADRIU -\" \/>\n<meta property=\"og:url\" content=\"https:\/\/president-ksgov.net\/sr\/predsednica-osmani-na-sastanku-docekala-ambasadore-zemalja-kvinte-i-sefa-kancelarije-eu\/\" \/>\n<meta property=\"og:site_name\" content=\"Predsednik Republike Kosovo - DR. VJOSA OSMANI - SADRIU\" \/>\n<meta property=\"article:published_time\" content=\"2023-03-06T20:12:08+00:00\" \/>\n<meta property=\"article:modified_time\" content=\"2023-06-22T07:39:20+00:00\" \/>\n<meta property=\"og:image\" content=\"https:\/\/president-ksgov.net\/wp-content\/uploads\/ZPRK-64-6march-1-1024x682.jpg\" \/>\n\t<meta property=\"og:image:width\" content=\"1024\" \/>\n\t<meta property=\"og:image:height\" content=\"682\" \/>\n\t<meta property=\"og:image:type\" content=\"image\/jpeg\" \/>\n<meta name=\"author\" content=\"Florent Rrahmani\" \/>\n<meta name=\"twitter:card\" content=\"summary_large_image\" \/>\n<meta name=\"twitter:label1\" content=\"\u041d\u0430\u043f\u0438\u0441\u0430\u043d\u043e \u043e\u0434\" \/>\n\t<meta name=\"twitter:data1\" content=\"Florent Rrahmani\" \/>\n\t<meta name=\"twitter:label2\" content=\"\u041f\u0440\u043e\u0446\u0435\u045a\u0435\u043d\u043e \u0432\u0440\u0435\u043c\u0435 \u0447\u0438\u0442\u0430\u045a\u0430\" \/>\n\t<meta name=\"twitter:data2\" content=\"1 \u043c\u0438\u043d\u0443\u0442\" \/>\n<script type=\"application\/ld+json\" class=\"yoast-schema-graph\">{\"@context\":\"https:\/\/schema.org\",\"@graph\":[{\"@type\":\"WebPage\",\"@id\":\"https:\/\/president-ksgov.net\/sr\/predsednica-osmani-na-sastanku-docekala-ambasadore-zemalja-kvinte-i-sefa-kancelarije-eu\/\",\"url\":\"https:\/\/president-ksgov.net\/sr\/predsednica-osmani-na-sastanku-docekala-ambasadore-zemalja-kvinte-i-sefa-kancelarije-eu\/\",\"name\":\"Predsednica Osmani na sastanku do\u010dekala ambasadore zemalja Kvinte i \u0161efa Kancelarije EU - Predsednik Republike Kosovo - DR. VJOSA OSMANI - SADRIU\",\"isPartOf\":{\"@id\":\"https:\/\/president-ksgov.net\/#website\"},\"primaryImageOfPage\":{\"@id\":\"https:\/\/president-ksgov.net\/sr\/predsednica-osmani-na-sastanku-docekala-ambasadore-zemalja-kvinte-i-sefa-kancelarije-eu\/#primaryimage\"},\"image\":{\"@id\":\"https:\/\/president-ksgov.net\/sr\/predsednica-osmani-na-sastanku-docekala-ambasadore-zemalja-kvinte-i-sefa-kancelarije-eu\/#primaryimage\"},\"thumbnailUrl\":\"https:\/\/president-ksgov.net\/wp-content\/uploads\/ZPRK-64-6march-1.jpg\",\"datePublished\":\"2023-03-06T20:12:08+00:00\",\"dateModified\":\"2023-06-22T07:39:20+00:00\",\"author\":{\"@id\":\"https:\/\/president-ksgov.net\/#\/schema\/person\/7c46f744a99d3f1616b92658282aa934\"},\"description\":\"Predsednica Osmani na sastanku do\u010dekala ambasadore zemalja Kvinte i \u0161efa Kancelarije EU - Predsednik Republike Kosovo - DR. VJOSA OSMANI - SADRIU -\",\"breadcrumb\":{\"@id\":\"https:\/\/president-ksgov.net\/sr\/predsednica-osmani-na-sastanku-docekala-ambasadore-zemalja-kvinte-i-sefa-kancelarije-eu\/#breadcrumb\"},\"inLanguage\":\"sr-RS\",\"potentialAction\":[{\"@type\":\"ReadAction\",\"target\":[\"https:\/\/president-ksgov.net\/sr\/predsednica-osmani-na-sastanku-docekala-ambasadore-zemalja-kvinte-i-sefa-kancelarije-eu\/\"]}]},{\"@type\":\"ImageObject\",\"inLanguage\":\"sr-RS\",\"@id\":\"https:\/\/president-ksgov.net\/sr\/predsednica-osmani-na-sastanku-docekala-ambasadore-zemalja-kvinte-i-sefa-kancelarije-eu\/#primaryimage\",\"url\":\"https:\/\/president-ksgov.net\/wp-content\/uploads\/ZPRK-64-6march-1.jpg\",\"contentUrl\":\"https:\/\/president-ksgov.net\/wp-content\/uploads\/ZPRK-64-6march-1.jpg\",\"width\":2500,\"height\":1666},{\"@type\":\"BreadcrumbList\",\"@id\":\"https:\/\/president-ksgov.net\/sr\/predsednica-osmani-na-sastanku-docekala-ambasadore-zemalja-kvinte-i-sefa-kancelarije-eu\/#breadcrumb\",\"itemListElement\":[{\"@type\":\"ListItem\",\"position\":1,\"name\":\"Home\",\"item\":\"https:\/\/president-ksgov.net\/sr\/\"},{\"@type\":\"ListItem\",\"position\":2,\"name\":\"Predsednica Osmani na sastanku do\u010dekala ambasadore zemalja Kvinte i \u0161efa Kancelarije EU\"}]},{\"@type\":\"WebSite\",\"@id\":\"https:\/\/president-ksgov.net\/#website\",\"url\":\"https:\/\/president-ksgov.net\/\",\"name\":\"Presidente e Republik\u00ebs s\u00eb Kosov\u00ebs\",\"description\":\"Presidente e Republik\u00ebs s\u00eb Kosov\u00ebs\",\"alternateName\":\"DR. VJOSA OSMANI - SADRIU\",\"potentialAction\":[{\"@type\":\"SearchAction\",\"target\":{\"@type\":\"EntryPoint\",\"urlTemplate\":\"https:\/\/president-ksgov.net\/?s={search_term_string}\"},\"query-input\":{\"@type\":\"PropertyValueSpecification\",\"valueRequired\":true,\"valueName\":\"search_term_string\"}}],\"inLanguage\":\"sr-RS\"},{\"@type\":\"Person\",\"@id\":\"https:\/\/president-ksgov.net\/#\/schema\/person\/7c46f744a99d3f1616b92658282aa934\",\"name\":\"Florent Rrahmani\",\"image\":{\"@type\":\"ImageObject\",\"inLanguage\":\"sr-RS\",\"@id\":\"https:\/\/president-ksgov.net\/#\/schema\/person\/image\/\",\"url\":\"https:\/\/secure.gravatar.com\/avatar\/2545924aa250de68ac8368367a79b663e59571cd131611f54c89b0613a94e230?s=96&d=mm&r=g\",\"contentUrl\":\"https:\/\/secure.gravatar.com\/avatar\/2545924aa250de68ac8368367a79b663e59571cd131611f54c89b0613a94e230?s=96&d=mm&r=g\",\"caption\":\"Florent Rrahmani\"}}]}<\/script>\n<!-- \/ Yoast SEO plugin. -->","yoast_head_json":{"title":"Predsednica Osmani na sastanku do\u010dekala ambasadore zemalja Kvinte i \u0161efa Kancelarije EU - Predsednik Republike Kosovo - DR. VJOSA OSMANI - SADRIU","description":"Predsednica Osmani na sastanku do\u010dekala ambasadore zemalja Kvinte i \u0161efa Kancelarije EU - Predsednik Republike Kosovo - DR. VJOSA OSMANI - SADRIU -","robots":{"index":"index","follow":"follow","max-snippet":"max-snippet:-1","max-image-preview":"max-image-preview:large","max-video-preview":"max-video-preview:-1"},"canonical":"https:\/\/president-ksgov.net\/sr\/predsednica-osmani-na-sastanku-docekala-ambasadore-zemalja-kvinte-i-sefa-kancelarije-eu\/","og_locale":"sr_RS","og_type":"article","og_title":"Predsednica Osmani na sastanku do\u010dekala ambasadore zemalja Kvinte i \u0161efa Kancelarije EU - Predsednik Republike Kosovo - DR. VJOSA OSMANI - SADRIU","og_description":"Predsednica Osmani na sastanku do\u010dekala ambasadore zemalja Kvinte i \u0161efa Kancelarije EU - Predsednik Republike Kosovo - DR. VJOSA OSMANI - SADRIU -","og_url":"https:\/\/president-ksgov.net\/sr\/predsednica-osmani-na-sastanku-docekala-ambasadore-zemalja-kvinte-i-sefa-kancelarije-eu\/","og_site_name":"Predsednik Republike Kosovo - DR. VJOSA OSMANI - SADRIU","article_published_time":"2023-03-06T20:12:08+00:00","article_modified_time":"2023-06-22T07:39:20+00:00","og_image":[{"width":1024,"height":682,"url":"https:\/\/president-ksgov.net\/wp-content\/uploads\/ZPRK-64-6march-1-1024x682.jpg","type":"image\/jpeg"}],"author":"Florent Rrahmani","twitter_card":"summary_large_image","twitter_misc":{"\u041d\u0430\u043f\u0438\u0441\u0430\u043d\u043e \u043e\u0434":"Florent Rrahmani","\u041f\u0440\u043e\u0446\u0435\u045a\u0435\u043d\u043e \u0432\u0440\u0435\u043c\u0435 \u0447\u0438\u0442\u0430\u045a\u0430":"1 \u043c\u0438\u043d\u0443\u0442"},"schema":{"@context":"https:\/\/schema.org","@graph":[{"@type":"WebPage","@id":"https:\/\/president-ksgov.net\/sr\/predsednica-osmani-na-sastanku-docekala-ambasadore-zemalja-kvinte-i-sefa-kancelarije-eu\/","url":"https:\/\/president-ksgov.net\/sr\/predsednica-osmani-na-sastanku-docekala-ambasadore-zemalja-kvinte-i-sefa-kancelarije-eu\/","name":"Predsednica Osmani na sastanku do\u010dekala ambasadore zemalja Kvinte i \u0161efa Kancelarije EU - Predsednik Republike Kosovo - DR. VJOSA OSMANI - SADRIU","isPartOf":{"@id":"https:\/\/president-ksgov.net\/#website"},"primaryImageOfPage":{"@id":"https:\/\/president-ksgov.net\/sr\/predsednica-osmani-na-sastanku-docekala-ambasadore-zemalja-kvinte-i-sefa-kancelarije-eu\/#primaryimage"},"image":{"@id":"https:\/\/president-ksgov.net\/sr\/predsednica-osmani-na-sastanku-docekala-ambasadore-zemalja-kvinte-i-sefa-kancelarije-eu\/#primaryimage"},"thumbnailUrl":"https:\/\/president-ksgov.net\/wp-content\/uploads\/ZPRK-64-6march-1.jpg","datePublished":"2023-03-06T20:12:08+00:00","dateModified":"2023-06-22T07:39:20+00:00","author":{"@id":"https:\/\/president-ksgov.net\/#\/schema\/person\/7c46f744a99d3f1616b92658282aa934"},"description":"Predsednica Osmani na sastanku do\u010dekala ambasadore zemalja Kvinte i \u0161efa Kancelarije EU - Predsednik Republike Kosovo - DR. VJOSA OSMANI - SADRIU -","breadcrumb":{"@id":"https:\/\/president-ksgov.net\/sr\/predsednica-osmani-na-sastanku-docekala-ambasadore-zemalja-kvinte-i-sefa-kancelarije-eu\/#breadcrumb"},"inLanguage":"sr-RS","potentialAction":[{"@type":"ReadAction","target":["https:\/\/president-ksgov.net\/sr\/predsednica-osmani-na-sastanku-docekala-ambasadore-zemalja-kvinte-i-sefa-kancelarije-eu\/"]}]},{"@type":"ImageObject","inLanguage":"sr-RS","@id":"https:\/\/president-ksgov.net\/sr\/predsednica-osmani-na-sastanku-docekala-ambasadore-zemalja-kvinte-i-sefa-kancelarije-eu\/#primaryimage","url":"https:\/\/president-ksgov.net\/wp-content\/uploads\/ZPRK-64-6march-1.jpg","contentUrl":"https:\/\/president-ksgov.net\/wp-content\/uploads\/ZPRK-64-6march-1.jpg","width":2500,"height":1666},{"@type":"BreadcrumbList","@id":"https:\/\/president-ksgov.net\/sr\/predsednica-osmani-na-sastanku-docekala-ambasadore-zemalja-kvinte-i-sefa-kancelarije-eu\/#breadcrumb","itemListElement":[{"@type":"ListItem","position":1,"name":"Home","item":"https:\/\/president-ksgov.net\/sr\/"},{"@type":"ListItem","position":2,"name":"Predsednica Osmani na sastanku do\u010dekala ambasadore zemalja Kvinte i \u0161efa Kancelarije EU"}]},{"@type":"WebSite","@id":"https:\/\/president-ksgov.net\/#website","url":"https:\/\/president-ksgov.net\/","name":"Presidente e Republik\u00ebs s\u00eb Kosov\u00ebs","description":"Presidente e Republik\u00ebs s\u00eb Kosov\u00ebs","alternateName":"DR. VJOSA OSMANI - SADRIU","potentialAction":[{"@type":"SearchAction","target":{"@type":"EntryPoint","urlTemplate":"https:\/\/president-ksgov.net\/?s={search_term_string}"},"query-input":{"@type":"PropertyValueSpecification","valueRequired":true,"valueName":"search_term_string"}}],"inLanguage":"sr-RS"},{"@type":"Person","@id":"https:\/\/president-ksgov.net\/#\/schema\/person\/7c46f744a99d3f1616b92658282aa934","name":"Florent Rrahmani","image":{"@type":"ImageObject","inLanguage":"sr-RS","@id":"https:\/\/president-ksgov.net\/#\/schema\/person\/image\/","url":"https:\/\/secure.gravatar.com\/avatar\/2545924aa250de68ac8368367a79b663e59571cd131611f54c89b0613a94e230?s=96&d=mm&r=g","contentUrl":"https:\/\/secure.gravatar.com\/avatar\/2545924aa250de68ac8368367a79b663e59571cd131611f54c89b0613a94e230?s=96&d=mm&r=g","caption":"Florent Rrahmani"}}]}},"_links":{"self":[{"href":"https:\/\/president-ksgov.net\/sr\/wp-json\/wp\/v2\/posts\/92754","targetHints":{"allow":["GET"]}}],"collection":[{"href":"https:\/\/president-ksgov.net\/sr\/wp-json\/wp\/v2\/posts"}],"about":[{"href":"https:\/\/president-ksgov.net\/sr\/wp-json\/wp\/v2\/types\/post"}],"author":[{"embeddable":true,"href":"https:\/\/president-ksgov.net\/sr\/wp-json\/wp\/v2\/users\/9"}],"replies":[{"embeddable":true,"href":"https:\/\/president-ksgov.net\/sr\/wp-json\/wp\/v2\/comments?post=92754"}],"version-history":[{"count":1,"href":"https:\/\/president-ksgov.net\/sr\/wp-json\/wp\/v2\/posts\/92754\/revisions"}],"predecessor-version":[{"id":92755,"href":"https:\/\/president-ksgov.net\/sr\/wp-json\/wp\/v2\/posts\/92754\/revisions\/92755"}],"wp:featuredmedia":[{"embeddable":true,"href":"https:\/\/president-ksgov.net\/sr\/wp-json\/wp\/v2\/media\/82131"}],"wp:attachment":[{"href":"https:\/\/president-ksgov.net\/sr\/wp-json\/wp\/v2\/media?parent=92754"}],"wp:term":[{"taxonomy":"category","embeddable":true,"href":"https:\/\/president-ksgov.net\/sr\/wp-json\/wp\/v2\/categories?post=92754"},{"taxonomy":"post_tag","embeddable":true,"href":"https:\/\/president-ksgov.net\/sr\/wp-json\/wp\/v2\/tags?post=92754"}],"curies":[{"name":"wp","href":"https:\/\/api.w.org\/{rel}","templated":true}]}}