{"id":92744,"date":"2023-03-06T20:23:14","date_gmt":"2023-03-06T19:23:14","guid":{"rendered":"https:\/\/president-ksgov.net\/?p=92744"},"modified":"2023-06-22T09:25:32","modified_gmt":"2023-06-22T07:25:32","slug":"predsednica-nasa-drzava-je-uspesna-i-vecna-jer-su-temelji-koje-su-postavili-jasharajevi-cvrsti-i-nesalomivi","status":"publish","type":"post","link":"https:\/\/president-ksgov.net\/sr\/predsednica-nasa-drzava-je-uspesna-i-vecna-jer-su-temelji-koje-su-postavili-jasharajevi-cvrsti-i-nesalomivi\/","title":{"rendered":"Predsednica: Na\u0161a dr\u017eava je uspe\u0161na i ve\u010dna jer su temelji koje su postavili Jasharajevi \u010dvrsti i nesalomivi"},"content":{"rendered":"<p>Predsednica Republike Kosovo Vjosa Osmani Sadriu, je zajedno sa predsednikom Skup\u0161tine Kosova Glaukom Konjufcom, premijerom Albinom Kurtijem, kao i ministrima Vlade Kosova, odala danas po\u010dast kod Memorijalnog kompleksa \u201eAdem Jashari\u201c. u Prekazu, povodom Epopeje OVK.<\/p>\n<p>Predsednica Osmani je rekla da smo kao svaki gra\u0111anin Republike Kosovo, kao svaki Albanac bez obzira gde \u017eivi, ovde u istorijskom Prekazu da odamo po\u010dast \u017ertvi, hrabrosti i smelosti porodice Jashari, koju je predvodio legendarni komandant Adem Jashari.<\/p>\n<p>\u201e\u010cija je \u017ertva i hrabrost postavila \u010dvrste temelje na\u0161e dr\u017eave. Na\u0161a zemlja je danas na pravom putu upravo zato \u0161to inspiraciju nalazimo u porodici Jashari. A na\u0161a zemlja \u0107e biti uspe\u0161na i ve\u010dna upravo zato \u0161to su temelji koje su postavili \u010dvrsti i nesalomivi\u201c, rekla je predsednica Osmani.<\/p>\n<p>Predsednica Osmani je dalje rekla da je u ova tri dana Epopeje OVK, ali i svakog dana u godini, je prilika da svi gra\u0111ani Kosova poka\u017eu svoje se\u0107anje na sve \u017eene i decu porodice Jashari koji nisu bili po\u0161te\u0111eni genocidnog re\u017eima Srbije.<\/p>\n<p>\u201eI danas i zapravo na ova tri dana Epopeje OVK, ali svaki dan u godini je prilika da svi gra\u0111ani Kosova poka\u017eu se\u0107anje na sve \u017eene i decu porodice Jashari, koji nisu bili po\u0161te\u0111eni genocidnog re\u017eima Srbije. Kao \u0161to znate, me\u0111u ubijenima je bilo petogodi\u0161nje i \u0161estogodi\u0161nje dece. Naravno, se\u0107anje na njih, na njihovu \u017ertvu, bi\u0107e ve\u010dno za celo Kosovo, koje je danas slobodno zahvaljuju\u0107i ovoj \u017ertvi\u201c, istakla je predsednica.<\/p>\n<p>Potom su predsednica Osmani, predsednik Skup\u0161tine Konjufca i premijer Kurti tako\u0111e posetili porodicu Jashari, gde ih je primio Rifat Jashari.<\/p>\n<p>Ovom prilikom, predsednica Osmani je Rifatu Jashariju uru\u010dila medalju \u201eOrden slobode\u201c, kojim ga je prethodno odlikovala.<\/p>\n","protected":false},"excerpt":{"rendered":"<p>Predsednica Republike Kosovo Vjosa Osmani Sadriu, je zajedno sa predsednikom Skup\u0161tine Kosova Glaukom Konjufcom, premijerom Albinom Kurtijem, kao i ministrima Vlade Kosova, odala danas po\u010dast kod Memorijalnog kompleksa \u201eAdem Jashari\u201c. u Prekazu, povodom Epopeje OVK. Predsednica Osmani je rekla da smo kao svaki gra\u0111anin Republike Kosovo, kao svaki Albanac bez obzira gde \u017eivi, ovde u istorijskom Prekazu da odamo po\u010dast \u017ertvi, hrabrosti i smelosti porodice Jashari, koju je predvodio legendarni komandant Adem Jashari. \u201e\u010cija je \u017ertva i hrabrost postavila \u010dvrste temelje na\u0161e dr\u017eave. Na\u0161a zemlja je danas na pravom putu upravo zato \u0161to inspiraciju nalazimo u porodici Jashari. A na\u0161a zemlja \u0107e biti uspe\u0161na i ve\u010dna upravo zato \u0161to su temelji koje su postavili \u010dvrsti i nesalomivi\u201c, rekla je predsednica Osmani. Predsednica Osmani je dalje rekla da je u ova tri dana Epopeje OVK, ali i svakog dana u godini, je prilika da svi gra\u0111ani Kosova poka\u017eu svoje se\u0107anje na sve \u017eene i decu porodice Jashari koji nisu bili po\u0161te\u0111eni genocidnog re\u017eima Srbije. \u201eI danas i zapravo na ova tri dana Epopeje OVK, ali svaki dan u godini je prilika da svi gra\u0111ani Kosova poka\u017eu se\u0107anje na sve \u017eene i decu porodice Jashari, koji nisu bili po\u0161te\u0111eni genocidnog re\u017eima Srbije. Kao \u0161to znate, me\u0111u ubijenima je bilo petogodi\u0161nje i \u0161estogodi\u0161nje dece. Naravno, se\u0107anje na njih, na njihovu \u017ertvu, bi\u0107e ve\u010dno za celo Kosovo, koje je danas slobodno zahvaljuju\u0107i ovoj \u017ertvi\u201c, istakla je predsednica. Potom su predsednica Osmani, predsednik Skup\u0161tine Konjufca i premijer Kurti tako\u0111e posetili porodicu Jashari, gde ih je primio Rifat Jashari. Ovom prilikom, predsednica Osmani je Rifatu Jashariju uru\u010dila medalju \u201eOrden slobode\u201c, kojim ga je prethodno odlikovala.<\/p>\n","protected":false},"author":9,"featured_media":82074,"comment_status":"open","ping_status":"closed","sticky":false,"template":"","format":"standard","meta":{"_eb_attr":"","footnotes":""},"categories":[101],"tags":[],"class_list":["post-92744","post","type-post","status-publish","format-standard","has-post-thumbnail","hentry","category-vesti"],"yoast_head":"<!-- This site is optimized with the Yoast SEO plugin v23.5 - https:\/\/yoast.com\/wordpress\/plugins\/seo\/ -->\n<title>Predsednica: Na\u0161a dr\u017eava je uspe\u0161na i ve\u010dna jer su temelji koje su postavili Jasharajevi \u010dvrsti i nesalomivi - Predsednik Republike Kosovo - DR. VJOSA OSMANI - SADRIU<\/title>\n<meta name=\"description\" content=\"Predsednica: Na\u0161a dr\u017eava je uspe\u0161na i ve\u010dna jer su temelji koje su postavili Jasharajevi \u010dvrsti i nesalomivi - Predsednik Republike Kosovo - DR. VJOSA OSMANI - SADRIU -\" \/>\n<meta name=\"robots\" content=\"index, follow, max-snippet:-1, max-image-preview:large, max-video-preview:-1\" \/>\n<link rel=\"canonical\" href=\"https:\/\/president-ksgov.net\/sr\/predsednica-nasa-drzava-je-uspesna-i-vecna-jer-su-temelji-koje-su-postavili-jasharajevi-cvrsti-i-nesalomivi\/\" \/>\n<meta property=\"og:locale\" content=\"sr_RS\" \/>\n<meta property=\"og:type\" content=\"article\" \/>\n<meta property=\"og:title\" content=\"Predsednica: Na\u0161a dr\u017eava je uspe\u0161na i ve\u010dna jer su temelji koje su postavili Jasharajevi \u010dvrsti i nesalomivi - Predsednik Republike Kosovo - DR. VJOSA OSMANI - SADRIU\" \/>\n<meta property=\"og:description\" content=\"Predsednica: Na\u0161a dr\u017eava je uspe\u0161na i ve\u010dna jer su temelji koje su postavili Jasharajevi \u010dvrsti i nesalomivi - Predsednik Republike Kosovo - DR. VJOSA OSMANI - SADRIU -\" \/>\n<meta property=\"og:url\" content=\"https:\/\/president-ksgov.net\/sr\/predsednica-nasa-drzava-je-uspesna-i-vecna-jer-su-temelji-koje-su-postavili-jasharajevi-cvrsti-i-nesalomivi\/\" \/>\n<meta property=\"og:site_name\" content=\"Predsednik Republike Kosovo - DR. VJOSA OSMANI - SADRIU\" \/>\n<meta property=\"article:published_time\" content=\"2023-03-06T19:23:14+00:00\" \/>\n<meta property=\"article:modified_time\" content=\"2023-06-22T07:25:32+00:00\" \/>\n<meta property=\"og:image\" content=\"https:\/\/president-ksgov.net\/wp-content\/uploads\/Kompleksi_adem_jashari_1.jpg\" \/>\n\t<meta property=\"og:image:width\" content=\"2000\" \/>\n\t<meta property=\"og:image:height\" content=\"1333\" \/>\n\t<meta property=\"og:image:type\" content=\"image\/jpeg\" \/>\n<meta name=\"author\" content=\"Florent Rrahmani\" \/>\n<meta name=\"twitter:card\" content=\"summary_large_image\" \/>\n<meta name=\"twitter:label1\" content=\"\u041d\u0430\u043f\u0438\u0441\u0430\u043d\u043e \u043e\u0434\" \/>\n\t<meta name=\"twitter:data1\" content=\"Florent Rrahmani\" \/>\n\t<meta name=\"twitter:label2\" content=\"\u041f\u0440\u043e\u0446\u0435\u045a\u0435\u043d\u043e \u0432\u0440\u0435\u043c\u0435 \u0447\u0438\u0442\u0430\u045a\u0430\" \/>\n\t<meta name=\"twitter:data2\" content=\"2 \u043c\u0438\u043d\u0443\u0442\u0430\" \/>\n<script type=\"application\/ld+json\" class=\"yoast-schema-graph\">{\"@context\":\"https:\/\/schema.org\",\"@graph\":[{\"@type\":\"WebPage\",\"@id\":\"https:\/\/president-ksgov.net\/sr\/predsednica-nasa-drzava-je-uspesna-i-vecna-jer-su-temelji-koje-su-postavili-jasharajevi-cvrsti-i-nesalomivi\/\",\"url\":\"https:\/\/president-ksgov.net\/sr\/predsednica-nasa-drzava-je-uspesna-i-vecna-jer-su-temelji-koje-su-postavili-jasharajevi-cvrsti-i-nesalomivi\/\",\"name\":\"Predsednica: Na\u0161a dr\u017eava je uspe\u0161na i ve\u010dna jer su temelji koje su postavili Jasharajevi \u010dvrsti i nesalomivi - Predsednik Republike Kosovo - DR. VJOSA OSMANI - SADRIU\",\"isPartOf\":{\"@id\":\"https:\/\/president-ksgov.net\/#website\"},\"primaryImageOfPage\":{\"@id\":\"https:\/\/president-ksgov.net\/sr\/predsednica-nasa-drzava-je-uspesna-i-vecna-jer-su-temelji-koje-su-postavili-jasharajevi-cvrsti-i-nesalomivi\/#primaryimage\"},\"image\":{\"@id\":\"https:\/\/president-ksgov.net\/sr\/predsednica-nasa-drzava-je-uspesna-i-vecna-jer-su-temelji-koje-su-postavili-jasharajevi-cvrsti-i-nesalomivi\/#primaryimage\"},\"thumbnailUrl\":\"https:\/\/president-ksgov.net\/wp-content\/uploads\/Kompleksi_adem_jashari_1.jpg\",\"datePublished\":\"2023-03-06T19:23:14+00:00\",\"dateModified\":\"2023-06-22T07:25:32+00:00\",\"author\":{\"@id\":\"https:\/\/president-ksgov.net\/#\/schema\/person\/7c46f744a99d3f1616b92658282aa934\"},\"description\":\"Predsednica: Na\u0161a dr\u017eava je uspe\u0161na i ve\u010dna jer su temelji koje su postavili Jasharajevi \u010dvrsti i nesalomivi - Predsednik Republike Kosovo - DR. VJOSA OSMANI - SADRIU -\",\"breadcrumb\":{\"@id\":\"https:\/\/president-ksgov.net\/sr\/predsednica-nasa-drzava-je-uspesna-i-vecna-jer-su-temelji-koje-su-postavili-jasharajevi-cvrsti-i-nesalomivi\/#breadcrumb\"},\"inLanguage\":\"sr-RS\",\"potentialAction\":[{\"@type\":\"ReadAction\",\"target\":[\"https:\/\/president-ksgov.net\/sr\/predsednica-nasa-drzava-je-uspesna-i-vecna-jer-su-temelji-koje-su-postavili-jasharajevi-cvrsti-i-nesalomivi\/\"]}]},{\"@type\":\"ImageObject\",\"inLanguage\":\"sr-RS\",\"@id\":\"https:\/\/president-ksgov.net\/sr\/predsednica-nasa-drzava-je-uspesna-i-vecna-jer-su-temelji-koje-su-postavili-jasharajevi-cvrsti-i-nesalomivi\/#primaryimage\",\"url\":\"https:\/\/president-ksgov.net\/wp-content\/uploads\/Kompleksi_adem_jashari_1.jpg\",\"contentUrl\":\"https:\/\/president-ksgov.net\/wp-content\/uploads\/Kompleksi_adem_jashari_1.jpg\",\"width\":2000,\"height\":1333},{\"@type\":\"BreadcrumbList\",\"@id\":\"https:\/\/president-ksgov.net\/sr\/predsednica-nasa-drzava-je-uspesna-i-vecna-jer-su-temelji-koje-su-postavili-jasharajevi-cvrsti-i-nesalomivi\/#breadcrumb\",\"itemListElement\":[{\"@type\":\"ListItem\",\"position\":1,\"name\":\"Home\",\"item\":\"https:\/\/president-ksgov.net\/sr\/\"},{\"@type\":\"ListItem\",\"position\":2,\"name\":\"Predsednica: Na\u0161a dr\u017eava je uspe\u0161na i ve\u010dna jer su temelji koje su postavili Jasharajevi \u010dvrsti i nesalomivi\"}]},{\"@type\":\"WebSite\",\"@id\":\"https:\/\/president-ksgov.net\/#website\",\"url\":\"https:\/\/president-ksgov.net\/\",\"name\":\"Presidente e Republik\u00ebs s\u00eb Kosov\u00ebs\",\"description\":\"Presidente e Republik\u00ebs s\u00eb Kosov\u00ebs\",\"alternateName\":\"DR. VJOSA OSMANI - SADRIU\",\"potentialAction\":[{\"@type\":\"SearchAction\",\"target\":{\"@type\":\"EntryPoint\",\"urlTemplate\":\"https:\/\/president-ksgov.net\/?s={search_term_string}\"},\"query-input\":{\"@type\":\"PropertyValueSpecification\",\"valueRequired\":true,\"valueName\":\"search_term_string\"}}],\"inLanguage\":\"sr-RS\"},{\"@type\":\"Person\",\"@id\":\"https:\/\/president-ksgov.net\/#\/schema\/person\/7c46f744a99d3f1616b92658282aa934\",\"name\":\"Florent Rrahmani\",\"image\":{\"@type\":\"ImageObject\",\"inLanguage\":\"sr-RS\",\"@id\":\"https:\/\/president-ksgov.net\/#\/schema\/person\/image\/\",\"url\":\"https:\/\/secure.gravatar.com\/avatar\/2545924aa250de68ac8368367a79b663e59571cd131611f54c89b0613a94e230?s=96&d=mm&r=g\",\"contentUrl\":\"https:\/\/secure.gravatar.com\/avatar\/2545924aa250de68ac8368367a79b663e59571cd131611f54c89b0613a94e230?s=96&d=mm&r=g\",\"caption\":\"Florent Rrahmani\"}}]}<\/script>\n<!-- \/ Yoast SEO plugin. -->","yoast_head_json":{"title":"Predsednica: Na\u0161a dr\u017eava je uspe\u0161na i ve\u010dna jer su temelji koje su postavili Jasharajevi \u010dvrsti i nesalomivi - Predsednik Republike Kosovo - DR. VJOSA OSMANI - SADRIU","description":"Predsednica: Na\u0161a dr\u017eava je uspe\u0161na i ve\u010dna jer su temelji koje su postavili Jasharajevi \u010dvrsti i nesalomivi - Predsednik Republike Kosovo - DR. VJOSA OSMANI - SADRIU -","robots":{"index":"index","follow":"follow","max-snippet":"max-snippet:-1","max-image-preview":"max-image-preview:large","max-video-preview":"max-video-preview:-1"},"canonical":"https:\/\/president-ksgov.net\/sr\/predsednica-nasa-drzava-je-uspesna-i-vecna-jer-su-temelji-koje-su-postavili-jasharajevi-cvrsti-i-nesalomivi\/","og_locale":"sr_RS","og_type":"article","og_title":"Predsednica: Na\u0161a dr\u017eava je uspe\u0161na i ve\u010dna jer su temelji koje su postavili Jasharajevi \u010dvrsti i nesalomivi - Predsednik Republike Kosovo - DR. VJOSA OSMANI - SADRIU","og_description":"Predsednica: Na\u0161a dr\u017eava je uspe\u0161na i ve\u010dna jer su temelji koje su postavili Jasharajevi \u010dvrsti i nesalomivi - Predsednik Republike Kosovo - DR. VJOSA OSMANI - SADRIU -","og_url":"https:\/\/president-ksgov.net\/sr\/predsednica-nasa-drzava-je-uspesna-i-vecna-jer-su-temelji-koje-su-postavili-jasharajevi-cvrsti-i-nesalomivi\/","og_site_name":"Predsednik Republike Kosovo - DR. VJOSA OSMANI - SADRIU","article_published_time":"2023-03-06T19:23:14+00:00","article_modified_time":"2023-06-22T07:25:32+00:00","og_image":[{"width":2000,"height":1333,"url":"https:\/\/president-ksgov.net\/wp-content\/uploads\/Kompleksi_adem_jashari_1.jpg","type":"image\/jpeg"}],"author":"Florent Rrahmani","twitter_card":"summary_large_image","twitter_misc":{"\u041d\u0430\u043f\u0438\u0441\u0430\u043d\u043e \u043e\u0434":"Florent Rrahmani","\u041f\u0440\u043e\u0446\u0435\u045a\u0435\u043d\u043e \u0432\u0440\u0435\u043c\u0435 \u0447\u0438\u0442\u0430\u045a\u0430":"2 \u043c\u0438\u043d\u0443\u0442\u0430"},"schema":{"@context":"https:\/\/schema.org","@graph":[{"@type":"WebPage","@id":"https:\/\/president-ksgov.net\/sr\/predsednica-nasa-drzava-je-uspesna-i-vecna-jer-su-temelji-koje-su-postavili-jasharajevi-cvrsti-i-nesalomivi\/","url":"https:\/\/president-ksgov.net\/sr\/predsednica-nasa-drzava-je-uspesna-i-vecna-jer-su-temelji-koje-su-postavili-jasharajevi-cvrsti-i-nesalomivi\/","name":"Predsednica: Na\u0161a dr\u017eava je uspe\u0161na i ve\u010dna jer su temelji koje su postavili Jasharajevi \u010dvrsti i nesalomivi - Predsednik Republike Kosovo - DR. VJOSA OSMANI - SADRIU","isPartOf":{"@id":"https:\/\/president-ksgov.net\/#website"},"primaryImageOfPage":{"@id":"https:\/\/president-ksgov.net\/sr\/predsednica-nasa-drzava-je-uspesna-i-vecna-jer-su-temelji-koje-su-postavili-jasharajevi-cvrsti-i-nesalomivi\/#primaryimage"},"image":{"@id":"https:\/\/president-ksgov.net\/sr\/predsednica-nasa-drzava-je-uspesna-i-vecna-jer-su-temelji-koje-su-postavili-jasharajevi-cvrsti-i-nesalomivi\/#primaryimage"},"thumbnailUrl":"https:\/\/president-ksgov.net\/wp-content\/uploads\/Kompleksi_adem_jashari_1.jpg","datePublished":"2023-03-06T19:23:14+00:00","dateModified":"2023-06-22T07:25:32+00:00","author":{"@id":"https:\/\/president-ksgov.net\/#\/schema\/person\/7c46f744a99d3f1616b92658282aa934"},"description":"Predsednica: Na\u0161a dr\u017eava je uspe\u0161na i ve\u010dna jer su temelji koje su postavili Jasharajevi \u010dvrsti i nesalomivi - Predsednik Republike Kosovo - DR. VJOSA OSMANI - SADRIU -","breadcrumb":{"@id":"https:\/\/president-ksgov.net\/sr\/predsednica-nasa-drzava-je-uspesna-i-vecna-jer-su-temelji-koje-su-postavili-jasharajevi-cvrsti-i-nesalomivi\/#breadcrumb"},"inLanguage":"sr-RS","potentialAction":[{"@type":"ReadAction","target":["https:\/\/president-ksgov.net\/sr\/predsednica-nasa-drzava-je-uspesna-i-vecna-jer-su-temelji-koje-su-postavili-jasharajevi-cvrsti-i-nesalomivi\/"]}]},{"@type":"ImageObject","inLanguage":"sr-RS","@id":"https:\/\/president-ksgov.net\/sr\/predsednica-nasa-drzava-je-uspesna-i-vecna-jer-su-temelji-koje-su-postavili-jasharajevi-cvrsti-i-nesalomivi\/#primaryimage","url":"https:\/\/president-ksgov.net\/wp-content\/uploads\/Kompleksi_adem_jashari_1.jpg","contentUrl":"https:\/\/president-ksgov.net\/wp-content\/uploads\/Kompleksi_adem_jashari_1.jpg","width":2000,"height":1333},{"@type":"BreadcrumbList","@id":"https:\/\/president-ksgov.net\/sr\/predsednica-nasa-drzava-je-uspesna-i-vecna-jer-su-temelji-koje-su-postavili-jasharajevi-cvrsti-i-nesalomivi\/#breadcrumb","itemListElement":[{"@type":"ListItem","position":1,"name":"Home","item":"https:\/\/president-ksgov.net\/sr\/"},{"@type":"ListItem","position":2,"name":"Predsednica: Na\u0161a dr\u017eava je uspe\u0161na i ve\u010dna jer su temelji koje su postavili Jasharajevi \u010dvrsti i nesalomivi"}]},{"@type":"WebSite","@id":"https:\/\/president-ksgov.net\/#website","url":"https:\/\/president-ksgov.net\/","name":"Presidente e Republik\u00ebs s\u00eb Kosov\u00ebs","description":"Presidente e Republik\u00ebs s\u00eb Kosov\u00ebs","alternateName":"DR. VJOSA OSMANI - SADRIU","potentialAction":[{"@type":"SearchAction","target":{"@type":"EntryPoint","urlTemplate":"https:\/\/president-ksgov.net\/?s={search_term_string}"},"query-input":{"@type":"PropertyValueSpecification","valueRequired":true,"valueName":"search_term_string"}}],"inLanguage":"sr-RS"},{"@type":"Person","@id":"https:\/\/president-ksgov.net\/#\/schema\/person\/7c46f744a99d3f1616b92658282aa934","name":"Florent Rrahmani","image":{"@type":"ImageObject","inLanguage":"sr-RS","@id":"https:\/\/president-ksgov.net\/#\/schema\/person\/image\/","url":"https:\/\/secure.gravatar.com\/avatar\/2545924aa250de68ac8368367a79b663e59571cd131611f54c89b0613a94e230?s=96&d=mm&r=g","contentUrl":"https:\/\/secure.gravatar.com\/avatar\/2545924aa250de68ac8368367a79b663e59571cd131611f54c89b0613a94e230?s=96&d=mm&r=g","caption":"Florent Rrahmani"}}]}},"_links":{"self":[{"href":"https:\/\/president-ksgov.net\/sr\/wp-json\/wp\/v2\/posts\/92744","targetHints":{"allow":["GET"]}}],"collection":[{"href":"https:\/\/president-ksgov.net\/sr\/wp-json\/wp\/v2\/posts"}],"about":[{"href":"https:\/\/president-ksgov.net\/sr\/wp-json\/wp\/v2\/types\/post"}],"author":[{"embeddable":true,"href":"https:\/\/president-ksgov.net\/sr\/wp-json\/wp\/v2\/users\/9"}],"replies":[{"embeddable":true,"href":"https:\/\/president-ksgov.net\/sr\/wp-json\/wp\/v2\/comments?post=92744"}],"version-history":[{"count":1,"href":"https:\/\/president-ksgov.net\/sr\/wp-json\/wp\/v2\/posts\/92744\/revisions"}],"predecessor-version":[{"id":92745,"href":"https:\/\/president-ksgov.net\/sr\/wp-json\/wp\/v2\/posts\/92744\/revisions\/92745"}],"wp:featuredmedia":[{"embeddable":true,"href":"https:\/\/president-ksgov.net\/sr\/wp-json\/wp\/v2\/media\/82074"}],"wp:attachment":[{"href":"https:\/\/president-ksgov.net\/sr\/wp-json\/wp\/v2\/media?parent=92744"}],"wp:term":[{"taxonomy":"category","embeddable":true,"href":"https:\/\/president-ksgov.net\/sr\/wp-json\/wp\/v2\/categories?post=92744"},{"taxonomy":"post_tag","embeddable":true,"href":"https:\/\/president-ksgov.net\/sr\/wp-json\/wp\/v2\/tags?post=92744"}],"curies":[{"name":"wp","href":"https:\/\/api.w.org\/{rel}","templated":true}]}}