{"id":92725,"date":"2023-06-20T17:00:44","date_gmt":"2023-06-20T15:00:44","guid":{"rendered":"https:\/\/president-ksgov.net\/?p=92725"},"modified":"2023-06-21T10:55:07","modified_gmt":"2023-06-21T08:55:07","slug":"govor-predsednice-vjose-osmanija-povodom-svetskog-dana-izbeglica","status":"publish","type":"post","link":"https:\/\/president-ksgov.net\/sr\/govor-predsednice-vjose-osmanija-povodom-svetskog-dana-izbeglica\/","title":{"rendered":"Govor predsednice Vjose Osmanija povodom Svetskog dana izbeglica"},"content":{"rendered":"<p>Draga Feride,<br \/>\nDraga Luidmyla,<br \/>\nPo\u0161tovani \u0161efu misije UNHCR-a<br \/>\nPo\u0161tovani u\u010desnici iz Ukrajine, Avganistana i drugih zemalja,<br \/>\nG. narodni advokatu,<br \/>\nPredstavnici institucija,<\/p>\n<p>Po\u010dastvovana sam \u0161to sam danas me\u0111u vama u danu koji budi uspomene, ali i mnogo bola za \u010ditav narod Kosova.<\/p>\n<p>Sudbina mog naroda nas je naterala da 1999. godine, kada je na\u0161a egzistencija bila pod znakom pitanja, do\u017eivimo izbegli\u0161tvo. Kao i svi na Kosovu, skoro kao i svi ostali, i ja sam bila izbeglica, tako da na dana\u0161nji dan ne mogu a da se ne solidari\u0161em sa svim izbeglicama \u0161irom sveta, a posebno sa onima koji su danas na\u0161li uto\u010di\u0161te u na\u0161oj Republici.<\/p>\n<p>Narod Kosova to najbolje ose\u0107a, jer su nam se pre 24 godine otvorila vrata u mnogim zemljama sveta. Ovaj dan nas podse\u0107a koliko je va\u017ena sloboda i siguran \u017eivot.<\/p>\n<p>1999. godina za nas je obele\u017eila ratno poglavlje sa stradanjima, raseljavanjem i velikim ljudskim gubicima. Tako\u0111e slu\u017ei kao o\u0161tar podsetnik na zlo\u010dine koje je po\u010dinila genocidna srpska dr\u017eava u to vreme tokom rata, tako da je od su\u0161tinske va\u017enosti da se setimo ovog mra\u010dnog perioda kako bismo obezbedili da se ovakvi u\u017easi nikada vi\u0161e ne ponove.<\/p>\n<p>Kako je rat eskalirao, usledio je masovni egzodus od skoro milion mu\u0161karaca, \u017eena i dece sa Kosova koji su bili izlo\u017eeni nezamislivim patnjama, \u010dija su ljudska prava bila poga\u017eena, \u010dije postojanje je bilo naru\u0161eno i koje je genocidni re\u017eim Milo\u0161evi\u0107a nasilno proterao.<\/p>\n<p>Bili smo primorani da napustimo svoje domove, ostavljaju\u0107i za sobom sve \u0161to nam je priraslo za srce.<\/p>\n<p>Pri\u010de iz ovog perioda svedo\u010de o otpornosti i snazi ljudskog duha, pred nezamislivim katastrofama koje rat donosi.<\/p>\n<p>U tim mra\u010dnim danima za nas trijumfovao je ljudski duh. Razli\u010diti narodi i zemlje sveta pridru\u017eili su se na\u0161em bolu i solidarizovali su se sa nama otvaraju\u0107i svoja vrata i srca.<\/p>\n<p>Stoga je na\u0161a zajedni\u010dka odgovornost da za\u0161titimo mir, promovi\u0161emo toleranciju i osiguramo da svaki pojedinac, bez obzira na pripadnost ili poreklo, \u017eivi bez straha i progona.<\/p>\n<p>Moramo ostati ujedinjeni u borbi protiv nepravde, da za\u0161titimo prava neza\u0161ti\u0107enih i da se trudimo za svet u kome niko nije primoran da trpi raseljavanje i napu\u0161tanje otad\u017ebine.<br \/>\nNa Svetski dan izbeglica, moramo se okupiti da bismo odali po\u010dast otpornosti, snazi i hrabrosti izbeglica \u0161irom sveta.<\/p>\n<p>To je dan da se prepozna te\u0161ko stanje onih koji su bili primorani da napuste svoje domove zbog ratova, progona ili katastrofa i da se prepozna njihov veliki doprinos dru\u0161tvu.<br \/>\nIzbeglice nisu samo brojevi, ve\u0107 pojedinci sa snovima, te\u017enjama i potencijalom.<\/p>\n<p>Oni oli\u010davaju nesalomivi duh ljudskog opstanka i nepokolebljivu nadu u bolju budu\u0107nost.<\/p>\n<p>Dana\u0161nja Luidmylina izlo\u017eba je upravo dokaz tome jer su, uprkos te\u0161ko\u0107ama sa kojima su se suo\u010davali, uvek primer trijumfa ljudskog duha protiv svakog zla.<br \/>\nNiko ne bira da bude izbeglica. Ali svako mo\u017ee postati izbeglica, svako na svetu mo\u017ee da se suo\u010di sa takvim okolnostima. Okolnosti van njihove kontrole udaljavaju ih od svega \u0161to \u017eele.<br \/>\nIzbeglice nisu samo primaoci pomo\u0107i, ve\u0107 su i nosioci promena. Njihova razli\u010dita iskustva, ve\u0161tine i perspektive oboga\u0107uju na\u0161a dru\u0161tva i unapre\u0111uju kulturnu raznolikost.<\/p>\n<p>Dakle, na ovaj Svetski dan izbeglica, potvrdimo ponovo na\u0161u posve\u0107enost saose\u0107anju i solidarnosti.<\/p>\n<p>Odbacimo strah i podele, i umesto toga prihvatimo razumevanje i po\u0161tovanje.<\/p>\n<p>Pru\u017eaju\u0107i ruku pomo\u0107i izbeglicama, ne samo da olak\u0161avamo njihovu patnju, ve\u0107 i ja\u010damo veze koje nas spajaju.<\/p>\n<p>Na Svetski dan izbeglica, zalo\u017eimo se za za\u0161titu njihovih prava, pristup obrazovanju, zdravstvenoj za\u0161titi i jednakim \u017eivotnim mogu\u0107nostima.<\/p>\n<p>Hajde da ih osna\u017eimo da ponovo izgrade svoje \u017eivote i ostvare svoj potencijal, jer na taj na\u010din stvaramo pravedniji, humaniji i ravnopravniji svet za sve.<\/p>\n<p>Zajedno mo\u017eemo izgraditi budu\u0107nost u kojoj niko nije primoran da be\u017ei, gde je svaki pojedinac cenjen i za\u0161ti\u0107en i gde saose\u0107anje ne poznaje granice.<\/p>\n<p>Budimo zajedno sa izbeglicama, ne samo danas, ve\u0107 svaki dan, dok svaki \u010dovek ne prona\u0111e mir, sigurnost i sigurno uto\u010di\u0161te u svom domu.<\/p>\n<p>Hvala vam!<\/p>\n<p>&nbsp;<\/p>\n","protected":false},"excerpt":{"rendered":"<p>Draga Feride, Draga Luidmyla, Po\u0161tovani \u0161efu misije UNHCR-a Po\u0161tovani u\u010desnici iz Ukrajine, Avganistana i drugih zemalja, G. narodni advokatu, Predstavnici institucija, Po\u010dastvovana sam \u0161to sam danas me\u0111u vama u danu koji budi uspomene, ali i mnogo bola za \u010ditav narod Kosova. Sudbina mog naroda nas je naterala da 1999. godine, kada je na\u0161a egzistencija bila pod znakom pitanja, do\u017eivimo izbegli\u0161tvo. Kao i svi na Kosovu, skoro kao i svi ostali, i ja sam bila izbeglica, tako da na dana\u0161nji dan ne mogu a da se ne solidari\u0161em sa svim izbeglicama \u0161irom sveta, a posebno sa onima koji su danas na\u0161li uto\u010di\u0161te u na\u0161oj Republici. Narod Kosova to najbolje ose\u0107a, jer su nam se pre 24 godine otvorila vrata u mnogim zemljama sveta. Ovaj dan nas podse\u0107a koliko je va\u017ena sloboda i siguran \u017eivot. 1999. godina za nas je obele\u017eila ratno poglavlje sa stradanjima, raseljavanjem i velikim ljudskim gubicima. Tako\u0111e slu\u017ei kao o\u0161tar podsetnik na zlo\u010dine koje je po\u010dinila genocidna srpska dr\u017eava u to vreme tokom rata, tako da je od su\u0161tinske va\u017enosti da se setimo ovog mra\u010dnog perioda kako bismo obezbedili da se ovakvi u\u017easi nikada vi\u0161e ne ponove. Kako je rat eskalirao, usledio je masovni egzodus od skoro milion mu\u0161karaca, \u017eena i dece sa Kosova koji su bili izlo\u017eeni nezamislivim patnjama, \u010dija su ljudska prava bila poga\u017eena, \u010dije postojanje je bilo naru\u0161eno i koje je genocidni re\u017eim Milo\u0161evi\u0107a nasilno proterao. Bili smo primorani da napustimo svoje domove, ostavljaju\u0107i za sobom sve \u0161to nam je priraslo za srce. Pri\u010de iz ovog perioda svedo\u010de o otpornosti i snazi ljudskog duha, pred nezamislivim katastrofama koje rat donosi. U tim mra\u010dnim danima za nas trijumfovao je ljudski duh. Razli\u010diti narodi i zemlje sveta pridru\u017eili su se na\u0161em bolu i solidarizovali su se sa nama otvaraju\u0107i svoja vrata i srca. Stoga je na\u0161a zajedni\u010dka odgovornost da za\u0161titimo mir, promovi\u0161emo toleranciju i osiguramo da svaki pojedinac, bez obzira na pripadnost ili poreklo, \u017eivi bez straha i progona. Moramo ostati ujedinjeni u borbi protiv nepravde, da za\u0161titimo prava neza\u0161ti\u0107enih i da se trudimo za svet u kome niko nije primoran da trpi raseljavanje i napu\u0161tanje otad\u017ebine. Na Svetski dan izbeglica, moramo se okupiti da bismo odali po\u010dast otpornosti, snazi i hrabrosti izbeglica \u0161irom sveta. To je dan da se prepozna te\u0161ko stanje onih koji su bili primorani da napuste svoje domove zbog ratova, progona ili katastrofa i da se prepozna njihov veliki doprinos dru\u0161tvu. Izbeglice nisu samo brojevi, ve\u0107 pojedinci sa snovima, te\u017enjama i potencijalom. Oni oli\u010davaju nesalomivi duh ljudskog opstanka i nepokolebljivu nadu u bolju budu\u0107nost. Dana\u0161nja Luidmylina izlo\u017eba je upravo dokaz tome jer su, uprkos te\u0161ko\u0107ama sa kojima su se suo\u010davali, uvek primer trijumfa ljudskog duha protiv svakog zla. Niko ne bira da bude izbeglica. Ali svako mo\u017ee postati izbeglica, svako na svetu mo\u017ee da se suo\u010di sa takvim okolnostima. Okolnosti van njihove kontrole udaljavaju ih od svega \u0161to \u017eele. Izbeglice nisu samo primaoci pomo\u0107i, ve\u0107 su i nosioci promena. Njihova razli\u010dita iskustva, ve\u0161tine i perspektive oboga\u0107uju na\u0161a dru\u0161tva i unapre\u0111uju kulturnu raznolikost. Dakle, na ovaj Svetski dan izbeglica, potvrdimo ponovo na\u0161u posve\u0107enost saose\u0107anju i solidarnosti. Odbacimo strah i podele, i umesto toga prihvatimo razumevanje i po\u0161tovanje. Pru\u017eaju\u0107i ruku pomo\u0107i izbeglicama, ne samo da olak\u0161avamo njihovu patnju, ve\u0107 i ja\u010damo veze koje nas spajaju. Na Svetski dan izbeglica, zalo\u017eimo se za za\u0161titu njihovih prava, pristup obrazovanju, zdravstvenoj za\u0161titi i jednakim \u017eivotnim mogu\u0107nostima. Hajde da ih osna\u017eimo da ponovo izgrade svoje \u017eivote i ostvare svoj potencijal, jer na taj na\u010din stvaramo pravedniji, humaniji i ravnopravniji svet za sve. Zajedno mo\u017eemo izgraditi budu\u0107nost u kojoj niko nije primoran da be\u017ei, gde je svaki pojedinac cenjen i za\u0161ti\u0107en i gde saose\u0107anje ne poznaje granice. Budimo zajedno sa izbeglicama, ne samo danas, ve\u0107 svaki dan, dok svaki \u010dovek ne prona\u0111e mir, sigurnost i sigurno uto\u010di\u0161te u svom domu. Hvala vam! &nbsp;<\/p>\n","protected":false},"author":9,"featured_media":92670,"comment_status":"open","ping_status":"closed","sticky":false,"template":"","format":"standard","meta":{"_eb_attr":"","footnotes":""},"categories":[106,101],"tags":[],"class_list":["post-92725","post","type-post","status-publish","format-standard","has-post-thumbnail","hentry","category-govori","category-vesti"],"yoast_head":"<!-- This site is optimized with the Yoast SEO plugin v23.5 - https:\/\/yoast.com\/wordpress\/plugins\/seo\/ -->\n<title>Govor predsednice Vjose Osmanija povodom Svetskog dana izbeglica - Predsednik Republike Kosovo - DR. VJOSA OSMANI - SADRIU<\/title>\n<meta name=\"description\" content=\"Govor predsednice Vjose Osmanija povodom Svetskog dana izbeglica - Predsednik Republike Kosovo - DR. VJOSA OSMANI - SADRIU -\" \/>\n<meta name=\"robots\" content=\"index, follow, max-snippet:-1, max-image-preview:large, max-video-preview:-1\" \/>\n<link rel=\"canonical\" href=\"https:\/\/president-ksgov.net\/sr\/govor-predsednice-vjose-osmanija-povodom-svetskog-dana-izbeglica\/\" \/>\n<meta property=\"og:locale\" content=\"sr_RS\" \/>\n<meta property=\"og:type\" content=\"article\" \/>\n<meta property=\"og:title\" content=\"Govor predsednice Vjose Osmanija povodom Svetskog dana izbeglica - Predsednik Republike Kosovo - DR. VJOSA OSMANI - SADRIU\" \/>\n<meta property=\"og:description\" content=\"Govor predsednice Vjose Osmanija povodom Svetskog dana izbeglica - Predsednik Republike Kosovo - DR. VJOSA OSMANI - SADRIU -\" \/>\n<meta property=\"og:url\" content=\"https:\/\/president-ksgov.net\/sr\/govor-predsednice-vjose-osmanija-povodom-svetskog-dana-izbeglica\/\" \/>\n<meta property=\"og:site_name\" content=\"Predsednik Republike Kosovo - DR. VJOSA OSMANI - SADRIU\" \/>\n<meta property=\"article:published_time\" content=\"2023-06-20T15:00:44+00:00\" \/>\n<meta property=\"article:modified_time\" content=\"2023-06-21T08:55:07+00:00\" \/>\n<meta property=\"og:image\" content=\"https:\/\/president-ksgov.net\/wp-content\/uploads\/01-10.jpg\" \/>\n\t<meta property=\"og:image:width\" content=\"2000\" \/>\n\t<meta property=\"og:image:height\" content=\"1333\" \/>\n\t<meta property=\"og:image:type\" content=\"image\/jpeg\" \/>\n<meta name=\"author\" content=\"Florent Rrahmani\" \/>\n<meta name=\"twitter:card\" content=\"summary_large_image\" \/>\n<meta name=\"twitter:label1\" content=\"\u041d\u0430\u043f\u0438\u0441\u0430\u043d\u043e \u043e\u0434\" \/>\n\t<meta name=\"twitter:data1\" content=\"Florent Rrahmani\" \/>\n\t<meta name=\"twitter:label2\" content=\"\u041f\u0440\u043e\u0446\u0435\u045a\u0435\u043d\u043e \u0432\u0440\u0435\u043c\u0435 \u0447\u0438\u0442\u0430\u045a\u0430\" \/>\n\t<meta name=\"twitter:data2\" content=\"4 \u043c\u0438\u043d\u0443\u0442\u0430\" \/>\n<script type=\"application\/ld+json\" class=\"yoast-schema-graph\">{\"@context\":\"https:\/\/schema.org\",\"@graph\":[{\"@type\":\"WebPage\",\"@id\":\"https:\/\/president-ksgov.net\/sr\/govor-predsednice-vjose-osmanija-povodom-svetskog-dana-izbeglica\/\",\"url\":\"https:\/\/president-ksgov.net\/sr\/govor-predsednice-vjose-osmanija-povodom-svetskog-dana-izbeglica\/\",\"name\":\"Govor predsednice Vjose Osmanija povodom Svetskog dana izbeglica - Predsednik Republike Kosovo - DR. VJOSA OSMANI - SADRIU\",\"isPartOf\":{\"@id\":\"https:\/\/president-ksgov.net\/#website\"},\"primaryImageOfPage\":{\"@id\":\"https:\/\/president-ksgov.net\/sr\/govor-predsednice-vjose-osmanija-povodom-svetskog-dana-izbeglica\/#primaryimage\"},\"image\":{\"@id\":\"https:\/\/president-ksgov.net\/sr\/govor-predsednice-vjose-osmanija-povodom-svetskog-dana-izbeglica\/#primaryimage\"},\"thumbnailUrl\":\"https:\/\/president-ksgov.net\/wp-content\/uploads\/01-10.jpg\",\"datePublished\":\"2023-06-20T15:00:44+00:00\",\"dateModified\":\"2023-06-21T08:55:07+00:00\",\"author\":{\"@id\":\"https:\/\/president-ksgov.net\/#\/schema\/person\/7c46f744a99d3f1616b92658282aa934\"},\"description\":\"Govor predsednice Vjose Osmanija povodom Svetskog dana izbeglica - Predsednik Republike Kosovo - DR. VJOSA OSMANI - SADRIU -\",\"breadcrumb\":{\"@id\":\"https:\/\/president-ksgov.net\/sr\/govor-predsednice-vjose-osmanija-povodom-svetskog-dana-izbeglica\/#breadcrumb\"},\"inLanguage\":\"sr-RS\",\"potentialAction\":[{\"@type\":\"ReadAction\",\"target\":[\"https:\/\/president-ksgov.net\/sr\/govor-predsednice-vjose-osmanija-povodom-svetskog-dana-izbeglica\/\"]}]},{\"@type\":\"ImageObject\",\"inLanguage\":\"sr-RS\",\"@id\":\"https:\/\/president-ksgov.net\/sr\/govor-predsednice-vjose-osmanija-povodom-svetskog-dana-izbeglica\/#primaryimage\",\"url\":\"https:\/\/president-ksgov.net\/wp-content\/uploads\/01-10.jpg\",\"contentUrl\":\"https:\/\/president-ksgov.net\/wp-content\/uploads\/01-10.jpg\",\"width\":2000,\"height\":1333},{\"@type\":\"BreadcrumbList\",\"@id\":\"https:\/\/president-ksgov.net\/sr\/govor-predsednice-vjose-osmanija-povodom-svetskog-dana-izbeglica\/#breadcrumb\",\"itemListElement\":[{\"@type\":\"ListItem\",\"position\":1,\"name\":\"Home\",\"item\":\"https:\/\/president-ksgov.net\/sr\/\"},{\"@type\":\"ListItem\",\"position\":2,\"name\":\"Govor predsednice Vjose Osmanija povodom Svetskog dana izbeglica\"}]},{\"@type\":\"WebSite\",\"@id\":\"https:\/\/president-ksgov.net\/#website\",\"url\":\"https:\/\/president-ksgov.net\/\",\"name\":\"Presidente e Republik\u00ebs s\u00eb Kosov\u00ebs\",\"description\":\"Presidente e Republik\u00ebs s\u00eb Kosov\u00ebs\",\"alternateName\":\"DR. VJOSA OSMANI - SADRIU\",\"potentialAction\":[{\"@type\":\"SearchAction\",\"target\":{\"@type\":\"EntryPoint\",\"urlTemplate\":\"https:\/\/president-ksgov.net\/?s={search_term_string}\"},\"query-input\":{\"@type\":\"PropertyValueSpecification\",\"valueRequired\":true,\"valueName\":\"search_term_string\"}}],\"inLanguage\":\"sr-RS\"},{\"@type\":\"Person\",\"@id\":\"https:\/\/president-ksgov.net\/#\/schema\/person\/7c46f744a99d3f1616b92658282aa934\",\"name\":\"Florent Rrahmani\",\"image\":{\"@type\":\"ImageObject\",\"inLanguage\":\"sr-RS\",\"@id\":\"https:\/\/president-ksgov.net\/#\/schema\/person\/image\/\",\"url\":\"https:\/\/secure.gravatar.com\/avatar\/2545924aa250de68ac8368367a79b663e59571cd131611f54c89b0613a94e230?s=96&d=mm&r=g\",\"contentUrl\":\"https:\/\/secure.gravatar.com\/avatar\/2545924aa250de68ac8368367a79b663e59571cd131611f54c89b0613a94e230?s=96&d=mm&r=g\",\"caption\":\"Florent Rrahmani\"}}]}<\/script>\n<!-- \/ Yoast SEO plugin. -->","yoast_head_json":{"title":"Govor predsednice Vjose Osmanija povodom Svetskog dana izbeglica - Predsednik Republike Kosovo - DR. VJOSA OSMANI - SADRIU","description":"Govor predsednice Vjose Osmanija povodom Svetskog dana izbeglica - Predsednik Republike Kosovo - DR. VJOSA OSMANI - SADRIU -","robots":{"index":"index","follow":"follow","max-snippet":"max-snippet:-1","max-image-preview":"max-image-preview:large","max-video-preview":"max-video-preview:-1"},"canonical":"https:\/\/president-ksgov.net\/sr\/govor-predsednice-vjose-osmanija-povodom-svetskog-dana-izbeglica\/","og_locale":"sr_RS","og_type":"article","og_title":"Govor predsednice Vjose Osmanija povodom Svetskog dana izbeglica - Predsednik Republike Kosovo - DR. VJOSA OSMANI - SADRIU","og_description":"Govor predsednice Vjose Osmanija povodom Svetskog dana izbeglica - Predsednik Republike Kosovo - DR. VJOSA OSMANI - SADRIU -","og_url":"https:\/\/president-ksgov.net\/sr\/govor-predsednice-vjose-osmanija-povodom-svetskog-dana-izbeglica\/","og_site_name":"Predsednik Republike Kosovo - DR. VJOSA OSMANI - SADRIU","article_published_time":"2023-06-20T15:00:44+00:00","article_modified_time":"2023-06-21T08:55:07+00:00","og_image":[{"width":2000,"height":1333,"url":"https:\/\/president-ksgov.net\/wp-content\/uploads\/01-10.jpg","type":"image\/jpeg"}],"author":"Florent Rrahmani","twitter_card":"summary_large_image","twitter_misc":{"\u041d\u0430\u043f\u0438\u0441\u0430\u043d\u043e \u043e\u0434":"Florent Rrahmani","\u041f\u0440\u043e\u0446\u0435\u045a\u0435\u043d\u043e \u0432\u0440\u0435\u043c\u0435 \u0447\u0438\u0442\u0430\u045a\u0430":"4 \u043c\u0438\u043d\u0443\u0442\u0430"},"schema":{"@context":"https:\/\/schema.org","@graph":[{"@type":"WebPage","@id":"https:\/\/president-ksgov.net\/sr\/govor-predsednice-vjose-osmanija-povodom-svetskog-dana-izbeglica\/","url":"https:\/\/president-ksgov.net\/sr\/govor-predsednice-vjose-osmanija-povodom-svetskog-dana-izbeglica\/","name":"Govor predsednice Vjose Osmanija povodom Svetskog dana izbeglica - Predsednik Republike Kosovo - DR. VJOSA OSMANI - SADRIU","isPartOf":{"@id":"https:\/\/president-ksgov.net\/#website"},"primaryImageOfPage":{"@id":"https:\/\/president-ksgov.net\/sr\/govor-predsednice-vjose-osmanija-povodom-svetskog-dana-izbeglica\/#primaryimage"},"image":{"@id":"https:\/\/president-ksgov.net\/sr\/govor-predsednice-vjose-osmanija-povodom-svetskog-dana-izbeglica\/#primaryimage"},"thumbnailUrl":"https:\/\/president-ksgov.net\/wp-content\/uploads\/01-10.jpg","datePublished":"2023-06-20T15:00:44+00:00","dateModified":"2023-06-21T08:55:07+00:00","author":{"@id":"https:\/\/president-ksgov.net\/#\/schema\/person\/7c46f744a99d3f1616b92658282aa934"},"description":"Govor predsednice Vjose Osmanija povodom Svetskog dana izbeglica - Predsednik Republike Kosovo - DR. VJOSA OSMANI - SADRIU -","breadcrumb":{"@id":"https:\/\/president-ksgov.net\/sr\/govor-predsednice-vjose-osmanija-povodom-svetskog-dana-izbeglica\/#breadcrumb"},"inLanguage":"sr-RS","potentialAction":[{"@type":"ReadAction","target":["https:\/\/president-ksgov.net\/sr\/govor-predsednice-vjose-osmanija-povodom-svetskog-dana-izbeglica\/"]}]},{"@type":"ImageObject","inLanguage":"sr-RS","@id":"https:\/\/president-ksgov.net\/sr\/govor-predsednice-vjose-osmanija-povodom-svetskog-dana-izbeglica\/#primaryimage","url":"https:\/\/president-ksgov.net\/wp-content\/uploads\/01-10.jpg","contentUrl":"https:\/\/president-ksgov.net\/wp-content\/uploads\/01-10.jpg","width":2000,"height":1333},{"@type":"BreadcrumbList","@id":"https:\/\/president-ksgov.net\/sr\/govor-predsednice-vjose-osmanija-povodom-svetskog-dana-izbeglica\/#breadcrumb","itemListElement":[{"@type":"ListItem","position":1,"name":"Home","item":"https:\/\/president-ksgov.net\/sr\/"},{"@type":"ListItem","position":2,"name":"Govor predsednice Vjose Osmanija povodom Svetskog dana izbeglica"}]},{"@type":"WebSite","@id":"https:\/\/president-ksgov.net\/#website","url":"https:\/\/president-ksgov.net\/","name":"Presidente e Republik\u00ebs s\u00eb Kosov\u00ebs","description":"Presidente e Republik\u00ebs s\u00eb Kosov\u00ebs","alternateName":"DR. VJOSA OSMANI - SADRIU","potentialAction":[{"@type":"SearchAction","target":{"@type":"EntryPoint","urlTemplate":"https:\/\/president-ksgov.net\/?s={search_term_string}"},"query-input":{"@type":"PropertyValueSpecification","valueRequired":true,"valueName":"search_term_string"}}],"inLanguage":"sr-RS"},{"@type":"Person","@id":"https:\/\/president-ksgov.net\/#\/schema\/person\/7c46f744a99d3f1616b92658282aa934","name":"Florent Rrahmani","image":{"@type":"ImageObject","inLanguage":"sr-RS","@id":"https:\/\/president-ksgov.net\/#\/schema\/person\/image\/","url":"https:\/\/secure.gravatar.com\/avatar\/2545924aa250de68ac8368367a79b663e59571cd131611f54c89b0613a94e230?s=96&d=mm&r=g","contentUrl":"https:\/\/secure.gravatar.com\/avatar\/2545924aa250de68ac8368367a79b663e59571cd131611f54c89b0613a94e230?s=96&d=mm&r=g","caption":"Florent Rrahmani"}}]}},"_links":{"self":[{"href":"https:\/\/president-ksgov.net\/sr\/wp-json\/wp\/v2\/posts\/92725","targetHints":{"allow":["GET"]}}],"collection":[{"href":"https:\/\/president-ksgov.net\/sr\/wp-json\/wp\/v2\/posts"}],"about":[{"href":"https:\/\/president-ksgov.net\/sr\/wp-json\/wp\/v2\/types\/post"}],"author":[{"embeddable":true,"href":"https:\/\/president-ksgov.net\/sr\/wp-json\/wp\/v2\/users\/9"}],"replies":[{"embeddable":true,"href":"https:\/\/president-ksgov.net\/sr\/wp-json\/wp\/v2\/comments?post=92725"}],"version-history":[{"count":1,"href":"https:\/\/president-ksgov.net\/sr\/wp-json\/wp\/v2\/posts\/92725\/revisions"}],"predecessor-version":[{"id":92726,"href":"https:\/\/president-ksgov.net\/sr\/wp-json\/wp\/v2\/posts\/92725\/revisions\/92726"}],"wp:featuredmedia":[{"embeddable":true,"href":"https:\/\/president-ksgov.net\/sr\/wp-json\/wp\/v2\/media\/92670"}],"wp:attachment":[{"href":"https:\/\/president-ksgov.net\/sr\/wp-json\/wp\/v2\/media?parent=92725"}],"wp:term":[{"taxonomy":"category","embeddable":true,"href":"https:\/\/president-ksgov.net\/sr\/wp-json\/wp\/v2\/categories?post=92725"},{"taxonomy":"post_tag","embeddable":true,"href":"https:\/\/president-ksgov.net\/sr\/wp-json\/wp\/v2\/tags?post=92725"}],"curies":[{"name":"wp","href":"https:\/\/api.w.org\/{rel}","templated":true}]}}