{"id":92623,"date":"2023-06-18T20:22:15","date_gmt":"2023-06-18T18:22:15","guid":{"rendered":"https:\/\/president-ksgov.net\/?p=92623"},"modified":"2023-06-19T09:30:04","modified_gmt":"2023-06-19T07:30:04","slug":"predsednica-osmani-u-radnoj-poseti-nemackoj","status":"publish","type":"post","link":"https:\/\/president-ksgov.net\/sr\/predsednica-osmani-u-radnoj-poseti-nemackoj\/","title":{"rendered":"Predsednica Osmani u radnoj poseti Nema\u010dkoj"},"content":{"rendered":"<p>Predsednica Republike Kosovo Vjosa Osmani boravila je u Berlinu u radnoj poseti usredsre\u0111enoj na su\u0161tinske razgovore o poslednjim de\u0161avanjima u zemlji, kao i na podr\u0161ku i osna\u017eivanje osoba sa posebnim potrebama.<\/p>\n<p>Predsednica Osmani je u\u010destvovala na Specijalnoj olimpijadi Berlin 2023, kao podr\u0161ka na\u0161im sportistima sa posebnim potrebama. Na ovoj Olimpijadi Republiku Kosovo predstavljaju \u010detiri sportista u disciplini atletika. Podr\u0161ka osobama sa posebnim potrebama jedno je od glavnih stvari kojima se predsednica Osmani bavi i ovom prilikom je istakla da su ovi sportisti primer mo\u0107i razli\u010ditosti, inkluzivnosti i ravnopravnog u\u010de\u0161\u0107a i izuzetne odlu\u010dnosti za vrhunce uspeha.<\/p>\n<p>Na marginama Specijalne olimpijade, predsednica Osmani je razgovarala sa predsednikom Nema\u010dke Frank-Walterom Steinmeierom, kao i sa kancelarom Olafom Scholzom.<\/p>\n<p>U odvojenim razgovorima sa njima, predsednica Osmani je potvrdila spremnost za kontinuiranu saradnju i koordinaciju u cilju o\u010duvanja mira u regionu, i zahvalila se Nema\u010dkoj na \u010dvrstom stavu o osloba\u0111anju trojice policajaca kidnapovanih pre nekoliko dana.<\/p>\n<p>Tokom svog boravka u Berlinu, predsednicu Osmani je na sastanku do\u010dekao predsednik Bundesrata Peter Tschentscher, \u0161to je bio prvi put da je predsednik Republike Kosovo primljen u Bundesrat.<\/p>\n<p>Predsednica Osmani je odr\u017eala i sastanak sa poslanicima Bundestaga iz najve\u0107ih partija koji su ujedno i \u010dlanovi Komisije za spoljne poslove. Na ovim sastancima, predsednica Osmani je govorila o poslednjim de\u0161avanjima u zemlji, bezbednosnim izazovima i zna\u010daju saradnje za njihovo prevazila\u017eenje, kao i daljem produbljivanju saradnje izme\u0111u na\u0161e dve zemlje. U vezi sa poslednjim de\u0161avanjima i koracima napred, predsednica Osmani je odr\u017eao sastanak sa novinarima u okviru Korrespondten.cafe Berlin, a bila je i glavna govornica na okruglom stolu koji je organizovao Aspen Institute Germany.<\/p>\n<p>U duhu promocije i podr\u0161ke sportu, predsednica Osmani posetila je najstariji albanski fudbalski klub u Nema\u010dkoj \u201eFK Liria Berlin\u201c. Ovaj klub, pored toga \u0161to je uspeo da ujedini Albance u dijaspori i odr\u017ei sportski i kulturni \u017eivot u Berlinu, ujedno je i jedini klub iz dijaspore, koji \u0107e od septembra ove godine postati deo futsal Bundeslige.<\/p>\n<p>Predsednica Osmani se sastala i sa mnogim dobro\u010diniteljima Republike Kosovo, kojima je zahvalila na njihovoj nepokolebljivoj podr\u0161ci i posve\u0107enosti produbljivanju saradnje izme\u0111u dve zemlje.<\/p>\n","protected":false},"excerpt":{"rendered":"<p>Predsednica Republike Kosovo Vjosa Osmani boravila je u Berlinu u radnoj poseti usredsre\u0111enoj na su\u0161tinske razgovore o poslednjim de\u0161avanjima u zemlji, kao i na podr\u0161ku i osna\u017eivanje osoba sa posebnim potrebama. Predsednica Osmani je u\u010destvovala na Specijalnoj olimpijadi Berlin 2023, kao podr\u0161ka na\u0161im sportistima sa posebnim potrebama. Na ovoj Olimpijadi Republiku Kosovo predstavljaju \u010detiri sportista u disciplini atletika. Podr\u0161ka osobama sa posebnim potrebama jedno je od glavnih stvari kojima se predsednica Osmani bavi i ovom prilikom je istakla da su ovi sportisti primer mo\u0107i razli\u010ditosti, inkluzivnosti i ravnopravnog u\u010de\u0161\u0107a i izuzetne odlu\u010dnosti za vrhunce uspeha. Na marginama Specijalne olimpijade, predsednica Osmani je razgovarala sa predsednikom Nema\u010dke Frank-Walterom Steinmeierom, kao i sa kancelarom Olafom Scholzom. U odvojenim razgovorima sa njima, predsednica Osmani je potvrdila spremnost za kontinuiranu saradnju i koordinaciju u cilju o\u010duvanja mira u regionu, i zahvalila se Nema\u010dkoj na \u010dvrstom stavu o osloba\u0111anju trojice policajaca kidnapovanih pre nekoliko dana. Tokom svog boravka u Berlinu, predsednicu Osmani je na sastanku do\u010dekao predsednik Bundesrata Peter Tschentscher, \u0161to je bio prvi put da je predsednik Republike Kosovo primljen u Bundesrat. Predsednica Osmani je odr\u017eala i sastanak sa poslanicima Bundestaga iz najve\u0107ih partija koji su ujedno i \u010dlanovi Komisije za spoljne poslove. Na ovim sastancima, predsednica Osmani je govorila o poslednjim de\u0161avanjima u zemlji, bezbednosnim izazovima i zna\u010daju saradnje za njihovo prevazila\u017eenje, kao i daljem produbljivanju saradnje izme\u0111u na\u0161e dve zemlje. U vezi sa poslednjim de\u0161avanjima i koracima napred, predsednica Osmani je odr\u017eao sastanak sa novinarima u okviru Korrespondten.cafe Berlin, a bila je i glavna govornica na okruglom stolu koji je organizovao Aspen Institute Germany. U duhu promocije i podr\u0161ke sportu, predsednica Osmani posetila je najstariji albanski fudbalski klub u Nema\u010dkoj \u201eFK Liria Berlin\u201c. Ovaj klub, pored toga \u0161to je uspeo da ujedini Albance u dijaspori i odr\u017ei sportski i kulturni \u017eivot u Berlinu, ujedno je i jedini klub iz dijaspore, koji \u0107e od septembra ove godine postati deo futsal Bundeslige. Predsednica Osmani se sastala i sa mnogim dobro\u010diniteljima Republike Kosovo, kojima je zahvalila na njihovoj nepokolebljivoj podr\u0161ci i posve\u0107enosti produbljivanju saradnje izme\u0111u dve zemlje.<\/p>\n","protected":false},"author":9,"featured_media":92537,"comment_status":"open","ping_status":"closed","sticky":false,"template":"","format":"standard","meta":{"_eb_attr":"","footnotes":""},"categories":[114,101],"tags":[],"class_list":["post-92623","post","type-post","status-publish","format-standard","has-post-thumbnail","hentry","category-medunarodne-posete","category-vesti"],"yoast_head":"<!-- This site is optimized with the Yoast SEO plugin v23.5 - https:\/\/yoast.com\/wordpress\/plugins\/seo\/ -->\n<title>Predsednica Osmani u radnoj poseti Nema\u010dkoj - Predsednik Republike Kosovo - DR. VJOSA OSMANI - SADRIU<\/title>\n<meta name=\"description\" content=\"Predsednica Osmani u radnoj poseti Nema\u010dkoj - Predsednik Republike Kosovo - DR. VJOSA OSMANI - SADRIU -\" \/>\n<meta name=\"robots\" content=\"index, follow, max-snippet:-1, max-image-preview:large, max-video-preview:-1\" \/>\n<link rel=\"canonical\" href=\"https:\/\/president-ksgov.net\/sr\/predsednica-osmani-u-radnoj-poseti-nemackoj\/\" \/>\n<meta property=\"og:locale\" content=\"sr_RS\" \/>\n<meta property=\"og:type\" content=\"article\" \/>\n<meta property=\"og:title\" content=\"Predsednica Osmani u radnoj poseti Nema\u010dkoj - Predsednik Republike Kosovo - DR. VJOSA OSMANI - SADRIU\" \/>\n<meta property=\"og:description\" content=\"Predsednica Osmani u radnoj poseti Nema\u010dkoj - Predsednik Republike Kosovo - DR. VJOSA OSMANI - SADRIU -\" \/>\n<meta property=\"og:url\" content=\"https:\/\/president-ksgov.net\/sr\/predsednica-osmani-u-radnoj-poseti-nemackoj\/\" \/>\n<meta property=\"og:site_name\" content=\"Predsednik Republike Kosovo - DR. VJOSA OSMANI - SADRIU\" \/>\n<meta property=\"article:published_time\" content=\"2023-06-18T18:22:15+00:00\" \/>\n<meta property=\"article:modified_time\" content=\"2023-06-19T07:30:04+00:00\" \/>\n<meta property=\"og:image\" content=\"https:\/\/president-ksgov.net\/wp-content\/uploads\/1-15.jpg\" \/>\n\t<meta property=\"og:image:width\" content=\"1280\" \/>\n\t<meta property=\"og:image:height\" content=\"1215\" \/>\n\t<meta property=\"og:image:type\" content=\"image\/jpeg\" \/>\n<meta name=\"author\" content=\"Florent Rrahmani\" \/>\n<meta name=\"twitter:card\" content=\"summary_large_image\" \/>\n<meta name=\"twitter:label1\" content=\"\u041d\u0430\u043f\u0438\u0441\u0430\u043d\u043e \u043e\u0434\" \/>\n\t<meta name=\"twitter:data1\" content=\"Florent Rrahmani\" \/>\n\t<meta name=\"twitter:label2\" content=\"\u041f\u0440\u043e\u0446\u0435\u045a\u0435\u043d\u043e \u0432\u0440\u0435\u043c\u0435 \u0447\u0438\u0442\u0430\u045a\u0430\" \/>\n\t<meta name=\"twitter:data2\" content=\"2 \u043c\u0438\u043d\u0443\u0442\u0430\" \/>\n<script type=\"application\/ld+json\" class=\"yoast-schema-graph\">{\"@context\":\"https:\/\/schema.org\",\"@graph\":[{\"@type\":\"WebPage\",\"@id\":\"https:\/\/president-ksgov.net\/sr\/predsednica-osmani-u-radnoj-poseti-nemackoj\/\",\"url\":\"https:\/\/president-ksgov.net\/sr\/predsednica-osmani-u-radnoj-poseti-nemackoj\/\",\"name\":\"Predsednica Osmani u radnoj poseti Nema\u010dkoj - Predsednik Republike Kosovo - DR. VJOSA OSMANI - SADRIU\",\"isPartOf\":{\"@id\":\"https:\/\/president-ksgov.net\/#website\"},\"primaryImageOfPage\":{\"@id\":\"https:\/\/president-ksgov.net\/sr\/predsednica-osmani-u-radnoj-poseti-nemackoj\/#primaryimage\"},\"image\":{\"@id\":\"https:\/\/president-ksgov.net\/sr\/predsednica-osmani-u-radnoj-poseti-nemackoj\/#primaryimage\"},\"thumbnailUrl\":\"https:\/\/president-ksgov.net\/wp-content\/uploads\/1-15.jpg\",\"datePublished\":\"2023-06-18T18:22:15+00:00\",\"dateModified\":\"2023-06-19T07:30:04+00:00\",\"author\":{\"@id\":\"https:\/\/president-ksgov.net\/#\/schema\/person\/7c46f744a99d3f1616b92658282aa934\"},\"description\":\"Predsednica Osmani u radnoj poseti Nema\u010dkoj - Predsednik Republike Kosovo - DR. VJOSA OSMANI - SADRIU -\",\"breadcrumb\":{\"@id\":\"https:\/\/president-ksgov.net\/sr\/predsednica-osmani-u-radnoj-poseti-nemackoj\/#breadcrumb\"},\"inLanguage\":\"sr-RS\",\"potentialAction\":[{\"@type\":\"ReadAction\",\"target\":[\"https:\/\/president-ksgov.net\/sr\/predsednica-osmani-u-radnoj-poseti-nemackoj\/\"]}]},{\"@type\":\"ImageObject\",\"inLanguage\":\"sr-RS\",\"@id\":\"https:\/\/president-ksgov.net\/sr\/predsednica-osmani-u-radnoj-poseti-nemackoj\/#primaryimage\",\"url\":\"https:\/\/president-ksgov.net\/wp-content\/uploads\/1-15.jpg\",\"contentUrl\":\"https:\/\/president-ksgov.net\/wp-content\/uploads\/1-15.jpg\",\"width\":1280,\"height\":1215},{\"@type\":\"BreadcrumbList\",\"@id\":\"https:\/\/president-ksgov.net\/sr\/predsednica-osmani-u-radnoj-poseti-nemackoj\/#breadcrumb\",\"itemListElement\":[{\"@type\":\"ListItem\",\"position\":1,\"name\":\"Home\",\"item\":\"https:\/\/president-ksgov.net\/sr\/\"},{\"@type\":\"ListItem\",\"position\":2,\"name\":\"Predsednica Osmani u radnoj poseti Nema\u010dkoj\"}]},{\"@type\":\"WebSite\",\"@id\":\"https:\/\/president-ksgov.net\/#website\",\"url\":\"https:\/\/president-ksgov.net\/\",\"name\":\"Presidente e Republik\u00ebs s\u00eb Kosov\u00ebs\",\"description\":\"Presidente e Republik\u00ebs s\u00eb Kosov\u00ebs\",\"alternateName\":\"DR. VJOSA OSMANI - SADRIU\",\"potentialAction\":[{\"@type\":\"SearchAction\",\"target\":{\"@type\":\"EntryPoint\",\"urlTemplate\":\"https:\/\/president-ksgov.net\/?s={search_term_string}\"},\"query-input\":{\"@type\":\"PropertyValueSpecification\",\"valueRequired\":true,\"valueName\":\"search_term_string\"}}],\"inLanguage\":\"sr-RS\"},{\"@type\":\"Person\",\"@id\":\"https:\/\/president-ksgov.net\/#\/schema\/person\/7c46f744a99d3f1616b92658282aa934\",\"name\":\"Florent Rrahmani\",\"image\":{\"@type\":\"ImageObject\",\"inLanguage\":\"sr-RS\",\"@id\":\"https:\/\/president-ksgov.net\/#\/schema\/person\/image\/\",\"url\":\"https:\/\/secure.gravatar.com\/avatar\/2545924aa250de68ac8368367a79b663e59571cd131611f54c89b0613a94e230?s=96&d=mm&r=g\",\"contentUrl\":\"https:\/\/secure.gravatar.com\/avatar\/2545924aa250de68ac8368367a79b663e59571cd131611f54c89b0613a94e230?s=96&d=mm&r=g\",\"caption\":\"Florent Rrahmani\"}}]}<\/script>\n<!-- \/ Yoast SEO plugin. -->","yoast_head_json":{"title":"Predsednica Osmani u radnoj poseti Nema\u010dkoj - Predsednik Republike Kosovo - DR. VJOSA OSMANI - SADRIU","description":"Predsednica Osmani u radnoj poseti Nema\u010dkoj - Predsednik Republike Kosovo - DR. VJOSA OSMANI - SADRIU -","robots":{"index":"index","follow":"follow","max-snippet":"max-snippet:-1","max-image-preview":"max-image-preview:large","max-video-preview":"max-video-preview:-1"},"canonical":"https:\/\/president-ksgov.net\/sr\/predsednica-osmani-u-radnoj-poseti-nemackoj\/","og_locale":"sr_RS","og_type":"article","og_title":"Predsednica Osmani u radnoj poseti Nema\u010dkoj - Predsednik Republike Kosovo - DR. VJOSA OSMANI - SADRIU","og_description":"Predsednica Osmani u radnoj poseti Nema\u010dkoj - Predsednik Republike Kosovo - DR. VJOSA OSMANI - SADRIU -","og_url":"https:\/\/president-ksgov.net\/sr\/predsednica-osmani-u-radnoj-poseti-nemackoj\/","og_site_name":"Predsednik Republike Kosovo - DR. VJOSA OSMANI - SADRIU","article_published_time":"2023-06-18T18:22:15+00:00","article_modified_time":"2023-06-19T07:30:04+00:00","og_image":[{"width":1280,"height":1215,"url":"https:\/\/president-ksgov.net\/wp-content\/uploads\/1-15.jpg","type":"image\/jpeg"}],"author":"Florent Rrahmani","twitter_card":"summary_large_image","twitter_misc":{"\u041d\u0430\u043f\u0438\u0441\u0430\u043d\u043e \u043e\u0434":"Florent Rrahmani","\u041f\u0440\u043e\u0446\u0435\u045a\u0435\u043d\u043e \u0432\u0440\u0435\u043c\u0435 \u0447\u0438\u0442\u0430\u045a\u0430":"2 \u043c\u0438\u043d\u0443\u0442\u0430"},"schema":{"@context":"https:\/\/schema.org","@graph":[{"@type":"WebPage","@id":"https:\/\/president-ksgov.net\/sr\/predsednica-osmani-u-radnoj-poseti-nemackoj\/","url":"https:\/\/president-ksgov.net\/sr\/predsednica-osmani-u-radnoj-poseti-nemackoj\/","name":"Predsednica Osmani u radnoj poseti Nema\u010dkoj - Predsednik Republike Kosovo - DR. VJOSA OSMANI - SADRIU","isPartOf":{"@id":"https:\/\/president-ksgov.net\/#website"},"primaryImageOfPage":{"@id":"https:\/\/president-ksgov.net\/sr\/predsednica-osmani-u-radnoj-poseti-nemackoj\/#primaryimage"},"image":{"@id":"https:\/\/president-ksgov.net\/sr\/predsednica-osmani-u-radnoj-poseti-nemackoj\/#primaryimage"},"thumbnailUrl":"https:\/\/president-ksgov.net\/wp-content\/uploads\/1-15.jpg","datePublished":"2023-06-18T18:22:15+00:00","dateModified":"2023-06-19T07:30:04+00:00","author":{"@id":"https:\/\/president-ksgov.net\/#\/schema\/person\/7c46f744a99d3f1616b92658282aa934"},"description":"Predsednica Osmani u radnoj poseti Nema\u010dkoj - Predsednik Republike Kosovo - DR. VJOSA OSMANI - SADRIU -","breadcrumb":{"@id":"https:\/\/president-ksgov.net\/sr\/predsednica-osmani-u-radnoj-poseti-nemackoj\/#breadcrumb"},"inLanguage":"sr-RS","potentialAction":[{"@type":"ReadAction","target":["https:\/\/president-ksgov.net\/sr\/predsednica-osmani-u-radnoj-poseti-nemackoj\/"]}]},{"@type":"ImageObject","inLanguage":"sr-RS","@id":"https:\/\/president-ksgov.net\/sr\/predsednica-osmani-u-radnoj-poseti-nemackoj\/#primaryimage","url":"https:\/\/president-ksgov.net\/wp-content\/uploads\/1-15.jpg","contentUrl":"https:\/\/president-ksgov.net\/wp-content\/uploads\/1-15.jpg","width":1280,"height":1215},{"@type":"BreadcrumbList","@id":"https:\/\/president-ksgov.net\/sr\/predsednica-osmani-u-radnoj-poseti-nemackoj\/#breadcrumb","itemListElement":[{"@type":"ListItem","position":1,"name":"Home","item":"https:\/\/president-ksgov.net\/sr\/"},{"@type":"ListItem","position":2,"name":"Predsednica Osmani u radnoj poseti Nema\u010dkoj"}]},{"@type":"WebSite","@id":"https:\/\/president-ksgov.net\/#website","url":"https:\/\/president-ksgov.net\/","name":"Presidente e Republik\u00ebs s\u00eb Kosov\u00ebs","description":"Presidente e Republik\u00ebs s\u00eb Kosov\u00ebs","alternateName":"DR. VJOSA OSMANI - SADRIU","potentialAction":[{"@type":"SearchAction","target":{"@type":"EntryPoint","urlTemplate":"https:\/\/president-ksgov.net\/?s={search_term_string}"},"query-input":{"@type":"PropertyValueSpecification","valueRequired":true,"valueName":"search_term_string"}}],"inLanguage":"sr-RS"},{"@type":"Person","@id":"https:\/\/president-ksgov.net\/#\/schema\/person\/7c46f744a99d3f1616b92658282aa934","name":"Florent Rrahmani","image":{"@type":"ImageObject","inLanguage":"sr-RS","@id":"https:\/\/president-ksgov.net\/#\/schema\/person\/image\/","url":"https:\/\/secure.gravatar.com\/avatar\/2545924aa250de68ac8368367a79b663e59571cd131611f54c89b0613a94e230?s=96&d=mm&r=g","contentUrl":"https:\/\/secure.gravatar.com\/avatar\/2545924aa250de68ac8368367a79b663e59571cd131611f54c89b0613a94e230?s=96&d=mm&r=g","caption":"Florent Rrahmani"}}]}},"_links":{"self":[{"href":"https:\/\/president-ksgov.net\/sr\/wp-json\/wp\/v2\/posts\/92623","targetHints":{"allow":["GET"]}}],"collection":[{"href":"https:\/\/president-ksgov.net\/sr\/wp-json\/wp\/v2\/posts"}],"about":[{"href":"https:\/\/president-ksgov.net\/sr\/wp-json\/wp\/v2\/types\/post"}],"author":[{"embeddable":true,"href":"https:\/\/president-ksgov.net\/sr\/wp-json\/wp\/v2\/users\/9"}],"replies":[{"embeddable":true,"href":"https:\/\/president-ksgov.net\/sr\/wp-json\/wp\/v2\/comments?post=92623"}],"version-history":[{"count":1,"href":"https:\/\/president-ksgov.net\/sr\/wp-json\/wp\/v2\/posts\/92623\/revisions"}],"predecessor-version":[{"id":92624,"href":"https:\/\/president-ksgov.net\/sr\/wp-json\/wp\/v2\/posts\/92623\/revisions\/92624"}],"wp:featuredmedia":[{"embeddable":true,"href":"https:\/\/president-ksgov.net\/sr\/wp-json\/wp\/v2\/media\/92537"}],"wp:attachment":[{"href":"https:\/\/president-ksgov.net\/sr\/wp-json\/wp\/v2\/media?parent=92623"}],"wp:term":[{"taxonomy":"category","embeddable":true,"href":"https:\/\/president-ksgov.net\/sr\/wp-json\/wp\/v2\/categories?post=92623"},{"taxonomy":"post_tag","embeddable":true,"href":"https:\/\/president-ksgov.net\/sr\/wp-json\/wp\/v2\/tags?post=92623"}],"curies":[{"name":"wp","href":"https:\/\/api.w.org\/{rel}","templated":true}]}}