{"id":91296,"date":"2023-05-27T18:02:30","date_gmt":"2023-05-27T16:02:30","guid":{"rendered":"https:\/\/dev.president-ksgov.net\/?p=91296"},"modified":"2023-05-27T18:49:36","modified_gmt":"2023-05-27T16:49:36","slug":"predsednica-osmani-sastala-se-sa-specijalnim-izaslanikom-nemacke-za-zapadni-balkan-manuelom-sarrazinom","status":"publish","type":"post","link":"https:\/\/president-ksgov.net\/sr\/predsednica-osmani-sastala-se-sa-specijalnim-izaslanikom-nemacke-za-zapadni-balkan-manuelom-sarrazinom\/","title":{"rendered":"Predsednica Osmani sastala se sa specijalnim izaslanikom Nema\u010dke za Zapadni Balkan Manuelom Sarrazinom"},"content":{"rendered":"<div dir=\"auto\">Predsednica Republike Kosovo Vjosa Osmani do\u010dekala je danas na sastanku specijalnog izaslanika Savezne Republike Nema\u010dke za Zapadni Balkan Manuela Sarrazina.<\/div>\n<div dir=\"auto\"><\/div>\n<div dir=\"auto\">\n<div dir=\"auto\">Na sastanku se razgovaralo o poslednjim de\u0161avanjima na severu Republike Kosovo. Predsednica je istakla da zlo\u010dina\u010dke akcije na severu, koje orkestriraju nelegalne strukture koje podr\u017eava Beograd, imaju za cilj da onemogu\u0107e novim predsednicima op\u0161tina na severu zemlje da obavljaju svoje du\u017enosti po zakonu i Ustavu i instrumentalizuju lokalnog srpskog stanovni\u0161tva kako bi se stvorio institucionalni vakuum, op\u0161ta klima straha i nesigurnosti.<\/div>\n<div dir=\"auto\"><\/div>\n<div dir=\"auto\">\n<div dir=\"auto\">Uprkos ovim naporima, Kosovo je poslednjih meseci preduzelo akcije za pobolj\u0161anje situacije nakon ostavke predsednika op\u0161tina na severu zemlje u novembru pro\u0161le godine, a demokratski i pravni procesi su nastavljeni u skladu sa zakonom i Ustavom.<\/div>\n<div dir=\"auto\"><\/div>\n<div dir=\"auto\">Predsjednica Osmani je istakla va\u017enost podr\u0161ke me\u0111unarodih saveznika i stalne koordinacije sa njima u naporima za trajni mir, sigurnost i stabilnost.<\/div>\n<div dir=\"auto\"><\/div>\n<div dir=\"auto\">Predsednica Osmani je ponovila da je delovanje kosovske policije prema Vu\u010di\u0107evim nelegalnim strukturama i kriminalnim grupama legitimno, u okvirima ispunjavanja njihovih ustavnih du\u017enosti i \u00a0odbrane svih gra\u0111ana, bez razlike. Kosovo ostaje posve\u0107eno evropskim vrednostima funkcionisanja kao gra\u0111anska dr\u017eava \u010duvaju\u0107i svoj multietni\u010dki karakter i svojih institucija.<\/div>\n<\/div>\n<\/div>\n","protected":false},"excerpt":{"rendered":"<p>Predsednica Republike Kosovo Vjosa Osmani do\u010dekala je danas na sastanku specijalnog izaslanika Savezne Republike Nema\u010dke za Zapadni Balkan Manuela Sarrazina. Na sastanku se razgovaralo o poslednjim de\u0161avanjima na severu Republike Kosovo. Predsednica je istakla da zlo\u010dina\u010dke akcije na severu, koje orkestriraju nelegalne strukture koje podr\u017eava Beograd, imaju za cilj da onemogu\u0107e novim predsednicima op\u0161tina na severu zemlje da obavljaju svoje du\u017enosti po zakonu i Ustavu i instrumentalizuju lokalnog srpskog stanovni\u0161tva kako bi se stvorio institucionalni vakuum, op\u0161ta klima straha i nesigurnosti. Uprkos ovim naporima, Kosovo je poslednjih meseci preduzelo akcije za pobolj\u0161anje situacije nakon ostavke predsednika op\u0161tina na severu zemlje u novembru pro\u0161le godine, a demokratski i pravni procesi su nastavljeni u skladu sa zakonom i Ustavom. Predsjednica Osmani je istakla va\u017enost podr\u0161ke me\u0111unarodih saveznika i stalne koordinacije sa njima u naporima za trajni mir, sigurnost i stabilnost. Predsednica Osmani je ponovila da je delovanje kosovske policije prema Vu\u010di\u0107evim nelegalnim strukturama i kriminalnim grupama legitimno, u okvirima ispunjavanja njihovih ustavnih du\u017enosti i \u00a0odbrane svih gra\u0111ana, bez razlike. Kosovo ostaje posve\u0107eno evropskim vrednostima funkcionisanja kao gra\u0111anska dr\u017eava \u010duvaju\u0107i svoj multietni\u010dki karakter i svojih institucija.<\/p>\n","protected":false},"author":11,"featured_media":91290,"comment_status":"open","ping_status":"closed","sticky":false,"template":"","format":"standard","meta":{"_eb_attr":"","footnotes":""},"categories":[101],"tags":[],"class_list":["post-91296","post","type-post","status-publish","format-standard","has-post-thumbnail","hentry","category-vesti"],"yoast_head":"<!-- This site is optimized with the Yoast SEO plugin v23.5 - https:\/\/yoast.com\/wordpress\/plugins\/seo\/ -->\n<title>Predsednica Osmani sastala se sa specijalnim izaslanikom Nema\u010dke za Zapadni Balkan Manuelom Sarrazinom - Predsednik Republike Kosovo - DR. VJOSA OSMANI - SADRIU<\/title>\n<meta name=\"description\" content=\"Predsednica Osmani sastala se sa specijalnim izaslanikom Nema\u010dke za Zapadni Balkan Manuelom Sarrazinom - Predsednik Republike Kosovo - DR. VJOSA OSMANI - SADRIU -\" \/>\n<meta name=\"robots\" content=\"index, follow, max-snippet:-1, max-image-preview:large, max-video-preview:-1\" \/>\n<link rel=\"canonical\" href=\"https:\/\/president-ksgov.net\/sr\/predsednica-osmani-sastala-se-sa-specijalnim-izaslanikom-nemacke-za-zapadni-balkan-manuelom-sarrazinom\/\" \/>\n<meta property=\"og:locale\" content=\"sr_RS\" \/>\n<meta property=\"og:type\" content=\"article\" \/>\n<meta property=\"og:title\" content=\"Predsednica Osmani sastala se sa specijalnim izaslanikom Nema\u010dke za Zapadni Balkan Manuelom Sarrazinom - Predsednik Republike Kosovo - DR. VJOSA OSMANI - SADRIU\" \/>\n<meta property=\"og:description\" content=\"Predsednica Osmani sastala se sa specijalnim izaslanikom Nema\u010dke za Zapadni Balkan Manuelom Sarrazinom - Predsednik Republike Kosovo - DR. VJOSA OSMANI - SADRIU -\" \/>\n<meta property=\"og:url\" content=\"https:\/\/president-ksgov.net\/sr\/predsednica-osmani-sastala-se-sa-specijalnim-izaslanikom-nemacke-za-zapadni-balkan-manuelom-sarrazinom\/\" \/>\n<meta property=\"og:site_name\" content=\"Predsednik Republike Kosovo - DR. VJOSA OSMANI - SADRIU\" \/>\n<meta property=\"article:published_time\" content=\"2023-05-27T16:02:30+00:00\" \/>\n<meta property=\"article:modified_time\" content=\"2023-05-27T16:49:36+00:00\" \/>\n<meta property=\"og:image\" content=\"https:\/\/president-ksgov.net\/wp-content\/uploads\/DSC_4412.jpg\" \/>\n\t<meta property=\"og:image:width\" content=\"2048\" \/>\n\t<meta property=\"og:image:height\" content=\"1365\" \/>\n\t<meta property=\"og:image:type\" content=\"image\/jpeg\" \/>\n<meta name=\"author\" content=\"presidentlogin\" \/>\n<meta name=\"twitter:card\" content=\"summary_large_image\" \/>\n<meta name=\"twitter:label1\" content=\"\u041d\u0430\u043f\u0438\u0441\u0430\u043d\u043e \u043e\u0434\" \/>\n\t<meta name=\"twitter:data1\" content=\"presidentlogin\" \/>\n\t<meta name=\"twitter:label2\" content=\"\u041f\u0440\u043e\u0446\u0435\u045a\u0435\u043d\u043e \u0432\u0440\u0435\u043c\u0435 \u0447\u0438\u0442\u0430\u045a\u0430\" \/>\n\t<meta name=\"twitter:data2\" content=\"1 \u043c\u0438\u043d\u0443\u0442\" \/>\n<script type=\"application\/ld+json\" class=\"yoast-schema-graph\">{\"@context\":\"https:\/\/schema.org\",\"@graph\":[{\"@type\":\"WebPage\",\"@id\":\"https:\/\/president-ksgov.net\/sr\/predsednica-osmani-sastala-se-sa-specijalnim-izaslanikom-nemacke-za-zapadni-balkan-manuelom-sarrazinom\/\",\"url\":\"https:\/\/president-ksgov.net\/sr\/predsednica-osmani-sastala-se-sa-specijalnim-izaslanikom-nemacke-za-zapadni-balkan-manuelom-sarrazinom\/\",\"name\":\"Predsednica Osmani sastala se sa specijalnim izaslanikom Nema\u010dke za Zapadni Balkan Manuelom Sarrazinom - Predsednik Republike Kosovo - DR. VJOSA OSMANI - SADRIU\",\"isPartOf\":{\"@id\":\"https:\/\/president-ksgov.net\/#website\"},\"primaryImageOfPage\":{\"@id\":\"https:\/\/president-ksgov.net\/sr\/predsednica-osmani-sastala-se-sa-specijalnim-izaslanikom-nemacke-za-zapadni-balkan-manuelom-sarrazinom\/#primaryimage\"},\"image\":{\"@id\":\"https:\/\/president-ksgov.net\/sr\/predsednica-osmani-sastala-se-sa-specijalnim-izaslanikom-nemacke-za-zapadni-balkan-manuelom-sarrazinom\/#primaryimage\"},\"thumbnailUrl\":\"https:\/\/president-ksgov.net\/wp-content\/uploads\/DSC_4412.jpg\",\"datePublished\":\"2023-05-27T16:02:30+00:00\",\"dateModified\":\"2023-05-27T16:49:36+00:00\",\"author\":{\"@id\":\"https:\/\/president-ksgov.net\/#\/schema\/person\/1a2c014cffc81ec60d5a452a36d08d92\"},\"description\":\"Predsednica Osmani sastala se sa specijalnim izaslanikom Nema\u010dke za Zapadni Balkan Manuelom Sarrazinom - Predsednik Republike Kosovo - DR. VJOSA OSMANI - SADRIU -\",\"breadcrumb\":{\"@id\":\"https:\/\/president-ksgov.net\/sr\/predsednica-osmani-sastala-se-sa-specijalnim-izaslanikom-nemacke-za-zapadni-balkan-manuelom-sarrazinom\/#breadcrumb\"},\"inLanguage\":\"sr-RS\",\"potentialAction\":[{\"@type\":\"ReadAction\",\"target\":[\"https:\/\/president-ksgov.net\/sr\/predsednica-osmani-sastala-se-sa-specijalnim-izaslanikom-nemacke-za-zapadni-balkan-manuelom-sarrazinom\/\"]}]},{\"@type\":\"ImageObject\",\"inLanguage\":\"sr-RS\",\"@id\":\"https:\/\/president-ksgov.net\/sr\/predsednica-osmani-sastala-se-sa-specijalnim-izaslanikom-nemacke-za-zapadni-balkan-manuelom-sarrazinom\/#primaryimage\",\"url\":\"https:\/\/president-ksgov.net\/wp-content\/uploads\/DSC_4412.jpg\",\"contentUrl\":\"https:\/\/president-ksgov.net\/wp-content\/uploads\/DSC_4412.jpg\",\"width\":2048,\"height\":1365},{\"@type\":\"BreadcrumbList\",\"@id\":\"https:\/\/president-ksgov.net\/sr\/predsednica-osmani-sastala-se-sa-specijalnim-izaslanikom-nemacke-za-zapadni-balkan-manuelom-sarrazinom\/#breadcrumb\",\"itemListElement\":[{\"@type\":\"ListItem\",\"position\":1,\"name\":\"Home\",\"item\":\"https:\/\/president-ksgov.net\/sr\/\"},{\"@type\":\"ListItem\",\"position\":2,\"name\":\"Predsednica Osmani sastala se sa specijalnim izaslanikom Nema\u010dke za Zapadni Balkan Manuelom Sarrazinom\"}]},{\"@type\":\"WebSite\",\"@id\":\"https:\/\/president-ksgov.net\/#website\",\"url\":\"https:\/\/president-ksgov.net\/\",\"name\":\"Presidente e Republik\u00ebs s\u00eb Kosov\u00ebs\",\"description\":\"Presidente e Republik\u00ebs s\u00eb Kosov\u00ebs\",\"alternateName\":\"DR. VJOSA OSMANI - SADRIU\",\"potentialAction\":[{\"@type\":\"SearchAction\",\"target\":{\"@type\":\"EntryPoint\",\"urlTemplate\":\"https:\/\/president-ksgov.net\/?s={search_term_string}\"},\"query-input\":{\"@type\":\"PropertyValueSpecification\",\"valueRequired\":true,\"valueName\":\"search_term_string\"}}],\"inLanguage\":\"sr-RS\"},{\"@type\":\"Person\",\"@id\":\"https:\/\/president-ksgov.net\/#\/schema\/person\/1a2c014cffc81ec60d5a452a36d08d92\",\"name\":\"presidentlogin\",\"image\":{\"@type\":\"ImageObject\",\"inLanguage\":\"sr-RS\",\"@id\":\"https:\/\/president-ksgov.net\/#\/schema\/person\/image\/\",\"url\":\"https:\/\/secure.gravatar.com\/avatar\/339f00ab0a8a0d5ce1ecff10aa2b4a1f51f58bbd5a57793f8cd6ad624080d807?s=96&d=mm&r=g\",\"contentUrl\":\"https:\/\/secure.gravatar.com\/avatar\/339f00ab0a8a0d5ce1ecff10aa2b4a1f51f58bbd5a57793f8cd6ad624080d807?s=96&d=mm&r=g\",\"caption\":\"presidentlogin\"}}]}<\/script>\n<!-- \/ Yoast SEO plugin. -->","yoast_head_json":{"title":"Predsednica Osmani sastala se sa specijalnim izaslanikom Nema\u010dke za Zapadni Balkan Manuelom Sarrazinom - Predsednik Republike Kosovo - DR. VJOSA OSMANI - SADRIU","description":"Predsednica Osmani sastala se sa specijalnim izaslanikom Nema\u010dke za Zapadni Balkan Manuelom Sarrazinom - Predsednik Republike Kosovo - DR. VJOSA OSMANI - SADRIU -","robots":{"index":"index","follow":"follow","max-snippet":"max-snippet:-1","max-image-preview":"max-image-preview:large","max-video-preview":"max-video-preview:-1"},"canonical":"https:\/\/president-ksgov.net\/sr\/predsednica-osmani-sastala-se-sa-specijalnim-izaslanikom-nemacke-za-zapadni-balkan-manuelom-sarrazinom\/","og_locale":"sr_RS","og_type":"article","og_title":"Predsednica Osmani sastala se sa specijalnim izaslanikom Nema\u010dke za Zapadni Balkan Manuelom Sarrazinom - Predsednik Republike Kosovo - DR. VJOSA OSMANI - SADRIU","og_description":"Predsednica Osmani sastala se sa specijalnim izaslanikom Nema\u010dke za Zapadni Balkan Manuelom Sarrazinom - Predsednik Republike Kosovo - DR. VJOSA OSMANI - SADRIU -","og_url":"https:\/\/president-ksgov.net\/sr\/predsednica-osmani-sastala-se-sa-specijalnim-izaslanikom-nemacke-za-zapadni-balkan-manuelom-sarrazinom\/","og_site_name":"Predsednik Republike Kosovo - DR. VJOSA OSMANI - SADRIU","article_published_time":"2023-05-27T16:02:30+00:00","article_modified_time":"2023-05-27T16:49:36+00:00","og_image":[{"width":2048,"height":1365,"url":"https:\/\/president-ksgov.net\/wp-content\/uploads\/DSC_4412.jpg","type":"image\/jpeg"}],"author":"presidentlogin","twitter_card":"summary_large_image","twitter_misc":{"\u041d\u0430\u043f\u0438\u0441\u0430\u043d\u043e \u043e\u0434":"presidentlogin","\u041f\u0440\u043e\u0446\u0435\u045a\u0435\u043d\u043e \u0432\u0440\u0435\u043c\u0435 \u0447\u0438\u0442\u0430\u045a\u0430":"1 \u043c\u0438\u043d\u0443\u0442"},"schema":{"@context":"https:\/\/schema.org","@graph":[{"@type":"WebPage","@id":"https:\/\/president-ksgov.net\/sr\/predsednica-osmani-sastala-se-sa-specijalnim-izaslanikom-nemacke-za-zapadni-balkan-manuelom-sarrazinom\/","url":"https:\/\/president-ksgov.net\/sr\/predsednica-osmani-sastala-se-sa-specijalnim-izaslanikom-nemacke-za-zapadni-balkan-manuelom-sarrazinom\/","name":"Predsednica Osmani sastala se sa specijalnim izaslanikom Nema\u010dke za Zapadni Balkan Manuelom Sarrazinom - Predsednik Republike Kosovo - DR. VJOSA OSMANI - SADRIU","isPartOf":{"@id":"https:\/\/president-ksgov.net\/#website"},"primaryImageOfPage":{"@id":"https:\/\/president-ksgov.net\/sr\/predsednica-osmani-sastala-se-sa-specijalnim-izaslanikom-nemacke-za-zapadni-balkan-manuelom-sarrazinom\/#primaryimage"},"image":{"@id":"https:\/\/president-ksgov.net\/sr\/predsednica-osmani-sastala-se-sa-specijalnim-izaslanikom-nemacke-za-zapadni-balkan-manuelom-sarrazinom\/#primaryimage"},"thumbnailUrl":"https:\/\/president-ksgov.net\/wp-content\/uploads\/DSC_4412.jpg","datePublished":"2023-05-27T16:02:30+00:00","dateModified":"2023-05-27T16:49:36+00:00","author":{"@id":"https:\/\/president-ksgov.net\/#\/schema\/person\/1a2c014cffc81ec60d5a452a36d08d92"},"description":"Predsednica Osmani sastala se sa specijalnim izaslanikom Nema\u010dke za Zapadni Balkan Manuelom Sarrazinom - Predsednik Republike Kosovo - DR. VJOSA OSMANI - SADRIU -","breadcrumb":{"@id":"https:\/\/president-ksgov.net\/sr\/predsednica-osmani-sastala-se-sa-specijalnim-izaslanikom-nemacke-za-zapadni-balkan-manuelom-sarrazinom\/#breadcrumb"},"inLanguage":"sr-RS","potentialAction":[{"@type":"ReadAction","target":["https:\/\/president-ksgov.net\/sr\/predsednica-osmani-sastala-se-sa-specijalnim-izaslanikom-nemacke-za-zapadni-balkan-manuelom-sarrazinom\/"]}]},{"@type":"ImageObject","inLanguage":"sr-RS","@id":"https:\/\/president-ksgov.net\/sr\/predsednica-osmani-sastala-se-sa-specijalnim-izaslanikom-nemacke-za-zapadni-balkan-manuelom-sarrazinom\/#primaryimage","url":"https:\/\/president-ksgov.net\/wp-content\/uploads\/DSC_4412.jpg","contentUrl":"https:\/\/president-ksgov.net\/wp-content\/uploads\/DSC_4412.jpg","width":2048,"height":1365},{"@type":"BreadcrumbList","@id":"https:\/\/president-ksgov.net\/sr\/predsednica-osmani-sastala-se-sa-specijalnim-izaslanikom-nemacke-za-zapadni-balkan-manuelom-sarrazinom\/#breadcrumb","itemListElement":[{"@type":"ListItem","position":1,"name":"Home","item":"https:\/\/president-ksgov.net\/sr\/"},{"@type":"ListItem","position":2,"name":"Predsednica Osmani sastala se sa specijalnim izaslanikom Nema\u010dke za Zapadni Balkan Manuelom Sarrazinom"}]},{"@type":"WebSite","@id":"https:\/\/president-ksgov.net\/#website","url":"https:\/\/president-ksgov.net\/","name":"Presidente e Republik\u00ebs s\u00eb Kosov\u00ebs","description":"Presidente e Republik\u00ebs s\u00eb Kosov\u00ebs","alternateName":"DR. VJOSA OSMANI - SADRIU","potentialAction":[{"@type":"SearchAction","target":{"@type":"EntryPoint","urlTemplate":"https:\/\/president-ksgov.net\/?s={search_term_string}"},"query-input":{"@type":"PropertyValueSpecification","valueRequired":true,"valueName":"search_term_string"}}],"inLanguage":"sr-RS"},{"@type":"Person","@id":"https:\/\/president-ksgov.net\/#\/schema\/person\/1a2c014cffc81ec60d5a452a36d08d92","name":"presidentlogin","image":{"@type":"ImageObject","inLanguage":"sr-RS","@id":"https:\/\/president-ksgov.net\/#\/schema\/person\/image\/","url":"https:\/\/secure.gravatar.com\/avatar\/339f00ab0a8a0d5ce1ecff10aa2b4a1f51f58bbd5a57793f8cd6ad624080d807?s=96&d=mm&r=g","contentUrl":"https:\/\/secure.gravatar.com\/avatar\/339f00ab0a8a0d5ce1ecff10aa2b4a1f51f58bbd5a57793f8cd6ad624080d807?s=96&d=mm&r=g","caption":"presidentlogin"}}]}},"_links":{"self":[{"href":"https:\/\/president-ksgov.net\/sr\/wp-json\/wp\/v2\/posts\/91296","targetHints":{"allow":["GET"]}}],"collection":[{"href":"https:\/\/president-ksgov.net\/sr\/wp-json\/wp\/v2\/posts"}],"about":[{"href":"https:\/\/president-ksgov.net\/sr\/wp-json\/wp\/v2\/types\/post"}],"author":[{"embeddable":true,"href":"https:\/\/president-ksgov.net\/sr\/wp-json\/wp\/v2\/users\/11"}],"replies":[{"embeddable":true,"href":"https:\/\/president-ksgov.net\/sr\/wp-json\/wp\/v2\/comments?post=91296"}],"version-history":[{"count":1,"href":"https:\/\/president-ksgov.net\/sr\/wp-json\/wp\/v2\/posts\/91296\/revisions"}],"predecessor-version":[{"id":91297,"href":"https:\/\/president-ksgov.net\/sr\/wp-json\/wp\/v2\/posts\/91296\/revisions\/91297"}],"wp:featuredmedia":[{"embeddable":true,"href":"https:\/\/president-ksgov.net\/sr\/wp-json\/wp\/v2\/media\/91290"}],"wp:attachment":[{"href":"https:\/\/president-ksgov.net\/sr\/wp-json\/wp\/v2\/media?parent=91296"}],"wp:term":[{"taxonomy":"category","embeddable":true,"href":"https:\/\/president-ksgov.net\/sr\/wp-json\/wp\/v2\/categories?post=91296"},{"taxonomy":"post_tag","embeddable":true,"href":"https:\/\/president-ksgov.net\/sr\/wp-json\/wp\/v2\/tags?post=91296"}],"curies":[{"name":"wp","href":"https:\/\/api.w.org\/{rel}","templated":true}]}}