{"id":91046,"date":"2023-05-22T18:32:19","date_gmt":"2023-05-22T16:32:19","guid":{"rendered":"https:\/\/dev.president-ksgov.net\/?p=91046"},"modified":"2023-05-23T11:41:17","modified_gmt":"2023-05-23T09:41:17","slug":"predsednica-osmani-priseca-se-24-godisnjice-masakra-u-gradu-vucitrnu","status":"publish","type":"post","link":"https:\/\/president-ksgov.net\/sr\/predsednica-osmani-priseca-se-24-godisnjice-masakra-u-gradu-vucitrnu\/","title":{"rendered":"Predsednica Osmani prise\u0107a se 24. godi\u0161njice masakra u gradu Vu\u010ditrnu"},"content":{"rendered":"<p>Poku\u0161aj istrebljenja i etni\u010dkog \u010di\u0161\u0107enja od strane genocidnog re\u017eima Srbije manifestovao se i 22. maja 1999. godine, kada su stanovnici ulice koja je tada nosila naziv \u201eAbdullah Shabani\u201c u Vu\u010ditrnu nasilno iseljeni iz svojih domova. Njih 68, uklju\u010duju\u0107i decu i starce, zato\u010deno je u ku\u0107i Kahrimana Pasome i nakon varvarskog mu\u010denja surovo pogubljeno.<\/p>\n<section class=\"content list-article list-article-full\">\n<article class=\"full\">\n<div>Po zavr\u0161etku rata, tela ve\u0107ine ubijenih prona\u0111ena su na masovnoj grobnici u Batajnici u Srbiji, s ciljem brisanja traga zlo\u010dinu.<\/p>\n<p>A ostale stanovnike ovog naselja okupili su na gradskom groblju i nakon \u0161to su ih oplja\u010dkali, neke od njih strpali u sportsku dvoranu i mu\u010dili, druge u zatvor u Smrekonici, dok su neki proterani u Albaniju.<\/p>\n<p>Sloboda i mir \u0107e imati zna\u010denje kada pravda za \u017ertve bude zadovoljena.<\/p>\n<p>Trajno se\u0107anje i po\u0161tovanje mu\u010denicima, kao i nepokolebljivo anga\u017eovanje tome da se ovaj zlo\u010din kazni izvo\u0111enjem pred lice pravde.<\/p><\/div>\n<\/article>\n<\/section>\n<div class=\"right-panel\">\n<div class=\"social-holder rightpanel\">\n<div class=\"fb-plugin\">\n<div id=\"fb-root\" class=\" fb_reset\">\n<div>\n<div><\/div>\n<\/div>\n<\/div>\n<\/div>\n<\/div>\n<\/div>\n","protected":false},"excerpt":{"rendered":"<p>Poku\u0161aj istrebljenja i etni\u010dkog \u010di\u0161\u0107enja od strane genocidnog re\u017eima Srbije manifestovao se i 22. maja 1999. godine, kada su stanovnici ulice koja je tada nosila naziv \u201eAbdullah Shabani\u201c u Vu\u010ditrnu nasilno iseljeni iz svojih domova. Njih 68, uklju\u010duju\u0107i decu i starce, zato\u010deno je u ku\u0107i Kahrimana Pasome i nakon varvarskog mu\u010denja surovo pogubljeno. Po zavr\u0161etku rata, tela ve\u0107ine ubijenih prona\u0111ena su na masovnoj grobnici u Batajnici u Srbiji, s ciljem brisanja traga zlo\u010dinu. A ostale stanovnike ovog naselja okupili su na gradskom groblju i nakon \u0161to su ih oplja\u010dkali, neke od njih strpali u sportsku dvoranu i mu\u010dili, druge u zatvor u Smrekonici, dok su neki proterani u Albaniju. Sloboda i mir \u0107e imati zna\u010denje kada pravda za \u017ertve bude zadovoljena. Trajno se\u0107anje i po\u0161tovanje mu\u010denicima, kao i nepokolebljivo anga\u017eovanje tome da se ovaj zlo\u010din kazni izvo\u0111enjem pred lice pravde.<\/p>\n","protected":false},"author":11,"featured_media":90812,"comment_status":"open","ping_status":"closed","sticky":false,"template":"","format":"standard","meta":{"_eb_attr":"","footnotes":""},"categories":[101],"tags":[],"class_list":["post-91046","post","type-post","status-publish","format-standard","has-post-thumbnail","hentry","category-vesti"],"yoast_head":"<!-- This site is optimized with the Yoast SEO plugin v23.5 - https:\/\/yoast.com\/wordpress\/plugins\/seo\/ -->\n<title>Predsednica Osmani prise\u0107a se 24. godi\u0161njice masakra u gradu Vu\u010ditrnu - Predsednik Republike Kosovo - DR. VJOSA OSMANI - SADRIU<\/title>\n<meta name=\"description\" content=\"Predsednica Osmani prise\u0107a se 24. godi\u0161njice masakra u gradu Vu\u010ditrnu - Predsednik Republike Kosovo - DR. VJOSA OSMANI - SADRIU -\" \/>\n<meta name=\"robots\" content=\"index, follow, max-snippet:-1, max-image-preview:large, max-video-preview:-1\" \/>\n<link rel=\"canonical\" href=\"https:\/\/president-ksgov.net\/sr\/predsednica-osmani-priseca-se-24-godisnjice-masakra-u-gradu-vucitrnu\/\" \/>\n<meta property=\"og:locale\" content=\"sr_RS\" \/>\n<meta property=\"og:type\" content=\"article\" \/>\n<meta property=\"og:title\" content=\"Predsednica Osmani prise\u0107a se 24. godi\u0161njice masakra u gradu Vu\u010ditrnu - Predsednik Republike Kosovo - DR. VJOSA OSMANI - SADRIU\" \/>\n<meta property=\"og:description\" content=\"Predsednica Osmani prise\u0107a se 24. godi\u0161njice masakra u gradu Vu\u010ditrnu - Predsednik Republike Kosovo - DR. VJOSA OSMANI - SADRIU -\" \/>\n<meta property=\"og:url\" content=\"https:\/\/president-ksgov.net\/sr\/predsednica-osmani-priseca-se-24-godisnjice-masakra-u-gradu-vucitrnu\/\" \/>\n<meta property=\"og:site_name\" content=\"Predsednik Republike Kosovo - DR. VJOSA OSMANI - SADRIU\" \/>\n<meta property=\"article:published_time\" content=\"2023-05-22T16:32:19+00:00\" \/>\n<meta property=\"article:modified_time\" content=\"2023-05-23T09:41:17+00:00\" \/>\n<meta property=\"og:image\" content=\"https:\/\/president-ksgov.net\/wp-content\/uploads\/ZPRK1-2.jpg\" \/>\n\t<meta property=\"og:image:width\" content=\"2000\" \/>\n\t<meta property=\"og:image:height\" content=\"1000\" \/>\n\t<meta property=\"og:image:type\" content=\"image\/jpeg\" \/>\n<meta name=\"author\" content=\"presidentlogin\" \/>\n<meta name=\"twitter:card\" content=\"summary_large_image\" \/>\n<meta name=\"twitter:label1\" content=\"\u041d\u0430\u043f\u0438\u0441\u0430\u043d\u043e \u043e\u0434\" \/>\n\t<meta name=\"twitter:data1\" content=\"presidentlogin\" \/>\n\t<meta name=\"twitter:label2\" content=\"\u041f\u0440\u043e\u0446\u0435\u045a\u0435\u043d\u043e \u0432\u0440\u0435\u043c\u0435 \u0447\u0438\u0442\u0430\u045a\u0430\" \/>\n\t<meta name=\"twitter:data2\" content=\"1 \u043c\u0438\u043d\u0443\u0442\" \/>\n<script type=\"application\/ld+json\" class=\"yoast-schema-graph\">{\"@context\":\"https:\/\/schema.org\",\"@graph\":[{\"@type\":\"WebPage\",\"@id\":\"https:\/\/president-ksgov.net\/sr\/predsednica-osmani-priseca-se-24-godisnjice-masakra-u-gradu-vucitrnu\/\",\"url\":\"https:\/\/president-ksgov.net\/sr\/predsednica-osmani-priseca-se-24-godisnjice-masakra-u-gradu-vucitrnu\/\",\"name\":\"Predsednica Osmani prise\u0107a se 24. godi\u0161njice masakra u gradu Vu\u010ditrnu - Predsednik Republike Kosovo - DR. VJOSA OSMANI - SADRIU\",\"isPartOf\":{\"@id\":\"https:\/\/president-ksgov.net\/#website\"},\"primaryImageOfPage\":{\"@id\":\"https:\/\/president-ksgov.net\/sr\/predsednica-osmani-priseca-se-24-godisnjice-masakra-u-gradu-vucitrnu\/#primaryimage\"},\"image\":{\"@id\":\"https:\/\/president-ksgov.net\/sr\/predsednica-osmani-priseca-se-24-godisnjice-masakra-u-gradu-vucitrnu\/#primaryimage\"},\"thumbnailUrl\":\"https:\/\/president-ksgov.net\/wp-content\/uploads\/ZPRK1-2.jpg\",\"datePublished\":\"2023-05-22T16:32:19+00:00\",\"dateModified\":\"2023-05-23T09:41:17+00:00\",\"author\":{\"@id\":\"https:\/\/president-ksgov.net\/#\/schema\/person\/1a2c014cffc81ec60d5a452a36d08d92\"},\"description\":\"Predsednica Osmani prise\u0107a se 24. godi\u0161njice masakra u gradu Vu\u010ditrnu - Predsednik Republike Kosovo - DR. VJOSA OSMANI - SADRIU -\",\"breadcrumb\":{\"@id\":\"https:\/\/president-ksgov.net\/sr\/predsednica-osmani-priseca-se-24-godisnjice-masakra-u-gradu-vucitrnu\/#breadcrumb\"},\"inLanguage\":\"sr-RS\",\"potentialAction\":[{\"@type\":\"ReadAction\",\"target\":[\"https:\/\/president-ksgov.net\/sr\/predsednica-osmani-priseca-se-24-godisnjice-masakra-u-gradu-vucitrnu\/\"]}]},{\"@type\":\"ImageObject\",\"inLanguage\":\"sr-RS\",\"@id\":\"https:\/\/president-ksgov.net\/sr\/predsednica-osmani-priseca-se-24-godisnjice-masakra-u-gradu-vucitrnu\/#primaryimage\",\"url\":\"https:\/\/president-ksgov.net\/wp-content\/uploads\/ZPRK1-2.jpg\",\"contentUrl\":\"https:\/\/president-ksgov.net\/wp-content\/uploads\/ZPRK1-2.jpg\",\"width\":2000,\"height\":1000},{\"@type\":\"BreadcrumbList\",\"@id\":\"https:\/\/president-ksgov.net\/sr\/predsednica-osmani-priseca-se-24-godisnjice-masakra-u-gradu-vucitrnu\/#breadcrumb\",\"itemListElement\":[{\"@type\":\"ListItem\",\"position\":1,\"name\":\"Home\",\"item\":\"https:\/\/president-ksgov.net\/sr\/\"},{\"@type\":\"ListItem\",\"position\":2,\"name\":\"Predsednica Osmani prise\u0107a se 24. godi\u0161njice masakra u gradu Vu\u010ditrnu\"}]},{\"@type\":\"WebSite\",\"@id\":\"https:\/\/president-ksgov.net\/#website\",\"url\":\"https:\/\/president-ksgov.net\/\",\"name\":\"Presidente e Republik\u00ebs s\u00eb Kosov\u00ebs\",\"description\":\"Presidente e Republik\u00ebs s\u00eb Kosov\u00ebs\",\"alternateName\":\"DR. VJOSA OSMANI - SADRIU\",\"potentialAction\":[{\"@type\":\"SearchAction\",\"target\":{\"@type\":\"EntryPoint\",\"urlTemplate\":\"https:\/\/president-ksgov.net\/?s={search_term_string}\"},\"query-input\":{\"@type\":\"PropertyValueSpecification\",\"valueRequired\":true,\"valueName\":\"search_term_string\"}}],\"inLanguage\":\"sr-RS\"},{\"@type\":\"Person\",\"@id\":\"https:\/\/president-ksgov.net\/#\/schema\/person\/1a2c014cffc81ec60d5a452a36d08d92\",\"name\":\"presidentlogin\",\"image\":{\"@type\":\"ImageObject\",\"inLanguage\":\"sr-RS\",\"@id\":\"https:\/\/president-ksgov.net\/#\/schema\/person\/image\/\",\"url\":\"https:\/\/secure.gravatar.com\/avatar\/339f00ab0a8a0d5ce1ecff10aa2b4a1f51f58bbd5a57793f8cd6ad624080d807?s=96&d=mm&r=g\",\"contentUrl\":\"https:\/\/secure.gravatar.com\/avatar\/339f00ab0a8a0d5ce1ecff10aa2b4a1f51f58bbd5a57793f8cd6ad624080d807?s=96&d=mm&r=g\",\"caption\":\"presidentlogin\"}}]}<\/script>\n<!-- \/ Yoast SEO plugin. -->","yoast_head_json":{"title":"Predsednica Osmani prise\u0107a se 24. godi\u0161njice masakra u gradu Vu\u010ditrnu - Predsednik Republike Kosovo - DR. VJOSA OSMANI - SADRIU","description":"Predsednica Osmani prise\u0107a se 24. godi\u0161njice masakra u gradu Vu\u010ditrnu - Predsednik Republike Kosovo - DR. VJOSA OSMANI - SADRIU -","robots":{"index":"index","follow":"follow","max-snippet":"max-snippet:-1","max-image-preview":"max-image-preview:large","max-video-preview":"max-video-preview:-1"},"canonical":"https:\/\/president-ksgov.net\/sr\/predsednica-osmani-priseca-se-24-godisnjice-masakra-u-gradu-vucitrnu\/","og_locale":"sr_RS","og_type":"article","og_title":"Predsednica Osmani prise\u0107a se 24. godi\u0161njice masakra u gradu Vu\u010ditrnu - Predsednik Republike Kosovo - DR. VJOSA OSMANI - SADRIU","og_description":"Predsednica Osmani prise\u0107a se 24. godi\u0161njice masakra u gradu Vu\u010ditrnu - Predsednik Republike Kosovo - DR. VJOSA OSMANI - SADRIU -","og_url":"https:\/\/president-ksgov.net\/sr\/predsednica-osmani-priseca-se-24-godisnjice-masakra-u-gradu-vucitrnu\/","og_site_name":"Predsednik Republike Kosovo - DR. VJOSA OSMANI - SADRIU","article_published_time":"2023-05-22T16:32:19+00:00","article_modified_time":"2023-05-23T09:41:17+00:00","og_image":[{"width":2000,"height":1000,"url":"https:\/\/president-ksgov.net\/wp-content\/uploads\/ZPRK1-2.jpg","type":"image\/jpeg"}],"author":"presidentlogin","twitter_card":"summary_large_image","twitter_misc":{"\u041d\u0430\u043f\u0438\u0441\u0430\u043d\u043e \u043e\u0434":"presidentlogin","\u041f\u0440\u043e\u0446\u0435\u045a\u0435\u043d\u043e \u0432\u0440\u0435\u043c\u0435 \u0447\u0438\u0442\u0430\u045a\u0430":"1 \u043c\u0438\u043d\u0443\u0442"},"schema":{"@context":"https:\/\/schema.org","@graph":[{"@type":"WebPage","@id":"https:\/\/president-ksgov.net\/sr\/predsednica-osmani-priseca-se-24-godisnjice-masakra-u-gradu-vucitrnu\/","url":"https:\/\/president-ksgov.net\/sr\/predsednica-osmani-priseca-se-24-godisnjice-masakra-u-gradu-vucitrnu\/","name":"Predsednica Osmani prise\u0107a se 24. godi\u0161njice masakra u gradu Vu\u010ditrnu - Predsednik Republike Kosovo - DR. VJOSA OSMANI - SADRIU","isPartOf":{"@id":"https:\/\/president-ksgov.net\/#website"},"primaryImageOfPage":{"@id":"https:\/\/president-ksgov.net\/sr\/predsednica-osmani-priseca-se-24-godisnjice-masakra-u-gradu-vucitrnu\/#primaryimage"},"image":{"@id":"https:\/\/president-ksgov.net\/sr\/predsednica-osmani-priseca-se-24-godisnjice-masakra-u-gradu-vucitrnu\/#primaryimage"},"thumbnailUrl":"https:\/\/president-ksgov.net\/wp-content\/uploads\/ZPRK1-2.jpg","datePublished":"2023-05-22T16:32:19+00:00","dateModified":"2023-05-23T09:41:17+00:00","author":{"@id":"https:\/\/president-ksgov.net\/#\/schema\/person\/1a2c014cffc81ec60d5a452a36d08d92"},"description":"Predsednica Osmani prise\u0107a se 24. godi\u0161njice masakra u gradu Vu\u010ditrnu - Predsednik Republike Kosovo - DR. VJOSA OSMANI - SADRIU -","breadcrumb":{"@id":"https:\/\/president-ksgov.net\/sr\/predsednica-osmani-priseca-se-24-godisnjice-masakra-u-gradu-vucitrnu\/#breadcrumb"},"inLanguage":"sr-RS","potentialAction":[{"@type":"ReadAction","target":["https:\/\/president-ksgov.net\/sr\/predsednica-osmani-priseca-se-24-godisnjice-masakra-u-gradu-vucitrnu\/"]}]},{"@type":"ImageObject","inLanguage":"sr-RS","@id":"https:\/\/president-ksgov.net\/sr\/predsednica-osmani-priseca-se-24-godisnjice-masakra-u-gradu-vucitrnu\/#primaryimage","url":"https:\/\/president-ksgov.net\/wp-content\/uploads\/ZPRK1-2.jpg","contentUrl":"https:\/\/president-ksgov.net\/wp-content\/uploads\/ZPRK1-2.jpg","width":2000,"height":1000},{"@type":"BreadcrumbList","@id":"https:\/\/president-ksgov.net\/sr\/predsednica-osmani-priseca-se-24-godisnjice-masakra-u-gradu-vucitrnu\/#breadcrumb","itemListElement":[{"@type":"ListItem","position":1,"name":"Home","item":"https:\/\/president-ksgov.net\/sr\/"},{"@type":"ListItem","position":2,"name":"Predsednica Osmani prise\u0107a se 24. godi\u0161njice masakra u gradu Vu\u010ditrnu"}]},{"@type":"WebSite","@id":"https:\/\/president-ksgov.net\/#website","url":"https:\/\/president-ksgov.net\/","name":"Presidente e Republik\u00ebs s\u00eb Kosov\u00ebs","description":"Presidente e Republik\u00ebs s\u00eb Kosov\u00ebs","alternateName":"DR. VJOSA OSMANI - SADRIU","potentialAction":[{"@type":"SearchAction","target":{"@type":"EntryPoint","urlTemplate":"https:\/\/president-ksgov.net\/?s={search_term_string}"},"query-input":{"@type":"PropertyValueSpecification","valueRequired":true,"valueName":"search_term_string"}}],"inLanguage":"sr-RS"},{"@type":"Person","@id":"https:\/\/president-ksgov.net\/#\/schema\/person\/1a2c014cffc81ec60d5a452a36d08d92","name":"presidentlogin","image":{"@type":"ImageObject","inLanguage":"sr-RS","@id":"https:\/\/president-ksgov.net\/#\/schema\/person\/image\/","url":"https:\/\/secure.gravatar.com\/avatar\/339f00ab0a8a0d5ce1ecff10aa2b4a1f51f58bbd5a57793f8cd6ad624080d807?s=96&d=mm&r=g","contentUrl":"https:\/\/secure.gravatar.com\/avatar\/339f00ab0a8a0d5ce1ecff10aa2b4a1f51f58bbd5a57793f8cd6ad624080d807?s=96&d=mm&r=g","caption":"presidentlogin"}}]}},"_links":{"self":[{"href":"https:\/\/president-ksgov.net\/sr\/wp-json\/wp\/v2\/posts\/91046","targetHints":{"allow":["GET"]}}],"collection":[{"href":"https:\/\/president-ksgov.net\/sr\/wp-json\/wp\/v2\/posts"}],"about":[{"href":"https:\/\/president-ksgov.net\/sr\/wp-json\/wp\/v2\/types\/post"}],"author":[{"embeddable":true,"href":"https:\/\/president-ksgov.net\/sr\/wp-json\/wp\/v2\/users\/11"}],"replies":[{"embeddable":true,"href":"https:\/\/president-ksgov.net\/sr\/wp-json\/wp\/v2\/comments?post=91046"}],"version-history":[{"count":1,"href":"https:\/\/president-ksgov.net\/sr\/wp-json\/wp\/v2\/posts\/91046\/revisions"}],"predecessor-version":[{"id":91047,"href":"https:\/\/president-ksgov.net\/sr\/wp-json\/wp\/v2\/posts\/91046\/revisions\/91047"}],"wp:featuredmedia":[{"embeddable":true,"href":"https:\/\/president-ksgov.net\/sr\/wp-json\/wp\/v2\/media\/90812"}],"wp:attachment":[{"href":"https:\/\/president-ksgov.net\/sr\/wp-json\/wp\/v2\/media?parent=91046"}],"wp:term":[{"taxonomy":"category","embeddable":true,"href":"https:\/\/president-ksgov.net\/sr\/wp-json\/wp\/v2\/categories?post=91046"},{"taxonomy":"post_tag","embeddable":true,"href":"https:\/\/president-ksgov.net\/sr\/wp-json\/wp\/v2\/tags?post=91046"}],"curies":[{"name":"wp","href":"https:\/\/api.w.org\/{rel}","templated":true}]}}