{"id":89651,"date":"2023-04-25T17:06:00","date_gmt":"2023-04-25T15:06:00","guid":{"rendered":"https:\/\/dev.president-ksgov.net\/?p=89651"},"modified":"2023-04-28T14:20:14","modified_gmt":"2023-04-28T12:20:14","slug":"predsednica-osmani-odlikovala-ismeta-rracija-post-mortem-ordenom-heroj-kosova","status":"publish","type":"post","link":"https:\/\/president-ksgov.net\/sr\/predsednica-osmani-odlikovala-ismeta-rracija-post-mortem-ordenom-heroj-kosova\/","title":{"rendered":"Predsednica Osmani odlikovala Ismeta Rracija post mortem ordenom \u201eHeroj Kosova\u201c"},"content":{"rendered":"<p><span class=\"text-short\">Predsednica Republike Kosovo Vjosa Osmani Sadriu, na 22. godi\u0161njicu pada, ju\u010de je post mortem odlikovala ordenom \u201eHeroj Kosova\u201c Ismeta Rracija.<\/span><\/p>\n<p>Prema re\u010dima predsednice Osmani, Ismet Rraci je bio patriota i istaknuti politi\u010dki aktivista koji je bio nepokolebljiv za slobodu Kosova, njegovu dr\u017eavnu izgradnju i institucionalni \u017eivot u zemlji.<\/p>\n<p>\u201eIsmet je ubijen 2001. godine. Ovo je bio te\u017eak udarac ne samo za porodicu, ve\u0107 za celo Kosovo. Celog \u017eivota je radio za op\u0161te dobro, pa uspostavljanje pravde ostaje neophodnost. On je ubijen, ali ne i njegov ideal o Kosovu, slobodnoj i demokratskoj dr\u017eavi. Orden \u201eHeroj Kosova\u201c nije samo institucionalna po\u010dast, ve\u0107 i po\u010dast gra\u0111ana Kosova prema ovom neumornom aktivisti. Neka je ve\u010dno se\u0107anje na njega!\u201c, rekla je predsednica Osmani.<\/p>\n","protected":false},"excerpt":{"rendered":"<p>Predsednica Republike Kosovo Vjosa Osmani Sadriu, na 22. godi\u0161njicu pada, ju\u010de je post mortem odlikovala ordenom \u201eHeroj Kosova\u201c Ismeta Rracija. Prema re\u010dima predsednice Osmani, Ismet Rraci je bio patriota i istaknuti politi\u010dki aktivista koji je bio nepokolebljiv za slobodu Kosova, njegovu dr\u017eavnu izgradnju i institucionalni \u017eivot u zemlji. \u201eIsmet je ubijen 2001. godine. Ovo je bio te\u017eak udarac ne samo za porodicu, ve\u0107 za celo Kosovo. Celog \u017eivota je radio za op\u0161te dobro, pa uspostavljanje pravde ostaje neophodnost. On je ubijen, ali ne i njegov ideal o Kosovu, slobodnoj i demokratskoj dr\u017eavi. Orden \u201eHeroj Kosova\u201c nije samo institucionalna po\u010dast, ve\u0107 i po\u010dast gra\u0111ana Kosova prema ovom neumornom aktivisti. Neka je ve\u010dno se\u0107anje na njega!\u201c, rekla je predsednica Osmani.<\/p>\n","protected":false},"author":11,"featured_media":89320,"comment_status":"open","ping_status":"closed","sticky":false,"template":"","format":"standard","meta":{"_eb_attr":"","footnotes":""},"categories":[101],"tags":[],"class_list":["post-89651","post","type-post","status-publish","format-standard","has-post-thumbnail","hentry","category-vesti"],"yoast_head":"<!-- This site is optimized with the Yoast SEO plugin v23.5 - https:\/\/yoast.com\/wordpress\/plugins\/seo\/ -->\n<title>Predsednica Osmani odlikovala Ismeta Rracija post mortem ordenom \u201eHeroj Kosova\u201c - Predsednik Republike Kosovo - DR. VJOSA OSMANI - SADRIU<\/title>\n<meta name=\"description\" content=\"Predsednica Osmani odlikovala Ismeta Rracija post mortem ordenom \u201eHeroj Kosova\u201c - Predsednik Republike Kosovo - DR. VJOSA OSMANI - SADRIU -\" \/>\n<meta name=\"robots\" content=\"index, follow, max-snippet:-1, max-image-preview:large, max-video-preview:-1\" \/>\n<link rel=\"canonical\" href=\"https:\/\/president-ksgov.net\/sr\/predsednica-osmani-odlikovala-ismeta-rracija-post-mortem-ordenom-heroj-kosova\/\" \/>\n<meta property=\"og:locale\" content=\"sr_RS\" \/>\n<meta property=\"og:type\" content=\"article\" \/>\n<meta property=\"og:title\" content=\"Predsednica Osmani odlikovala Ismeta Rracija post mortem ordenom \u201eHeroj Kosova\u201c - Predsednik Republike Kosovo - DR. VJOSA OSMANI - SADRIU\" \/>\n<meta property=\"og:description\" content=\"Predsednica Osmani odlikovala Ismeta Rracija post mortem ordenom \u201eHeroj Kosova\u201c - Predsednik Republike Kosovo - DR. VJOSA OSMANI - SADRIU -\" \/>\n<meta property=\"og:url\" content=\"https:\/\/president-ksgov.net\/sr\/predsednica-osmani-odlikovala-ismeta-rracija-post-mortem-ordenom-heroj-kosova\/\" \/>\n<meta property=\"og:site_name\" content=\"Predsednik Republike Kosovo - DR. VJOSA OSMANI - SADRIU\" \/>\n<meta property=\"article:published_time\" content=\"2023-04-25T15:06:00+00:00\" \/>\n<meta property=\"article:modified_time\" content=\"2023-04-28T12:20:14+00:00\" \/>\n<meta property=\"og:image\" content=\"https:\/\/president-ksgov.net\/wp-content\/uploads\/1-hero-i-kosoves.jpeg\" \/>\n\t<meta property=\"og:image:width\" content=\"1600\" \/>\n\t<meta property=\"og:image:height\" content=\"1066\" \/>\n\t<meta property=\"og:image:type\" content=\"image\/jpeg\" \/>\n<meta name=\"author\" content=\"presidentlogin\" \/>\n<meta name=\"twitter:card\" content=\"summary_large_image\" \/>\n<meta name=\"twitter:label1\" content=\"\u041d\u0430\u043f\u0438\u0441\u0430\u043d\u043e \u043e\u0434\" \/>\n\t<meta name=\"twitter:data1\" content=\"presidentlogin\" \/>\n\t<meta name=\"twitter:label2\" content=\"\u041f\u0440\u043e\u0446\u0435\u045a\u0435\u043d\u043e \u0432\u0440\u0435\u043c\u0435 \u0447\u0438\u0442\u0430\u045a\u0430\" \/>\n\t<meta name=\"twitter:data2\" content=\"1 \u043c\u0438\u043d\u0443\u0442\" \/>\n<script type=\"application\/ld+json\" class=\"yoast-schema-graph\">{\"@context\":\"https:\/\/schema.org\",\"@graph\":[{\"@type\":\"WebPage\",\"@id\":\"https:\/\/president-ksgov.net\/sr\/predsednica-osmani-odlikovala-ismeta-rracija-post-mortem-ordenom-heroj-kosova\/\",\"url\":\"https:\/\/president-ksgov.net\/sr\/predsednica-osmani-odlikovala-ismeta-rracija-post-mortem-ordenom-heroj-kosova\/\",\"name\":\"Predsednica Osmani odlikovala Ismeta Rracija post mortem ordenom \u201eHeroj Kosova\u201c - Predsednik Republike Kosovo - DR. VJOSA OSMANI - SADRIU\",\"isPartOf\":{\"@id\":\"https:\/\/president-ksgov.net\/#website\"},\"primaryImageOfPage\":{\"@id\":\"https:\/\/president-ksgov.net\/sr\/predsednica-osmani-odlikovala-ismeta-rracija-post-mortem-ordenom-heroj-kosova\/#primaryimage\"},\"image\":{\"@id\":\"https:\/\/president-ksgov.net\/sr\/predsednica-osmani-odlikovala-ismeta-rracija-post-mortem-ordenom-heroj-kosova\/#primaryimage\"},\"thumbnailUrl\":\"https:\/\/president-ksgov.net\/wp-content\/uploads\/1-hero-i-kosoves.jpeg\",\"datePublished\":\"2023-04-25T15:06:00+00:00\",\"dateModified\":\"2023-04-28T12:20:14+00:00\",\"author\":{\"@id\":\"https:\/\/president-ksgov.net\/#\/schema\/person\/1a2c014cffc81ec60d5a452a36d08d92\"},\"description\":\"Predsednica Osmani odlikovala Ismeta Rracija post mortem ordenom \u201eHeroj Kosova\u201c - Predsednik Republike Kosovo - DR. VJOSA OSMANI - SADRIU -\",\"breadcrumb\":{\"@id\":\"https:\/\/president-ksgov.net\/sr\/predsednica-osmani-odlikovala-ismeta-rracija-post-mortem-ordenom-heroj-kosova\/#breadcrumb\"},\"inLanguage\":\"sr-RS\",\"potentialAction\":[{\"@type\":\"ReadAction\",\"target\":[\"https:\/\/president-ksgov.net\/sr\/predsednica-osmani-odlikovala-ismeta-rracija-post-mortem-ordenom-heroj-kosova\/\"]}]},{\"@type\":\"ImageObject\",\"inLanguage\":\"sr-RS\",\"@id\":\"https:\/\/president-ksgov.net\/sr\/predsednica-osmani-odlikovala-ismeta-rracija-post-mortem-ordenom-heroj-kosova\/#primaryimage\",\"url\":\"https:\/\/president-ksgov.net\/wp-content\/uploads\/1-hero-i-kosoves.jpeg\",\"contentUrl\":\"https:\/\/president-ksgov.net\/wp-content\/uploads\/1-hero-i-kosoves.jpeg\",\"width\":1600,\"height\":1066},{\"@type\":\"BreadcrumbList\",\"@id\":\"https:\/\/president-ksgov.net\/sr\/predsednica-osmani-odlikovala-ismeta-rracija-post-mortem-ordenom-heroj-kosova\/#breadcrumb\",\"itemListElement\":[{\"@type\":\"ListItem\",\"position\":1,\"name\":\"Home\",\"item\":\"https:\/\/president-ksgov.net\/sr\/\"},{\"@type\":\"ListItem\",\"position\":2,\"name\":\"Predsednica Osmani odlikovala Ismeta Rracija post mortem ordenom \u201eHeroj Kosova\u201c\"}]},{\"@type\":\"WebSite\",\"@id\":\"https:\/\/president-ksgov.net\/#website\",\"url\":\"https:\/\/president-ksgov.net\/\",\"name\":\"Presidente e Republik\u00ebs s\u00eb Kosov\u00ebs\",\"description\":\"Presidente e Republik\u00ebs s\u00eb Kosov\u00ebs\",\"alternateName\":\"DR. VJOSA OSMANI - SADRIU\",\"potentialAction\":[{\"@type\":\"SearchAction\",\"target\":{\"@type\":\"EntryPoint\",\"urlTemplate\":\"https:\/\/president-ksgov.net\/?s={search_term_string}\"},\"query-input\":{\"@type\":\"PropertyValueSpecification\",\"valueRequired\":true,\"valueName\":\"search_term_string\"}}],\"inLanguage\":\"sr-RS\"},{\"@type\":\"Person\",\"@id\":\"https:\/\/president-ksgov.net\/#\/schema\/person\/1a2c014cffc81ec60d5a452a36d08d92\",\"name\":\"presidentlogin\",\"image\":{\"@type\":\"ImageObject\",\"inLanguage\":\"sr-RS\",\"@id\":\"https:\/\/president-ksgov.net\/#\/schema\/person\/image\/\",\"url\":\"https:\/\/secure.gravatar.com\/avatar\/339f00ab0a8a0d5ce1ecff10aa2b4a1f51f58bbd5a57793f8cd6ad624080d807?s=96&d=mm&r=g\",\"contentUrl\":\"https:\/\/secure.gravatar.com\/avatar\/339f00ab0a8a0d5ce1ecff10aa2b4a1f51f58bbd5a57793f8cd6ad624080d807?s=96&d=mm&r=g\",\"caption\":\"presidentlogin\"}}]}<\/script>\n<!-- \/ Yoast SEO plugin. -->","yoast_head_json":{"title":"Predsednica Osmani odlikovala Ismeta Rracija post mortem ordenom \u201eHeroj Kosova\u201c - Predsednik Republike Kosovo - DR. VJOSA OSMANI - SADRIU","description":"Predsednica Osmani odlikovala Ismeta Rracija post mortem ordenom \u201eHeroj Kosova\u201c - Predsednik Republike Kosovo - DR. VJOSA OSMANI - SADRIU -","robots":{"index":"index","follow":"follow","max-snippet":"max-snippet:-1","max-image-preview":"max-image-preview:large","max-video-preview":"max-video-preview:-1"},"canonical":"https:\/\/president-ksgov.net\/sr\/predsednica-osmani-odlikovala-ismeta-rracija-post-mortem-ordenom-heroj-kosova\/","og_locale":"sr_RS","og_type":"article","og_title":"Predsednica Osmani odlikovala Ismeta Rracija post mortem ordenom \u201eHeroj Kosova\u201c - Predsednik Republike Kosovo - DR. VJOSA OSMANI - SADRIU","og_description":"Predsednica Osmani odlikovala Ismeta Rracija post mortem ordenom \u201eHeroj Kosova\u201c - Predsednik Republike Kosovo - DR. VJOSA OSMANI - SADRIU -","og_url":"https:\/\/president-ksgov.net\/sr\/predsednica-osmani-odlikovala-ismeta-rracija-post-mortem-ordenom-heroj-kosova\/","og_site_name":"Predsednik Republike Kosovo - DR. VJOSA OSMANI - SADRIU","article_published_time":"2023-04-25T15:06:00+00:00","article_modified_time":"2023-04-28T12:20:14+00:00","og_image":[{"width":1600,"height":1066,"url":"https:\/\/president-ksgov.net\/wp-content\/uploads\/1-hero-i-kosoves.jpeg","type":"image\/jpeg"}],"author":"presidentlogin","twitter_card":"summary_large_image","twitter_misc":{"\u041d\u0430\u043f\u0438\u0441\u0430\u043d\u043e \u043e\u0434":"presidentlogin","\u041f\u0440\u043e\u0446\u0435\u045a\u0435\u043d\u043e \u0432\u0440\u0435\u043c\u0435 \u0447\u0438\u0442\u0430\u045a\u0430":"1 \u043c\u0438\u043d\u0443\u0442"},"schema":{"@context":"https:\/\/schema.org","@graph":[{"@type":"WebPage","@id":"https:\/\/president-ksgov.net\/sr\/predsednica-osmani-odlikovala-ismeta-rracija-post-mortem-ordenom-heroj-kosova\/","url":"https:\/\/president-ksgov.net\/sr\/predsednica-osmani-odlikovala-ismeta-rracija-post-mortem-ordenom-heroj-kosova\/","name":"Predsednica Osmani odlikovala Ismeta Rracija post mortem ordenom \u201eHeroj Kosova\u201c - Predsednik Republike Kosovo - DR. VJOSA OSMANI - SADRIU","isPartOf":{"@id":"https:\/\/president-ksgov.net\/#website"},"primaryImageOfPage":{"@id":"https:\/\/president-ksgov.net\/sr\/predsednica-osmani-odlikovala-ismeta-rracija-post-mortem-ordenom-heroj-kosova\/#primaryimage"},"image":{"@id":"https:\/\/president-ksgov.net\/sr\/predsednica-osmani-odlikovala-ismeta-rracija-post-mortem-ordenom-heroj-kosova\/#primaryimage"},"thumbnailUrl":"https:\/\/president-ksgov.net\/wp-content\/uploads\/1-hero-i-kosoves.jpeg","datePublished":"2023-04-25T15:06:00+00:00","dateModified":"2023-04-28T12:20:14+00:00","author":{"@id":"https:\/\/president-ksgov.net\/#\/schema\/person\/1a2c014cffc81ec60d5a452a36d08d92"},"description":"Predsednica Osmani odlikovala Ismeta Rracija post mortem ordenom \u201eHeroj Kosova\u201c - Predsednik Republike Kosovo - DR. VJOSA OSMANI - SADRIU -","breadcrumb":{"@id":"https:\/\/president-ksgov.net\/sr\/predsednica-osmani-odlikovala-ismeta-rracija-post-mortem-ordenom-heroj-kosova\/#breadcrumb"},"inLanguage":"sr-RS","potentialAction":[{"@type":"ReadAction","target":["https:\/\/president-ksgov.net\/sr\/predsednica-osmani-odlikovala-ismeta-rracija-post-mortem-ordenom-heroj-kosova\/"]}]},{"@type":"ImageObject","inLanguage":"sr-RS","@id":"https:\/\/president-ksgov.net\/sr\/predsednica-osmani-odlikovala-ismeta-rracija-post-mortem-ordenom-heroj-kosova\/#primaryimage","url":"https:\/\/president-ksgov.net\/wp-content\/uploads\/1-hero-i-kosoves.jpeg","contentUrl":"https:\/\/president-ksgov.net\/wp-content\/uploads\/1-hero-i-kosoves.jpeg","width":1600,"height":1066},{"@type":"BreadcrumbList","@id":"https:\/\/president-ksgov.net\/sr\/predsednica-osmani-odlikovala-ismeta-rracija-post-mortem-ordenom-heroj-kosova\/#breadcrumb","itemListElement":[{"@type":"ListItem","position":1,"name":"Home","item":"https:\/\/president-ksgov.net\/sr\/"},{"@type":"ListItem","position":2,"name":"Predsednica Osmani odlikovala Ismeta Rracija post mortem ordenom \u201eHeroj Kosova\u201c"}]},{"@type":"WebSite","@id":"https:\/\/president-ksgov.net\/#website","url":"https:\/\/president-ksgov.net\/","name":"Presidente e Republik\u00ebs s\u00eb Kosov\u00ebs","description":"Presidente e Republik\u00ebs s\u00eb Kosov\u00ebs","alternateName":"DR. VJOSA OSMANI - SADRIU","potentialAction":[{"@type":"SearchAction","target":{"@type":"EntryPoint","urlTemplate":"https:\/\/president-ksgov.net\/?s={search_term_string}"},"query-input":{"@type":"PropertyValueSpecification","valueRequired":true,"valueName":"search_term_string"}}],"inLanguage":"sr-RS"},{"@type":"Person","@id":"https:\/\/president-ksgov.net\/#\/schema\/person\/1a2c014cffc81ec60d5a452a36d08d92","name":"presidentlogin","image":{"@type":"ImageObject","inLanguage":"sr-RS","@id":"https:\/\/president-ksgov.net\/#\/schema\/person\/image\/","url":"https:\/\/secure.gravatar.com\/avatar\/339f00ab0a8a0d5ce1ecff10aa2b4a1f51f58bbd5a57793f8cd6ad624080d807?s=96&d=mm&r=g","contentUrl":"https:\/\/secure.gravatar.com\/avatar\/339f00ab0a8a0d5ce1ecff10aa2b4a1f51f58bbd5a57793f8cd6ad624080d807?s=96&d=mm&r=g","caption":"presidentlogin"}}]}},"_links":{"self":[{"href":"https:\/\/president-ksgov.net\/sr\/wp-json\/wp\/v2\/posts\/89651","targetHints":{"allow":["GET"]}}],"collection":[{"href":"https:\/\/president-ksgov.net\/sr\/wp-json\/wp\/v2\/posts"}],"about":[{"href":"https:\/\/president-ksgov.net\/sr\/wp-json\/wp\/v2\/types\/post"}],"author":[{"embeddable":true,"href":"https:\/\/president-ksgov.net\/sr\/wp-json\/wp\/v2\/users\/11"}],"replies":[{"embeddable":true,"href":"https:\/\/president-ksgov.net\/sr\/wp-json\/wp\/v2\/comments?post=89651"}],"version-history":[{"count":1,"href":"https:\/\/president-ksgov.net\/sr\/wp-json\/wp\/v2\/posts\/89651\/revisions"}],"predecessor-version":[{"id":89652,"href":"https:\/\/president-ksgov.net\/sr\/wp-json\/wp\/v2\/posts\/89651\/revisions\/89652"}],"wp:featuredmedia":[{"embeddable":true,"href":"https:\/\/president-ksgov.net\/sr\/wp-json\/wp\/v2\/media\/89320"}],"wp:attachment":[{"href":"https:\/\/president-ksgov.net\/sr\/wp-json\/wp\/v2\/media?parent=89651"}],"wp:term":[{"taxonomy":"category","embeddable":true,"href":"https:\/\/president-ksgov.net\/sr\/wp-json\/wp\/v2\/categories?post=89651"},{"taxonomy":"post_tag","embeddable":true,"href":"https:\/\/president-ksgov.net\/sr\/wp-json\/wp\/v2\/tags?post=89651"}],"curies":[{"name":"wp","href":"https:\/\/api.w.org\/{rel}","templated":true}]}}