{"id":89624,"date":"2023-04-22T12:57:40","date_gmt":"2023-04-22T10:57:40","guid":{"rendered":"https:\/\/dev.president-ksgov.net\/?p=89624"},"modified":"2023-04-28T11:53:53","modified_gmt":"2023-04-28T09:53:53","slug":"izjava-predsednice-osmani-za-opstinske-izbore-u-opstinama-severna-mitrovica-zvecan-zubin-potok-i-leposavic","status":"publish","type":"post","link":"https:\/\/president-ksgov.net\/sr\/izjava-predsednice-osmani-za-opstinske-izbore-u-opstinama-severna-mitrovica-zvecan-zubin-potok-i-leposavic\/","title":{"rendered":"Izjava predsednice Osmani za op\u0161tinske izbore u op\u0161tinama Severna Mitrovica, Zve\u010dan, Zubin Potok i Leposavi\u0107"},"content":{"rendered":"<p>Po\u0161tovani sugra\u0111ani op\u0161tina Severna Mitrovica, Zve\u010dan, Zubin Potok i Leposavi\u0107,<\/p>\n<p>Izbori su kamen temeljac svake demokratije, a dan izbora je dan kada svi \u010duju va\u0161 glas. Stoga su izbori 23. aprila va\u017ean trenutak za vas i za budu\u0107nost va\u0161ih op\u0161tina.<\/p>\n<p>Pravo glasa je zagarantovano Ustavom i zakonima, tako da ga u\u017eivaju svi gra\u0111ani Kosova, bez razlike. Op\u0161tine imaju odgovornost da ostanu bliske gra\u0111anima, nude\u0107i usluge i projekte koji su u va\u0161em interesu i koji re\u0161avaju probleme sa kojima se svakodnevno suo\u010davate. Stoga, svojim glasanjem osiguravate da \u0107e se va\u0161i izabrani predstavnici direktno baviti pitanjima koja uti\u010du na va\u0161e \u017eivote i stvoriti perspektivu za sve vas. Va\u0161e u\u010de\u0161\u0107e na izborima zna\u010di bolji \u017eivot za sve vas. Zato iskoristite ovo pravo u ovom va\u017enom trenutku za demokratiju. Va\u0161 glas je najmo\u0107nije sredstvo za odlu\u010divanje o budu\u0107nosti va\u0161e op\u0161tine i pozivanje izabranih zvani\u010dnika na odgovornost.<\/p>\n<p>Razumem da su mnogi od vas bili meta pretnji i zastra\u0161ivanja koje su poslednjih nedelja upu\u0107ivale kriminalne strukture koje podr\u017eava Beograd kako bi vas primorao da odustanete od va\u0161eg glasa i mo\u0107i da oblikujete budu\u0107nost svojih op\u0161tina. Me\u0111utim, \u017eelim da vas uverim da sve kosovske institucije \u010dine sve da ovi izbori budu slobodni i po\u0161teni i da va\u0161a bezbednost bude zagarantovana.<\/p>\n<p>Zato vas pozivam da odbijete one koji vam dolaze sa pretnjama i ucenama. Podsti\u010dem vas da svojim u\u010de\u0161\u0107em na lokalnim izborima 23. aprila 2023. po\u0161aljete sna\u017enu i jasnu poruku. Uverite se da se va\u0161 glas \u010duje ove nedelje, putem slobodnog i demokratskog glasanja. Pre svega, va\u0161e u\u010de\u0161\u0107e na izborima \u0107e poslati sna\u017enu poruku onima koji \u017eele da vas zastra\u0161e i ugnjetavaju, da ne\u0107e mo\u0107i da vas u\u0107utkaju i da \u0107e funkcioneri koje izaberete slu\u017eiti vama i interesima svih gra\u0111ana op\u0161tine.<\/p>\n<p>Institucije Kosova \u0107e vam uvek biti na usluzi. Va\u0161a bezbednost i perspektiva su prioritet svih kosovskih institucija.<\/p>\n<p>Sre\u0107no na izborima 23. aprila!<\/p>\n","protected":false},"excerpt":{"rendered":"<p>Po\u0161tovani sugra\u0111ani op\u0161tina Severna Mitrovica, Zve\u010dan, Zubin Potok i Leposavi\u0107, Izbori su kamen temeljac svake demokratije, a dan izbora je dan kada svi \u010duju va\u0161 glas. Stoga su izbori 23. aprila va\u017ean trenutak za vas i za budu\u0107nost va\u0161ih op\u0161tina. Pravo glasa je zagarantovano Ustavom i zakonima, tako da ga u\u017eivaju svi gra\u0111ani Kosova, bez razlike. Op\u0161tine imaju odgovornost da ostanu bliske gra\u0111anima, nude\u0107i usluge i projekte koji su u va\u0161em interesu i koji re\u0161avaju probleme sa kojima se svakodnevno suo\u010davate. Stoga, svojim glasanjem osiguravate da \u0107e se va\u0161i izabrani predstavnici direktno baviti pitanjima koja uti\u010du na va\u0161e \u017eivote i stvoriti perspektivu za sve vas. Va\u0161e u\u010de\u0161\u0107e na izborima zna\u010di bolji \u017eivot za sve vas. Zato iskoristite ovo pravo u ovom va\u017enom trenutku za demokratiju. Va\u0161 glas je najmo\u0107nije sredstvo za odlu\u010divanje o budu\u0107nosti va\u0161e op\u0161tine i pozivanje izabranih zvani\u010dnika na odgovornost. Razumem da su mnogi od vas bili meta pretnji i zastra\u0161ivanja koje su poslednjih nedelja upu\u0107ivale kriminalne strukture koje podr\u017eava Beograd kako bi vas primorao da odustanete od va\u0161eg glasa i mo\u0107i da oblikujete budu\u0107nost svojih op\u0161tina. Me\u0111utim, \u017eelim da vas uverim da sve kosovske institucije \u010dine sve da ovi izbori budu slobodni i po\u0161teni i da va\u0161a bezbednost bude zagarantovana. Zato vas pozivam da odbijete one koji vam dolaze sa pretnjama i ucenama. Podsti\u010dem vas da svojim u\u010de\u0161\u0107em na lokalnim izborima 23. aprila 2023. po\u0161aljete sna\u017enu i jasnu poruku. Uverite se da se va\u0161 glas \u010duje ove nedelje, putem slobodnog i demokratskog glasanja. Pre svega, va\u0161e u\u010de\u0161\u0107e na izborima \u0107e poslati sna\u017enu poruku onima koji \u017eele da vas zastra\u0161e i ugnjetavaju, da ne\u0107e mo\u0107i da vas u\u0107utkaju i da \u0107e funkcioneri koje izaberete slu\u017eiti vama i interesima svih gra\u0111ana op\u0161tine. Institucije Kosova \u0107e vam uvek biti na usluzi. Va\u0161a bezbednost i perspektiva su prioritet svih kosovskih institucija. Sre\u0107no na izborima 23. aprila!<\/p>\n","protected":false},"author":11,"featured_media":86338,"comment_status":"open","ping_status":"closed","sticky":false,"template":"","format":"standard","meta":{"_eb_attr":"","footnotes":""},"categories":[101],"tags":[],"class_list":["post-89624","post","type-post","status-publish","format-standard","has-post-thumbnail","hentry","category-vesti"],"yoast_head":"<!-- This site is optimized with the Yoast SEO plugin v23.5 - https:\/\/yoast.com\/wordpress\/plugins\/seo\/ -->\n<title>Izjava predsednice Osmani za op\u0161tinske izbore u op\u0161tinama Severna Mitrovica, Zve\u010dan, Zubin Potok i Leposavi\u0107 - Predsednik Republike Kosovo - DR. VJOSA OSMANI - SADRIU<\/title>\n<meta name=\"description\" content=\"Izjava predsednice Osmani za op\u0161tinske izbore u op\u0161tinama Severna Mitrovica, Zve\u010dan, Zubin Potok i Leposavi\u0107 - Predsednik Republike Kosovo - DR. VJOSA OSMANI - SADRIU -\" \/>\n<meta name=\"robots\" content=\"index, follow, max-snippet:-1, max-image-preview:large, max-video-preview:-1\" \/>\n<link rel=\"canonical\" href=\"https:\/\/president-ksgov.net\/sr\/izjava-predsednice-osmani-za-opstinske-izbore-u-opstinama-severna-mitrovica-zvecan-zubin-potok-i-leposavic\/\" \/>\n<meta property=\"og:locale\" content=\"sr_RS\" \/>\n<meta property=\"og:type\" content=\"article\" \/>\n<meta property=\"og:title\" content=\"Izjava predsednice Osmani za op\u0161tinske izbore u op\u0161tinama Severna Mitrovica, Zve\u010dan, Zubin Potok i Leposavi\u0107 - Predsednik Republike Kosovo - DR. VJOSA OSMANI - SADRIU\" \/>\n<meta property=\"og:description\" content=\"Izjava predsednice Osmani za op\u0161tinske izbore u op\u0161tinama Severna Mitrovica, Zve\u010dan, Zubin Potok i Leposavi\u0107 - Predsednik Republike Kosovo - DR. VJOSA OSMANI - SADRIU -\" \/>\n<meta property=\"og:url\" content=\"https:\/\/president-ksgov.net\/sr\/izjava-predsednice-osmani-za-opstinske-izbore-u-opstinama-severna-mitrovica-zvecan-zubin-potok-i-leposavic\/\" \/>\n<meta property=\"og:site_name\" content=\"Predsednik Republike Kosovo - DR. VJOSA OSMANI - SADRIU\" \/>\n<meta property=\"article:published_time\" content=\"2023-04-22T10:57:40+00:00\" \/>\n<meta property=\"article:modified_time\" content=\"2023-04-28T09:53:53+00:00\" \/>\n<meta property=\"og:image\" content=\"https:\/\/president-ksgov.net\/wp-content\/uploads\/Zyra-e-Presidentes-Featured-Image1-e1678970937938.png\" \/>\n\t<meta property=\"og:image:width\" content=\"1024\" \/>\n\t<meta property=\"og:image:height\" content=\"716\" \/>\n\t<meta property=\"og:image:type\" content=\"image\/png\" \/>\n<meta name=\"author\" content=\"presidentlogin\" \/>\n<meta name=\"twitter:card\" content=\"summary_large_image\" \/>\n<meta name=\"twitter:label1\" content=\"\u041d\u0430\u043f\u0438\u0441\u0430\u043d\u043e \u043e\u0434\" \/>\n\t<meta name=\"twitter:data1\" content=\"presidentlogin\" \/>\n\t<meta name=\"twitter:label2\" content=\"\u041f\u0440\u043e\u0446\u0435\u045a\u0435\u043d\u043e \u0432\u0440\u0435\u043c\u0435 \u0447\u0438\u0442\u0430\u045a\u0430\" \/>\n\t<meta name=\"twitter:data2\" content=\"2 \u043c\u0438\u043d\u0443\u0442\u0430\" \/>\n<script type=\"application\/ld+json\" class=\"yoast-schema-graph\">{\"@context\":\"https:\/\/schema.org\",\"@graph\":[{\"@type\":\"WebPage\",\"@id\":\"https:\/\/president-ksgov.net\/sr\/izjava-predsednice-osmani-za-opstinske-izbore-u-opstinama-severna-mitrovica-zvecan-zubin-potok-i-leposavic\/\",\"url\":\"https:\/\/president-ksgov.net\/sr\/izjava-predsednice-osmani-za-opstinske-izbore-u-opstinama-severna-mitrovica-zvecan-zubin-potok-i-leposavic\/\",\"name\":\"Izjava predsednice Osmani za op\u0161tinske izbore u op\u0161tinama Severna Mitrovica, Zve\u010dan, Zubin Potok i Leposavi\u0107 - Predsednik Republike Kosovo - DR. VJOSA OSMANI - SADRIU\",\"isPartOf\":{\"@id\":\"https:\/\/president-ksgov.net\/#website\"},\"primaryImageOfPage\":{\"@id\":\"https:\/\/president-ksgov.net\/sr\/izjava-predsednice-osmani-za-opstinske-izbore-u-opstinama-severna-mitrovica-zvecan-zubin-potok-i-leposavic\/#primaryimage\"},\"image\":{\"@id\":\"https:\/\/president-ksgov.net\/sr\/izjava-predsednice-osmani-za-opstinske-izbore-u-opstinama-severna-mitrovica-zvecan-zubin-potok-i-leposavic\/#primaryimage\"},\"thumbnailUrl\":\"https:\/\/president-ksgov.net\/wp-content\/uploads\/Zyra-e-Presidentes-Featured-Image1-e1678970937938.png\",\"datePublished\":\"2023-04-22T10:57:40+00:00\",\"dateModified\":\"2023-04-28T09:53:53+00:00\",\"author\":{\"@id\":\"https:\/\/president-ksgov.net\/#\/schema\/person\/1a2c014cffc81ec60d5a452a36d08d92\"},\"description\":\"Izjava predsednice Osmani za op\u0161tinske izbore u op\u0161tinama Severna Mitrovica, Zve\u010dan, Zubin Potok i Leposavi\u0107 - Predsednik Republike Kosovo - DR. VJOSA OSMANI - SADRIU -\",\"breadcrumb\":{\"@id\":\"https:\/\/president-ksgov.net\/sr\/izjava-predsednice-osmani-za-opstinske-izbore-u-opstinama-severna-mitrovica-zvecan-zubin-potok-i-leposavic\/#breadcrumb\"},\"inLanguage\":\"sr-RS\",\"potentialAction\":[{\"@type\":\"ReadAction\",\"target\":[\"https:\/\/president-ksgov.net\/sr\/izjava-predsednice-osmani-za-opstinske-izbore-u-opstinama-severna-mitrovica-zvecan-zubin-potok-i-leposavic\/\"]}]},{\"@type\":\"ImageObject\",\"inLanguage\":\"sr-RS\",\"@id\":\"https:\/\/president-ksgov.net\/sr\/izjava-predsednice-osmani-za-opstinske-izbore-u-opstinama-severna-mitrovica-zvecan-zubin-potok-i-leposavic\/#primaryimage\",\"url\":\"https:\/\/president-ksgov.net\/wp-content\/uploads\/Zyra-e-Presidentes-Featured-Image1-e1678970937938.png\",\"contentUrl\":\"https:\/\/president-ksgov.net\/wp-content\/uploads\/Zyra-e-Presidentes-Featured-Image1-e1678970937938.png\",\"width\":1024,\"height\":716},{\"@type\":\"BreadcrumbList\",\"@id\":\"https:\/\/president-ksgov.net\/sr\/izjava-predsednice-osmani-za-opstinske-izbore-u-opstinama-severna-mitrovica-zvecan-zubin-potok-i-leposavic\/#breadcrumb\",\"itemListElement\":[{\"@type\":\"ListItem\",\"position\":1,\"name\":\"Home\",\"item\":\"https:\/\/president-ksgov.net\/sr\/\"},{\"@type\":\"ListItem\",\"position\":2,\"name\":\"Izjava predsednice Osmani za op\u0161tinske izbore u op\u0161tinama Severna Mitrovica, Zve\u010dan, Zubin Potok i Leposavi\u0107\"}]},{\"@type\":\"WebSite\",\"@id\":\"https:\/\/president-ksgov.net\/#website\",\"url\":\"https:\/\/president-ksgov.net\/\",\"name\":\"Presidente e Republik\u00ebs s\u00eb Kosov\u00ebs\",\"description\":\"Presidente e Republik\u00ebs s\u00eb Kosov\u00ebs\",\"alternateName\":\"DR. VJOSA OSMANI - SADRIU\",\"potentialAction\":[{\"@type\":\"SearchAction\",\"target\":{\"@type\":\"EntryPoint\",\"urlTemplate\":\"https:\/\/president-ksgov.net\/?s={search_term_string}\"},\"query-input\":{\"@type\":\"PropertyValueSpecification\",\"valueRequired\":true,\"valueName\":\"search_term_string\"}}],\"inLanguage\":\"sr-RS\"},{\"@type\":\"Person\",\"@id\":\"https:\/\/president-ksgov.net\/#\/schema\/person\/1a2c014cffc81ec60d5a452a36d08d92\",\"name\":\"presidentlogin\",\"image\":{\"@type\":\"ImageObject\",\"inLanguage\":\"sr-RS\",\"@id\":\"https:\/\/president-ksgov.net\/#\/schema\/person\/image\/\",\"url\":\"https:\/\/secure.gravatar.com\/avatar\/339f00ab0a8a0d5ce1ecff10aa2b4a1f51f58bbd5a57793f8cd6ad624080d807?s=96&d=mm&r=g\",\"contentUrl\":\"https:\/\/secure.gravatar.com\/avatar\/339f00ab0a8a0d5ce1ecff10aa2b4a1f51f58bbd5a57793f8cd6ad624080d807?s=96&d=mm&r=g\",\"caption\":\"presidentlogin\"}}]}<\/script>\n<!-- \/ Yoast SEO plugin. -->","yoast_head_json":{"title":"Izjava predsednice Osmani za op\u0161tinske izbore u op\u0161tinama Severna Mitrovica, Zve\u010dan, Zubin Potok i Leposavi\u0107 - Predsednik Republike Kosovo - DR. VJOSA OSMANI - SADRIU","description":"Izjava predsednice Osmani za op\u0161tinske izbore u op\u0161tinama Severna Mitrovica, Zve\u010dan, Zubin Potok i Leposavi\u0107 - Predsednik Republike Kosovo - DR. VJOSA OSMANI - SADRIU -","robots":{"index":"index","follow":"follow","max-snippet":"max-snippet:-1","max-image-preview":"max-image-preview:large","max-video-preview":"max-video-preview:-1"},"canonical":"https:\/\/president-ksgov.net\/sr\/izjava-predsednice-osmani-za-opstinske-izbore-u-opstinama-severna-mitrovica-zvecan-zubin-potok-i-leposavic\/","og_locale":"sr_RS","og_type":"article","og_title":"Izjava predsednice Osmani za op\u0161tinske izbore u op\u0161tinama Severna Mitrovica, Zve\u010dan, Zubin Potok i Leposavi\u0107 - Predsednik Republike Kosovo - DR. VJOSA OSMANI - SADRIU","og_description":"Izjava predsednice Osmani za op\u0161tinske izbore u op\u0161tinama Severna Mitrovica, Zve\u010dan, Zubin Potok i Leposavi\u0107 - Predsednik Republike Kosovo - DR. VJOSA OSMANI - SADRIU -","og_url":"https:\/\/president-ksgov.net\/sr\/izjava-predsednice-osmani-za-opstinske-izbore-u-opstinama-severna-mitrovica-zvecan-zubin-potok-i-leposavic\/","og_site_name":"Predsednik Republike Kosovo - DR. VJOSA OSMANI - SADRIU","article_published_time":"2023-04-22T10:57:40+00:00","article_modified_time":"2023-04-28T09:53:53+00:00","og_image":[{"width":1024,"height":716,"url":"https:\/\/president-ksgov.net\/wp-content\/uploads\/Zyra-e-Presidentes-Featured-Image1-e1678970937938.png","type":"image\/png"}],"author":"presidentlogin","twitter_card":"summary_large_image","twitter_misc":{"\u041d\u0430\u043f\u0438\u0441\u0430\u043d\u043e \u043e\u0434":"presidentlogin","\u041f\u0440\u043e\u0446\u0435\u045a\u0435\u043d\u043e \u0432\u0440\u0435\u043c\u0435 \u0447\u0438\u0442\u0430\u045a\u0430":"2 \u043c\u0438\u043d\u0443\u0442\u0430"},"schema":{"@context":"https:\/\/schema.org","@graph":[{"@type":"WebPage","@id":"https:\/\/president-ksgov.net\/sr\/izjava-predsednice-osmani-za-opstinske-izbore-u-opstinama-severna-mitrovica-zvecan-zubin-potok-i-leposavic\/","url":"https:\/\/president-ksgov.net\/sr\/izjava-predsednice-osmani-za-opstinske-izbore-u-opstinama-severna-mitrovica-zvecan-zubin-potok-i-leposavic\/","name":"Izjava predsednice Osmani za op\u0161tinske izbore u op\u0161tinama Severna Mitrovica, Zve\u010dan, Zubin Potok i Leposavi\u0107 - Predsednik Republike Kosovo - DR. VJOSA OSMANI - SADRIU","isPartOf":{"@id":"https:\/\/president-ksgov.net\/#website"},"primaryImageOfPage":{"@id":"https:\/\/president-ksgov.net\/sr\/izjava-predsednice-osmani-za-opstinske-izbore-u-opstinama-severna-mitrovica-zvecan-zubin-potok-i-leposavic\/#primaryimage"},"image":{"@id":"https:\/\/president-ksgov.net\/sr\/izjava-predsednice-osmani-za-opstinske-izbore-u-opstinama-severna-mitrovica-zvecan-zubin-potok-i-leposavic\/#primaryimage"},"thumbnailUrl":"https:\/\/president-ksgov.net\/wp-content\/uploads\/Zyra-e-Presidentes-Featured-Image1-e1678970937938.png","datePublished":"2023-04-22T10:57:40+00:00","dateModified":"2023-04-28T09:53:53+00:00","author":{"@id":"https:\/\/president-ksgov.net\/#\/schema\/person\/1a2c014cffc81ec60d5a452a36d08d92"},"description":"Izjava predsednice Osmani za op\u0161tinske izbore u op\u0161tinama Severna Mitrovica, Zve\u010dan, Zubin Potok i Leposavi\u0107 - Predsednik Republike Kosovo - DR. VJOSA OSMANI - SADRIU -","breadcrumb":{"@id":"https:\/\/president-ksgov.net\/sr\/izjava-predsednice-osmani-za-opstinske-izbore-u-opstinama-severna-mitrovica-zvecan-zubin-potok-i-leposavic\/#breadcrumb"},"inLanguage":"sr-RS","potentialAction":[{"@type":"ReadAction","target":["https:\/\/president-ksgov.net\/sr\/izjava-predsednice-osmani-za-opstinske-izbore-u-opstinama-severna-mitrovica-zvecan-zubin-potok-i-leposavic\/"]}]},{"@type":"ImageObject","inLanguage":"sr-RS","@id":"https:\/\/president-ksgov.net\/sr\/izjava-predsednice-osmani-za-opstinske-izbore-u-opstinama-severna-mitrovica-zvecan-zubin-potok-i-leposavic\/#primaryimage","url":"https:\/\/president-ksgov.net\/wp-content\/uploads\/Zyra-e-Presidentes-Featured-Image1-e1678970937938.png","contentUrl":"https:\/\/president-ksgov.net\/wp-content\/uploads\/Zyra-e-Presidentes-Featured-Image1-e1678970937938.png","width":1024,"height":716},{"@type":"BreadcrumbList","@id":"https:\/\/president-ksgov.net\/sr\/izjava-predsednice-osmani-za-opstinske-izbore-u-opstinama-severna-mitrovica-zvecan-zubin-potok-i-leposavic\/#breadcrumb","itemListElement":[{"@type":"ListItem","position":1,"name":"Home","item":"https:\/\/president-ksgov.net\/sr\/"},{"@type":"ListItem","position":2,"name":"Izjava predsednice Osmani za op\u0161tinske izbore u op\u0161tinama Severna Mitrovica, Zve\u010dan, Zubin Potok i Leposavi\u0107"}]},{"@type":"WebSite","@id":"https:\/\/president-ksgov.net\/#website","url":"https:\/\/president-ksgov.net\/","name":"Presidente e Republik\u00ebs s\u00eb Kosov\u00ebs","description":"Presidente e Republik\u00ebs s\u00eb Kosov\u00ebs","alternateName":"DR. VJOSA OSMANI - SADRIU","potentialAction":[{"@type":"SearchAction","target":{"@type":"EntryPoint","urlTemplate":"https:\/\/president-ksgov.net\/?s={search_term_string}"},"query-input":{"@type":"PropertyValueSpecification","valueRequired":true,"valueName":"search_term_string"}}],"inLanguage":"sr-RS"},{"@type":"Person","@id":"https:\/\/president-ksgov.net\/#\/schema\/person\/1a2c014cffc81ec60d5a452a36d08d92","name":"presidentlogin","image":{"@type":"ImageObject","inLanguage":"sr-RS","@id":"https:\/\/president-ksgov.net\/#\/schema\/person\/image\/","url":"https:\/\/secure.gravatar.com\/avatar\/339f00ab0a8a0d5ce1ecff10aa2b4a1f51f58bbd5a57793f8cd6ad624080d807?s=96&d=mm&r=g","contentUrl":"https:\/\/secure.gravatar.com\/avatar\/339f00ab0a8a0d5ce1ecff10aa2b4a1f51f58bbd5a57793f8cd6ad624080d807?s=96&d=mm&r=g","caption":"presidentlogin"}}]}},"_links":{"self":[{"href":"https:\/\/president-ksgov.net\/sr\/wp-json\/wp\/v2\/posts\/89624","targetHints":{"allow":["GET"]}}],"collection":[{"href":"https:\/\/president-ksgov.net\/sr\/wp-json\/wp\/v2\/posts"}],"about":[{"href":"https:\/\/president-ksgov.net\/sr\/wp-json\/wp\/v2\/types\/post"}],"author":[{"embeddable":true,"href":"https:\/\/president-ksgov.net\/sr\/wp-json\/wp\/v2\/users\/11"}],"replies":[{"embeddable":true,"href":"https:\/\/president-ksgov.net\/sr\/wp-json\/wp\/v2\/comments?post=89624"}],"version-history":[{"count":1,"href":"https:\/\/president-ksgov.net\/sr\/wp-json\/wp\/v2\/posts\/89624\/revisions"}],"predecessor-version":[{"id":89625,"href":"https:\/\/president-ksgov.net\/sr\/wp-json\/wp\/v2\/posts\/89624\/revisions\/89625"}],"wp:featuredmedia":[{"embeddable":true,"href":"https:\/\/president-ksgov.net\/sr\/wp-json\/wp\/v2\/media\/86338"}],"wp:attachment":[{"href":"https:\/\/president-ksgov.net\/sr\/wp-json\/wp\/v2\/media?parent=89624"}],"wp:term":[{"taxonomy":"category","embeddable":true,"href":"https:\/\/president-ksgov.net\/sr\/wp-json\/wp\/v2\/categories?post=89624"},{"taxonomy":"post_tag","embeddable":true,"href":"https:\/\/president-ksgov.net\/sr\/wp-json\/wp\/v2\/tags?post=89624"}],"curies":[{"name":"wp","href":"https:\/\/api.w.org\/{rel}","templated":true}]}}