{"id":89562,"date":"2023-04-12T19:44:35","date_gmt":"2023-04-12T17:44:35","guid":{"rendered":"https:\/\/dev.president-ksgov.net\/?p=89562"},"modified":"2023-04-28T10:39:14","modified_gmt":"2023-04-28T08:39:14","slug":"predsednica-osmani-se-sastala-sa-predsednicom-provincije-kozenca-i-predsednicima-arbreskih-opstina","status":"publish","type":"post","link":"https:\/\/president-ksgov.net\/sr\/predsednica-osmani-se-sastala-sa-predsednicom-provincije-kozenca-i-predsednicima-arbreskih-opstina\/","title":{"rendered":"Predsednica Osmani se sastala sa predsednicom provincije Kozenca i predsednicima arbre\u0161kih op\u0161tina"},"content":{"rendered":"<p><span class=\"text-short\">Predsednica Republike Kosovo Vjosa Osmani sastala se danas sa predsednicom provincije Kozenca g\u0111om Rosariom Succurro, sa kojom je razgovarala o ekonomskim, politi\u010dkim i kulturnim odnosima izme\u0111u razli\u010ditih op\u0161tina Kosova i Kozence. Predsednica je istakla da je veoma va\u017eno stvoriti nove mogu\u0107nosti za saradnju na\u0161ih firmi, kulturnih institucija i turisti\u010dkih operatera. U Kozenci postoji 21 arbre\u0161ka op\u0161tina u kojima se tradicija, kultura i nacionalna tradicija \u010duvaju skoro \u0161est vekova.<\/span><\/p>\n<div id=\"news-gallery\" class=\"ug-gallery-wrapper ug-under-780 ug-theme-grid\">\n<div class=\"ug-strip-panel\">U Kozenci se nalaze veoma va\u017ena blaga, kao \u0161to su rukopisi renesansnog Jeronima De Rade, koji se nalaze u Gradskoj biblioteci Kozence i drugde u Kalabriji.<\/p>\n<p>\u201eDigitalizacija albanskih knji\u017eevnih rukopisa 19. veka je blago koje treba ponuditi istra\u017eiva\u010dima i novim generacijama\u201c, rekla je predsednica Osmani.<\/p>\n<p>Predsednica Kosova Vjosa Osmani tako\u0111e je odr\u017eala sastanak sa predsednicima arbre\u0161kih op\u0161tina u pokrajini Kozenca. Predsednica im je zahvalila na njihovoj neuporedivoj posve\u0107enosti negovanju arber\u0161kog jezika, kulture i tradicije, kao va\u017enog dela albanske kulture i identiteta.<\/p>\n<p>\u201e\u017delimo da zajedno sa vama identifikujemo mogu\u0107nosti za realizaciju zajedni\u010dkih projekata za o\u010duvanje, negovanje i dalji napredak va\u0161e kulturne i jezi\u010dke tradicije\u201c, rekla je predsednica.<\/p>\n<p>Predsednica je podsetila na izuzetnu ulogu koju su Arbre\u0161i odigrali o kroz istoriju u o\u010duvanju i promovisanju kulturnog i politi\u010dkog identiteta Albanaca.<\/p>\n<p>Predsednica je dalje istakla da ceni na\u010din na koji su Arbere\u0161i stvorili dobar model za sve imigrante, kako su, integri\u0161u\u0107i se u \u017eivot zemlje doma\u0107ina, negovali i o\u010duvali svoju tradiciju, postaju\u0107i uspe\u0161ni gra\u0111ani zemlje, ali i doprinos\u0107\u0301i kulturi predaka.<\/p>\n<p>\u201eKulturi etni\u010dke grupe, ali i zemlji doma\u0107inu, Italiji, dali ste boje posebne kulture, koja je bogatstvo zemlje i kulture iz koje dolazite, ali i zemlje koja vas je do\u010dekala\u201c, rekla je predsednica Osmani.<\/p>\n<p>Tako\u0111e, predsednica je ukazala na mogu\u0107nost osmi\u0161ljavanja i realizacije projekata za o\u010duvanje jezi\u010dkog nasle\u0111a i kulturne tradicije, kroz evidentiranje i objavljivanje usmenog se\u0107anja.<\/p>\n<p>\u201eSporo opadanje upotrebe albanskog jezika me\u0111u mla\u0111im generacijama i smanjenje stanovni\u0161tva, usled migracija, izazov je sa kojim se suo\u010davaju mnoge zemlje, uklju\u010duju\u0107i i regione u kojima \u017eive Arbere\u0161i. Zato su potrebne jasne promotivne politike\u201c, rekla je predsednica.<\/p>\n<p>Ona je istakla neophodnost pro\u0161irenja saradnje, osmi\u0161ljavanja turisti\u010dkih itinerera i kulturnih razmena, kako bi se o\u010duvala veza sa zemljom predaka. Ona je istakla da ceni saradnju arbre\u0161kih op\u0161tina, koje su ve\u0107 pobratimljene sa nekoliko kosovskih op\u0161tina.<\/p><\/div>\n<\/div>\n","protected":false},"excerpt":{"rendered":"<p>Predsednica Republike Kosovo Vjosa Osmani sastala se danas sa predsednicom provincije Kozenca g\u0111om Rosariom Succurro, sa kojom je razgovarala o ekonomskim, politi\u010dkim i kulturnim odnosima izme\u0111u razli\u010ditih op\u0161tina Kosova i Kozence. Predsednica je istakla da je veoma va\u017eno stvoriti nove mogu\u0107nosti za saradnju na\u0161ih firmi, kulturnih institucija i turisti\u010dkih operatera. U Kozenci postoji 21 arbre\u0161ka op\u0161tina u kojima se tradicija, kultura i nacionalna tradicija \u010duvaju skoro \u0161est vekova. U Kozenci se nalaze veoma va\u017ena blaga, kao \u0161to su rukopisi renesansnog Jeronima De Rade, koji se nalaze u Gradskoj biblioteci Kozence i drugde u Kalabriji. \u201eDigitalizacija albanskih knji\u017eevnih rukopisa 19. veka je blago koje treba ponuditi istra\u017eiva\u010dima i novim generacijama\u201c, rekla je predsednica Osmani. Predsednica Kosova Vjosa Osmani tako\u0111e je odr\u017eala sastanak sa predsednicima arbre\u0161kih op\u0161tina u pokrajini Kozenca. Predsednica im je zahvalila na njihovoj neuporedivoj posve\u0107enosti negovanju arber\u0161kog jezika, kulture i tradicije, kao va\u017enog dela albanske kulture i identiteta. \u201e\u017delimo da zajedno sa vama identifikujemo mogu\u0107nosti za realizaciju zajedni\u010dkih projekata za o\u010duvanje, negovanje i dalji napredak va\u0161e kulturne i jezi\u010dke tradicije\u201c, rekla je predsednica. Predsednica je podsetila na izuzetnu ulogu koju su Arbre\u0161i odigrali o kroz istoriju u o\u010duvanju i promovisanju kulturnog i politi\u010dkog identiteta Albanaca. Predsednica je dalje istakla da ceni na\u010din na koji su Arbere\u0161i stvorili dobar model za sve imigrante, kako su, integri\u0161u\u0107i se u \u017eivot zemlje doma\u0107ina, negovali i o\u010duvali svoju tradiciju, postaju\u0107i uspe\u0161ni gra\u0111ani zemlje, ali i doprinos\u0107\u0301i kulturi predaka. \u201eKulturi etni\u010dke grupe, ali i zemlji doma\u0107inu, Italiji, dali ste boje posebne kulture, koja je bogatstvo zemlje i kulture iz koje dolazite, ali i zemlje koja vas je do\u010dekala\u201c, rekla je predsednica Osmani. Tako\u0111e, predsednica je ukazala na mogu\u0107nost osmi\u0161ljavanja i realizacije projekata za o\u010duvanje jezi\u010dkog nasle\u0111a i kulturne tradicije, kroz evidentiranje i objavljivanje usmenog se\u0107anja. \u201eSporo opadanje upotrebe albanskog jezika me\u0111u mla\u0111im generacijama i smanjenje stanovni\u0161tva, usled migracija, izazov je sa kojim se suo\u010davaju mnoge zemlje, uklju\u010duju\u0107i i regione u kojima \u017eive Arbere\u0161i. Zato su potrebne jasne promotivne politike\u201c, rekla je predsednica. Ona je istakla neophodnost pro\u0161irenja saradnje, osmi\u0161ljavanja turisti\u010dkih itinerera i kulturnih razmena, kako bi se o\u010duvala veza sa zemljom predaka. Ona je istakla da ceni saradnju arbre\u0161kih op\u0161tina, koje su ve\u0107 pobratimljene sa nekoliko kosovskih op\u0161tina.<\/p>\n","protected":false},"author":11,"featured_media":88968,"comment_status":"open","ping_status":"closed","sticky":false,"template":"","format":"standard","meta":{"_eb_attr":"","footnotes":""},"categories":[101],"tags":[],"class_list":["post-89562","post","type-post","status-publish","format-standard","has-post-thumbnail","hentry","category-vesti"],"yoast_head":"<!-- This site is optimized with the Yoast SEO plugin v23.5 - https:\/\/yoast.com\/wordpress\/plugins\/seo\/ -->\n<title>Predsednica Osmani se sastala sa predsednicom provincije Kozenca i predsednicima arbre\u0161kih op\u0161tina - Predsednik Republike Kosovo - DR. VJOSA OSMANI - SADRIU<\/title>\n<meta name=\"description\" content=\"Predsednica Osmani se sastala sa predsednicom provincije Kozenca i predsednicima arbre\u0161kih op\u0161tina - Predsednik Republike Kosovo - DR. VJOSA OSMANI - SADRIU -\" \/>\n<meta name=\"robots\" content=\"index, follow, max-snippet:-1, max-image-preview:large, max-video-preview:-1\" \/>\n<link rel=\"canonical\" href=\"https:\/\/president-ksgov.net\/sr\/predsednica-osmani-se-sastala-sa-predsednicom-provincije-kozenca-i-predsednicima-arbreskih-opstina\/\" \/>\n<meta property=\"og:locale\" content=\"sr_RS\" \/>\n<meta property=\"og:type\" content=\"article\" \/>\n<meta property=\"og:title\" content=\"Predsednica Osmani se sastala sa predsednicom provincije Kozenca i predsednicima arbre\u0161kih op\u0161tina - Predsednik Republike Kosovo - DR. VJOSA OSMANI - SADRIU\" \/>\n<meta property=\"og:description\" content=\"Predsednica Osmani se sastala sa predsednicom provincije Kozenca i predsednicima arbre\u0161kih op\u0161tina - Predsednik Republike Kosovo - DR. VJOSA OSMANI - SADRIU -\" \/>\n<meta property=\"og:url\" content=\"https:\/\/president-ksgov.net\/sr\/predsednica-osmani-se-sastala-sa-predsednicom-provincije-kozenca-i-predsednicima-arbreskih-opstina\/\" \/>\n<meta property=\"og:site_name\" content=\"Predsednik Republike Kosovo - DR. VJOSA OSMANI - SADRIU\" \/>\n<meta property=\"article:published_time\" content=\"2023-04-12T17:44:35+00:00\" \/>\n<meta property=\"article:modified_time\" content=\"2023-04-28T08:39:14+00:00\" \/>\n<meta property=\"og:image\" content=\"https:\/\/president-ksgov.net\/wp-content\/uploads\/presidentja-osmani-takoi-kryetaren-e-provinces-se-kozences-1-1024x682.jpg\" \/>\n\t<meta property=\"og:image:width\" content=\"1024\" \/>\n\t<meta property=\"og:image:height\" content=\"682\" \/>\n\t<meta property=\"og:image:type\" content=\"image\/jpeg\" \/>\n<meta name=\"author\" content=\"presidentlogin\" \/>\n<meta name=\"twitter:card\" content=\"summary_large_image\" \/>\n<meta name=\"twitter:label1\" content=\"\u041d\u0430\u043f\u0438\u0441\u0430\u043d\u043e \u043e\u0434\" \/>\n\t<meta name=\"twitter:data1\" content=\"presidentlogin\" \/>\n\t<meta name=\"twitter:label2\" content=\"\u041f\u0440\u043e\u0446\u0435\u045a\u0435\u043d\u043e \u0432\u0440\u0435\u043c\u0435 \u0447\u0438\u0442\u0430\u045a\u0430\" \/>\n\t<meta name=\"twitter:data2\" content=\"2 \u043c\u0438\u043d\u0443\u0442\u0430\" \/>\n<script type=\"application\/ld+json\" class=\"yoast-schema-graph\">{\"@context\":\"https:\/\/schema.org\",\"@graph\":[{\"@type\":\"WebPage\",\"@id\":\"https:\/\/president-ksgov.net\/sr\/predsednica-osmani-se-sastala-sa-predsednicom-provincije-kozenca-i-predsednicima-arbreskih-opstina\/\",\"url\":\"https:\/\/president-ksgov.net\/sr\/predsednica-osmani-se-sastala-sa-predsednicom-provincije-kozenca-i-predsednicima-arbreskih-opstina\/\",\"name\":\"Predsednica Osmani se sastala sa predsednicom provincije Kozenca i predsednicima arbre\u0161kih op\u0161tina - Predsednik Republike Kosovo - DR. VJOSA OSMANI - SADRIU\",\"isPartOf\":{\"@id\":\"https:\/\/president-ksgov.net\/#website\"},\"primaryImageOfPage\":{\"@id\":\"https:\/\/president-ksgov.net\/sr\/predsednica-osmani-se-sastala-sa-predsednicom-provincije-kozenca-i-predsednicima-arbreskih-opstina\/#primaryimage\"},\"image\":{\"@id\":\"https:\/\/president-ksgov.net\/sr\/predsednica-osmani-se-sastala-sa-predsednicom-provincije-kozenca-i-predsednicima-arbreskih-opstina\/#primaryimage\"},\"thumbnailUrl\":\"https:\/\/president-ksgov.net\/wp-content\/uploads\/presidentja-osmani-takoi-kryetaren-e-provinces-se-kozences-1.jpg\",\"datePublished\":\"2023-04-12T17:44:35+00:00\",\"dateModified\":\"2023-04-28T08:39:14+00:00\",\"author\":{\"@id\":\"https:\/\/president-ksgov.net\/#\/schema\/person\/1a2c014cffc81ec60d5a452a36d08d92\"},\"description\":\"Predsednica Osmani se sastala sa predsednicom provincije Kozenca i predsednicima arbre\u0161kih op\u0161tina - Predsednik Republike Kosovo - DR. VJOSA OSMANI - SADRIU -\",\"breadcrumb\":{\"@id\":\"https:\/\/president-ksgov.net\/sr\/predsednica-osmani-se-sastala-sa-predsednicom-provincije-kozenca-i-predsednicima-arbreskih-opstina\/#breadcrumb\"},\"inLanguage\":\"sr-RS\",\"potentialAction\":[{\"@type\":\"ReadAction\",\"target\":[\"https:\/\/president-ksgov.net\/sr\/predsednica-osmani-se-sastala-sa-predsednicom-provincije-kozenca-i-predsednicima-arbreskih-opstina\/\"]}]},{\"@type\":\"ImageObject\",\"inLanguage\":\"sr-RS\",\"@id\":\"https:\/\/president-ksgov.net\/sr\/predsednica-osmani-se-sastala-sa-predsednicom-provincije-kozenca-i-predsednicima-arbreskih-opstina\/#primaryimage\",\"url\":\"https:\/\/president-ksgov.net\/wp-content\/uploads\/presidentja-osmani-takoi-kryetaren-e-provinces-se-kozences-1.jpg\",\"contentUrl\":\"https:\/\/president-ksgov.net\/wp-content\/uploads\/presidentja-osmani-takoi-kryetaren-e-provinces-se-kozences-1.jpg\",\"width\":2048,\"height\":1363},{\"@type\":\"BreadcrumbList\",\"@id\":\"https:\/\/president-ksgov.net\/sr\/predsednica-osmani-se-sastala-sa-predsednicom-provincije-kozenca-i-predsednicima-arbreskih-opstina\/#breadcrumb\",\"itemListElement\":[{\"@type\":\"ListItem\",\"position\":1,\"name\":\"Home\",\"item\":\"https:\/\/president-ksgov.net\/sr\/\"},{\"@type\":\"ListItem\",\"position\":2,\"name\":\"Predsednica Osmani se sastala sa predsednicom provincije Kozenca i predsednicima arbre\u0161kih op\u0161tina\"}]},{\"@type\":\"WebSite\",\"@id\":\"https:\/\/president-ksgov.net\/#website\",\"url\":\"https:\/\/president-ksgov.net\/\",\"name\":\"Presidente e Republik\u00ebs s\u00eb Kosov\u00ebs\",\"description\":\"Presidente e Republik\u00ebs s\u00eb Kosov\u00ebs\",\"alternateName\":\"DR. VJOSA OSMANI - SADRIU\",\"potentialAction\":[{\"@type\":\"SearchAction\",\"target\":{\"@type\":\"EntryPoint\",\"urlTemplate\":\"https:\/\/president-ksgov.net\/?s={search_term_string}\"},\"query-input\":{\"@type\":\"PropertyValueSpecification\",\"valueRequired\":true,\"valueName\":\"search_term_string\"}}],\"inLanguage\":\"sr-RS\"},{\"@type\":\"Person\",\"@id\":\"https:\/\/president-ksgov.net\/#\/schema\/person\/1a2c014cffc81ec60d5a452a36d08d92\",\"name\":\"presidentlogin\",\"image\":{\"@type\":\"ImageObject\",\"inLanguage\":\"sr-RS\",\"@id\":\"https:\/\/president-ksgov.net\/#\/schema\/person\/image\/\",\"url\":\"https:\/\/secure.gravatar.com\/avatar\/339f00ab0a8a0d5ce1ecff10aa2b4a1f51f58bbd5a57793f8cd6ad624080d807?s=96&d=mm&r=g\",\"contentUrl\":\"https:\/\/secure.gravatar.com\/avatar\/339f00ab0a8a0d5ce1ecff10aa2b4a1f51f58bbd5a57793f8cd6ad624080d807?s=96&d=mm&r=g\",\"caption\":\"presidentlogin\"}}]}<\/script>\n<!-- \/ Yoast SEO plugin. -->","yoast_head_json":{"title":"Predsednica Osmani se sastala sa predsednicom provincije Kozenca i predsednicima arbre\u0161kih op\u0161tina - Predsednik Republike Kosovo - DR. VJOSA OSMANI - SADRIU","description":"Predsednica Osmani se sastala sa predsednicom provincije Kozenca i predsednicima arbre\u0161kih op\u0161tina - Predsednik Republike Kosovo - DR. VJOSA OSMANI - SADRIU -","robots":{"index":"index","follow":"follow","max-snippet":"max-snippet:-1","max-image-preview":"max-image-preview:large","max-video-preview":"max-video-preview:-1"},"canonical":"https:\/\/president-ksgov.net\/sr\/predsednica-osmani-se-sastala-sa-predsednicom-provincije-kozenca-i-predsednicima-arbreskih-opstina\/","og_locale":"sr_RS","og_type":"article","og_title":"Predsednica Osmani se sastala sa predsednicom provincije Kozenca i predsednicima arbre\u0161kih op\u0161tina - Predsednik Republike Kosovo - DR. VJOSA OSMANI - SADRIU","og_description":"Predsednica Osmani se sastala sa predsednicom provincije Kozenca i predsednicima arbre\u0161kih op\u0161tina - Predsednik Republike Kosovo - DR. VJOSA OSMANI - SADRIU -","og_url":"https:\/\/president-ksgov.net\/sr\/predsednica-osmani-se-sastala-sa-predsednicom-provincije-kozenca-i-predsednicima-arbreskih-opstina\/","og_site_name":"Predsednik Republike Kosovo - DR. VJOSA OSMANI - SADRIU","article_published_time":"2023-04-12T17:44:35+00:00","article_modified_time":"2023-04-28T08:39:14+00:00","og_image":[{"width":1024,"height":682,"url":"https:\/\/president-ksgov.net\/wp-content\/uploads\/presidentja-osmani-takoi-kryetaren-e-provinces-se-kozences-1-1024x682.jpg","type":"image\/jpeg"}],"author":"presidentlogin","twitter_card":"summary_large_image","twitter_misc":{"\u041d\u0430\u043f\u0438\u0441\u0430\u043d\u043e \u043e\u0434":"presidentlogin","\u041f\u0440\u043e\u0446\u0435\u045a\u0435\u043d\u043e \u0432\u0440\u0435\u043c\u0435 \u0447\u0438\u0442\u0430\u045a\u0430":"2 \u043c\u0438\u043d\u0443\u0442\u0430"},"schema":{"@context":"https:\/\/schema.org","@graph":[{"@type":"WebPage","@id":"https:\/\/president-ksgov.net\/sr\/predsednica-osmani-se-sastala-sa-predsednicom-provincije-kozenca-i-predsednicima-arbreskih-opstina\/","url":"https:\/\/president-ksgov.net\/sr\/predsednica-osmani-se-sastala-sa-predsednicom-provincije-kozenca-i-predsednicima-arbreskih-opstina\/","name":"Predsednica Osmani se sastala sa predsednicom provincije Kozenca i predsednicima arbre\u0161kih op\u0161tina - Predsednik Republike Kosovo - DR. VJOSA OSMANI - SADRIU","isPartOf":{"@id":"https:\/\/president-ksgov.net\/#website"},"primaryImageOfPage":{"@id":"https:\/\/president-ksgov.net\/sr\/predsednica-osmani-se-sastala-sa-predsednicom-provincije-kozenca-i-predsednicima-arbreskih-opstina\/#primaryimage"},"image":{"@id":"https:\/\/president-ksgov.net\/sr\/predsednica-osmani-se-sastala-sa-predsednicom-provincije-kozenca-i-predsednicima-arbreskih-opstina\/#primaryimage"},"thumbnailUrl":"https:\/\/president-ksgov.net\/wp-content\/uploads\/presidentja-osmani-takoi-kryetaren-e-provinces-se-kozences-1.jpg","datePublished":"2023-04-12T17:44:35+00:00","dateModified":"2023-04-28T08:39:14+00:00","author":{"@id":"https:\/\/president-ksgov.net\/#\/schema\/person\/1a2c014cffc81ec60d5a452a36d08d92"},"description":"Predsednica Osmani se sastala sa predsednicom provincije Kozenca i predsednicima arbre\u0161kih op\u0161tina - Predsednik Republike Kosovo - DR. VJOSA OSMANI - SADRIU -","breadcrumb":{"@id":"https:\/\/president-ksgov.net\/sr\/predsednica-osmani-se-sastala-sa-predsednicom-provincije-kozenca-i-predsednicima-arbreskih-opstina\/#breadcrumb"},"inLanguage":"sr-RS","potentialAction":[{"@type":"ReadAction","target":["https:\/\/president-ksgov.net\/sr\/predsednica-osmani-se-sastala-sa-predsednicom-provincije-kozenca-i-predsednicima-arbreskih-opstina\/"]}]},{"@type":"ImageObject","inLanguage":"sr-RS","@id":"https:\/\/president-ksgov.net\/sr\/predsednica-osmani-se-sastala-sa-predsednicom-provincije-kozenca-i-predsednicima-arbreskih-opstina\/#primaryimage","url":"https:\/\/president-ksgov.net\/wp-content\/uploads\/presidentja-osmani-takoi-kryetaren-e-provinces-se-kozences-1.jpg","contentUrl":"https:\/\/president-ksgov.net\/wp-content\/uploads\/presidentja-osmani-takoi-kryetaren-e-provinces-se-kozences-1.jpg","width":2048,"height":1363},{"@type":"BreadcrumbList","@id":"https:\/\/president-ksgov.net\/sr\/predsednica-osmani-se-sastala-sa-predsednicom-provincije-kozenca-i-predsednicima-arbreskih-opstina\/#breadcrumb","itemListElement":[{"@type":"ListItem","position":1,"name":"Home","item":"https:\/\/president-ksgov.net\/sr\/"},{"@type":"ListItem","position":2,"name":"Predsednica Osmani se sastala sa predsednicom provincije Kozenca i predsednicima arbre\u0161kih op\u0161tina"}]},{"@type":"WebSite","@id":"https:\/\/president-ksgov.net\/#website","url":"https:\/\/president-ksgov.net\/","name":"Presidente e Republik\u00ebs s\u00eb Kosov\u00ebs","description":"Presidente e Republik\u00ebs s\u00eb Kosov\u00ebs","alternateName":"DR. VJOSA OSMANI - SADRIU","potentialAction":[{"@type":"SearchAction","target":{"@type":"EntryPoint","urlTemplate":"https:\/\/president-ksgov.net\/?s={search_term_string}"},"query-input":{"@type":"PropertyValueSpecification","valueRequired":true,"valueName":"search_term_string"}}],"inLanguage":"sr-RS"},{"@type":"Person","@id":"https:\/\/president-ksgov.net\/#\/schema\/person\/1a2c014cffc81ec60d5a452a36d08d92","name":"presidentlogin","image":{"@type":"ImageObject","inLanguage":"sr-RS","@id":"https:\/\/president-ksgov.net\/#\/schema\/person\/image\/","url":"https:\/\/secure.gravatar.com\/avatar\/339f00ab0a8a0d5ce1ecff10aa2b4a1f51f58bbd5a57793f8cd6ad624080d807?s=96&d=mm&r=g","contentUrl":"https:\/\/secure.gravatar.com\/avatar\/339f00ab0a8a0d5ce1ecff10aa2b4a1f51f58bbd5a57793f8cd6ad624080d807?s=96&d=mm&r=g","caption":"presidentlogin"}}]}},"_links":{"self":[{"href":"https:\/\/president-ksgov.net\/sr\/wp-json\/wp\/v2\/posts\/89562","targetHints":{"allow":["GET"]}}],"collection":[{"href":"https:\/\/president-ksgov.net\/sr\/wp-json\/wp\/v2\/posts"}],"about":[{"href":"https:\/\/president-ksgov.net\/sr\/wp-json\/wp\/v2\/types\/post"}],"author":[{"embeddable":true,"href":"https:\/\/president-ksgov.net\/sr\/wp-json\/wp\/v2\/users\/11"}],"replies":[{"embeddable":true,"href":"https:\/\/president-ksgov.net\/sr\/wp-json\/wp\/v2\/comments?post=89562"}],"version-history":[{"count":1,"href":"https:\/\/president-ksgov.net\/sr\/wp-json\/wp\/v2\/posts\/89562\/revisions"}],"predecessor-version":[{"id":89563,"href":"https:\/\/president-ksgov.net\/sr\/wp-json\/wp\/v2\/posts\/89562\/revisions\/89563"}],"wp:featuredmedia":[{"embeddable":true,"href":"https:\/\/president-ksgov.net\/sr\/wp-json\/wp\/v2\/media\/88968"}],"wp:attachment":[{"href":"https:\/\/president-ksgov.net\/sr\/wp-json\/wp\/v2\/media?parent=89562"}],"wp:term":[{"taxonomy":"category","embeddable":true,"href":"https:\/\/president-ksgov.net\/sr\/wp-json\/wp\/v2\/categories?post=89562"},{"taxonomy":"post_tag","embeddable":true,"href":"https:\/\/president-ksgov.net\/sr\/wp-json\/wp\/v2\/tags?post=89562"}],"curies":[{"name":"wp","href":"https:\/\/api.w.org\/{rel}","templated":true}]}}