{"id":89552,"date":"2023-04-12T13:08:37","date_gmt":"2023-04-12T11:08:37","guid":{"rendered":"https:\/\/dev.president-ksgov.net\/?p=89552"},"modified":"2023-04-27T14:57:18","modified_gmt":"2023-04-27T12:57:18","slug":"na-predlog-predsednice-osmani-14-april-se-proglasava-danom-prezivelih-od-seksualnog-nasilja-tokom-poslednjeg-rata-na-kosovu","status":"publish","type":"post","link":"https:\/\/president-ksgov.net\/sr\/na-predlog-predsednice-osmani-14-april-se-proglasava-danom-prezivelih-od-seksualnog-nasilja-tokom-poslednjeg-rata-na-kosovu\/","title":{"rendered":"Na predlog predsednice Osmani, 14. april se progla\u0161ava Danom pre\u017eivelih od seksualnog nasilja tokom poslednjeg rata na Kosovu"},"content":{"rendered":"<p><span class=\"text-short\">Na predlog predsednice Republike Kosovo Vjose Osmani, na 138. sednici Vlade Republike Kosovo, 14. april je progla\u0161en za Dan \u017ertava seksualnog nasilja tokom poslednjeg rata na Kosovu.<\/span><\/p>\n<div id=\"news-gallery\" class=\"ug-gallery-wrapper ug-under-780 ug-theme-grid\">\n<div class=\"ug-strip-panel\">Predsednica Osmani je istakla da \u0107e ova odluka doprineti o\u010duvanju kolektivnog pam\u0107enja, a navela je potrebu solidarizacije sa \u017ertvama seksualnog nasilja. \u201ePodse\u0107amo da je tokom poslednjeg rata na Kosovu oko 20.000 ljudi bilo \u017ertve seksualnog rata. \u017divoti svih ovih ljudi su se zauvek promenili. \u017divot Vasfije Krasniqi zauvek se promenio 14. aprila, po\u0161to su je srpske snage nasilno kidnapovale i silovale. Skupila je hrabrost da podeli istinu sa celim svetom. Svojim priznanjem postala je glas svih pre\u017eivelih seksualnog nasilja tokom poslednjeg rata na Kosovu\u201c, rekla je, izme\u0111u ostalog, predsednica Osmani u predlogu upu\u0107enom Vladi Republike Kosovo.<\/div>\n<\/div>\n","protected":false},"excerpt":{"rendered":"<p>Na predlog predsednice Republike Kosovo Vjose Osmani, na 138. sednici Vlade Republike Kosovo, 14. april je progla\u0161en za Dan \u017ertava seksualnog nasilja tokom poslednjeg rata na Kosovu. Predsednica Osmani je istakla da \u0107e ova odluka doprineti o\u010duvanju kolektivnog pam\u0107enja, a navela je potrebu solidarizacije sa \u017ertvama seksualnog nasilja. \u201ePodse\u0107amo da je tokom poslednjeg rata na Kosovu oko 20.000 ljudi bilo \u017ertve seksualnog rata. \u017divoti svih ovih ljudi su se zauvek promenili. \u017divot Vasfije Krasniqi zauvek se promenio 14. aprila, po\u0161to su je srpske snage nasilno kidnapovale i silovale. Skupila je hrabrost da podeli istinu sa celim svetom. Svojim priznanjem postala je glas svih pre\u017eivelih seksualnog nasilja tokom poslednjeg rata na Kosovu\u201c, rekla je, izme\u0111u ostalog, predsednica Osmani u predlogu upu\u0107enom Vladi Republike Kosovo.<\/p>\n","protected":false},"author":11,"featured_media":88949,"comment_status":"open","ping_status":"closed","sticky":false,"template":"","format":"standard","meta":{"_eb_attr":"","footnotes":""},"categories":[101],"tags":[],"class_list":["post-89552","post","type-post","status-publish","format-standard","has-post-thumbnail","hentry","category-vesti"],"yoast_head":"<!-- This site is optimized with the Yoast SEO plugin v23.5 - https:\/\/yoast.com\/wordpress\/plugins\/seo\/ -->\n<title>Na predlog predsednice Osmani, 14. april se progla\u0161ava Danom pre\u017eivelih od seksualnog nasilja tokom poslednjeg rata na Kosovu - Predsednik Republike Kosovo - DR. VJOSA OSMANI - SADRIU<\/title>\n<meta name=\"description\" content=\"Na predlog predsednice Osmani, 14. april se progla\u0161ava Danom pre\u017eivelih od seksualnog nasilja tokom poslednjeg rata na Kosovu - Predsednik Republike Kosovo - DR. VJOSA OSMANI - SADRIU -\" \/>\n<meta name=\"robots\" content=\"index, follow, max-snippet:-1, max-image-preview:large, max-video-preview:-1\" \/>\n<link rel=\"canonical\" href=\"https:\/\/president-ksgov.net\/sr\/na-predlog-predsednice-osmani-14-april-se-proglasava-danom-prezivelih-od-seksualnog-nasilja-tokom-poslednjeg-rata-na-kosovu\/\" \/>\n<meta property=\"og:locale\" content=\"sr_RS\" \/>\n<meta property=\"og:type\" content=\"article\" \/>\n<meta property=\"og:title\" content=\"Na predlog predsednice Osmani, 14. april se progla\u0161ava Danom pre\u017eivelih od seksualnog nasilja tokom poslednjeg rata na Kosovu - Predsednik Republike Kosovo - DR. VJOSA OSMANI - SADRIU\" \/>\n<meta property=\"og:description\" content=\"Na predlog predsednice Osmani, 14. april se progla\u0161ava Danom pre\u017eivelih od seksualnog nasilja tokom poslednjeg rata na Kosovu - Predsednik Republike Kosovo - DR. VJOSA OSMANI - SADRIU -\" \/>\n<meta property=\"og:url\" content=\"https:\/\/president-ksgov.net\/sr\/na-predlog-predsednice-osmani-14-april-se-proglasava-danom-prezivelih-od-seksualnog-nasilja-tokom-poslednjeg-rata-na-kosovu\/\" \/>\n<meta property=\"og:site_name\" content=\"Predsednik Republike Kosovo - DR. VJOSA OSMANI - SADRIU\" \/>\n<meta property=\"article:published_time\" content=\"2023-04-12T11:08:37+00:00\" \/>\n<meta property=\"article:modified_time\" content=\"2023-04-27T12:57:18+00:00\" \/>\n<meta property=\"og:image\" content=\"https:\/\/president-ksgov.net\/wp-content\/uploads\/14-PRILLI.png\" \/>\n\t<meta property=\"og:image:width\" content=\"2000\" \/>\n\t<meta property=\"og:image:height\" content=\"2000\" \/>\n\t<meta property=\"og:image:type\" content=\"image\/png\" \/>\n<meta name=\"author\" content=\"presidentlogin\" \/>\n<meta name=\"twitter:card\" content=\"summary_large_image\" \/>\n<meta name=\"twitter:label1\" content=\"\u041d\u0430\u043f\u0438\u0441\u0430\u043d\u043e \u043e\u0434\" \/>\n\t<meta name=\"twitter:data1\" content=\"presidentlogin\" \/>\n\t<meta name=\"twitter:label2\" content=\"\u041f\u0440\u043e\u0446\u0435\u045a\u0435\u043d\u043e \u0432\u0440\u0435\u043c\u0435 \u0447\u0438\u0442\u0430\u045a\u0430\" \/>\n\t<meta name=\"twitter:data2\" content=\"1 \u043c\u0438\u043d\u0443\u0442\" \/>\n<script type=\"application\/ld+json\" class=\"yoast-schema-graph\">{\"@context\":\"https:\/\/schema.org\",\"@graph\":[{\"@type\":\"WebPage\",\"@id\":\"https:\/\/president-ksgov.net\/sr\/na-predlog-predsednice-osmani-14-april-se-proglasava-danom-prezivelih-od-seksualnog-nasilja-tokom-poslednjeg-rata-na-kosovu\/\",\"url\":\"https:\/\/president-ksgov.net\/sr\/na-predlog-predsednice-osmani-14-april-se-proglasava-danom-prezivelih-od-seksualnog-nasilja-tokom-poslednjeg-rata-na-kosovu\/\",\"name\":\"Na predlog predsednice Osmani, 14. april se progla\u0161ava Danom pre\u017eivelih od seksualnog nasilja tokom poslednjeg rata na Kosovu - Predsednik Republike Kosovo - DR. VJOSA OSMANI - SADRIU\",\"isPartOf\":{\"@id\":\"https:\/\/president-ksgov.net\/#website\"},\"primaryImageOfPage\":{\"@id\":\"https:\/\/president-ksgov.net\/sr\/na-predlog-predsednice-osmani-14-april-se-proglasava-danom-prezivelih-od-seksualnog-nasilja-tokom-poslednjeg-rata-na-kosovu\/#primaryimage\"},\"image\":{\"@id\":\"https:\/\/president-ksgov.net\/sr\/na-predlog-predsednice-osmani-14-april-se-proglasava-danom-prezivelih-od-seksualnog-nasilja-tokom-poslednjeg-rata-na-kosovu\/#primaryimage\"},\"thumbnailUrl\":\"https:\/\/president-ksgov.net\/wp-content\/uploads\/14-PRILLI.png\",\"datePublished\":\"2023-04-12T11:08:37+00:00\",\"dateModified\":\"2023-04-27T12:57:18+00:00\",\"author\":{\"@id\":\"https:\/\/president-ksgov.net\/#\/schema\/person\/1a2c014cffc81ec60d5a452a36d08d92\"},\"description\":\"Na predlog predsednice Osmani, 14. april se progla\u0161ava Danom pre\u017eivelih od seksualnog nasilja tokom poslednjeg rata na Kosovu - Predsednik Republike Kosovo - DR. VJOSA OSMANI - SADRIU -\",\"breadcrumb\":{\"@id\":\"https:\/\/president-ksgov.net\/sr\/na-predlog-predsednice-osmani-14-april-se-proglasava-danom-prezivelih-od-seksualnog-nasilja-tokom-poslednjeg-rata-na-kosovu\/#breadcrumb\"},\"inLanguage\":\"sr-RS\",\"potentialAction\":[{\"@type\":\"ReadAction\",\"target\":[\"https:\/\/president-ksgov.net\/sr\/na-predlog-predsednice-osmani-14-april-se-proglasava-danom-prezivelih-od-seksualnog-nasilja-tokom-poslednjeg-rata-na-kosovu\/\"]}]},{\"@type\":\"ImageObject\",\"inLanguage\":\"sr-RS\",\"@id\":\"https:\/\/president-ksgov.net\/sr\/na-predlog-predsednice-osmani-14-april-se-proglasava-danom-prezivelih-od-seksualnog-nasilja-tokom-poslednjeg-rata-na-kosovu\/#primaryimage\",\"url\":\"https:\/\/president-ksgov.net\/wp-content\/uploads\/14-PRILLI.png\",\"contentUrl\":\"https:\/\/president-ksgov.net\/wp-content\/uploads\/14-PRILLI.png\",\"width\":2000,\"height\":2000},{\"@type\":\"BreadcrumbList\",\"@id\":\"https:\/\/president-ksgov.net\/sr\/na-predlog-predsednice-osmani-14-april-se-proglasava-danom-prezivelih-od-seksualnog-nasilja-tokom-poslednjeg-rata-na-kosovu\/#breadcrumb\",\"itemListElement\":[{\"@type\":\"ListItem\",\"position\":1,\"name\":\"Home\",\"item\":\"https:\/\/president-ksgov.net\/sr\/\"},{\"@type\":\"ListItem\",\"position\":2,\"name\":\"Na predlog predsednice Osmani, 14. april se progla\u0161ava Danom pre\u017eivelih od seksualnog nasilja tokom poslednjeg rata na Kosovu\"}]},{\"@type\":\"WebSite\",\"@id\":\"https:\/\/president-ksgov.net\/#website\",\"url\":\"https:\/\/president-ksgov.net\/\",\"name\":\"Presidente e Republik\u00ebs s\u00eb Kosov\u00ebs\",\"description\":\"Presidente e Republik\u00ebs s\u00eb Kosov\u00ebs\",\"alternateName\":\"DR. VJOSA OSMANI - SADRIU\",\"potentialAction\":[{\"@type\":\"SearchAction\",\"target\":{\"@type\":\"EntryPoint\",\"urlTemplate\":\"https:\/\/president-ksgov.net\/?s={search_term_string}\"},\"query-input\":{\"@type\":\"PropertyValueSpecification\",\"valueRequired\":true,\"valueName\":\"search_term_string\"}}],\"inLanguage\":\"sr-RS\"},{\"@type\":\"Person\",\"@id\":\"https:\/\/president-ksgov.net\/#\/schema\/person\/1a2c014cffc81ec60d5a452a36d08d92\",\"name\":\"presidentlogin\",\"image\":{\"@type\":\"ImageObject\",\"inLanguage\":\"sr-RS\",\"@id\":\"https:\/\/president-ksgov.net\/#\/schema\/person\/image\/\",\"url\":\"https:\/\/secure.gravatar.com\/avatar\/339f00ab0a8a0d5ce1ecff10aa2b4a1f51f58bbd5a57793f8cd6ad624080d807?s=96&d=mm&r=g\",\"contentUrl\":\"https:\/\/secure.gravatar.com\/avatar\/339f00ab0a8a0d5ce1ecff10aa2b4a1f51f58bbd5a57793f8cd6ad624080d807?s=96&d=mm&r=g\",\"caption\":\"presidentlogin\"}}]}<\/script>\n<!-- \/ Yoast SEO plugin. -->","yoast_head_json":{"title":"Na predlog predsednice Osmani, 14. april se progla\u0161ava Danom pre\u017eivelih od seksualnog nasilja tokom poslednjeg rata na Kosovu - Predsednik Republike Kosovo - DR. VJOSA OSMANI - SADRIU","description":"Na predlog predsednice Osmani, 14. april se progla\u0161ava Danom pre\u017eivelih od seksualnog nasilja tokom poslednjeg rata na Kosovu - Predsednik Republike Kosovo - DR. VJOSA OSMANI - SADRIU -","robots":{"index":"index","follow":"follow","max-snippet":"max-snippet:-1","max-image-preview":"max-image-preview:large","max-video-preview":"max-video-preview:-1"},"canonical":"https:\/\/president-ksgov.net\/sr\/na-predlog-predsednice-osmani-14-april-se-proglasava-danom-prezivelih-od-seksualnog-nasilja-tokom-poslednjeg-rata-na-kosovu\/","og_locale":"sr_RS","og_type":"article","og_title":"Na predlog predsednice Osmani, 14. april se progla\u0161ava Danom pre\u017eivelih od seksualnog nasilja tokom poslednjeg rata na Kosovu - Predsednik Republike Kosovo - DR. VJOSA OSMANI - SADRIU","og_description":"Na predlog predsednice Osmani, 14. april se progla\u0161ava Danom pre\u017eivelih od seksualnog nasilja tokom poslednjeg rata na Kosovu - Predsednik Republike Kosovo - DR. VJOSA OSMANI - SADRIU -","og_url":"https:\/\/president-ksgov.net\/sr\/na-predlog-predsednice-osmani-14-april-se-proglasava-danom-prezivelih-od-seksualnog-nasilja-tokom-poslednjeg-rata-na-kosovu\/","og_site_name":"Predsednik Republike Kosovo - DR. VJOSA OSMANI - SADRIU","article_published_time":"2023-04-12T11:08:37+00:00","article_modified_time":"2023-04-27T12:57:18+00:00","og_image":[{"width":2000,"height":2000,"url":"https:\/\/president-ksgov.net\/wp-content\/uploads\/14-PRILLI.png","type":"image\/png"}],"author":"presidentlogin","twitter_card":"summary_large_image","twitter_misc":{"\u041d\u0430\u043f\u0438\u0441\u0430\u043d\u043e \u043e\u0434":"presidentlogin","\u041f\u0440\u043e\u0446\u0435\u045a\u0435\u043d\u043e \u0432\u0440\u0435\u043c\u0435 \u0447\u0438\u0442\u0430\u045a\u0430":"1 \u043c\u0438\u043d\u0443\u0442"},"schema":{"@context":"https:\/\/schema.org","@graph":[{"@type":"WebPage","@id":"https:\/\/president-ksgov.net\/sr\/na-predlog-predsednice-osmani-14-april-se-proglasava-danom-prezivelih-od-seksualnog-nasilja-tokom-poslednjeg-rata-na-kosovu\/","url":"https:\/\/president-ksgov.net\/sr\/na-predlog-predsednice-osmani-14-april-se-proglasava-danom-prezivelih-od-seksualnog-nasilja-tokom-poslednjeg-rata-na-kosovu\/","name":"Na predlog predsednice Osmani, 14. april se progla\u0161ava Danom pre\u017eivelih od seksualnog nasilja tokom poslednjeg rata na Kosovu - Predsednik Republike Kosovo - DR. VJOSA OSMANI - SADRIU","isPartOf":{"@id":"https:\/\/president-ksgov.net\/#website"},"primaryImageOfPage":{"@id":"https:\/\/president-ksgov.net\/sr\/na-predlog-predsednice-osmani-14-april-se-proglasava-danom-prezivelih-od-seksualnog-nasilja-tokom-poslednjeg-rata-na-kosovu\/#primaryimage"},"image":{"@id":"https:\/\/president-ksgov.net\/sr\/na-predlog-predsednice-osmani-14-april-se-proglasava-danom-prezivelih-od-seksualnog-nasilja-tokom-poslednjeg-rata-na-kosovu\/#primaryimage"},"thumbnailUrl":"https:\/\/president-ksgov.net\/wp-content\/uploads\/14-PRILLI.png","datePublished":"2023-04-12T11:08:37+00:00","dateModified":"2023-04-27T12:57:18+00:00","author":{"@id":"https:\/\/president-ksgov.net\/#\/schema\/person\/1a2c014cffc81ec60d5a452a36d08d92"},"description":"Na predlog predsednice Osmani, 14. april se progla\u0161ava Danom pre\u017eivelih od seksualnog nasilja tokom poslednjeg rata na Kosovu - Predsednik Republike Kosovo - DR. VJOSA OSMANI - SADRIU -","breadcrumb":{"@id":"https:\/\/president-ksgov.net\/sr\/na-predlog-predsednice-osmani-14-april-se-proglasava-danom-prezivelih-od-seksualnog-nasilja-tokom-poslednjeg-rata-na-kosovu\/#breadcrumb"},"inLanguage":"sr-RS","potentialAction":[{"@type":"ReadAction","target":["https:\/\/president-ksgov.net\/sr\/na-predlog-predsednice-osmani-14-april-se-proglasava-danom-prezivelih-od-seksualnog-nasilja-tokom-poslednjeg-rata-na-kosovu\/"]}]},{"@type":"ImageObject","inLanguage":"sr-RS","@id":"https:\/\/president-ksgov.net\/sr\/na-predlog-predsednice-osmani-14-april-se-proglasava-danom-prezivelih-od-seksualnog-nasilja-tokom-poslednjeg-rata-na-kosovu\/#primaryimage","url":"https:\/\/president-ksgov.net\/wp-content\/uploads\/14-PRILLI.png","contentUrl":"https:\/\/president-ksgov.net\/wp-content\/uploads\/14-PRILLI.png","width":2000,"height":2000},{"@type":"BreadcrumbList","@id":"https:\/\/president-ksgov.net\/sr\/na-predlog-predsednice-osmani-14-april-se-proglasava-danom-prezivelih-od-seksualnog-nasilja-tokom-poslednjeg-rata-na-kosovu\/#breadcrumb","itemListElement":[{"@type":"ListItem","position":1,"name":"Home","item":"https:\/\/president-ksgov.net\/sr\/"},{"@type":"ListItem","position":2,"name":"Na predlog predsednice Osmani, 14. april se progla\u0161ava Danom pre\u017eivelih od seksualnog nasilja tokom poslednjeg rata na Kosovu"}]},{"@type":"WebSite","@id":"https:\/\/president-ksgov.net\/#website","url":"https:\/\/president-ksgov.net\/","name":"Presidente e Republik\u00ebs s\u00eb Kosov\u00ebs","description":"Presidente e Republik\u00ebs s\u00eb Kosov\u00ebs","alternateName":"DR. VJOSA OSMANI - SADRIU","potentialAction":[{"@type":"SearchAction","target":{"@type":"EntryPoint","urlTemplate":"https:\/\/president-ksgov.net\/?s={search_term_string}"},"query-input":{"@type":"PropertyValueSpecification","valueRequired":true,"valueName":"search_term_string"}}],"inLanguage":"sr-RS"},{"@type":"Person","@id":"https:\/\/president-ksgov.net\/#\/schema\/person\/1a2c014cffc81ec60d5a452a36d08d92","name":"presidentlogin","image":{"@type":"ImageObject","inLanguage":"sr-RS","@id":"https:\/\/president-ksgov.net\/#\/schema\/person\/image\/","url":"https:\/\/secure.gravatar.com\/avatar\/339f00ab0a8a0d5ce1ecff10aa2b4a1f51f58bbd5a57793f8cd6ad624080d807?s=96&d=mm&r=g","contentUrl":"https:\/\/secure.gravatar.com\/avatar\/339f00ab0a8a0d5ce1ecff10aa2b4a1f51f58bbd5a57793f8cd6ad624080d807?s=96&d=mm&r=g","caption":"presidentlogin"}}]}},"_links":{"self":[{"href":"https:\/\/president-ksgov.net\/sr\/wp-json\/wp\/v2\/posts\/89552","targetHints":{"allow":["GET"]}}],"collection":[{"href":"https:\/\/president-ksgov.net\/sr\/wp-json\/wp\/v2\/posts"}],"about":[{"href":"https:\/\/president-ksgov.net\/sr\/wp-json\/wp\/v2\/types\/post"}],"author":[{"embeddable":true,"href":"https:\/\/president-ksgov.net\/sr\/wp-json\/wp\/v2\/users\/11"}],"replies":[{"embeddable":true,"href":"https:\/\/president-ksgov.net\/sr\/wp-json\/wp\/v2\/comments?post=89552"}],"version-history":[{"count":1,"href":"https:\/\/president-ksgov.net\/sr\/wp-json\/wp\/v2\/posts\/89552\/revisions"}],"predecessor-version":[{"id":89553,"href":"https:\/\/president-ksgov.net\/sr\/wp-json\/wp\/v2\/posts\/89552\/revisions\/89553"}],"wp:featuredmedia":[{"embeddable":true,"href":"https:\/\/president-ksgov.net\/sr\/wp-json\/wp\/v2\/media\/88949"}],"wp:attachment":[{"href":"https:\/\/president-ksgov.net\/sr\/wp-json\/wp\/v2\/media?parent=89552"}],"wp:term":[{"taxonomy":"category","embeddable":true,"href":"https:\/\/president-ksgov.net\/sr\/wp-json\/wp\/v2\/categories?post=89552"},{"taxonomy":"post_tag","embeddable":true,"href":"https:\/\/president-ksgov.net\/sr\/wp-json\/wp\/v2\/tags?post=89552"}],"curies":[{"name":"wp","href":"https:\/\/api.w.org\/{rel}","templated":true}]}}