{"id":89546,"date":"2023-04-11T18:00:10","date_gmt":"2023-04-11T16:00:10","guid":{"rendered":"https:\/\/dev.president-ksgov.net\/?p=89546"},"modified":"2023-04-27T14:52:38","modified_gmt":"2023-04-27T12:52:38","slug":"predsednica-osmani-primila-nagradu-gjergj-kastrioti-skenderbeu-i-ucestvovala-na-inauguraciji-trga-kosova","status":"publish","type":"post","link":"https:\/\/president-ksgov.net\/sr\/predsednica-osmani-primila-nagradu-gjergj-kastrioti-skenderbeu-i-ucestvovala-na-inauguraciji-trga-kosova\/","title":{"rendered":"Predsednica Osmani primila nagradu \u201eGjergj Kastrioti \u2013 Skenderbeu\u201c i u\u010destvovala na inauguraciji trga \u201eKosova\u201c"},"content":{"rendered":"<p><span class=\"text-short\">Na posebnoj sve\u010danosti, organizovanoj danas u arbre\u0161koj op\u0161tini u Italiji, Frasniti, predsednici Republike Kosovo Vjosi Osmanu dodeljena je nagrada \u201eGjergj Kastrioti-Skenderbeu\u201c. Ovu nagradu predsednici je uru\u010dio predsednik ove op\u0161tine g. Angelo Catapano.<\/span><\/p>\n<div id=\"news-gallery\" class=\"ug-gallery-wrapper ug-under-780 ug-theme-grid\">\n<div class=\"ug-strip-panel\">Predsednica Osmani je izrazila zahvalnost predsedniku op\u0161tine Catapanu i op\u0161tini Frasnita na nagradi i kontinuiranoj brizi za o\u010duvanje i negovanje kulturnih veza sa albanskim prostorima. Ona je to ocenila kao nagradu koja se dodeljuje naporima naroda Kosova za slobodu i o\u010duvanje nacionalnog identiteta.<\/p>\n<p>Predsednica je istakla da je Frasnita u albanskoj kulturi poznata kao mesto gde je, uz Maki i druge arbre\u0161ke zemlje, za\u0161ti\u0107ena ideja nacionalnog preporoda i istorija na\u0161eg nacionalnog heroja Gjergja Kastriotija.<\/p>\n<p>\u201eFrasnita\u201c, rekla je predsednica Osmani, \u201eje dala knji\u017eevnosti albanske kulture izuzetne li\u010dnosti i dela, koja su temelj na\u0161ih kulturnih i knji\u017eevnih vrednosti\u201c. Vincenco Dorsa, Bernard Bilota, Vora Ujko i mnoge druge li\u010dnosti va\u017ean su deo na\u0161eg kulturnog i knji\u017eevnog blaga\u201d.<\/p>\n<p>Predsednica Osmani je dalje rekla da poseta Kalabriji nosi sa sobom duboku zahvalnost koju imamo za sve \u0161to su Arbre\u0161i dali kulturi svog etni\u010dkog stabla, ali i zemlji doma\u0107inu, Italiji. Kulturni i jezi\u010dki identitet Arbere\u0161a je deo albanskog identiteta i kulture. Stoga je njegovo o\u010duvanje od vitalnog zna\u010daja za na\u0161u kulturu.<\/p>\n<p>\u201ePodsticali smo kosovske institucije i \u017eelela bih da razgovaramo sa arbre\u0161kim op\u0161tinama o mogu\u0107nosti izrade projekata za o\u010duvanje jezi\u010dkog nasle\u0111a i kulturne tradicije, kroz bele\u017eenje i objavljivanje onoga \u0161to je u savremenoj nauci poznato kao usmeno pam\u0107enje\u201c, rekla je predsednica Osmani.<\/p>\n<p>A danas je predsednica Osmani zajedno sa na\u010delnikom op\u0161tine Frasnita g. Katapanom sve\u010dano otvorila trg \u201eKosova\u201c, u gradu Frasnita. Predsednica je istakla da je inauguracija trga sa imenom Kosova dokaz \u010duvanja dubokih odnosa koje smo tradicionalno gajili sa arbre\u0161kim op\u0161tinama.<\/p>\n<p>Nastavi\u0107emo da ostajrmo bliski na\u0161im Arbere\u0161ima, kako bi oni sa\u010duvali i dalje negovali arbere\u0161ki jezik, tradiciju i kulturu\u201c, istakla je predsednica.<\/p><\/div>\n<\/div>\n","protected":false},"excerpt":{"rendered":"<p>Na posebnoj sve\u010danosti, organizovanoj danas u arbre\u0161koj op\u0161tini u Italiji, Frasniti, predsednici Republike Kosovo Vjosi Osmanu dodeljena je nagrada \u201eGjergj Kastrioti-Skenderbeu\u201c. Ovu nagradu predsednici je uru\u010dio predsednik ove op\u0161tine g. Angelo Catapano. Predsednica Osmani je izrazila zahvalnost predsedniku op\u0161tine Catapanu i op\u0161tini Frasnita na nagradi i kontinuiranoj brizi za o\u010duvanje i negovanje kulturnih veza sa albanskim prostorima. Ona je to ocenila kao nagradu koja se dodeljuje naporima naroda Kosova za slobodu i o\u010duvanje nacionalnog identiteta. Predsednica je istakla da je Frasnita u albanskoj kulturi poznata kao mesto gde je, uz Maki i druge arbre\u0161ke zemlje, za\u0161ti\u0107ena ideja nacionalnog preporoda i istorija na\u0161eg nacionalnog heroja Gjergja Kastriotija. \u201eFrasnita\u201c, rekla je predsednica Osmani, \u201eje dala knji\u017eevnosti albanske kulture izuzetne li\u010dnosti i dela, koja su temelj na\u0161ih kulturnih i knji\u017eevnih vrednosti\u201c. Vincenco Dorsa, Bernard Bilota, Vora Ujko i mnoge druge li\u010dnosti va\u017ean su deo na\u0161eg kulturnog i knji\u017eevnog blaga\u201d. Predsednica Osmani je dalje rekla da poseta Kalabriji nosi sa sobom duboku zahvalnost koju imamo za sve \u0161to su Arbre\u0161i dali kulturi svog etni\u010dkog stabla, ali i zemlji doma\u0107inu, Italiji. Kulturni i jezi\u010dki identitet Arbere\u0161a je deo albanskog identiteta i kulture. Stoga je njegovo o\u010duvanje od vitalnog zna\u010daja za na\u0161u kulturu. \u201ePodsticali smo kosovske institucije i \u017eelela bih da razgovaramo sa arbre\u0161kim op\u0161tinama o mogu\u0107nosti izrade projekata za o\u010duvanje jezi\u010dkog nasle\u0111a i kulturne tradicije, kroz bele\u017eenje i objavljivanje onoga \u0161to je u savremenoj nauci poznato kao usmeno pam\u0107enje\u201c, rekla je predsednica Osmani. A danas je predsednica Osmani zajedno sa na\u010delnikom op\u0161tine Frasnita g. Katapanom sve\u010dano otvorila trg \u201eKosova\u201c, u gradu Frasnita. Predsednica je istakla da je inauguracija trga sa imenom Kosova dokaz \u010duvanja dubokih odnosa koje smo tradicionalno gajili sa arbre\u0161kim op\u0161tinama. Nastavi\u0107emo da ostajrmo bliski na\u0161im Arbere\u0161ima, kako bi oni sa\u010duvali i dalje negovali arbere\u0161ki jezik, tradiciju i kulturu\u201c, istakla je predsednica.<\/p>\n","protected":false},"author":11,"featured_media":88851,"comment_status":"open","ping_status":"closed","sticky":false,"template":"","format":"standard","meta":{"_eb_attr":"","footnotes":""},"categories":[101],"tags":[],"class_list":["post-89546","post","type-post","status-publish","format-standard","has-post-thumbnail","hentry","category-vesti"],"yoast_head":"<!-- This site is optimized with the Yoast SEO plugin v23.5 - https:\/\/yoast.com\/wordpress\/plugins\/seo\/ -->\n<title>Predsednica Osmani primila nagradu \u201eGjergj Kastrioti \u2013 Skenderbeu\u201c i u\u010destvovala na inauguraciji trga \u201eKosova\u201c - Predsednik Republike Kosovo - DR. VJOSA OSMANI - SADRIU<\/title>\n<meta name=\"description\" content=\"Predsednica Osmani primila nagradu \u201eGjergj Kastrioti \u2013 Skenderbeu\u201c i u\u010destvovala na inauguraciji trga \u201eKosova\u201c - Predsednik Republike Kosovo - DR. VJOSA OSMANI - SADRIU -\" \/>\n<meta name=\"robots\" content=\"index, follow, max-snippet:-1, max-image-preview:large, max-video-preview:-1\" \/>\n<link rel=\"canonical\" href=\"https:\/\/president-ksgov.net\/sr\/predsednica-osmani-primila-nagradu-gjergj-kastrioti-skenderbeu-i-ucestvovala-na-inauguraciji-trga-kosova\/\" \/>\n<meta property=\"og:locale\" content=\"sr_RS\" \/>\n<meta property=\"og:type\" content=\"article\" \/>\n<meta property=\"og:title\" content=\"Predsednica Osmani primila nagradu \u201eGjergj Kastrioti \u2013 Skenderbeu\u201c i u\u010destvovala na inauguraciji trga \u201eKosova\u201c - Predsednik Republike Kosovo - DR. VJOSA OSMANI - SADRIU\" \/>\n<meta property=\"og:description\" content=\"Predsednica Osmani primila nagradu \u201eGjergj Kastrioti \u2013 Skenderbeu\u201c i u\u010destvovala na inauguraciji trga \u201eKosova\u201c - Predsednik Republike Kosovo - DR. VJOSA OSMANI - SADRIU -\" \/>\n<meta property=\"og:url\" content=\"https:\/\/president-ksgov.net\/sr\/predsednica-osmani-primila-nagradu-gjergj-kastrioti-skenderbeu-i-ucestvovala-na-inauguraciji-trga-kosova\/\" \/>\n<meta property=\"og:site_name\" content=\"Predsednik Republike Kosovo - DR. VJOSA OSMANI - SADRIU\" \/>\n<meta property=\"article:published_time\" content=\"2023-04-11T16:00:10+00:00\" \/>\n<meta property=\"article:modified_time\" content=\"2023-04-27T12:52:38+00:00\" \/>\n<meta property=\"og:image\" content=\"https:\/\/president-ksgov.net\/wp-content\/uploads\/01-gj.jpg\" \/>\n\t<meta property=\"og:image:width\" content=\"1600\" \/>\n\t<meta property=\"og:image:height\" content=\"1064\" \/>\n\t<meta property=\"og:image:type\" content=\"image\/jpeg\" \/>\n<meta name=\"author\" content=\"presidentlogin\" \/>\n<meta name=\"twitter:card\" content=\"summary_large_image\" \/>\n<meta name=\"twitter:label1\" content=\"\u041d\u0430\u043f\u0438\u0441\u0430\u043d\u043e \u043e\u0434\" \/>\n\t<meta name=\"twitter:data1\" content=\"presidentlogin\" \/>\n\t<meta name=\"twitter:label2\" content=\"\u041f\u0440\u043e\u0446\u0435\u045a\u0435\u043d\u043e \u0432\u0440\u0435\u043c\u0435 \u0447\u0438\u0442\u0430\u045a\u0430\" \/>\n\t<meta name=\"twitter:data2\" content=\"2 \u043c\u0438\u043d\u0443\u0442\u0430\" \/>\n<script type=\"application\/ld+json\" class=\"yoast-schema-graph\">{\"@context\":\"https:\/\/schema.org\",\"@graph\":[{\"@type\":\"WebPage\",\"@id\":\"https:\/\/president-ksgov.net\/sr\/predsednica-osmani-primila-nagradu-gjergj-kastrioti-skenderbeu-i-ucestvovala-na-inauguraciji-trga-kosova\/\",\"url\":\"https:\/\/president-ksgov.net\/sr\/predsednica-osmani-primila-nagradu-gjergj-kastrioti-skenderbeu-i-ucestvovala-na-inauguraciji-trga-kosova\/\",\"name\":\"Predsednica Osmani primila nagradu \u201eGjergj Kastrioti \u2013 Skenderbeu\u201c i u\u010destvovala na inauguraciji trga \u201eKosova\u201c - Predsednik Republike Kosovo - DR. VJOSA OSMANI - SADRIU\",\"isPartOf\":{\"@id\":\"https:\/\/president-ksgov.net\/#website\"},\"primaryImageOfPage\":{\"@id\":\"https:\/\/president-ksgov.net\/sr\/predsednica-osmani-primila-nagradu-gjergj-kastrioti-skenderbeu-i-ucestvovala-na-inauguraciji-trga-kosova\/#primaryimage\"},\"image\":{\"@id\":\"https:\/\/president-ksgov.net\/sr\/predsednica-osmani-primila-nagradu-gjergj-kastrioti-skenderbeu-i-ucestvovala-na-inauguraciji-trga-kosova\/#primaryimage\"},\"thumbnailUrl\":\"https:\/\/president-ksgov.net\/wp-content\/uploads\/01-gj.jpg\",\"datePublished\":\"2023-04-11T16:00:10+00:00\",\"dateModified\":\"2023-04-27T12:52:38+00:00\",\"author\":{\"@id\":\"https:\/\/president-ksgov.net\/#\/schema\/person\/1a2c014cffc81ec60d5a452a36d08d92\"},\"description\":\"Predsednica Osmani primila nagradu \u201eGjergj Kastrioti \u2013 Skenderbeu\u201c i u\u010destvovala na inauguraciji trga \u201eKosova\u201c - Predsednik Republike Kosovo - DR. VJOSA OSMANI - SADRIU -\",\"breadcrumb\":{\"@id\":\"https:\/\/president-ksgov.net\/sr\/predsednica-osmani-primila-nagradu-gjergj-kastrioti-skenderbeu-i-ucestvovala-na-inauguraciji-trga-kosova\/#breadcrumb\"},\"inLanguage\":\"sr-RS\",\"potentialAction\":[{\"@type\":\"ReadAction\",\"target\":[\"https:\/\/president-ksgov.net\/sr\/predsednica-osmani-primila-nagradu-gjergj-kastrioti-skenderbeu-i-ucestvovala-na-inauguraciji-trga-kosova\/\"]}]},{\"@type\":\"ImageObject\",\"inLanguage\":\"sr-RS\",\"@id\":\"https:\/\/president-ksgov.net\/sr\/predsednica-osmani-primila-nagradu-gjergj-kastrioti-skenderbeu-i-ucestvovala-na-inauguraciji-trga-kosova\/#primaryimage\",\"url\":\"https:\/\/president-ksgov.net\/wp-content\/uploads\/01-gj.jpg\",\"contentUrl\":\"https:\/\/president-ksgov.net\/wp-content\/uploads\/01-gj.jpg\",\"width\":1600,\"height\":1064},{\"@type\":\"BreadcrumbList\",\"@id\":\"https:\/\/president-ksgov.net\/sr\/predsednica-osmani-primila-nagradu-gjergj-kastrioti-skenderbeu-i-ucestvovala-na-inauguraciji-trga-kosova\/#breadcrumb\",\"itemListElement\":[{\"@type\":\"ListItem\",\"position\":1,\"name\":\"Home\",\"item\":\"https:\/\/president-ksgov.net\/sr\/\"},{\"@type\":\"ListItem\",\"position\":2,\"name\":\"Predsednica Osmani primila nagradu \u201eGjergj Kastrioti \u2013 Skenderbeu\u201c i u\u010destvovala na inauguraciji trga \u201eKosova\u201c\"}]},{\"@type\":\"WebSite\",\"@id\":\"https:\/\/president-ksgov.net\/#website\",\"url\":\"https:\/\/president-ksgov.net\/\",\"name\":\"Presidente e Republik\u00ebs s\u00eb Kosov\u00ebs\",\"description\":\"Presidente e Republik\u00ebs s\u00eb Kosov\u00ebs\",\"alternateName\":\"DR. VJOSA OSMANI - SADRIU\",\"potentialAction\":[{\"@type\":\"SearchAction\",\"target\":{\"@type\":\"EntryPoint\",\"urlTemplate\":\"https:\/\/president-ksgov.net\/?s={search_term_string}\"},\"query-input\":{\"@type\":\"PropertyValueSpecification\",\"valueRequired\":true,\"valueName\":\"search_term_string\"}}],\"inLanguage\":\"sr-RS\"},{\"@type\":\"Person\",\"@id\":\"https:\/\/president-ksgov.net\/#\/schema\/person\/1a2c014cffc81ec60d5a452a36d08d92\",\"name\":\"presidentlogin\",\"image\":{\"@type\":\"ImageObject\",\"inLanguage\":\"sr-RS\",\"@id\":\"https:\/\/president-ksgov.net\/#\/schema\/person\/image\/\",\"url\":\"https:\/\/secure.gravatar.com\/avatar\/339f00ab0a8a0d5ce1ecff10aa2b4a1f51f58bbd5a57793f8cd6ad624080d807?s=96&d=mm&r=g\",\"contentUrl\":\"https:\/\/secure.gravatar.com\/avatar\/339f00ab0a8a0d5ce1ecff10aa2b4a1f51f58bbd5a57793f8cd6ad624080d807?s=96&d=mm&r=g\",\"caption\":\"presidentlogin\"}}]}<\/script>\n<!-- \/ Yoast SEO plugin. -->","yoast_head_json":{"title":"Predsednica Osmani primila nagradu \u201eGjergj Kastrioti \u2013 Skenderbeu\u201c i u\u010destvovala na inauguraciji trga \u201eKosova\u201c - Predsednik Republike Kosovo - DR. VJOSA OSMANI - SADRIU","description":"Predsednica Osmani primila nagradu \u201eGjergj Kastrioti \u2013 Skenderbeu\u201c i u\u010destvovala na inauguraciji trga \u201eKosova\u201c - Predsednik Republike Kosovo - DR. VJOSA OSMANI - SADRIU -","robots":{"index":"index","follow":"follow","max-snippet":"max-snippet:-1","max-image-preview":"max-image-preview:large","max-video-preview":"max-video-preview:-1"},"canonical":"https:\/\/president-ksgov.net\/sr\/predsednica-osmani-primila-nagradu-gjergj-kastrioti-skenderbeu-i-ucestvovala-na-inauguraciji-trga-kosova\/","og_locale":"sr_RS","og_type":"article","og_title":"Predsednica Osmani primila nagradu \u201eGjergj Kastrioti \u2013 Skenderbeu\u201c i u\u010destvovala na inauguraciji trga \u201eKosova\u201c - Predsednik Republike Kosovo - DR. VJOSA OSMANI - SADRIU","og_description":"Predsednica Osmani primila nagradu \u201eGjergj Kastrioti \u2013 Skenderbeu\u201c i u\u010destvovala na inauguraciji trga \u201eKosova\u201c - Predsednik Republike Kosovo - DR. VJOSA OSMANI - SADRIU -","og_url":"https:\/\/president-ksgov.net\/sr\/predsednica-osmani-primila-nagradu-gjergj-kastrioti-skenderbeu-i-ucestvovala-na-inauguraciji-trga-kosova\/","og_site_name":"Predsednik Republike Kosovo - DR. VJOSA OSMANI - SADRIU","article_published_time":"2023-04-11T16:00:10+00:00","article_modified_time":"2023-04-27T12:52:38+00:00","og_image":[{"width":1600,"height":1064,"url":"https:\/\/president-ksgov.net\/wp-content\/uploads\/01-gj.jpg","type":"image\/jpeg"}],"author":"presidentlogin","twitter_card":"summary_large_image","twitter_misc":{"\u041d\u0430\u043f\u0438\u0441\u0430\u043d\u043e \u043e\u0434":"presidentlogin","\u041f\u0440\u043e\u0446\u0435\u045a\u0435\u043d\u043e \u0432\u0440\u0435\u043c\u0435 \u0447\u0438\u0442\u0430\u045a\u0430":"2 \u043c\u0438\u043d\u0443\u0442\u0430"},"schema":{"@context":"https:\/\/schema.org","@graph":[{"@type":"WebPage","@id":"https:\/\/president-ksgov.net\/sr\/predsednica-osmani-primila-nagradu-gjergj-kastrioti-skenderbeu-i-ucestvovala-na-inauguraciji-trga-kosova\/","url":"https:\/\/president-ksgov.net\/sr\/predsednica-osmani-primila-nagradu-gjergj-kastrioti-skenderbeu-i-ucestvovala-na-inauguraciji-trga-kosova\/","name":"Predsednica Osmani primila nagradu \u201eGjergj Kastrioti \u2013 Skenderbeu\u201c i u\u010destvovala na inauguraciji trga \u201eKosova\u201c - Predsednik Republike Kosovo - DR. VJOSA OSMANI - SADRIU","isPartOf":{"@id":"https:\/\/president-ksgov.net\/#website"},"primaryImageOfPage":{"@id":"https:\/\/president-ksgov.net\/sr\/predsednica-osmani-primila-nagradu-gjergj-kastrioti-skenderbeu-i-ucestvovala-na-inauguraciji-trga-kosova\/#primaryimage"},"image":{"@id":"https:\/\/president-ksgov.net\/sr\/predsednica-osmani-primila-nagradu-gjergj-kastrioti-skenderbeu-i-ucestvovala-na-inauguraciji-trga-kosova\/#primaryimage"},"thumbnailUrl":"https:\/\/president-ksgov.net\/wp-content\/uploads\/01-gj.jpg","datePublished":"2023-04-11T16:00:10+00:00","dateModified":"2023-04-27T12:52:38+00:00","author":{"@id":"https:\/\/president-ksgov.net\/#\/schema\/person\/1a2c014cffc81ec60d5a452a36d08d92"},"description":"Predsednica Osmani primila nagradu \u201eGjergj Kastrioti \u2013 Skenderbeu\u201c i u\u010destvovala na inauguraciji trga \u201eKosova\u201c - Predsednik Republike Kosovo - DR. VJOSA OSMANI - SADRIU -","breadcrumb":{"@id":"https:\/\/president-ksgov.net\/sr\/predsednica-osmani-primila-nagradu-gjergj-kastrioti-skenderbeu-i-ucestvovala-na-inauguraciji-trga-kosova\/#breadcrumb"},"inLanguage":"sr-RS","potentialAction":[{"@type":"ReadAction","target":["https:\/\/president-ksgov.net\/sr\/predsednica-osmani-primila-nagradu-gjergj-kastrioti-skenderbeu-i-ucestvovala-na-inauguraciji-trga-kosova\/"]}]},{"@type":"ImageObject","inLanguage":"sr-RS","@id":"https:\/\/president-ksgov.net\/sr\/predsednica-osmani-primila-nagradu-gjergj-kastrioti-skenderbeu-i-ucestvovala-na-inauguraciji-trga-kosova\/#primaryimage","url":"https:\/\/president-ksgov.net\/wp-content\/uploads\/01-gj.jpg","contentUrl":"https:\/\/president-ksgov.net\/wp-content\/uploads\/01-gj.jpg","width":1600,"height":1064},{"@type":"BreadcrumbList","@id":"https:\/\/president-ksgov.net\/sr\/predsednica-osmani-primila-nagradu-gjergj-kastrioti-skenderbeu-i-ucestvovala-na-inauguraciji-trga-kosova\/#breadcrumb","itemListElement":[{"@type":"ListItem","position":1,"name":"Home","item":"https:\/\/president-ksgov.net\/sr\/"},{"@type":"ListItem","position":2,"name":"Predsednica Osmani primila nagradu \u201eGjergj Kastrioti \u2013 Skenderbeu\u201c i u\u010destvovala na inauguraciji trga \u201eKosova\u201c"}]},{"@type":"WebSite","@id":"https:\/\/president-ksgov.net\/#website","url":"https:\/\/president-ksgov.net\/","name":"Presidente e Republik\u00ebs s\u00eb Kosov\u00ebs","description":"Presidente e Republik\u00ebs s\u00eb Kosov\u00ebs","alternateName":"DR. VJOSA OSMANI - SADRIU","potentialAction":[{"@type":"SearchAction","target":{"@type":"EntryPoint","urlTemplate":"https:\/\/president-ksgov.net\/?s={search_term_string}"},"query-input":{"@type":"PropertyValueSpecification","valueRequired":true,"valueName":"search_term_string"}}],"inLanguage":"sr-RS"},{"@type":"Person","@id":"https:\/\/president-ksgov.net\/#\/schema\/person\/1a2c014cffc81ec60d5a452a36d08d92","name":"presidentlogin","image":{"@type":"ImageObject","inLanguage":"sr-RS","@id":"https:\/\/president-ksgov.net\/#\/schema\/person\/image\/","url":"https:\/\/secure.gravatar.com\/avatar\/339f00ab0a8a0d5ce1ecff10aa2b4a1f51f58bbd5a57793f8cd6ad624080d807?s=96&d=mm&r=g","contentUrl":"https:\/\/secure.gravatar.com\/avatar\/339f00ab0a8a0d5ce1ecff10aa2b4a1f51f58bbd5a57793f8cd6ad624080d807?s=96&d=mm&r=g","caption":"presidentlogin"}}]}},"_links":{"self":[{"href":"https:\/\/president-ksgov.net\/sr\/wp-json\/wp\/v2\/posts\/89546","targetHints":{"allow":["GET"]}}],"collection":[{"href":"https:\/\/president-ksgov.net\/sr\/wp-json\/wp\/v2\/posts"}],"about":[{"href":"https:\/\/president-ksgov.net\/sr\/wp-json\/wp\/v2\/types\/post"}],"author":[{"embeddable":true,"href":"https:\/\/president-ksgov.net\/sr\/wp-json\/wp\/v2\/users\/11"}],"replies":[{"embeddable":true,"href":"https:\/\/president-ksgov.net\/sr\/wp-json\/wp\/v2\/comments?post=89546"}],"version-history":[{"count":1,"href":"https:\/\/president-ksgov.net\/sr\/wp-json\/wp\/v2\/posts\/89546\/revisions"}],"predecessor-version":[{"id":89547,"href":"https:\/\/president-ksgov.net\/sr\/wp-json\/wp\/v2\/posts\/89546\/revisions\/89547"}],"wp:featuredmedia":[{"embeddable":true,"href":"https:\/\/president-ksgov.net\/sr\/wp-json\/wp\/v2\/media\/88851"}],"wp:attachment":[{"href":"https:\/\/president-ksgov.net\/sr\/wp-json\/wp\/v2\/media?parent=89546"}],"wp:term":[{"taxonomy":"category","embeddable":true,"href":"https:\/\/president-ksgov.net\/sr\/wp-json\/wp\/v2\/categories?post=89546"},{"taxonomy":"post_tag","embeddable":true,"href":"https:\/\/president-ksgov.net\/sr\/wp-json\/wp\/v2\/tags?post=89546"}],"curies":[{"name":"wp","href":"https:\/\/api.w.org\/{rel}","templated":true}]}}