{"id":89530,"date":"2023-04-09T10:50:31","date_gmt":"2023-04-09T08:50:31","guid":{"rendered":"https:\/\/dev.president-ksgov.net\/?p=89530"},"modified":"2023-04-27T14:38:10","modified_gmt":"2023-04-27T12:38:10","slug":"predsednica-danas-proslavljamo-usvajanje-ustava-republike-kosovo-osnivackog-akta-nase-drzave","status":"publish","type":"post","link":"https:\/\/president-ksgov.net\/sr\/predsednica-danas-proslavljamo-usvajanje-ustava-republike-kosovo-osnivackog-akta-nase-drzave\/","title":{"rendered":"Predsednica: Danas proslavljamo usvajanje Ustava Republike Kosovo \u2013 osniva\u010dkog akta na\u0161e dr\u017eave"},"content":{"rendered":"<p>Predsednica Republike Kosovo Vjosa Osmani Sadriu je na 15. godi\u0161njicu usvajanja Ustava rekla da danas slavimo usvajanja Ustava Republike Kosovo \u2013 osniva\u010dkog akta na\u0161e dr\u017eave.<\/p>\n<p>U nastavku teksta je cela izjava predsednice Osmani:<\/p>\n<p>Danas proslavljamo usvajanje Ustava Republike Kosovo \u2013 osniva\u010dkog akta na\u0161e dr\u017eave.<\/p>\n<p>Na\u0161 ustav je inspiracija za gra\u0111anske slobode i prava, za jednakost pred zakonom i druge vrednosti, kroz koje nas ovaj ustav dr\u017ei u velikoj evropskoj porodici.<\/p>\n<p>Zajedni\u010dka je du\u017enost \u0161tititi i unapre\u0111ivati ove vrednosti, uvek zasnovane na duhu i slovu Ustava, kroz o\u010duvanje suvereniteta, teritorijalnog integriteta, po\u0161tovanja volje naroda, garantovanje gra\u0111anskih sloboda bez razlike.<\/p>\n<p>Ostaje nam zajedni\u010dka du\u017enost i prioritet da, radom i posve\u0107eno\u0161\u0107u, po\u0161tujemo i sprovodimo ove ustavne vrednosti, koje su, izme\u0111u ostalog, izraz na\u0161eg identiteta.<\/p>\n","protected":false},"excerpt":{"rendered":"<p>Predsednica Republike Kosovo Vjosa Osmani Sadriu je na 15. godi\u0161njicu usvajanja Ustava rekla da danas slavimo usvajanja Ustava Republike Kosovo \u2013 osniva\u010dkog akta na\u0161e dr\u017eave. U nastavku teksta je cela izjava predsednice Osmani: Danas proslavljamo usvajanje Ustava Republike Kosovo \u2013 osniva\u010dkog akta na\u0161e dr\u017eave. Na\u0161 ustav je inspiracija za gra\u0111anske slobode i prava, za jednakost pred zakonom i druge vrednosti, kroz koje nas ovaj ustav dr\u017ei u velikoj evropskoj porodici. Zajedni\u010dka je du\u017enost \u0161tititi i unapre\u0111ivati ove vrednosti, uvek zasnovane na duhu i slovu Ustava, kroz o\u010duvanje suvereniteta, teritorijalnog integriteta, po\u0161tovanja volje naroda, garantovanje gra\u0111anskih sloboda bez razlike. Ostaje nam zajedni\u010dka du\u017enost i prioritet da, radom i posve\u0107eno\u0161\u0107u, po\u0161tujemo i sprovodimo ove ustavne vrednosti, koje su, izme\u0111u ostalog, izraz na\u0161eg identiteta.<\/p>\n","protected":false},"author":11,"featured_media":88718,"comment_status":"open","ping_status":"closed","sticky":false,"template":"","format":"standard","meta":{"_eb_attr":"","footnotes":""},"categories":[101],"tags":[],"class_list":["post-89530","post","type-post","status-publish","format-standard","has-post-thumbnail","hentry","category-vesti"],"yoast_head":"<!-- This site is optimized with the Yoast SEO plugin v23.5 - https:\/\/yoast.com\/wordpress\/plugins\/seo\/ -->\n<title>Predsednica: Danas proslavljamo usvajanje Ustava Republike Kosovo \u2013 osniva\u010dkog akta na\u0161e dr\u017eave - Predsednik Republike Kosovo - DR. VJOSA OSMANI - SADRIU<\/title>\n<meta name=\"description\" content=\"Predsednica: Danas proslavljamo usvajanje Ustava Republike Kosovo \u2013 osniva\u010dkog akta na\u0161e dr\u017eave - Predsednik Republike Kosovo - DR. VJOSA OSMANI - SADRIU -\" \/>\n<meta name=\"robots\" content=\"index, follow, max-snippet:-1, max-image-preview:large, max-video-preview:-1\" \/>\n<link rel=\"canonical\" href=\"https:\/\/president-ksgov.net\/sr\/predsednica-danas-proslavljamo-usvajanje-ustava-republike-kosovo-osnivackog-akta-nase-drzave\/\" \/>\n<meta property=\"og:locale\" content=\"sr_RS\" \/>\n<meta property=\"og:type\" content=\"article\" \/>\n<meta property=\"og:title\" content=\"Predsednica: Danas proslavljamo usvajanje Ustava Republike Kosovo \u2013 osniva\u010dkog akta na\u0161e dr\u017eave - Predsednik Republike Kosovo - DR. VJOSA OSMANI - SADRIU\" \/>\n<meta property=\"og:description\" content=\"Predsednica: Danas proslavljamo usvajanje Ustava Republike Kosovo \u2013 osniva\u010dkog akta na\u0161e dr\u017eave - Predsednik Republike Kosovo - DR. VJOSA OSMANI - SADRIU -\" \/>\n<meta property=\"og:url\" content=\"https:\/\/president-ksgov.net\/sr\/predsednica-danas-proslavljamo-usvajanje-ustava-republike-kosovo-osnivackog-akta-nase-drzave\/\" \/>\n<meta property=\"og:site_name\" content=\"Predsednik Republike Kosovo - DR. VJOSA OSMANI - SADRIU\" \/>\n<meta property=\"article:published_time\" content=\"2023-04-09T08:50:31+00:00\" \/>\n<meta property=\"article:modified_time\" content=\"2023-04-27T12:38:10+00:00\" \/>\n<meta property=\"og:image\" content=\"https:\/\/president-ksgov.net\/wp-content\/uploads\/Dita-e-Kushtetutes-2023.png\" \/>\n\t<meta property=\"og:image:width\" content=\"2000\" \/>\n\t<meta property=\"og:image:height\" content=\"2000\" \/>\n\t<meta property=\"og:image:type\" content=\"image\/png\" \/>\n<meta name=\"author\" content=\"presidentlogin\" \/>\n<meta name=\"twitter:card\" content=\"summary_large_image\" \/>\n<meta name=\"twitter:label1\" content=\"\u041d\u0430\u043f\u0438\u0441\u0430\u043d\u043e \u043e\u0434\" \/>\n\t<meta name=\"twitter:data1\" content=\"presidentlogin\" \/>\n\t<meta name=\"twitter:label2\" content=\"\u041f\u0440\u043e\u0446\u0435\u045a\u0435\u043d\u043e \u0432\u0440\u0435\u043c\u0435 \u0447\u0438\u0442\u0430\u045a\u0430\" \/>\n\t<meta name=\"twitter:data2\" content=\"1 \u043c\u0438\u043d\u0443\u0442\" \/>\n<script type=\"application\/ld+json\" class=\"yoast-schema-graph\">{\"@context\":\"https:\/\/schema.org\",\"@graph\":[{\"@type\":\"WebPage\",\"@id\":\"https:\/\/president-ksgov.net\/sr\/predsednica-danas-proslavljamo-usvajanje-ustava-republike-kosovo-osnivackog-akta-nase-drzave\/\",\"url\":\"https:\/\/president-ksgov.net\/sr\/predsednica-danas-proslavljamo-usvajanje-ustava-republike-kosovo-osnivackog-akta-nase-drzave\/\",\"name\":\"Predsednica: Danas proslavljamo usvajanje Ustava Republike Kosovo \u2013 osniva\u010dkog akta na\u0161e dr\u017eave - Predsednik Republike Kosovo - DR. VJOSA OSMANI - SADRIU\",\"isPartOf\":{\"@id\":\"https:\/\/president-ksgov.net\/#website\"},\"primaryImageOfPage\":{\"@id\":\"https:\/\/president-ksgov.net\/sr\/predsednica-danas-proslavljamo-usvajanje-ustava-republike-kosovo-osnivackog-akta-nase-drzave\/#primaryimage\"},\"image\":{\"@id\":\"https:\/\/president-ksgov.net\/sr\/predsednica-danas-proslavljamo-usvajanje-ustava-republike-kosovo-osnivackog-akta-nase-drzave\/#primaryimage\"},\"thumbnailUrl\":\"https:\/\/president-ksgov.net\/wp-content\/uploads\/Dita-e-Kushtetutes-2023.png\",\"datePublished\":\"2023-04-09T08:50:31+00:00\",\"dateModified\":\"2023-04-27T12:38:10+00:00\",\"author\":{\"@id\":\"https:\/\/president-ksgov.net\/#\/schema\/person\/1a2c014cffc81ec60d5a452a36d08d92\"},\"description\":\"Predsednica: Danas proslavljamo usvajanje Ustava Republike Kosovo \u2013 osniva\u010dkog akta na\u0161e dr\u017eave - Predsednik Republike Kosovo - DR. VJOSA OSMANI - SADRIU -\",\"breadcrumb\":{\"@id\":\"https:\/\/president-ksgov.net\/sr\/predsednica-danas-proslavljamo-usvajanje-ustava-republike-kosovo-osnivackog-akta-nase-drzave\/#breadcrumb\"},\"inLanguage\":\"sr-RS\",\"potentialAction\":[{\"@type\":\"ReadAction\",\"target\":[\"https:\/\/president-ksgov.net\/sr\/predsednica-danas-proslavljamo-usvajanje-ustava-republike-kosovo-osnivackog-akta-nase-drzave\/\"]}]},{\"@type\":\"ImageObject\",\"inLanguage\":\"sr-RS\",\"@id\":\"https:\/\/president-ksgov.net\/sr\/predsednica-danas-proslavljamo-usvajanje-ustava-republike-kosovo-osnivackog-akta-nase-drzave\/#primaryimage\",\"url\":\"https:\/\/president-ksgov.net\/wp-content\/uploads\/Dita-e-Kushtetutes-2023.png\",\"contentUrl\":\"https:\/\/president-ksgov.net\/wp-content\/uploads\/Dita-e-Kushtetutes-2023.png\",\"width\":2000,\"height\":2000},{\"@type\":\"BreadcrumbList\",\"@id\":\"https:\/\/president-ksgov.net\/sr\/predsednica-danas-proslavljamo-usvajanje-ustava-republike-kosovo-osnivackog-akta-nase-drzave\/#breadcrumb\",\"itemListElement\":[{\"@type\":\"ListItem\",\"position\":1,\"name\":\"Home\",\"item\":\"https:\/\/president-ksgov.net\/sr\/\"},{\"@type\":\"ListItem\",\"position\":2,\"name\":\"Predsednica: Danas proslavljamo usvajanje Ustava Republike Kosovo \u2013 osniva\u010dkog akta na\u0161e dr\u017eave\"}]},{\"@type\":\"WebSite\",\"@id\":\"https:\/\/president-ksgov.net\/#website\",\"url\":\"https:\/\/president-ksgov.net\/\",\"name\":\"Presidente e Republik\u00ebs s\u00eb Kosov\u00ebs\",\"description\":\"Presidente e Republik\u00ebs s\u00eb Kosov\u00ebs\",\"alternateName\":\"DR. VJOSA OSMANI - SADRIU\",\"potentialAction\":[{\"@type\":\"SearchAction\",\"target\":{\"@type\":\"EntryPoint\",\"urlTemplate\":\"https:\/\/president-ksgov.net\/?s={search_term_string}\"},\"query-input\":{\"@type\":\"PropertyValueSpecification\",\"valueRequired\":true,\"valueName\":\"search_term_string\"}}],\"inLanguage\":\"sr-RS\"},{\"@type\":\"Person\",\"@id\":\"https:\/\/president-ksgov.net\/#\/schema\/person\/1a2c014cffc81ec60d5a452a36d08d92\",\"name\":\"presidentlogin\",\"image\":{\"@type\":\"ImageObject\",\"inLanguage\":\"sr-RS\",\"@id\":\"https:\/\/president-ksgov.net\/#\/schema\/person\/image\/\",\"url\":\"https:\/\/secure.gravatar.com\/avatar\/339f00ab0a8a0d5ce1ecff10aa2b4a1f51f58bbd5a57793f8cd6ad624080d807?s=96&d=mm&r=g\",\"contentUrl\":\"https:\/\/secure.gravatar.com\/avatar\/339f00ab0a8a0d5ce1ecff10aa2b4a1f51f58bbd5a57793f8cd6ad624080d807?s=96&d=mm&r=g\",\"caption\":\"presidentlogin\"}}]}<\/script>\n<!-- \/ Yoast SEO plugin. -->","yoast_head_json":{"title":"Predsednica: Danas proslavljamo usvajanje Ustava Republike Kosovo \u2013 osniva\u010dkog akta na\u0161e dr\u017eave - Predsednik Republike Kosovo - DR. VJOSA OSMANI - SADRIU","description":"Predsednica: Danas proslavljamo usvajanje Ustava Republike Kosovo \u2013 osniva\u010dkog akta na\u0161e dr\u017eave - Predsednik Republike Kosovo - DR. VJOSA OSMANI - SADRIU -","robots":{"index":"index","follow":"follow","max-snippet":"max-snippet:-1","max-image-preview":"max-image-preview:large","max-video-preview":"max-video-preview:-1"},"canonical":"https:\/\/president-ksgov.net\/sr\/predsednica-danas-proslavljamo-usvajanje-ustava-republike-kosovo-osnivackog-akta-nase-drzave\/","og_locale":"sr_RS","og_type":"article","og_title":"Predsednica: Danas proslavljamo usvajanje Ustava Republike Kosovo \u2013 osniva\u010dkog akta na\u0161e dr\u017eave - Predsednik Republike Kosovo - DR. VJOSA OSMANI - SADRIU","og_description":"Predsednica: Danas proslavljamo usvajanje Ustava Republike Kosovo \u2013 osniva\u010dkog akta na\u0161e dr\u017eave - Predsednik Republike Kosovo - DR. VJOSA OSMANI - SADRIU -","og_url":"https:\/\/president-ksgov.net\/sr\/predsednica-danas-proslavljamo-usvajanje-ustava-republike-kosovo-osnivackog-akta-nase-drzave\/","og_site_name":"Predsednik Republike Kosovo - DR. VJOSA OSMANI - SADRIU","article_published_time":"2023-04-09T08:50:31+00:00","article_modified_time":"2023-04-27T12:38:10+00:00","og_image":[{"width":2000,"height":2000,"url":"https:\/\/president-ksgov.net\/wp-content\/uploads\/Dita-e-Kushtetutes-2023.png","type":"image\/png"}],"author":"presidentlogin","twitter_card":"summary_large_image","twitter_misc":{"\u041d\u0430\u043f\u0438\u0441\u0430\u043d\u043e \u043e\u0434":"presidentlogin","\u041f\u0440\u043e\u0446\u0435\u045a\u0435\u043d\u043e \u0432\u0440\u0435\u043c\u0435 \u0447\u0438\u0442\u0430\u045a\u0430":"1 \u043c\u0438\u043d\u0443\u0442"},"schema":{"@context":"https:\/\/schema.org","@graph":[{"@type":"WebPage","@id":"https:\/\/president-ksgov.net\/sr\/predsednica-danas-proslavljamo-usvajanje-ustava-republike-kosovo-osnivackog-akta-nase-drzave\/","url":"https:\/\/president-ksgov.net\/sr\/predsednica-danas-proslavljamo-usvajanje-ustava-republike-kosovo-osnivackog-akta-nase-drzave\/","name":"Predsednica: Danas proslavljamo usvajanje Ustava Republike Kosovo \u2013 osniva\u010dkog akta na\u0161e dr\u017eave - Predsednik Republike Kosovo - DR. VJOSA OSMANI - SADRIU","isPartOf":{"@id":"https:\/\/president-ksgov.net\/#website"},"primaryImageOfPage":{"@id":"https:\/\/president-ksgov.net\/sr\/predsednica-danas-proslavljamo-usvajanje-ustava-republike-kosovo-osnivackog-akta-nase-drzave\/#primaryimage"},"image":{"@id":"https:\/\/president-ksgov.net\/sr\/predsednica-danas-proslavljamo-usvajanje-ustava-republike-kosovo-osnivackog-akta-nase-drzave\/#primaryimage"},"thumbnailUrl":"https:\/\/president-ksgov.net\/wp-content\/uploads\/Dita-e-Kushtetutes-2023.png","datePublished":"2023-04-09T08:50:31+00:00","dateModified":"2023-04-27T12:38:10+00:00","author":{"@id":"https:\/\/president-ksgov.net\/#\/schema\/person\/1a2c014cffc81ec60d5a452a36d08d92"},"description":"Predsednica: Danas proslavljamo usvajanje Ustava Republike Kosovo \u2013 osniva\u010dkog akta na\u0161e dr\u017eave - Predsednik Republike Kosovo - DR. VJOSA OSMANI - SADRIU -","breadcrumb":{"@id":"https:\/\/president-ksgov.net\/sr\/predsednica-danas-proslavljamo-usvajanje-ustava-republike-kosovo-osnivackog-akta-nase-drzave\/#breadcrumb"},"inLanguage":"sr-RS","potentialAction":[{"@type":"ReadAction","target":["https:\/\/president-ksgov.net\/sr\/predsednica-danas-proslavljamo-usvajanje-ustava-republike-kosovo-osnivackog-akta-nase-drzave\/"]}]},{"@type":"ImageObject","inLanguage":"sr-RS","@id":"https:\/\/president-ksgov.net\/sr\/predsednica-danas-proslavljamo-usvajanje-ustava-republike-kosovo-osnivackog-akta-nase-drzave\/#primaryimage","url":"https:\/\/president-ksgov.net\/wp-content\/uploads\/Dita-e-Kushtetutes-2023.png","contentUrl":"https:\/\/president-ksgov.net\/wp-content\/uploads\/Dita-e-Kushtetutes-2023.png","width":2000,"height":2000},{"@type":"BreadcrumbList","@id":"https:\/\/president-ksgov.net\/sr\/predsednica-danas-proslavljamo-usvajanje-ustava-republike-kosovo-osnivackog-akta-nase-drzave\/#breadcrumb","itemListElement":[{"@type":"ListItem","position":1,"name":"Home","item":"https:\/\/president-ksgov.net\/sr\/"},{"@type":"ListItem","position":2,"name":"Predsednica: Danas proslavljamo usvajanje Ustava Republike Kosovo \u2013 osniva\u010dkog akta na\u0161e dr\u017eave"}]},{"@type":"WebSite","@id":"https:\/\/president-ksgov.net\/#website","url":"https:\/\/president-ksgov.net\/","name":"Presidente e Republik\u00ebs s\u00eb Kosov\u00ebs","description":"Presidente e Republik\u00ebs s\u00eb Kosov\u00ebs","alternateName":"DR. VJOSA OSMANI - SADRIU","potentialAction":[{"@type":"SearchAction","target":{"@type":"EntryPoint","urlTemplate":"https:\/\/president-ksgov.net\/?s={search_term_string}"},"query-input":{"@type":"PropertyValueSpecification","valueRequired":true,"valueName":"search_term_string"}}],"inLanguage":"sr-RS"},{"@type":"Person","@id":"https:\/\/president-ksgov.net\/#\/schema\/person\/1a2c014cffc81ec60d5a452a36d08d92","name":"presidentlogin","image":{"@type":"ImageObject","inLanguage":"sr-RS","@id":"https:\/\/president-ksgov.net\/#\/schema\/person\/image\/","url":"https:\/\/secure.gravatar.com\/avatar\/339f00ab0a8a0d5ce1ecff10aa2b4a1f51f58bbd5a57793f8cd6ad624080d807?s=96&d=mm&r=g","contentUrl":"https:\/\/secure.gravatar.com\/avatar\/339f00ab0a8a0d5ce1ecff10aa2b4a1f51f58bbd5a57793f8cd6ad624080d807?s=96&d=mm&r=g","caption":"presidentlogin"}}]}},"_links":{"self":[{"href":"https:\/\/president-ksgov.net\/sr\/wp-json\/wp\/v2\/posts\/89530","targetHints":{"allow":["GET"]}}],"collection":[{"href":"https:\/\/president-ksgov.net\/sr\/wp-json\/wp\/v2\/posts"}],"about":[{"href":"https:\/\/president-ksgov.net\/sr\/wp-json\/wp\/v2\/types\/post"}],"author":[{"embeddable":true,"href":"https:\/\/president-ksgov.net\/sr\/wp-json\/wp\/v2\/users\/11"}],"replies":[{"embeddable":true,"href":"https:\/\/president-ksgov.net\/sr\/wp-json\/wp\/v2\/comments?post=89530"}],"version-history":[{"count":1,"href":"https:\/\/president-ksgov.net\/sr\/wp-json\/wp\/v2\/posts\/89530\/revisions"}],"predecessor-version":[{"id":89531,"href":"https:\/\/president-ksgov.net\/sr\/wp-json\/wp\/v2\/posts\/89530\/revisions\/89531"}],"wp:featuredmedia":[{"embeddable":true,"href":"https:\/\/president-ksgov.net\/sr\/wp-json\/wp\/v2\/media\/88718"}],"wp:attachment":[{"href":"https:\/\/president-ksgov.net\/sr\/wp-json\/wp\/v2\/media?parent=89530"}],"wp:term":[{"taxonomy":"category","embeddable":true,"href":"https:\/\/president-ksgov.net\/sr\/wp-json\/wp\/v2\/categories?post=89530"},{"taxonomy":"post_tag","embeddable":true,"href":"https:\/\/president-ksgov.net\/sr\/wp-json\/wp\/v2\/tags?post=89530"}],"curies":[{"name":"wp","href":"https:\/\/api.w.org\/{rel}","templated":true}]}}