{"id":89456,"date":"2023-04-26T18:10:30","date_gmt":"2023-04-26T16:10:30","guid":{"rendered":"https:\/\/dev.president-ksgov.net\/?p=89456"},"modified":"2023-04-27T11:44:56","modified_gmt":"2023-04-27T09:44:56","slug":"predsednicu-osmana-na-sastanku-docekao-premijer-severne-makedonije-g-dimitar-kovacevski","status":"publish","type":"post","link":"https:\/\/president-ksgov.net\/sr\/predsednicu-osmana-na-sastanku-docekao-premijer-severne-makedonije-g-dimitar-kovacevski\/","title":{"rendered":"Predsednicu Osmana na sastanku do\u010dekao premijer Severne Makedonije g. Dimitar Kova\u010devski"},"content":{"rendered":"<p><span class=\"text-short\">Predsednicu Republike Kosovo Vjosu Osmani, u okviru zvani\u010dne posete Severnoj Makedoniji, na sastanku je do\u010dekao premijer Dimitar Kova\u010devski, sa kojim je razgovarala o produbljivanju saradnje u razli\u010ditim oblastima, kao i o poslednjim de\u0161avanjima.<\/span><\/p>\n<div id=\"news-gallery\" class=\"ug-gallery-wrapper ug-under-780 ug-theme-grid\">\n<div class=\"ug-strip-panel\">Predsednica Osmani je zahvalila premijeru Kova\u010devskom na podr\u0161ci Severne Makedonije u procesu \u010dlanstva Kosova u me\u0111unarodnim organizacijama. U tom kontekstu, pomenula je glasanje za ovu zemlju u Komitetu ministara Saveta Evrope i zatra\u017eila je nastavak ove podr\u0161ke u narednim nastojanjima Kosova za \u010dlanstvo u me\u0111unarodnim organizacijama.<\/p>\n<p>Predsednica Osmani je govorila o velikom potencijalu za ekonomsku saradnju izme\u0111u Kosova i Severne Makedonije. Ona je govorila i o dobroj saradnji u oblasti bezbednosti, istakav\u0161i zna\u010daj zajedni\u010dkih napora u borbi protiv organizovanog kriminala i drugih bezbednosnih izazova.<\/p>\n<p>U odnosu na nedavna politi\u010dka de\u0161avanja na Kosovu i u regionu, razgovaralo se o zna\u010daju koordinacije i saradnje u suprotstavljanju uticaju Rusije u regionu, koji predstavlja pretnju regionalnoj stabilnosti i bezbednosti. A kada je re\u010d o Briselskom sporazumu, predsednica Osmani je ocenila da su ovim sporazumom Kosovo i Srbija ravnopravne strane u kontekstu me\u0111udr\u017eavnih odnosa, po\u0161to u odnosu jedna sa drugom priznaju princip jednakosti, dr\u017eavnog suvereniteta i teritorijalnog integriteta.<\/p>\n<p>Predsednica Osmani je dala na znanje da u ovom procesu Kosovo nastavlja da bude konstruktivna strana i da je u koordinaciji sa me\u0111unarodnim partnerima posve\u0107eno miru i stabilnosti.<\/p>\n<p>Na ovom sastanku, izme\u0111u ostalog, istaknuta je potreba intenziviranja mobilnosti gra\u0111ana, uz finalizaciju zajedni\u010dkih grani\u010dnih ta\u010daka, kao i olak\u0161avanje poslovanja. Razgovarano je i o ideji o organizovanju zajedni\u010dkog poslovnog foruma, kao i o finalizaciji preostalog dela autoputa Blace-Skoplje.<\/p><\/div>\n<\/div>\n","protected":false},"excerpt":{"rendered":"<p>Predsednicu Republike Kosovo Vjosu Osmani, u okviru zvani\u010dne posete Severnoj Makedoniji, na sastanku je do\u010dekao premijer Dimitar Kova\u010devski, sa kojim je razgovarala o produbljivanju saradnje u razli\u010ditim oblastima, kao i o poslednjim de\u0161avanjima. Predsednica Osmani je zahvalila premijeru Kova\u010devskom na podr\u0161ci Severne Makedonije u procesu \u010dlanstva Kosova u me\u0111unarodnim organizacijama. U tom kontekstu, pomenula je glasanje za ovu zemlju u Komitetu ministara Saveta Evrope i zatra\u017eila je nastavak ove podr\u0161ke u narednim nastojanjima Kosova za \u010dlanstvo u me\u0111unarodnim organizacijama. Predsednica Osmani je govorila o velikom potencijalu za ekonomsku saradnju izme\u0111u Kosova i Severne Makedonije. Ona je govorila i o dobroj saradnji u oblasti bezbednosti, istakav\u0161i zna\u010daj zajedni\u010dkih napora u borbi protiv organizovanog kriminala i drugih bezbednosnih izazova. U odnosu na nedavna politi\u010dka de\u0161avanja na Kosovu i u regionu, razgovaralo se o zna\u010daju koordinacije i saradnje u suprotstavljanju uticaju Rusije u regionu, koji predstavlja pretnju regionalnoj stabilnosti i bezbednosti. A kada je re\u010d o Briselskom sporazumu, predsednica Osmani je ocenila da su ovim sporazumom Kosovo i Srbija ravnopravne strane u kontekstu me\u0111udr\u017eavnih odnosa, po\u0161to u odnosu jedna sa drugom priznaju princip jednakosti, dr\u017eavnog suvereniteta i teritorijalnog integriteta. Predsednica Osmani je dala na znanje da u ovom procesu Kosovo nastavlja da bude konstruktivna strana i da je u koordinaciji sa me\u0111unarodnim partnerima posve\u0107eno miru i stabilnosti. Na ovom sastanku, izme\u0111u ostalog, istaknuta je potreba intenziviranja mobilnosti gra\u0111ana, uz finalizaciju zajedni\u010dkih grani\u010dnih ta\u010daka, kao i olak\u0161avanje poslovanja. Razgovarano je i o ideji o organizovanju zajedni\u010dkog poslovnog foruma, kao i o finalizaciji preostalog dela autoputa Blace-Skoplje.<\/p>\n","protected":false},"author":11,"featured_media":89445,"comment_status":"open","ping_status":"closed","sticky":false,"template":"","format":"standard","meta":{"_eb_attr":"","footnotes":""},"categories":[101],"tags":[],"class_list":["post-89456","post","type-post","status-publish","format-standard","has-post-thumbnail","hentry","category-vesti"],"yoast_head":"<!-- This site is optimized with the Yoast SEO plugin v23.5 - https:\/\/yoast.com\/wordpress\/plugins\/seo\/ -->\n<title>Predsednicu Osmana na sastanku do\u010dekao premijer Severne Makedonije g. Dimitar Kova\u010devski - Predsednik Republike Kosovo - DR. VJOSA OSMANI - SADRIU<\/title>\n<meta name=\"description\" content=\"Predsednicu Osmana na sastanku do\u010dekao premijer Severne Makedonije g. Dimitar Kova\u010devski - Predsednik Republike Kosovo - DR. VJOSA OSMANI - SADRIU -\" \/>\n<meta name=\"robots\" content=\"index, follow, max-snippet:-1, max-image-preview:large, max-video-preview:-1\" \/>\n<link rel=\"canonical\" href=\"https:\/\/president-ksgov.net\/sr\/predsednicu-osmana-na-sastanku-docekao-premijer-severne-makedonije-g-dimitar-kovacevski\/\" \/>\n<meta property=\"og:locale\" content=\"sr_RS\" \/>\n<meta property=\"og:type\" content=\"article\" \/>\n<meta property=\"og:title\" content=\"Predsednicu Osmana na sastanku do\u010dekao premijer Severne Makedonije g. Dimitar Kova\u010devski - Predsednik Republike Kosovo - DR. VJOSA OSMANI - SADRIU\" \/>\n<meta property=\"og:description\" content=\"Predsednicu Osmana na sastanku do\u010dekao premijer Severne Makedonije g. Dimitar Kova\u010devski - Predsednik Republike Kosovo - DR. VJOSA OSMANI - SADRIU -\" \/>\n<meta property=\"og:url\" content=\"https:\/\/president-ksgov.net\/sr\/predsednicu-osmana-na-sastanku-docekao-premijer-severne-makedonije-g-dimitar-kovacevski\/\" \/>\n<meta property=\"og:site_name\" content=\"Predsednik Republike Kosovo - DR. VJOSA OSMANI - SADRIU\" \/>\n<meta property=\"article:published_time\" content=\"2023-04-26T16:10:30+00:00\" \/>\n<meta property=\"article:modified_time\" content=\"2023-04-27T09:44:56+00:00\" \/>\n<meta property=\"og:image\" content=\"https:\/\/president-ksgov.net\/wp-content\/uploads\/1-presidentja-u-prit-nga-kryeministri-maqedonas.jpg\" \/>\n\t<meta property=\"og:image:width\" content=\"1719\" \/>\n\t<meta property=\"og:image:height\" content=\"1285\" \/>\n\t<meta property=\"og:image:type\" content=\"image\/jpeg\" \/>\n<meta name=\"author\" content=\"presidentlogin\" \/>\n<meta name=\"twitter:card\" content=\"summary_large_image\" \/>\n<meta name=\"twitter:label1\" content=\"\u041d\u0430\u043f\u0438\u0441\u0430\u043d\u043e \u043e\u0434\" \/>\n\t<meta name=\"twitter:data1\" content=\"presidentlogin\" \/>\n\t<meta name=\"twitter:label2\" content=\"\u041f\u0440\u043e\u0446\u0435\u045a\u0435\u043d\u043e \u0432\u0440\u0435\u043c\u0435 \u0447\u0438\u0442\u0430\u045a\u0430\" \/>\n\t<meta name=\"twitter:data2\" content=\"1 \u043c\u0438\u043d\u0443\u0442\" \/>\n<script type=\"application\/ld+json\" class=\"yoast-schema-graph\">{\"@context\":\"https:\/\/schema.org\",\"@graph\":[{\"@type\":\"WebPage\",\"@id\":\"https:\/\/president-ksgov.net\/sr\/predsednicu-osmana-na-sastanku-docekao-premijer-severne-makedonije-g-dimitar-kovacevski\/\",\"url\":\"https:\/\/president-ksgov.net\/sr\/predsednicu-osmana-na-sastanku-docekao-premijer-severne-makedonije-g-dimitar-kovacevski\/\",\"name\":\"Predsednicu Osmana na sastanku do\u010dekao premijer Severne Makedonije g. Dimitar Kova\u010devski - Predsednik Republike Kosovo - DR. VJOSA OSMANI - SADRIU\",\"isPartOf\":{\"@id\":\"https:\/\/president-ksgov.net\/#website\"},\"primaryImageOfPage\":{\"@id\":\"https:\/\/president-ksgov.net\/sr\/predsednicu-osmana-na-sastanku-docekao-premijer-severne-makedonije-g-dimitar-kovacevski\/#primaryimage\"},\"image\":{\"@id\":\"https:\/\/president-ksgov.net\/sr\/predsednicu-osmana-na-sastanku-docekao-premijer-severne-makedonije-g-dimitar-kovacevski\/#primaryimage\"},\"thumbnailUrl\":\"https:\/\/president-ksgov.net\/wp-content\/uploads\/1-presidentja-u-prit-nga-kryeministri-maqedonas.jpg\",\"datePublished\":\"2023-04-26T16:10:30+00:00\",\"dateModified\":\"2023-04-27T09:44:56+00:00\",\"author\":{\"@id\":\"https:\/\/president-ksgov.net\/#\/schema\/person\/1a2c014cffc81ec60d5a452a36d08d92\"},\"description\":\"Predsednicu Osmana na sastanku do\u010dekao premijer Severne Makedonije g. Dimitar Kova\u010devski - Predsednik Republike Kosovo - DR. VJOSA OSMANI - SADRIU -\",\"breadcrumb\":{\"@id\":\"https:\/\/president-ksgov.net\/sr\/predsednicu-osmana-na-sastanku-docekao-premijer-severne-makedonije-g-dimitar-kovacevski\/#breadcrumb\"},\"inLanguage\":\"sr-RS\",\"potentialAction\":[{\"@type\":\"ReadAction\",\"target\":[\"https:\/\/president-ksgov.net\/sr\/predsednicu-osmana-na-sastanku-docekao-premijer-severne-makedonije-g-dimitar-kovacevski\/\"]}]},{\"@type\":\"ImageObject\",\"inLanguage\":\"sr-RS\",\"@id\":\"https:\/\/president-ksgov.net\/sr\/predsednicu-osmana-na-sastanku-docekao-premijer-severne-makedonije-g-dimitar-kovacevski\/#primaryimage\",\"url\":\"https:\/\/president-ksgov.net\/wp-content\/uploads\/1-presidentja-u-prit-nga-kryeministri-maqedonas.jpg\",\"contentUrl\":\"https:\/\/president-ksgov.net\/wp-content\/uploads\/1-presidentja-u-prit-nga-kryeministri-maqedonas.jpg\",\"width\":1719,\"height\":1285},{\"@type\":\"BreadcrumbList\",\"@id\":\"https:\/\/president-ksgov.net\/sr\/predsednicu-osmana-na-sastanku-docekao-premijer-severne-makedonije-g-dimitar-kovacevski\/#breadcrumb\",\"itemListElement\":[{\"@type\":\"ListItem\",\"position\":1,\"name\":\"Home\",\"item\":\"https:\/\/president-ksgov.net\/sr\/\"},{\"@type\":\"ListItem\",\"position\":2,\"name\":\"Predsednicu Osmana na sastanku do\u010dekao premijer Severne Makedonije g. Dimitar Kova\u010devski\"}]},{\"@type\":\"WebSite\",\"@id\":\"https:\/\/president-ksgov.net\/#website\",\"url\":\"https:\/\/president-ksgov.net\/\",\"name\":\"Presidente e Republik\u00ebs s\u00eb Kosov\u00ebs\",\"description\":\"Presidente e Republik\u00ebs s\u00eb Kosov\u00ebs\",\"alternateName\":\"DR. VJOSA OSMANI - SADRIU\",\"potentialAction\":[{\"@type\":\"SearchAction\",\"target\":{\"@type\":\"EntryPoint\",\"urlTemplate\":\"https:\/\/president-ksgov.net\/?s={search_term_string}\"},\"query-input\":{\"@type\":\"PropertyValueSpecification\",\"valueRequired\":true,\"valueName\":\"search_term_string\"}}],\"inLanguage\":\"sr-RS\"},{\"@type\":\"Person\",\"@id\":\"https:\/\/president-ksgov.net\/#\/schema\/person\/1a2c014cffc81ec60d5a452a36d08d92\",\"name\":\"presidentlogin\",\"image\":{\"@type\":\"ImageObject\",\"inLanguage\":\"sr-RS\",\"@id\":\"https:\/\/president-ksgov.net\/#\/schema\/person\/image\/\",\"url\":\"https:\/\/secure.gravatar.com\/avatar\/339f00ab0a8a0d5ce1ecff10aa2b4a1f51f58bbd5a57793f8cd6ad624080d807?s=96&d=mm&r=g\",\"contentUrl\":\"https:\/\/secure.gravatar.com\/avatar\/339f00ab0a8a0d5ce1ecff10aa2b4a1f51f58bbd5a57793f8cd6ad624080d807?s=96&d=mm&r=g\",\"caption\":\"presidentlogin\"}}]}<\/script>\n<!-- \/ Yoast SEO plugin. -->","yoast_head_json":{"title":"Predsednicu Osmana na sastanku do\u010dekao premijer Severne Makedonije g. Dimitar Kova\u010devski - Predsednik Republike Kosovo - DR. VJOSA OSMANI - SADRIU","description":"Predsednicu Osmana na sastanku do\u010dekao premijer Severne Makedonije g. Dimitar Kova\u010devski - Predsednik Republike Kosovo - DR. VJOSA OSMANI - SADRIU -","robots":{"index":"index","follow":"follow","max-snippet":"max-snippet:-1","max-image-preview":"max-image-preview:large","max-video-preview":"max-video-preview:-1"},"canonical":"https:\/\/president-ksgov.net\/sr\/predsednicu-osmana-na-sastanku-docekao-premijer-severne-makedonije-g-dimitar-kovacevski\/","og_locale":"sr_RS","og_type":"article","og_title":"Predsednicu Osmana na sastanku do\u010dekao premijer Severne Makedonije g. Dimitar Kova\u010devski - Predsednik Republike Kosovo - DR. VJOSA OSMANI - SADRIU","og_description":"Predsednicu Osmana na sastanku do\u010dekao premijer Severne Makedonije g. Dimitar Kova\u010devski - Predsednik Republike Kosovo - DR. VJOSA OSMANI - SADRIU -","og_url":"https:\/\/president-ksgov.net\/sr\/predsednicu-osmana-na-sastanku-docekao-premijer-severne-makedonije-g-dimitar-kovacevski\/","og_site_name":"Predsednik Republike Kosovo - DR. VJOSA OSMANI - SADRIU","article_published_time":"2023-04-26T16:10:30+00:00","article_modified_time":"2023-04-27T09:44:56+00:00","og_image":[{"width":1719,"height":1285,"url":"https:\/\/president-ksgov.net\/wp-content\/uploads\/1-presidentja-u-prit-nga-kryeministri-maqedonas.jpg","type":"image\/jpeg"}],"author":"presidentlogin","twitter_card":"summary_large_image","twitter_misc":{"\u041d\u0430\u043f\u0438\u0441\u0430\u043d\u043e \u043e\u0434":"presidentlogin","\u041f\u0440\u043e\u0446\u0435\u045a\u0435\u043d\u043e \u0432\u0440\u0435\u043c\u0435 \u0447\u0438\u0442\u0430\u045a\u0430":"1 \u043c\u0438\u043d\u0443\u0442"},"schema":{"@context":"https:\/\/schema.org","@graph":[{"@type":"WebPage","@id":"https:\/\/president-ksgov.net\/sr\/predsednicu-osmana-na-sastanku-docekao-premijer-severne-makedonije-g-dimitar-kovacevski\/","url":"https:\/\/president-ksgov.net\/sr\/predsednicu-osmana-na-sastanku-docekao-premijer-severne-makedonije-g-dimitar-kovacevski\/","name":"Predsednicu Osmana na sastanku do\u010dekao premijer Severne Makedonije g. Dimitar Kova\u010devski - Predsednik Republike Kosovo - DR. VJOSA OSMANI - SADRIU","isPartOf":{"@id":"https:\/\/president-ksgov.net\/#website"},"primaryImageOfPage":{"@id":"https:\/\/president-ksgov.net\/sr\/predsednicu-osmana-na-sastanku-docekao-premijer-severne-makedonije-g-dimitar-kovacevski\/#primaryimage"},"image":{"@id":"https:\/\/president-ksgov.net\/sr\/predsednicu-osmana-na-sastanku-docekao-premijer-severne-makedonije-g-dimitar-kovacevski\/#primaryimage"},"thumbnailUrl":"https:\/\/president-ksgov.net\/wp-content\/uploads\/1-presidentja-u-prit-nga-kryeministri-maqedonas.jpg","datePublished":"2023-04-26T16:10:30+00:00","dateModified":"2023-04-27T09:44:56+00:00","author":{"@id":"https:\/\/president-ksgov.net\/#\/schema\/person\/1a2c014cffc81ec60d5a452a36d08d92"},"description":"Predsednicu Osmana na sastanku do\u010dekao premijer Severne Makedonije g. Dimitar Kova\u010devski - Predsednik Republike Kosovo - DR. VJOSA OSMANI - SADRIU -","breadcrumb":{"@id":"https:\/\/president-ksgov.net\/sr\/predsednicu-osmana-na-sastanku-docekao-premijer-severne-makedonije-g-dimitar-kovacevski\/#breadcrumb"},"inLanguage":"sr-RS","potentialAction":[{"@type":"ReadAction","target":["https:\/\/president-ksgov.net\/sr\/predsednicu-osmana-na-sastanku-docekao-premijer-severne-makedonije-g-dimitar-kovacevski\/"]}]},{"@type":"ImageObject","inLanguage":"sr-RS","@id":"https:\/\/president-ksgov.net\/sr\/predsednicu-osmana-na-sastanku-docekao-premijer-severne-makedonije-g-dimitar-kovacevski\/#primaryimage","url":"https:\/\/president-ksgov.net\/wp-content\/uploads\/1-presidentja-u-prit-nga-kryeministri-maqedonas.jpg","contentUrl":"https:\/\/president-ksgov.net\/wp-content\/uploads\/1-presidentja-u-prit-nga-kryeministri-maqedonas.jpg","width":1719,"height":1285},{"@type":"BreadcrumbList","@id":"https:\/\/president-ksgov.net\/sr\/predsednicu-osmana-na-sastanku-docekao-premijer-severne-makedonije-g-dimitar-kovacevski\/#breadcrumb","itemListElement":[{"@type":"ListItem","position":1,"name":"Home","item":"https:\/\/president-ksgov.net\/sr\/"},{"@type":"ListItem","position":2,"name":"Predsednicu Osmana na sastanku do\u010dekao premijer Severne Makedonije g. Dimitar Kova\u010devski"}]},{"@type":"WebSite","@id":"https:\/\/president-ksgov.net\/#website","url":"https:\/\/president-ksgov.net\/","name":"Presidente e Republik\u00ebs s\u00eb Kosov\u00ebs","description":"Presidente e Republik\u00ebs s\u00eb Kosov\u00ebs","alternateName":"DR. VJOSA OSMANI - SADRIU","potentialAction":[{"@type":"SearchAction","target":{"@type":"EntryPoint","urlTemplate":"https:\/\/president-ksgov.net\/?s={search_term_string}"},"query-input":{"@type":"PropertyValueSpecification","valueRequired":true,"valueName":"search_term_string"}}],"inLanguage":"sr-RS"},{"@type":"Person","@id":"https:\/\/president-ksgov.net\/#\/schema\/person\/1a2c014cffc81ec60d5a452a36d08d92","name":"presidentlogin","image":{"@type":"ImageObject","inLanguage":"sr-RS","@id":"https:\/\/president-ksgov.net\/#\/schema\/person\/image\/","url":"https:\/\/secure.gravatar.com\/avatar\/339f00ab0a8a0d5ce1ecff10aa2b4a1f51f58bbd5a57793f8cd6ad624080d807?s=96&d=mm&r=g","contentUrl":"https:\/\/secure.gravatar.com\/avatar\/339f00ab0a8a0d5ce1ecff10aa2b4a1f51f58bbd5a57793f8cd6ad624080d807?s=96&d=mm&r=g","caption":"presidentlogin"}}]}},"_links":{"self":[{"href":"https:\/\/president-ksgov.net\/sr\/wp-json\/wp\/v2\/posts\/89456","targetHints":{"allow":["GET"]}}],"collection":[{"href":"https:\/\/president-ksgov.net\/sr\/wp-json\/wp\/v2\/posts"}],"about":[{"href":"https:\/\/president-ksgov.net\/sr\/wp-json\/wp\/v2\/types\/post"}],"author":[{"embeddable":true,"href":"https:\/\/president-ksgov.net\/sr\/wp-json\/wp\/v2\/users\/11"}],"replies":[{"embeddable":true,"href":"https:\/\/president-ksgov.net\/sr\/wp-json\/wp\/v2\/comments?post=89456"}],"version-history":[{"count":1,"href":"https:\/\/president-ksgov.net\/sr\/wp-json\/wp\/v2\/posts\/89456\/revisions"}],"predecessor-version":[{"id":89457,"href":"https:\/\/president-ksgov.net\/sr\/wp-json\/wp\/v2\/posts\/89456\/revisions\/89457"}],"wp:featuredmedia":[{"embeddable":true,"href":"https:\/\/president-ksgov.net\/sr\/wp-json\/wp\/v2\/media\/89445"}],"wp:attachment":[{"href":"https:\/\/president-ksgov.net\/sr\/wp-json\/wp\/v2\/media?parent=89456"}],"wp:term":[{"taxonomy":"category","embeddable":true,"href":"https:\/\/president-ksgov.net\/sr\/wp-json\/wp\/v2\/categories?post=89456"},{"taxonomy":"post_tag","embeddable":true,"href":"https:\/\/president-ksgov.net\/sr\/wp-json\/wp\/v2\/tags?post=89456"}],"curies":[{"name":"wp","href":"https:\/\/api.w.org\/{rel}","templated":true}]}}