{"id":89423,"date":"2023-04-26T13:40:08","date_gmt":"2023-04-26T11:40:08","guid":{"rendered":"https:\/\/dev.president-ksgov.net\/?p=89423"},"modified":"2026-01-28T09:17:14","modified_gmt":"2026-01-28T08:17:14","slug":"predsednicu-osmani-je-uz-visoke-drzavne-i-vojne-pocasti-docekao-predsednik-republike-severne-makedonije-stevo-pendarovski","status":"publish","type":"post","link":"https:\/\/president-ksgov.net\/sr\/predsednicu-osmani-je-uz-visoke-drzavne-i-vojne-pocasti-docekao-predsednik-republike-severne-makedonije-stevo-pendarovski\/","title":{"rendered":"Predsednicu Osmani je uz visoke dr\u017eavne i vojne po\u010dasti do\u010dekao predsednik Republike Severne Makedonije Stevo Pendarovski"},"content":{"rendered":"<p><span class=\"text-short\">Predsednicu Republike Kosovo Vjosu Osmani, na po\u010detku zvani\u010dne posete Severnoj Makedoniji, do\u010dekao je uz visoke dr\u017eavne i vojne po\u010dasti predsednik Stevo Pendarovski.<\/span><\/p>\n<p>Oba predsednika su ponovo potvrdila odli\u010dne odnose izme\u0111u Kosova i Severne Makedonije. Predsednica Osmani je istakla da su odnosi sa Severnom Makedonijom izgra\u0111eni na zajedni\u010dkim demokratskim vrednostima i osna\u017eeni zajedni\u010dkim ciljem za evroatlantsku budu\u0107nost na\u0161ih zemalja.<\/p>\n<p>\u201eMi smo dve susedne zemlje i na\u0161 cilj je zajedni\u010dka evroatlantska budu\u0107nost. U ovom nastojanju, na\u0161i odnosi su model funkcionisanja na Zapadnom Balkanu. Na\u0161e anga\u017eovanje na dobrosusedskim odnosima, miru i stabilnosti je tako\u0111e u funkciji stabilnosti u regionu i \u0161ire. Severna Makedonija je pouzdan partner Kosova, tako da visoko cenimo dosada\u0161nju podr\u0161ku i ra\u010dunamo na kontinuiranu podr\u0161ku u na\u0161im naporima za \u010dlanstvo u me\u0111unarodnim organizacijama\u201c, istakla je predsednica Osmani.<\/p>\n<p>Govore\u0107i o me\u0111ususedskim odnosima, predsednica Osmani je istakla da veze izme\u0111u dve zemlje postaju jo\u0161 \u010dvr\u0161\u0107e uz doprinos Albanaca Severne Makedonije. Ona je rekla da su Albanci imali klju\u010dnu ulogu u formiranju i izgradnji dr\u017eave Severne Makedonije, a da danas daju klju\u010dni doprinos njenoj evropskoj perspektivi.<\/p>\n<p>U tom kontekstu, predsednica Osmani je naglasila da \u0107e br\u017ei zavr\u0161etak autoputa Blace-Skoplje stvoriti bolje mogu\u0107nosti za kretanje gra\u0111ana dve dr\u017eave i za dvostranu razmenu. Na sastanku je pomenuta i potreba za otvaranjem novih grani\u010dnih prelaza kako bi se dodatno olak\u0161alo kretanje u pravcu obe dr\u017eave.<\/p>\n<p>Govore\u0107i o aktuelnim politi\u010dkim de\u0161avanjima i onima u oblasti bezbednosti, predsednica Osmani je naglasila da Kosovo nastavlja da bude koordinisano sa svojim saveznicima i da ostaje posve\u0107eno miru i stabilnosti. Predsednica Osmani i predsednik Pendarovski razgovarali su i o intenziviranju saradnje u drugim oblastima od zajedni\u010dkog interesa.<\/p>\n<p><iframe src=\"https:\/\/www.facebook.com\/plugins\/video.php?height=240&#038;href=https%3A%2F%2Fwww.facebook.com%2FVjosaOsmaniMP%2Fvideos%2F548326214051087%2F&#038;show_text=false&#038;width=560&#038;t=0\" width=\"560\" height=\"315\" style=\"border:none;overflow:hidden\" scrolling=\"no\" frameborder=\"0\" allowfullscreen=\"true\" allow=\"autoplay; clipboard-write; encrypted-media; picture-in-picture; web-share\" allowFullScreen=\"true\"><\/iframe>e><\/p>\n","protected":false},"excerpt":{"rendered":"<p>Predsednicu Republike Kosovo Vjosu Osmani, na po\u010detku zvani\u010dne posete Severnoj Makedoniji, do\u010dekao je uz visoke dr\u017eavne i vojne po\u010dasti predsednik Stevo Pendarovski. Oba predsednika su ponovo potvrdila odli\u010dne odnose izme\u0111u Kosova i Severne Makedonije. Predsednica Osmani je istakla da su odnosi sa Severnom Makedonijom izgra\u0111eni na zajedni\u010dkim demokratskim vrednostima i osna\u017eeni zajedni\u010dkim ciljem za evroatlantsku budu\u0107nost na\u0161ih zemalja. \u201eMi smo dve susedne zemlje i na\u0161 cilj je zajedni\u010dka evroatlantska budu\u0107nost. U ovom nastojanju, na\u0161i odnosi su model funkcionisanja na Zapadnom Balkanu. Na\u0161e anga\u017eovanje na dobrosusedskim odnosima, miru i stabilnosti je tako\u0111e u funkciji stabilnosti u regionu i \u0161ire. Severna Makedonija je pouzdan partner Kosova, tako da visoko cenimo dosada\u0161nju podr\u0161ku i ra\u010dunamo na kontinuiranu podr\u0161ku u na\u0161im naporima za \u010dlanstvo u me\u0111unarodnim organizacijama\u201c, istakla je predsednica Osmani. Govore\u0107i o me\u0111ususedskim odnosima, predsednica Osmani je istakla da veze izme\u0111u dve zemlje postaju jo\u0161 \u010dvr\u0161\u0107e uz doprinos Albanaca Severne Makedonije. Ona je rekla da su Albanci imali klju\u010dnu ulogu u formiranju i izgradnji dr\u017eave Severne Makedonije, a da danas daju klju\u010dni doprinos njenoj evropskoj perspektivi. U tom kontekstu, predsednica Osmani je naglasila da \u0107e br\u017ei zavr\u0161etak autoputa Blace-Skoplje stvoriti bolje mogu\u0107nosti za kretanje gra\u0111ana dve dr\u017eave i za dvostranu razmenu. Na sastanku je pomenuta i potreba za otvaranjem novih grani\u010dnih prelaza kako bi se dodatno olak\u0161alo kretanje u pravcu obe dr\u017eave. Govore\u0107i o aktuelnim politi\u010dkim de\u0161avanjima i onima u oblasti bezbednosti, predsednica Osmani je naglasila da Kosovo nastavlja da bude koordinisano sa svojim saveznicima i da ostaje posve\u0107eno miru i stabilnosti. Predsednica Osmani i predsednik Pendarovski razgovarali su i o intenziviranju saradnje u drugim oblastima od zajedni\u010dkog interesa. e><\/p>\n","protected":false},"author":11,"featured_media":89419,"comment_status":"closed","ping_status":"closed","sticky":false,"template":"","format":"standard","meta":{"_eb_attr":"","footnotes":""},"categories":[101],"tags":[],"class_list":["post-89423","post","type-post","status-publish","format-standard","has-post-thumbnail","hentry","category-vesti"],"yoast_head":"<!-- This site is optimized with the Yoast SEO plugin v23.5 - https:\/\/yoast.com\/wordpress\/plugins\/seo\/ -->\n<title>Predsednicu Osmani je uz visoke dr\u017eavne i vojne po\u010dasti do\u010dekao predsednik Republike Severne Makedonije Stevo Pendarovski - Predsednik Republike Kosovo - DR. VJOSA OSMANI - SADRIU<\/title>\n<meta name=\"description\" content=\"Predsednicu Osmani je uz visoke dr\u017eavne i vojne po\u010dasti do\u010dekao predsednik Republike Severne Makedonije Stevo Pendarovski - Predsednik Republike Kosovo - DR. VJOSA OSMANI - SADRIU -\" \/>\n<meta name=\"robots\" content=\"index, follow, max-snippet:-1, max-image-preview:large, max-video-preview:-1\" \/>\n<link rel=\"canonical\" href=\"https:\/\/president-ksgov.net\/sr\/predsednicu-osmani-je-uz-visoke-drzavne-i-vojne-pocasti-docekao-predsednik-republike-severne-makedonije-stevo-pendarovski\/\" \/>\n<meta property=\"og:locale\" content=\"sr_RS\" \/>\n<meta property=\"og:type\" content=\"article\" \/>\n<meta property=\"og:title\" content=\"Predsednicu Osmani je uz visoke dr\u017eavne i vojne po\u010dasti do\u010dekao predsednik Republike Severne Makedonije Stevo Pendarovski - Predsednik Republike Kosovo - DR. VJOSA OSMANI - SADRIU\" \/>\n<meta property=\"og:description\" content=\"Predsednicu Osmani je uz visoke dr\u017eavne i vojne po\u010dasti do\u010dekao predsednik Republike Severne Makedonije Stevo Pendarovski - Predsednik Republike Kosovo - DR. VJOSA OSMANI - SADRIU -\" \/>\n<meta property=\"og:url\" content=\"https:\/\/president-ksgov.net\/sr\/predsednicu-osmani-je-uz-visoke-drzavne-i-vojne-pocasti-docekao-predsednik-republike-severne-makedonije-stevo-pendarovski\/\" \/>\n<meta property=\"og:site_name\" content=\"Predsednik Republike Kosovo - DR. VJOSA OSMANI - SADRIU\" \/>\n<meta property=\"article:published_time\" content=\"2023-04-26T11:40:08+00:00\" \/>\n<meta property=\"article:modified_time\" content=\"2026-01-28T08:17:14+00:00\" \/>\n<meta property=\"og:image\" content=\"https:\/\/president-ksgov.net\/wp-content\/uploads\/1-presidentja-u-prit-me-nderime-te-larta-1024x684.jpg\" \/>\n\t<meta property=\"og:image:width\" content=\"1024\" \/>\n\t<meta property=\"og:image:height\" content=\"684\" \/>\n\t<meta property=\"og:image:type\" content=\"image\/jpeg\" \/>\n<meta name=\"author\" content=\"presidentlogin\" \/>\n<meta name=\"twitter:card\" content=\"summary_large_image\" \/>\n<meta name=\"twitter:label1\" content=\"\u041d\u0430\u043f\u0438\u0441\u0430\u043d\u043e \u043e\u0434\" \/>\n\t<meta name=\"twitter:data1\" content=\"presidentlogin\" \/>\n\t<meta name=\"twitter:label2\" content=\"\u041f\u0440\u043e\u0446\u0435\u045a\u0435\u043d\u043e \u0432\u0440\u0435\u043c\u0435 \u0447\u0438\u0442\u0430\u045a\u0430\" \/>\n\t<meta name=\"twitter:data2\" content=\"2 \u043c\u0438\u043d\u0443\u0442\u0430\" \/>\n<script type=\"application\/ld+json\" class=\"yoast-schema-graph\">{\"@context\":\"https:\/\/schema.org\",\"@graph\":[{\"@type\":\"WebPage\",\"@id\":\"https:\/\/president-ksgov.net\/sr\/predsednicu-osmani-je-uz-visoke-drzavne-i-vojne-pocasti-docekao-predsednik-republike-severne-makedonije-stevo-pendarovski\/\",\"url\":\"https:\/\/president-ksgov.net\/sr\/predsednicu-osmani-je-uz-visoke-drzavne-i-vojne-pocasti-docekao-predsednik-republike-severne-makedonije-stevo-pendarovski\/\",\"name\":\"Predsednicu Osmani je uz visoke dr\u017eavne i vojne po\u010dasti do\u010dekao predsednik Republike Severne Makedonije Stevo Pendarovski - Predsednik Republike Kosovo - DR. VJOSA OSMANI - SADRIU\",\"isPartOf\":{\"@id\":\"https:\/\/president-ksgov.net\/#website\"},\"primaryImageOfPage\":{\"@id\":\"https:\/\/president-ksgov.net\/sr\/predsednicu-osmani-je-uz-visoke-drzavne-i-vojne-pocasti-docekao-predsednik-republike-severne-makedonije-stevo-pendarovski\/#primaryimage\"},\"image\":{\"@id\":\"https:\/\/president-ksgov.net\/sr\/predsednicu-osmani-je-uz-visoke-drzavne-i-vojne-pocasti-docekao-predsednik-republike-severne-makedonije-stevo-pendarovski\/#primaryimage\"},\"thumbnailUrl\":\"https:\/\/president-ksgov.net\/wp-content\/uploads\/1-presidentja-u-prit-me-nderime-te-larta.jpg\",\"datePublished\":\"2023-04-26T11:40:08+00:00\",\"dateModified\":\"2026-01-28T08:17:14+00:00\",\"author\":{\"@id\":\"https:\/\/president-ksgov.net\/#\/schema\/person\/1a2c014cffc81ec60d5a452a36d08d92\"},\"description\":\"Predsednicu Osmani je uz visoke dr\u017eavne i vojne po\u010dasti do\u010dekao predsednik Republike Severne Makedonije Stevo Pendarovski - Predsednik Republike Kosovo - DR. VJOSA OSMANI - SADRIU -\",\"breadcrumb\":{\"@id\":\"https:\/\/president-ksgov.net\/sr\/predsednicu-osmani-je-uz-visoke-drzavne-i-vojne-pocasti-docekao-predsednik-republike-severne-makedonije-stevo-pendarovski\/#breadcrumb\"},\"inLanguage\":\"sr-RS\",\"potentialAction\":[{\"@type\":\"ReadAction\",\"target\":[\"https:\/\/president-ksgov.net\/sr\/predsednicu-osmani-je-uz-visoke-drzavne-i-vojne-pocasti-docekao-predsednik-republike-severne-makedonije-stevo-pendarovski\/\"]}]},{\"@type\":\"ImageObject\",\"inLanguage\":\"sr-RS\",\"@id\":\"https:\/\/president-ksgov.net\/sr\/predsednicu-osmani-je-uz-visoke-drzavne-i-vojne-pocasti-docekao-predsednik-republike-severne-makedonije-stevo-pendarovski\/#primaryimage\",\"url\":\"https:\/\/president-ksgov.net\/wp-content\/uploads\/1-presidentja-u-prit-me-nderime-te-larta.jpg\",\"contentUrl\":\"https:\/\/president-ksgov.net\/wp-content\/uploads\/1-presidentja-u-prit-me-nderime-te-larta.jpg\",\"width\":2136,\"height\":1426},{\"@type\":\"BreadcrumbList\",\"@id\":\"https:\/\/president-ksgov.net\/sr\/predsednicu-osmani-je-uz-visoke-drzavne-i-vojne-pocasti-docekao-predsednik-republike-severne-makedonije-stevo-pendarovski\/#breadcrumb\",\"itemListElement\":[{\"@type\":\"ListItem\",\"position\":1,\"name\":\"Home\",\"item\":\"https:\/\/president-ksgov.net\/sr\/\"},{\"@type\":\"ListItem\",\"position\":2,\"name\":\"Predsednicu Osmani je uz visoke dr\u017eavne i vojne po\u010dasti do\u010dekao predsednik Republike Severne Makedonije Stevo Pendarovski\"}]},{\"@type\":\"WebSite\",\"@id\":\"https:\/\/president-ksgov.net\/#website\",\"url\":\"https:\/\/president-ksgov.net\/\",\"name\":\"Presidente e Republik\u00ebs s\u00eb Kosov\u00ebs\",\"description\":\"Presidente e Republik\u00ebs s\u00eb Kosov\u00ebs\",\"alternateName\":\"DR. VJOSA OSMANI - SADRIU\",\"potentialAction\":[{\"@type\":\"SearchAction\",\"target\":{\"@type\":\"EntryPoint\",\"urlTemplate\":\"https:\/\/president-ksgov.net\/?s={search_term_string}\"},\"query-input\":{\"@type\":\"PropertyValueSpecification\",\"valueRequired\":true,\"valueName\":\"search_term_string\"}}],\"inLanguage\":\"sr-RS\"},{\"@type\":\"Person\",\"@id\":\"https:\/\/president-ksgov.net\/#\/schema\/person\/1a2c014cffc81ec60d5a452a36d08d92\",\"name\":\"presidentlogin\",\"image\":{\"@type\":\"ImageObject\",\"inLanguage\":\"sr-RS\",\"@id\":\"https:\/\/president-ksgov.net\/#\/schema\/person\/image\/\",\"url\":\"https:\/\/secure.gravatar.com\/avatar\/339f00ab0a8a0d5ce1ecff10aa2b4a1f51f58bbd5a57793f8cd6ad624080d807?s=96&d=mm&r=g\",\"contentUrl\":\"https:\/\/secure.gravatar.com\/avatar\/339f00ab0a8a0d5ce1ecff10aa2b4a1f51f58bbd5a57793f8cd6ad624080d807?s=96&d=mm&r=g\",\"caption\":\"presidentlogin\"}}]}<\/script>\n<!-- \/ Yoast SEO plugin. -->","yoast_head_json":{"title":"Predsednicu Osmani je uz visoke dr\u017eavne i vojne po\u010dasti do\u010dekao predsednik Republike Severne Makedonije Stevo Pendarovski - Predsednik Republike Kosovo - DR. VJOSA OSMANI - SADRIU","description":"Predsednicu Osmani je uz visoke dr\u017eavne i vojne po\u010dasti do\u010dekao predsednik Republike Severne Makedonije Stevo Pendarovski - Predsednik Republike Kosovo - DR. VJOSA OSMANI - SADRIU -","robots":{"index":"index","follow":"follow","max-snippet":"max-snippet:-1","max-image-preview":"max-image-preview:large","max-video-preview":"max-video-preview:-1"},"canonical":"https:\/\/president-ksgov.net\/sr\/predsednicu-osmani-je-uz-visoke-drzavne-i-vojne-pocasti-docekao-predsednik-republike-severne-makedonije-stevo-pendarovski\/","og_locale":"sr_RS","og_type":"article","og_title":"Predsednicu Osmani je uz visoke dr\u017eavne i vojne po\u010dasti do\u010dekao predsednik Republike Severne Makedonije Stevo Pendarovski - Predsednik Republike Kosovo - DR. VJOSA OSMANI - SADRIU","og_description":"Predsednicu Osmani je uz visoke dr\u017eavne i vojne po\u010dasti do\u010dekao predsednik Republike Severne Makedonije Stevo Pendarovski - Predsednik Republike Kosovo - DR. VJOSA OSMANI - SADRIU -","og_url":"https:\/\/president-ksgov.net\/sr\/predsednicu-osmani-je-uz-visoke-drzavne-i-vojne-pocasti-docekao-predsednik-republike-severne-makedonije-stevo-pendarovski\/","og_site_name":"Predsednik Republike Kosovo - DR. VJOSA OSMANI - SADRIU","article_published_time":"2023-04-26T11:40:08+00:00","article_modified_time":"2026-01-28T08:17:14+00:00","og_image":[{"width":1024,"height":684,"url":"https:\/\/president-ksgov.net\/wp-content\/uploads\/1-presidentja-u-prit-me-nderime-te-larta-1024x684.jpg","type":"image\/jpeg"}],"author":"presidentlogin","twitter_card":"summary_large_image","twitter_misc":{"\u041d\u0430\u043f\u0438\u0441\u0430\u043d\u043e \u043e\u0434":"presidentlogin","\u041f\u0440\u043e\u0446\u0435\u045a\u0435\u043d\u043e \u0432\u0440\u0435\u043c\u0435 \u0447\u0438\u0442\u0430\u045a\u0430":"2 \u043c\u0438\u043d\u0443\u0442\u0430"},"schema":{"@context":"https:\/\/schema.org","@graph":[{"@type":"WebPage","@id":"https:\/\/president-ksgov.net\/sr\/predsednicu-osmani-je-uz-visoke-drzavne-i-vojne-pocasti-docekao-predsednik-republike-severne-makedonije-stevo-pendarovski\/","url":"https:\/\/president-ksgov.net\/sr\/predsednicu-osmani-je-uz-visoke-drzavne-i-vojne-pocasti-docekao-predsednik-republike-severne-makedonije-stevo-pendarovski\/","name":"Predsednicu Osmani je uz visoke dr\u017eavne i vojne po\u010dasti do\u010dekao predsednik Republike Severne Makedonije Stevo Pendarovski - Predsednik Republike Kosovo - DR. VJOSA OSMANI - SADRIU","isPartOf":{"@id":"https:\/\/president-ksgov.net\/#website"},"primaryImageOfPage":{"@id":"https:\/\/president-ksgov.net\/sr\/predsednicu-osmani-je-uz-visoke-drzavne-i-vojne-pocasti-docekao-predsednik-republike-severne-makedonije-stevo-pendarovski\/#primaryimage"},"image":{"@id":"https:\/\/president-ksgov.net\/sr\/predsednicu-osmani-je-uz-visoke-drzavne-i-vojne-pocasti-docekao-predsednik-republike-severne-makedonije-stevo-pendarovski\/#primaryimage"},"thumbnailUrl":"https:\/\/president-ksgov.net\/wp-content\/uploads\/1-presidentja-u-prit-me-nderime-te-larta.jpg","datePublished":"2023-04-26T11:40:08+00:00","dateModified":"2026-01-28T08:17:14+00:00","author":{"@id":"https:\/\/president-ksgov.net\/#\/schema\/person\/1a2c014cffc81ec60d5a452a36d08d92"},"description":"Predsednicu Osmani je uz visoke dr\u017eavne i vojne po\u010dasti do\u010dekao predsednik Republike Severne Makedonije Stevo Pendarovski - Predsednik Republike Kosovo - DR. VJOSA OSMANI - SADRIU -","breadcrumb":{"@id":"https:\/\/president-ksgov.net\/sr\/predsednicu-osmani-je-uz-visoke-drzavne-i-vojne-pocasti-docekao-predsednik-republike-severne-makedonije-stevo-pendarovski\/#breadcrumb"},"inLanguage":"sr-RS","potentialAction":[{"@type":"ReadAction","target":["https:\/\/president-ksgov.net\/sr\/predsednicu-osmani-je-uz-visoke-drzavne-i-vojne-pocasti-docekao-predsednik-republike-severne-makedonije-stevo-pendarovski\/"]}]},{"@type":"ImageObject","inLanguage":"sr-RS","@id":"https:\/\/president-ksgov.net\/sr\/predsednicu-osmani-je-uz-visoke-drzavne-i-vojne-pocasti-docekao-predsednik-republike-severne-makedonije-stevo-pendarovski\/#primaryimage","url":"https:\/\/president-ksgov.net\/wp-content\/uploads\/1-presidentja-u-prit-me-nderime-te-larta.jpg","contentUrl":"https:\/\/president-ksgov.net\/wp-content\/uploads\/1-presidentja-u-prit-me-nderime-te-larta.jpg","width":2136,"height":1426},{"@type":"BreadcrumbList","@id":"https:\/\/president-ksgov.net\/sr\/predsednicu-osmani-je-uz-visoke-drzavne-i-vojne-pocasti-docekao-predsednik-republike-severne-makedonije-stevo-pendarovski\/#breadcrumb","itemListElement":[{"@type":"ListItem","position":1,"name":"Home","item":"https:\/\/president-ksgov.net\/sr\/"},{"@type":"ListItem","position":2,"name":"Predsednicu Osmani je uz visoke dr\u017eavne i vojne po\u010dasti do\u010dekao predsednik Republike Severne Makedonije Stevo Pendarovski"}]},{"@type":"WebSite","@id":"https:\/\/president-ksgov.net\/#website","url":"https:\/\/president-ksgov.net\/","name":"Presidente e Republik\u00ebs s\u00eb Kosov\u00ebs","description":"Presidente e Republik\u00ebs s\u00eb Kosov\u00ebs","alternateName":"DR. VJOSA OSMANI - SADRIU","potentialAction":[{"@type":"SearchAction","target":{"@type":"EntryPoint","urlTemplate":"https:\/\/president-ksgov.net\/?s={search_term_string}"},"query-input":{"@type":"PropertyValueSpecification","valueRequired":true,"valueName":"search_term_string"}}],"inLanguage":"sr-RS"},{"@type":"Person","@id":"https:\/\/president-ksgov.net\/#\/schema\/person\/1a2c014cffc81ec60d5a452a36d08d92","name":"presidentlogin","image":{"@type":"ImageObject","inLanguage":"sr-RS","@id":"https:\/\/president-ksgov.net\/#\/schema\/person\/image\/","url":"https:\/\/secure.gravatar.com\/avatar\/339f00ab0a8a0d5ce1ecff10aa2b4a1f51f58bbd5a57793f8cd6ad624080d807?s=96&d=mm&r=g","contentUrl":"https:\/\/secure.gravatar.com\/avatar\/339f00ab0a8a0d5ce1ecff10aa2b4a1f51f58bbd5a57793f8cd6ad624080d807?s=96&d=mm&r=g","caption":"presidentlogin"}}]}},"_links":{"self":[{"href":"https:\/\/president-ksgov.net\/sr\/wp-json\/wp\/v2\/posts\/89423","targetHints":{"allow":["GET"]}}],"collection":[{"href":"https:\/\/president-ksgov.net\/sr\/wp-json\/wp\/v2\/posts"}],"about":[{"href":"https:\/\/president-ksgov.net\/sr\/wp-json\/wp\/v2\/types\/post"}],"author":[{"embeddable":true,"href":"https:\/\/president-ksgov.net\/sr\/wp-json\/wp\/v2\/users\/11"}],"replies":[{"embeddable":true,"href":"https:\/\/president-ksgov.net\/sr\/wp-json\/wp\/v2\/comments?post=89423"}],"version-history":[{"count":2,"href":"https:\/\/president-ksgov.net\/sr\/wp-json\/wp\/v2\/posts\/89423\/revisions"}],"predecessor-version":[{"id":180915,"href":"https:\/\/president-ksgov.net\/sr\/wp-json\/wp\/v2\/posts\/89423\/revisions\/180915"}],"wp:featuredmedia":[{"embeddable":true,"href":"https:\/\/president-ksgov.net\/sr\/wp-json\/wp\/v2\/media\/89419"}],"wp:attachment":[{"href":"https:\/\/president-ksgov.net\/sr\/wp-json\/wp\/v2\/media?parent=89423"}],"wp:term":[{"taxonomy":"category","embeddable":true,"href":"https:\/\/president-ksgov.net\/sr\/wp-json\/wp\/v2\/categories?post=89423"},{"taxonomy":"post_tag","embeddable":true,"href":"https:\/\/president-ksgov.net\/sr\/wp-json\/wp\/v2\/tags?post=89423"}],"curies":[{"name":"wp","href":"https:\/\/api.w.org\/{rel}","templated":true}]}}