{"id":85401,"date":"2023-03-05T20:02:39","date_gmt":"2023-03-05T19:02:39","guid":{"rendered":"https:\/\/dev.president-ksgov.net\/?p=85401"},"modified":"2026-02-20T09:41:54","modified_gmt":"2026-02-20T08:41:54","slug":"govor-predsednice-osmani-na-ceremoniji-postrojavanja-kvadranta-bsk-a-povodom-obelezavanja-epopeje-ovk","status":"publish","type":"post","link":"https:\/\/president-ksgov.net\/sr\/govor-predsednice-osmani-na-ceremoniji-postrojavanja-kvadranta-bsk-a-povodom-obelezavanja-epopeje-ovk\/","title":{"rendered":"Govor predsednice Osmani na ceremoniji postrojavanja Kvadranta BSK-a, povodom obele\u017eavanja Epopeje OVK"},"content":{"rendered":"<p>Po\u0161tovani \u010dika Rifate,<br \/>\nVeoma po\u0161tovani \u010dlanoci legendarne porodice Jashari,<br \/>\nPo\u0161tovani predsedni\u010de Skup\u0161tine g. Konjufca,<br \/>\nPo\u0161tovani predsedni\u010de Vlade Republike, g. Kurti,<br \/>\nPo\u0161tovani ministre Mehaj,<br \/>\nPo\u0161tovani komandante Snaga bezbednosti, general-pukovni\u010de Jashari,<br \/>\nPo\u0161tovani ambasadori, predstavnici diplomatskih misija u na\u0161oj zemlji,<br \/>\nPo\u0161tovane porodice palih boraca,<br \/>\nDragi veterani OVK,<br \/>\nOficiri, podoficiri i vojnici BSK-a,<br \/>\nDragi u\u010desnici!<\/p>\n<p>Danas smo se okupili kako bismo obele\u017eili 25. godi\u0161njicu doga\u0111aja koji je promenio tok istorije, doga\u0111aja koji je pokazao svetu \u0161ta mo\u017ee da postigne narod koji voli i zaslu\u017euje slobodu. Pogotovo kada su na njenom \u010delu pobo\u017ene i hrabre patriote poput legendarnog komandanta Adema Jasharija i njegove porodice, ali i devojke i momci OVK, \u010dijom je hrabro\u0161\u0107u, odlu\u010dno\u0161\u0107u i posve\u0107eno\u0161\u0107u, na\u0161 vekovni san o oslobo\u0111enju i dr\u017eavi postao stvarnost<\/p>\n<p>Vratili su nam dostojanstvo, odbranili su prag ku\u0107e, odbranili su \u010dast i vekovna ognji\u0161ta, juna\u010dki pav\u0161i i postav\u0161i trajni plamen Republike.<\/p>\n<p>Epopeja OVK nije samo pri\u010da o ratu i borbi, ve\u0107 pri\u010da o izdr\u017eljivosti, istrajnosti i nadi.<\/p>\n<p>To je pri\u010da o \u017ertvi, ali i pri\u010da o trijumfu nad zlo\u010dinima koje je izazvao genocidni re\u017eim Srbije.<\/p>\n<p>Ovi mu\u0161karci i \u017eene su odgovorili na poklik za slobodu, pa su se hrabro\u0161\u0107u, smelo\u0161\u0107u i nepokolebljivom nesebi\u010dno\u0161\u0107u borili da za\u0161tite na\u0161 dom, Kosovo, i da svima nama obezbede bolju budu\u0107nost.<\/p>\n<p>Nisu bili samo vojnici, oni su bili i ostali heroji!<\/p>\n<p>Ova sloboda i ova dr\u017eava nose pe\u010dat legendarnog komandanta Adema Jasharija, njegove porodice i 3 hiljade palih boraca OVK i hiljada boraca koje i danas imamo me\u0111u nama.<\/p>\n<p>Oni su oli\u010denje hrabrosti i \u010dasti!<\/p>\n<p>Zato se u danima Epopeje se\u0107amo ne samo onih koji su dali svoje \u017eivote za na\u0161u slobodu, ve\u0107 i hrabrosti i smelosti svih na\u0161ih vojnika koji su se borili ne \u0161tede\u0107i ni\u0161ta za za\u0161titu na\u0161eg naroda i zemlje.<\/p>\n<p>Republika Kosovo je nezavisna dr\u017eava i tako \u0107e biti zauvek. Kosovo je njihov amanet, sada\u0161njost i budu\u0107nost generacija.<\/p>\n<p>Narod Kosova se ujedinio, borio se i zajedno smo iza\u0161li kao pobednici!<\/p>\n<p>Danas \u017eivimo u vremenu globalne neizvesnosti, ali snagu \u0107emo crpeti od na\u0161ih heroja, od njihovog amaneta, ali i od potomaka na\u0161e oslobodila\u010dke vojske, k\u0107eri i sinova na\u0161e vojske danas postrojenih u \u010dast heroja , i koji svuda adekvatno predstavljaju Republiku.<\/p>\n<p>Vi ste na\u0161a garancija, vi ste na\u0161 ponos!<\/p>\n<p>Po\u0161tovani prisutni,<br \/>\nDara porodico Jashari,<\/p>\n<p>Ve\u010dno odaju\u0107i po\u010dast legendarnim Jasharijevima, istorijskom Prekazu i svima koji su pali pod uzvi\u0161enom zastavom OVK, dobijamo inspiraciju i neiscrpnu energiju da mar\u0161iramo napred na nezaustavljivom i nesalomivom putu ka ostvarenju svog svetog ideala \u2013 o\u010duvanja i za\u0161tite teritorijalnog integriteta i dr\u017eavnog suvereniteta na\u0161e nezavisne zemlje.<\/p>\n<p>Ponosna sam na svakog na\u0161eg vojnika, jer svi zajedno, vo\u0111eni se\u0107anjem i po\u0161tovanjem na\u0161e slavne istorije, zajedno sa na\u0161im me\u0111unarodnim saveznicima, gradimo, razvijamo i ja\u010damo svoje kapacitete, da bismo bili u potpunosti efikasni i dali doprinos odbrani vrednosti koje nas spajaju: mir, sloboda i demokratija u zemlji i svuda u svetu.<\/p>\n<p>Uz savezni\u010dke snage, bili smo i bi\u0107emo u humanitarnim misijama, misijama mira i stabilnosti, za blisku budu\u0107nost na\u0161e Republike i pod zastavom NATO-a.<\/p>\n<p>Po\u0161tovani u\u010desnici,<\/p>\n<p>Epopeja nas podse\u0107a da je sve mogu\u0107e ako verujemo u sebe i svoju stvar, u svoju mo\u0107 i svi radimo zajedno, bez podela ka zajedni\u010dkom cilju.<\/p>\n<p>Iz tog razloga moramo nastaviti da po\u0161tujemo se\u0107anje na sve one pre nas, da inspiri\u0161emo budu\u0107e generacije i da idemo njihovim stopama.<\/p>\n<p>5., 6. i 7. marta 1998. godine, Shaban Jashari, Adem, Hamza i svaki \u010dlan porodice, \u017eene, mu\u0161karci i deca pokazali su herojstvo, stoicizam i posve\u0107enost, pa njima i svakom borcu Oslobodila\u010dke vojske Kosova dugujemo ve\u010dnu zahvalnost !<\/p>\n<p>Oda\u0107emo im po\u010dast \u010duvanjem i negovanjem vrednosti za koje su se borili i pali.<\/p>\n<p>Po\u0161tova\u0107emo uspomeni na njih rade\u0107i svi zajedno, bliski jedni drugima i bore\u0107i se za vrednosti koje su nam drage, kao \u0161to su na\u0161a sloboda i nezavisnost.<\/p>\n<p>Svim palim herojima ve\u010dna zahvalnost!<\/p>\n<p>Hvala vam na slu\u017ebi, hrabrosti i po\u017ertvovanju, svim na\u0161im borcima!<\/p>\n<p>Se\u0107anje na heroje i po\u0161tovanje boraca zauvek \u0107e biti u srcima i umovima svih gra\u0111ana Kosova, cene\u0107i i \u010duvaju\u0107i na\u0161u slobodu i na\u0161u Republiku!<\/p>\n<p>Bog blagoslovio porodicu Jashari!<\/p>\n<p>Bog blagoslovio sve na\u0161e pale borce!<\/p>\n<p>Bog blagoslovio na\u0161e gra\u0111ane i Republiku Kosovo!<\/p>\n<p>Hvala vam!<\/p>\n<p><iframe style=\"border: none; overflow: hidden;\" src=\"https:\/\/www.facebook.com\/plugins\/video.php?height=220&amp;href=https%3A%2F%2Fwww.facebook.com%2FVjosaOsmaniMP%2Fvideos%2F601938721357609%2F&amp;show_text=false&amp;width=476&amp;t=0\" width=\"476\" height=\"476\" frameborder=\"0\" scrolling=\"no\" allowfullscreen=\"allowfullscreen\"><\/iframe><\/p>\n","protected":false},"excerpt":{"rendered":"<p>Po\u0161tovani \u010dika Rifate, Veoma po\u0161tovani \u010dlanoci legendarne porodice Jashari, Po\u0161tovani predsedni\u010de Skup\u0161tine g. Konjufca, Po\u0161tovani predsedni\u010de Vlade Republike, g. Kurti, Po\u0161tovani ministre Mehaj, Po\u0161tovani komandante Snaga bezbednosti, general-pukovni\u010de Jashari, Po\u0161tovani ambasadori, predstavnici diplomatskih misija u na\u0161oj zemlji, Po\u0161tovane porodice palih boraca, Dragi veterani OVK, Oficiri, podoficiri i vojnici BSK-a, Dragi u\u010desnici! Danas smo se okupili kako bismo obele\u017eili 25. godi\u0161njicu doga\u0111aja koji je promenio tok istorije, doga\u0111aja koji je pokazao svetu \u0161ta mo\u017ee da postigne narod koji voli i zaslu\u017euje slobodu. Pogotovo kada su na njenom \u010delu pobo\u017ene i hrabre patriote poput legendarnog komandanta Adema Jasharija i njegove porodice, ali i devojke i momci OVK, \u010dijom je hrabro\u0161\u0107u, odlu\u010dno\u0161\u0107u i posve\u0107eno\u0161\u0107u, na\u0161 vekovni san o oslobo\u0111enju i dr\u017eavi postao stvarnost Vratili su nam dostojanstvo, odbranili su prag ku\u0107e, odbranili su \u010dast i vekovna ognji\u0161ta, juna\u010dki pav\u0161i i postav\u0161i trajni plamen Republike. Epopeja OVK nije samo pri\u010da o ratu i borbi, ve\u0107 pri\u010da o izdr\u017eljivosti, istrajnosti i nadi. To je pri\u010da o \u017ertvi, ali i pri\u010da o trijumfu nad zlo\u010dinima koje je izazvao genocidni re\u017eim Srbije. Ovi mu\u0161karci i \u017eene su odgovorili na poklik za slobodu, pa su se hrabro\u0161\u0107u, smelo\u0161\u0107u i nepokolebljivom nesebi\u010dno\u0161\u0107u borili da za\u0161tite na\u0161 dom, Kosovo, i da svima nama obezbede bolju budu\u0107nost. Nisu bili samo vojnici, oni su bili i ostali heroji! Ova sloboda i ova dr\u017eava nose pe\u010dat legendarnog komandanta Adema Jasharija, njegove porodice i 3 hiljade palih boraca OVK i hiljada boraca koje i danas imamo me\u0111u nama. Oni su oli\u010denje hrabrosti i \u010dasti! Zato se u danima Epopeje se\u0107amo ne samo onih koji su dali svoje \u017eivote za na\u0161u slobodu, ve\u0107 i hrabrosti i smelosti svih na\u0161ih vojnika koji su se borili ne \u0161tede\u0107i ni\u0161ta za za\u0161titu na\u0161eg naroda i zemlje. Republika Kosovo je nezavisna dr\u017eava i tako \u0107e biti zauvek. Kosovo je njihov amanet, sada\u0161njost i budu\u0107nost generacija. Narod Kosova se ujedinio, borio se i zajedno smo iza\u0161li kao pobednici! Danas \u017eivimo u vremenu globalne neizvesnosti, ali snagu \u0107emo crpeti od na\u0161ih heroja, od njihovog amaneta, ali i od potomaka na\u0161e oslobodila\u010dke vojske, k\u0107eri i sinova na\u0161e vojske danas postrojenih u \u010dast heroja , i koji svuda adekvatno predstavljaju Republiku. Vi ste na\u0161a garancija, vi ste na\u0161 ponos! Po\u0161tovani prisutni, Dara porodico Jashari, Ve\u010dno odaju\u0107i po\u010dast legendarnim Jasharijevima, istorijskom Prekazu i svima koji su pali pod uzvi\u0161enom zastavom OVK, dobijamo inspiraciju i neiscrpnu energiju da mar\u0161iramo napred na nezaustavljivom i nesalomivom putu ka ostvarenju svog svetog ideala \u2013 o\u010duvanja i za\u0161tite teritorijalnog integriteta i dr\u017eavnog suvereniteta na\u0161e nezavisne zemlje. Ponosna sam na svakog na\u0161eg vojnika, jer svi zajedno, vo\u0111eni se\u0107anjem i po\u0161tovanjem na\u0161e slavne istorije, zajedno sa na\u0161im me\u0111unarodnim saveznicima, gradimo, razvijamo i ja\u010damo svoje kapacitete, da bismo bili u potpunosti efikasni i dali doprinos odbrani vrednosti koje nas spajaju: mir, sloboda i demokratija u zemlji i svuda u svetu. Uz savezni\u010dke snage, bili smo i bi\u0107emo u humanitarnim misijama, misijama mira i stabilnosti, za blisku budu\u0107nost na\u0161e Republike i pod zastavom NATO-a. Po\u0161tovani u\u010desnici, Epopeja nas podse\u0107a da je sve mogu\u0107e ako verujemo u sebe i svoju stvar, u svoju mo\u0107 i svi radimo zajedno, bez podela ka zajedni\u010dkom cilju. Iz tog razloga moramo nastaviti da po\u0161tujemo se\u0107anje na sve one pre nas, da inspiri\u0161emo budu\u0107e generacije i da idemo njihovim stopama. 5., 6. i 7. marta 1998. godine, Shaban Jashari, Adem, Hamza i svaki \u010dlan porodice, \u017eene, mu\u0161karci i deca pokazali su herojstvo, stoicizam i posve\u0107enost, pa njima i svakom borcu Oslobodila\u010dke vojske Kosova dugujemo ve\u010dnu zahvalnost ! Oda\u0107emo im po\u010dast \u010duvanjem i negovanjem vrednosti za koje su se borili i pali. Po\u0161tova\u0107emo uspomeni na njih rade\u0107i svi zajedno, bliski jedni drugima i bore\u0107i se za vrednosti koje su nam drage, kao \u0161to su na\u0161a sloboda i nezavisnost. Svim palim herojima ve\u010dna zahvalnost! Hvala vam na slu\u017ebi, hrabrosti i po\u017ertvovanju, svim na\u0161im borcima! Se\u0107anje na heroje i po\u0161tovanje boraca zauvek \u0107e biti u srcima i umovima svih gra\u0111ana Kosova, cene\u0107i i \u010duvaju\u0107i na\u0161u slobodu i na\u0161u Republiku! Bog blagoslovio porodicu Jashari! Bog blagoslovio sve na\u0161e pale borce! Bog blagoslovio na\u0161e gra\u0111ane i Republiku Kosovo! Hvala vam!<\/p>\n","protected":false},"author":11,"featured_media":82030,"comment_status":"closed","ping_status":"closed","sticky":false,"template":"","format":"standard","meta":{"_eb_attr":"","footnotes":""},"categories":[106,101],"tags":[],"class_list":["post-85401","post","type-post","status-publish","format-standard","has-post-thumbnail","hentry","category-govori","category-vesti"],"yoast_head":"<!-- This site is optimized with the Yoast SEO plugin v23.5 - https:\/\/yoast.com\/wordpress\/plugins\/seo\/ -->\n<title>Govor predsednice Osmani na ceremoniji postrojavanja Kvadranta BSK-a, povodom obele\u017eavanja Epopeje OVK - Predsednik Republike Kosovo - DR. VJOSA OSMANI - SADRIU<\/title>\n<meta name=\"description\" content=\"Govor predsednice Osmani na ceremoniji postrojavanja Kvadranta BSK-a, povodom obele\u017eavanja Epopeje OVK - Predsednik Republike Kosovo - DR. VJOSA OSMANI - SADRIU -\" \/>\n<meta name=\"robots\" content=\"index, follow, max-snippet:-1, max-image-preview:large, max-video-preview:-1\" \/>\n<link rel=\"canonical\" href=\"https:\/\/president-ksgov.net\/sr\/govor-predsednice-osmani-na-ceremoniji-postrojavanja-kvadranta-bsk-a-povodom-obelezavanja-epopeje-ovk\/\" \/>\n<meta property=\"og:locale\" content=\"sr_RS\" \/>\n<meta property=\"og:type\" content=\"article\" \/>\n<meta property=\"og:title\" content=\"Govor predsednice Osmani na ceremoniji postrojavanja Kvadranta BSK-a, povodom obele\u017eavanja Epopeje OVK - Predsednik Republike Kosovo - DR. VJOSA OSMANI - SADRIU\" \/>\n<meta property=\"og:description\" content=\"Govor predsednice Osmani na ceremoniji postrojavanja Kvadranta BSK-a, povodom obele\u017eavanja Epopeje OVK - Predsednik Republike Kosovo - DR. VJOSA OSMANI - SADRIU -\" \/>\n<meta property=\"og:url\" content=\"https:\/\/president-ksgov.net\/sr\/govor-predsednice-osmani-na-ceremoniji-postrojavanja-kvadranta-bsk-a-povodom-obelezavanja-epopeje-ovk\/\" \/>\n<meta property=\"og:site_name\" content=\"Predsednik Republike Kosovo - DR. VJOSA OSMANI - SADRIU\" \/>\n<meta property=\"article:published_time\" content=\"2023-03-05T19:02:39+00:00\" \/>\n<meta property=\"article:modified_time\" content=\"2026-02-20T08:41:54+00:00\" \/>\n<meta property=\"og:image\" content=\"https:\/\/president-ksgov.net\/wp-content\/uploads\/epopeja-1.jpg\" \/>\n\t<meta property=\"og:image:width\" content=\"2000\" \/>\n\t<meta property=\"og:image:height\" content=\"1333\" \/>\n\t<meta property=\"og:image:type\" content=\"image\/jpeg\" \/>\n<meta name=\"author\" content=\"presidentlogin\" \/>\n<meta name=\"twitter:card\" content=\"summary_large_image\" \/>\n<meta name=\"twitter:label1\" content=\"\u041d\u0430\u043f\u0438\u0441\u0430\u043d\u043e \u043e\u0434\" \/>\n\t<meta name=\"twitter:data1\" content=\"presidentlogin\" \/>\n\t<meta name=\"twitter:label2\" content=\"\u041f\u0440\u043e\u0446\u0435\u045a\u0435\u043d\u043e \u0432\u0440\u0435\u043c\u0435 \u0447\u0438\u0442\u0430\u045a\u0430\" \/>\n\t<meta name=\"twitter:data2\" content=\"4 \u043c\u0438\u043d\u0443\u0442\u0430\" \/>\n<script type=\"application\/ld+json\" class=\"yoast-schema-graph\">{\"@context\":\"https:\/\/schema.org\",\"@graph\":[{\"@type\":\"WebPage\",\"@id\":\"https:\/\/president-ksgov.net\/sr\/govor-predsednice-osmani-na-ceremoniji-postrojavanja-kvadranta-bsk-a-povodom-obelezavanja-epopeje-ovk\/\",\"url\":\"https:\/\/president-ksgov.net\/sr\/govor-predsednice-osmani-na-ceremoniji-postrojavanja-kvadranta-bsk-a-povodom-obelezavanja-epopeje-ovk\/\",\"name\":\"Govor predsednice Osmani na ceremoniji postrojavanja Kvadranta BSK-a, povodom obele\u017eavanja Epopeje OVK - Predsednik Republike Kosovo - DR. VJOSA OSMANI - SADRIU\",\"isPartOf\":{\"@id\":\"https:\/\/president-ksgov.net\/#website\"},\"primaryImageOfPage\":{\"@id\":\"https:\/\/president-ksgov.net\/sr\/govor-predsednice-osmani-na-ceremoniji-postrojavanja-kvadranta-bsk-a-povodom-obelezavanja-epopeje-ovk\/#primaryimage\"},\"image\":{\"@id\":\"https:\/\/president-ksgov.net\/sr\/govor-predsednice-osmani-na-ceremoniji-postrojavanja-kvadranta-bsk-a-povodom-obelezavanja-epopeje-ovk\/#primaryimage\"},\"thumbnailUrl\":\"https:\/\/president-ksgov.net\/wp-content\/uploads\/epopeja-1.jpg\",\"datePublished\":\"2023-03-05T19:02:39+00:00\",\"dateModified\":\"2026-02-20T08:41:54+00:00\",\"author\":{\"@id\":\"https:\/\/president-ksgov.net\/#\/schema\/person\/1a2c014cffc81ec60d5a452a36d08d92\"},\"description\":\"Govor predsednice Osmani na ceremoniji postrojavanja Kvadranta BSK-a, povodom obele\u017eavanja Epopeje OVK - Predsednik Republike Kosovo - DR. VJOSA OSMANI - SADRIU -\",\"breadcrumb\":{\"@id\":\"https:\/\/president-ksgov.net\/sr\/govor-predsednice-osmani-na-ceremoniji-postrojavanja-kvadranta-bsk-a-povodom-obelezavanja-epopeje-ovk\/#breadcrumb\"},\"inLanguage\":\"sr-RS\",\"potentialAction\":[{\"@type\":\"ReadAction\",\"target\":[\"https:\/\/president-ksgov.net\/sr\/govor-predsednice-osmani-na-ceremoniji-postrojavanja-kvadranta-bsk-a-povodom-obelezavanja-epopeje-ovk\/\"]}]},{\"@type\":\"ImageObject\",\"inLanguage\":\"sr-RS\",\"@id\":\"https:\/\/president-ksgov.net\/sr\/govor-predsednice-osmani-na-ceremoniji-postrojavanja-kvadranta-bsk-a-povodom-obelezavanja-epopeje-ovk\/#primaryimage\",\"url\":\"https:\/\/president-ksgov.net\/wp-content\/uploads\/epopeja-1.jpg\",\"contentUrl\":\"https:\/\/president-ksgov.net\/wp-content\/uploads\/epopeja-1.jpg\",\"width\":2000,\"height\":1333},{\"@type\":\"BreadcrumbList\",\"@id\":\"https:\/\/president-ksgov.net\/sr\/govor-predsednice-osmani-na-ceremoniji-postrojavanja-kvadranta-bsk-a-povodom-obelezavanja-epopeje-ovk\/#breadcrumb\",\"itemListElement\":[{\"@type\":\"ListItem\",\"position\":1,\"name\":\"Home\",\"item\":\"https:\/\/president-ksgov.net\/sr\/\"},{\"@type\":\"ListItem\",\"position\":2,\"name\":\"Govor predsednice Osmani na ceremoniji postrojavanja Kvadranta BSK-a, povodom obele\u017eavanja Epopeje OVK\"}]},{\"@type\":\"WebSite\",\"@id\":\"https:\/\/president-ksgov.net\/#website\",\"url\":\"https:\/\/president-ksgov.net\/\",\"name\":\"Presidente e Republik\u00ebs s\u00eb Kosov\u00ebs\",\"description\":\"Presidente e Republik\u00ebs s\u00eb Kosov\u00ebs\",\"alternateName\":\"DR. VJOSA OSMANI - SADRIU\",\"potentialAction\":[{\"@type\":\"SearchAction\",\"target\":{\"@type\":\"EntryPoint\",\"urlTemplate\":\"https:\/\/president-ksgov.net\/?s={search_term_string}\"},\"query-input\":{\"@type\":\"PropertyValueSpecification\",\"valueRequired\":true,\"valueName\":\"search_term_string\"}}],\"inLanguage\":\"sr-RS\"},{\"@type\":\"Person\",\"@id\":\"https:\/\/president-ksgov.net\/#\/schema\/person\/1a2c014cffc81ec60d5a452a36d08d92\",\"name\":\"presidentlogin\",\"image\":{\"@type\":\"ImageObject\",\"inLanguage\":\"sr-RS\",\"@id\":\"https:\/\/president-ksgov.net\/#\/schema\/person\/image\/\",\"url\":\"https:\/\/secure.gravatar.com\/avatar\/339f00ab0a8a0d5ce1ecff10aa2b4a1f51f58bbd5a57793f8cd6ad624080d807?s=96&d=mm&r=g\",\"contentUrl\":\"https:\/\/secure.gravatar.com\/avatar\/339f00ab0a8a0d5ce1ecff10aa2b4a1f51f58bbd5a57793f8cd6ad624080d807?s=96&d=mm&r=g\",\"caption\":\"presidentlogin\"}}]}<\/script>\n<!-- \/ Yoast SEO plugin. -->","yoast_head_json":{"title":"Govor predsednice Osmani na ceremoniji postrojavanja Kvadranta BSK-a, povodom obele\u017eavanja Epopeje OVK - Predsednik Republike Kosovo - DR. VJOSA OSMANI - SADRIU","description":"Govor predsednice Osmani na ceremoniji postrojavanja Kvadranta BSK-a, povodom obele\u017eavanja Epopeje OVK - Predsednik Republike Kosovo - DR. VJOSA OSMANI - SADRIU -","robots":{"index":"index","follow":"follow","max-snippet":"max-snippet:-1","max-image-preview":"max-image-preview:large","max-video-preview":"max-video-preview:-1"},"canonical":"https:\/\/president-ksgov.net\/sr\/govor-predsednice-osmani-na-ceremoniji-postrojavanja-kvadranta-bsk-a-povodom-obelezavanja-epopeje-ovk\/","og_locale":"sr_RS","og_type":"article","og_title":"Govor predsednice Osmani na ceremoniji postrojavanja Kvadranta BSK-a, povodom obele\u017eavanja Epopeje OVK - Predsednik Republike Kosovo - DR. VJOSA OSMANI - SADRIU","og_description":"Govor predsednice Osmani na ceremoniji postrojavanja Kvadranta BSK-a, povodom obele\u017eavanja Epopeje OVK - Predsednik Republike Kosovo - DR. VJOSA OSMANI - SADRIU -","og_url":"https:\/\/president-ksgov.net\/sr\/govor-predsednice-osmani-na-ceremoniji-postrojavanja-kvadranta-bsk-a-povodom-obelezavanja-epopeje-ovk\/","og_site_name":"Predsednik Republike Kosovo - DR. VJOSA OSMANI - SADRIU","article_published_time":"2023-03-05T19:02:39+00:00","article_modified_time":"2026-02-20T08:41:54+00:00","og_image":[{"width":2000,"height":1333,"url":"https:\/\/president-ksgov.net\/wp-content\/uploads\/epopeja-1.jpg","type":"image\/jpeg"}],"author":"presidentlogin","twitter_card":"summary_large_image","twitter_misc":{"\u041d\u0430\u043f\u0438\u0441\u0430\u043d\u043e \u043e\u0434":"presidentlogin","\u041f\u0440\u043e\u0446\u0435\u045a\u0435\u043d\u043e \u0432\u0440\u0435\u043c\u0435 \u0447\u0438\u0442\u0430\u045a\u0430":"4 \u043c\u0438\u043d\u0443\u0442\u0430"},"schema":{"@context":"https:\/\/schema.org","@graph":[{"@type":"WebPage","@id":"https:\/\/president-ksgov.net\/sr\/govor-predsednice-osmani-na-ceremoniji-postrojavanja-kvadranta-bsk-a-povodom-obelezavanja-epopeje-ovk\/","url":"https:\/\/president-ksgov.net\/sr\/govor-predsednice-osmani-na-ceremoniji-postrojavanja-kvadranta-bsk-a-povodom-obelezavanja-epopeje-ovk\/","name":"Govor predsednice Osmani na ceremoniji postrojavanja Kvadranta BSK-a, povodom obele\u017eavanja Epopeje OVK - Predsednik Republike Kosovo - DR. VJOSA OSMANI - SADRIU","isPartOf":{"@id":"https:\/\/president-ksgov.net\/#website"},"primaryImageOfPage":{"@id":"https:\/\/president-ksgov.net\/sr\/govor-predsednice-osmani-na-ceremoniji-postrojavanja-kvadranta-bsk-a-povodom-obelezavanja-epopeje-ovk\/#primaryimage"},"image":{"@id":"https:\/\/president-ksgov.net\/sr\/govor-predsednice-osmani-na-ceremoniji-postrojavanja-kvadranta-bsk-a-povodom-obelezavanja-epopeje-ovk\/#primaryimage"},"thumbnailUrl":"https:\/\/president-ksgov.net\/wp-content\/uploads\/epopeja-1.jpg","datePublished":"2023-03-05T19:02:39+00:00","dateModified":"2026-02-20T08:41:54+00:00","author":{"@id":"https:\/\/president-ksgov.net\/#\/schema\/person\/1a2c014cffc81ec60d5a452a36d08d92"},"description":"Govor predsednice Osmani na ceremoniji postrojavanja Kvadranta BSK-a, povodom obele\u017eavanja Epopeje OVK - Predsednik Republike Kosovo - DR. VJOSA OSMANI - SADRIU -","breadcrumb":{"@id":"https:\/\/president-ksgov.net\/sr\/govor-predsednice-osmani-na-ceremoniji-postrojavanja-kvadranta-bsk-a-povodom-obelezavanja-epopeje-ovk\/#breadcrumb"},"inLanguage":"sr-RS","potentialAction":[{"@type":"ReadAction","target":["https:\/\/president-ksgov.net\/sr\/govor-predsednice-osmani-na-ceremoniji-postrojavanja-kvadranta-bsk-a-povodom-obelezavanja-epopeje-ovk\/"]}]},{"@type":"ImageObject","inLanguage":"sr-RS","@id":"https:\/\/president-ksgov.net\/sr\/govor-predsednice-osmani-na-ceremoniji-postrojavanja-kvadranta-bsk-a-povodom-obelezavanja-epopeje-ovk\/#primaryimage","url":"https:\/\/president-ksgov.net\/wp-content\/uploads\/epopeja-1.jpg","contentUrl":"https:\/\/president-ksgov.net\/wp-content\/uploads\/epopeja-1.jpg","width":2000,"height":1333},{"@type":"BreadcrumbList","@id":"https:\/\/president-ksgov.net\/sr\/govor-predsednice-osmani-na-ceremoniji-postrojavanja-kvadranta-bsk-a-povodom-obelezavanja-epopeje-ovk\/#breadcrumb","itemListElement":[{"@type":"ListItem","position":1,"name":"Home","item":"https:\/\/president-ksgov.net\/sr\/"},{"@type":"ListItem","position":2,"name":"Govor predsednice Osmani na ceremoniji postrojavanja Kvadranta BSK-a, povodom obele\u017eavanja Epopeje OVK"}]},{"@type":"WebSite","@id":"https:\/\/president-ksgov.net\/#website","url":"https:\/\/president-ksgov.net\/","name":"Presidente e Republik\u00ebs s\u00eb Kosov\u00ebs","description":"Presidente e Republik\u00ebs s\u00eb Kosov\u00ebs","alternateName":"DR. VJOSA OSMANI - SADRIU","potentialAction":[{"@type":"SearchAction","target":{"@type":"EntryPoint","urlTemplate":"https:\/\/president-ksgov.net\/?s={search_term_string}"},"query-input":{"@type":"PropertyValueSpecification","valueRequired":true,"valueName":"search_term_string"}}],"inLanguage":"sr-RS"},{"@type":"Person","@id":"https:\/\/president-ksgov.net\/#\/schema\/person\/1a2c014cffc81ec60d5a452a36d08d92","name":"presidentlogin","image":{"@type":"ImageObject","inLanguage":"sr-RS","@id":"https:\/\/president-ksgov.net\/#\/schema\/person\/image\/","url":"https:\/\/secure.gravatar.com\/avatar\/339f00ab0a8a0d5ce1ecff10aa2b4a1f51f58bbd5a57793f8cd6ad624080d807?s=96&d=mm&r=g","contentUrl":"https:\/\/secure.gravatar.com\/avatar\/339f00ab0a8a0d5ce1ecff10aa2b4a1f51f58bbd5a57793f8cd6ad624080d807?s=96&d=mm&r=g","caption":"presidentlogin"}}]}},"_links":{"self":[{"href":"https:\/\/president-ksgov.net\/sr\/wp-json\/wp\/v2\/posts\/85401","targetHints":{"allow":["GET"]}}],"collection":[{"href":"https:\/\/president-ksgov.net\/sr\/wp-json\/wp\/v2\/posts"}],"about":[{"href":"https:\/\/president-ksgov.net\/sr\/wp-json\/wp\/v2\/types\/post"}],"author":[{"embeddable":true,"href":"https:\/\/president-ksgov.net\/sr\/wp-json\/wp\/v2\/users\/11"}],"replies":[{"embeddable":true,"href":"https:\/\/president-ksgov.net\/sr\/wp-json\/wp\/v2\/comments?post=85401"}],"version-history":[{"count":6,"href":"https:\/\/president-ksgov.net\/sr\/wp-json\/wp\/v2\/posts\/85401\/revisions"}],"predecessor-version":[{"id":183575,"href":"https:\/\/president-ksgov.net\/sr\/wp-json\/wp\/v2\/posts\/85401\/revisions\/183575"}],"wp:featuredmedia":[{"embeddable":true,"href":"https:\/\/president-ksgov.net\/sr\/wp-json\/wp\/v2\/media\/82030"}],"wp:attachment":[{"href":"https:\/\/president-ksgov.net\/sr\/wp-json\/wp\/v2\/media?parent=85401"}],"wp:term":[{"taxonomy":"category","embeddable":true,"href":"https:\/\/president-ksgov.net\/sr\/wp-json\/wp\/v2\/categories?post=85401"},{"taxonomy":"post_tag","embeddable":true,"href":"https:\/\/president-ksgov.net\/sr\/wp-json\/wp\/v2\/tags?post=85401"}],"curies":[{"name":"wp","href":"https:\/\/api.w.org\/{rel}","templated":true}]}}