{"id":82068,"date":"2023-03-06T14:49:51","date_gmt":"2023-03-06T14:49:51","guid":{"rendered":"https:\/\/dev.president-ksgov.net\/presidentja-osmani-ka-uruar-kryeministren-e-estonise-kaja-kallas\/"},"modified":"2023-03-08T12:53:45","modified_gmt":"2023-03-08T12:53:45","slug":"predesdnica-osmani-cestitala-je-premijerki-estonije-kaji-kallas","status":"publish","type":"post","link":"https:\/\/president-ksgov.net\/sr\/predesdnica-osmani-cestitala-je-premijerki-estonije-kaji-kallas\/","title":{"rendered":"Predsednica Osmani \u010destitala je premijerki Estonije Kaji Kallas"},"content":{"rendered":"<p><span class=\"text-short\">Predsednica Republike Kosovo Vjosa Osmani \u010destitala je premijerki Republike Estonije Kaji Kallas pobedu na parlamentarnim izborima.<\/span><\/p>\n<div id=\"news-gallery\" class=\"ug-gallery-wrapper ug-under-780 ug-theme-grid\">\n<div class=\"ug-strip-panel\">\u201e\u010cestitam premijerki Kaji Kallas na ju\u010dera\u0161njoj pobedi! Va\u0161a nepokolebljiva odlu\u010dnost za trajni mir u Evropi i nepokolebljiva podr\u0161ka Ukrajini su odli\u010dan primer liderstva. Pokazali ste da su anga\u017eovanje za slobodu, dostojanstvo i ja\u010du Evropu mora biti beskompromisno\u201c, napisala je predsednica Osmani.<\/div>\n<\/div>\n","protected":false},"excerpt":{"rendered":"<p>Predsednica Republike Kosovo Vjosa Osmani \u010destitala je premijerki Republike Estonije Kaji Kallas pobedu na parlamentarnim izborima. \u201e\u010cestitam premijerki Kaji Kallas na ju\u010dera\u0161njoj pobedi! Va\u0161a nepokolebljiva odlu\u010dnost za trajni mir u Evropi i nepokolebljiva podr\u0161ka Ukrajini su odli\u010dan primer liderstva. Pokazali ste da su anga\u017eovanje za slobodu, dostojanstvo i ja\u010du Evropu mora biti beskompromisno\u201c, napisala je predsednica Osmani.<\/p>\n","protected":false},"author":11,"featured_media":82065,"comment_status":"open","ping_status":"closed","sticky":false,"template":"","format":"standard","meta":{"_eb_attr":"","footnotes":""},"categories":[101],"tags":[],"class_list":["post-82068","post","type-post","status-publish","format-standard","has-post-thumbnail","hentry","category-vesti"],"yoast_head":"<!-- This site is optimized with the Yoast SEO plugin v23.5 - https:\/\/yoast.com\/wordpress\/plugins\/seo\/ -->\n<title>Predsednica Osmani \u010destitala je premijerki Estonije Kaji Kallas - Predsednik Republike Kosovo - DR. VJOSA OSMANI - SADRIU<\/title>\n<meta name=\"description\" content=\"Predsednica Osmani \u010destitala je premijerki Estonije Kaji Kallas - Predsednik Republike Kosovo - DR. VJOSA OSMANI - SADRIU -\" \/>\n<meta name=\"robots\" content=\"index, follow, max-snippet:-1, max-image-preview:large, max-video-preview:-1\" \/>\n<link rel=\"canonical\" href=\"https:\/\/president-ksgov.net\/sr\/predesdnica-osmani-cestitala-je-premijerki-estonije-kaji-kallas\/\" \/>\n<meta property=\"og:locale\" content=\"sr_RS\" \/>\n<meta property=\"og:type\" content=\"article\" \/>\n<meta property=\"og:title\" content=\"Predsednica Osmani \u010destitala je premijerki Estonije Kaji Kallas - Predsednik Republike Kosovo - DR. VJOSA OSMANI - SADRIU\" \/>\n<meta property=\"og:description\" content=\"Predsednica Osmani \u010destitala je premijerki Estonije Kaji Kallas - Predsednik Republike Kosovo - DR. VJOSA OSMANI - SADRIU -\" \/>\n<meta property=\"og:url\" content=\"https:\/\/president-ksgov.net\/sr\/predesdnica-osmani-cestitala-je-premijerki-estonije-kaji-kallas\/\" \/>\n<meta property=\"og:site_name\" content=\"Predsednik Republike Kosovo - DR. VJOSA OSMANI - SADRIU\" \/>\n<meta property=\"article:published_time\" content=\"2023-03-06T14:49:51+00:00\" \/>\n<meta property=\"article:modified_time\" content=\"2023-03-08T12:53:45+00:00\" \/>\n<meta property=\"og:image\" content=\"https:\/\/president-ksgov.net\/wp-content\/uploads\/FqhdwOLXwAE588l.jpeg\" \/>\n\t<meta property=\"og:image:width\" content=\"900\" \/>\n\t<meta property=\"og:image:height\" content=\"900\" \/>\n\t<meta property=\"og:image:type\" content=\"image\/jpeg\" \/>\n<meta name=\"author\" content=\"presidentlogin\" \/>\n<meta name=\"twitter:card\" content=\"summary_large_image\" \/>\n<meta name=\"twitter:label1\" content=\"\u041d\u0430\u043f\u0438\u0441\u0430\u043d\u043e \u043e\u0434\" \/>\n\t<meta name=\"twitter:data1\" content=\"presidentlogin\" \/>\n<script type=\"application\/ld+json\" class=\"yoast-schema-graph\">{\"@context\":\"https:\/\/schema.org\",\"@graph\":[{\"@type\":\"WebPage\",\"@id\":\"https:\/\/president-ksgov.net\/sr\/predesdnica-osmani-cestitala-je-premijerki-estonije-kaji-kallas\/\",\"url\":\"https:\/\/president-ksgov.net\/sr\/predesdnica-osmani-cestitala-je-premijerki-estonije-kaji-kallas\/\",\"name\":\"Predsednica Osmani \u010destitala je premijerki Estonije Kaji Kallas - Predsednik Republike Kosovo - DR. VJOSA OSMANI - SADRIU\",\"isPartOf\":{\"@id\":\"https:\/\/president-ksgov.net\/#website\"},\"primaryImageOfPage\":{\"@id\":\"https:\/\/president-ksgov.net\/sr\/predesdnica-osmani-cestitala-je-premijerki-estonije-kaji-kallas\/#primaryimage\"},\"image\":{\"@id\":\"https:\/\/president-ksgov.net\/sr\/predesdnica-osmani-cestitala-je-premijerki-estonije-kaji-kallas\/#primaryimage\"},\"thumbnailUrl\":\"https:\/\/president-ksgov.net\/wp-content\/uploads\/FqhdwOLXwAE588l.jpeg\",\"datePublished\":\"2023-03-06T14:49:51+00:00\",\"dateModified\":\"2023-03-08T12:53:45+00:00\",\"author\":{\"@id\":\"https:\/\/president-ksgov.net\/#\/schema\/person\/1a2c014cffc81ec60d5a452a36d08d92\"},\"description\":\"Predsednica Osmani \u010destitala je premijerki Estonije Kaji Kallas - Predsednik Republike Kosovo - DR. VJOSA OSMANI - SADRIU -\",\"breadcrumb\":{\"@id\":\"https:\/\/president-ksgov.net\/sr\/predesdnica-osmani-cestitala-je-premijerki-estonije-kaji-kallas\/#breadcrumb\"},\"inLanguage\":\"sr-RS\",\"potentialAction\":[{\"@type\":\"ReadAction\",\"target\":[\"https:\/\/president-ksgov.net\/sr\/predesdnica-osmani-cestitala-je-premijerki-estonije-kaji-kallas\/\"]}]},{\"@type\":\"ImageObject\",\"inLanguage\":\"sr-RS\",\"@id\":\"https:\/\/president-ksgov.net\/sr\/predesdnica-osmani-cestitala-je-premijerki-estonije-kaji-kallas\/#primaryimage\",\"url\":\"https:\/\/president-ksgov.net\/wp-content\/uploads\/FqhdwOLXwAE588l.jpeg\",\"contentUrl\":\"https:\/\/president-ksgov.net\/wp-content\/uploads\/FqhdwOLXwAE588l.jpeg\",\"width\":900,\"height\":900},{\"@type\":\"BreadcrumbList\",\"@id\":\"https:\/\/president-ksgov.net\/sr\/predesdnica-osmani-cestitala-je-premijerki-estonije-kaji-kallas\/#breadcrumb\",\"itemListElement\":[{\"@type\":\"ListItem\",\"position\":1,\"name\":\"Home\",\"item\":\"https:\/\/president-ksgov.net\/sr\/\"},{\"@type\":\"ListItem\",\"position\":2,\"name\":\"Predsednica Osmani \u010destitala je premijerki Estonije Kaji Kallas\"}]},{\"@type\":\"WebSite\",\"@id\":\"https:\/\/president-ksgov.net\/#website\",\"url\":\"https:\/\/president-ksgov.net\/\",\"name\":\"Presidente e Republik\u00ebs s\u00eb Kosov\u00ebs\",\"description\":\"Presidente e Republik\u00ebs s\u00eb Kosov\u00ebs\",\"alternateName\":\"DR. VJOSA OSMANI - SADRIU\",\"potentialAction\":[{\"@type\":\"SearchAction\",\"target\":{\"@type\":\"EntryPoint\",\"urlTemplate\":\"https:\/\/president-ksgov.net\/?s={search_term_string}\"},\"query-input\":{\"@type\":\"PropertyValueSpecification\",\"valueRequired\":true,\"valueName\":\"search_term_string\"}}],\"inLanguage\":\"sr-RS\"},{\"@type\":\"Person\",\"@id\":\"https:\/\/president-ksgov.net\/#\/schema\/person\/1a2c014cffc81ec60d5a452a36d08d92\",\"name\":\"presidentlogin\",\"image\":{\"@type\":\"ImageObject\",\"inLanguage\":\"sr-RS\",\"@id\":\"https:\/\/president-ksgov.net\/#\/schema\/person\/image\/\",\"url\":\"https:\/\/secure.gravatar.com\/avatar\/339f00ab0a8a0d5ce1ecff10aa2b4a1f51f58bbd5a57793f8cd6ad624080d807?s=96&d=mm&r=g\",\"contentUrl\":\"https:\/\/secure.gravatar.com\/avatar\/339f00ab0a8a0d5ce1ecff10aa2b4a1f51f58bbd5a57793f8cd6ad624080d807?s=96&d=mm&r=g\",\"caption\":\"presidentlogin\"}}]}<\/script>\n<!-- \/ Yoast SEO plugin. -->","yoast_head_json":{"title":"Predsednica Osmani \u010destitala je premijerki Estonije Kaji Kallas - Predsednik Republike Kosovo - DR. VJOSA OSMANI - SADRIU","description":"Predsednica Osmani \u010destitala je premijerki Estonije Kaji Kallas - Predsednik Republike Kosovo - DR. VJOSA OSMANI - SADRIU -","robots":{"index":"index","follow":"follow","max-snippet":"max-snippet:-1","max-image-preview":"max-image-preview:large","max-video-preview":"max-video-preview:-1"},"canonical":"https:\/\/president-ksgov.net\/sr\/predesdnica-osmani-cestitala-je-premijerki-estonije-kaji-kallas\/","og_locale":"sr_RS","og_type":"article","og_title":"Predsednica Osmani \u010destitala je premijerki Estonije Kaji Kallas - Predsednik Republike Kosovo - DR. VJOSA OSMANI - SADRIU","og_description":"Predsednica Osmani \u010destitala je premijerki Estonije Kaji Kallas - Predsednik Republike Kosovo - DR. VJOSA OSMANI - SADRIU -","og_url":"https:\/\/president-ksgov.net\/sr\/predesdnica-osmani-cestitala-je-premijerki-estonije-kaji-kallas\/","og_site_name":"Predsednik Republike Kosovo - DR. VJOSA OSMANI - SADRIU","article_published_time":"2023-03-06T14:49:51+00:00","article_modified_time":"2023-03-08T12:53:45+00:00","og_image":[{"width":900,"height":900,"url":"https:\/\/president-ksgov.net\/wp-content\/uploads\/FqhdwOLXwAE588l.jpeg","type":"image\/jpeg"}],"author":"presidentlogin","twitter_card":"summary_large_image","twitter_misc":{"\u041d\u0430\u043f\u0438\u0441\u0430\u043d\u043e \u043e\u0434":"presidentlogin"},"schema":{"@context":"https:\/\/schema.org","@graph":[{"@type":"WebPage","@id":"https:\/\/president-ksgov.net\/sr\/predesdnica-osmani-cestitala-je-premijerki-estonije-kaji-kallas\/","url":"https:\/\/president-ksgov.net\/sr\/predesdnica-osmani-cestitala-je-premijerki-estonije-kaji-kallas\/","name":"Predsednica Osmani \u010destitala je premijerki Estonije Kaji Kallas - Predsednik Republike Kosovo - DR. VJOSA OSMANI - SADRIU","isPartOf":{"@id":"https:\/\/president-ksgov.net\/#website"},"primaryImageOfPage":{"@id":"https:\/\/president-ksgov.net\/sr\/predesdnica-osmani-cestitala-je-premijerki-estonije-kaji-kallas\/#primaryimage"},"image":{"@id":"https:\/\/president-ksgov.net\/sr\/predesdnica-osmani-cestitala-je-premijerki-estonije-kaji-kallas\/#primaryimage"},"thumbnailUrl":"https:\/\/president-ksgov.net\/wp-content\/uploads\/FqhdwOLXwAE588l.jpeg","datePublished":"2023-03-06T14:49:51+00:00","dateModified":"2023-03-08T12:53:45+00:00","author":{"@id":"https:\/\/president-ksgov.net\/#\/schema\/person\/1a2c014cffc81ec60d5a452a36d08d92"},"description":"Predsednica Osmani \u010destitala je premijerki Estonije Kaji Kallas - Predsednik Republike Kosovo - DR. VJOSA OSMANI - SADRIU -","breadcrumb":{"@id":"https:\/\/president-ksgov.net\/sr\/predesdnica-osmani-cestitala-je-premijerki-estonije-kaji-kallas\/#breadcrumb"},"inLanguage":"sr-RS","potentialAction":[{"@type":"ReadAction","target":["https:\/\/president-ksgov.net\/sr\/predesdnica-osmani-cestitala-je-premijerki-estonije-kaji-kallas\/"]}]},{"@type":"ImageObject","inLanguage":"sr-RS","@id":"https:\/\/president-ksgov.net\/sr\/predesdnica-osmani-cestitala-je-premijerki-estonije-kaji-kallas\/#primaryimage","url":"https:\/\/president-ksgov.net\/wp-content\/uploads\/FqhdwOLXwAE588l.jpeg","contentUrl":"https:\/\/president-ksgov.net\/wp-content\/uploads\/FqhdwOLXwAE588l.jpeg","width":900,"height":900},{"@type":"BreadcrumbList","@id":"https:\/\/president-ksgov.net\/sr\/predesdnica-osmani-cestitala-je-premijerki-estonije-kaji-kallas\/#breadcrumb","itemListElement":[{"@type":"ListItem","position":1,"name":"Home","item":"https:\/\/president-ksgov.net\/sr\/"},{"@type":"ListItem","position":2,"name":"Predsednica Osmani \u010destitala je premijerki Estonije Kaji Kallas"}]},{"@type":"WebSite","@id":"https:\/\/president-ksgov.net\/#website","url":"https:\/\/president-ksgov.net\/","name":"Presidente e Republik\u00ebs s\u00eb Kosov\u00ebs","description":"Presidente e Republik\u00ebs s\u00eb Kosov\u00ebs","alternateName":"DR. VJOSA OSMANI - SADRIU","potentialAction":[{"@type":"SearchAction","target":{"@type":"EntryPoint","urlTemplate":"https:\/\/president-ksgov.net\/?s={search_term_string}"},"query-input":{"@type":"PropertyValueSpecification","valueRequired":true,"valueName":"search_term_string"}}],"inLanguage":"sr-RS"},{"@type":"Person","@id":"https:\/\/president-ksgov.net\/#\/schema\/person\/1a2c014cffc81ec60d5a452a36d08d92","name":"presidentlogin","image":{"@type":"ImageObject","inLanguage":"sr-RS","@id":"https:\/\/president-ksgov.net\/#\/schema\/person\/image\/","url":"https:\/\/secure.gravatar.com\/avatar\/339f00ab0a8a0d5ce1ecff10aa2b4a1f51f58bbd5a57793f8cd6ad624080d807?s=96&d=mm&r=g","contentUrl":"https:\/\/secure.gravatar.com\/avatar\/339f00ab0a8a0d5ce1ecff10aa2b4a1f51f58bbd5a57793f8cd6ad624080d807?s=96&d=mm&r=g","caption":"presidentlogin"}}]}},"_links":{"self":[{"href":"https:\/\/president-ksgov.net\/sr\/wp-json\/wp\/v2\/posts\/82068","targetHints":{"allow":["GET"]}}],"collection":[{"href":"https:\/\/president-ksgov.net\/sr\/wp-json\/wp\/v2\/posts"}],"about":[{"href":"https:\/\/president-ksgov.net\/sr\/wp-json\/wp\/v2\/types\/post"}],"author":[{"embeddable":true,"href":"https:\/\/president-ksgov.net\/sr\/wp-json\/wp\/v2\/users\/11"}],"replies":[{"embeddable":true,"href":"https:\/\/president-ksgov.net\/sr\/wp-json\/wp\/v2\/comments?post=82068"}],"version-history":[{"count":1,"href":"https:\/\/president-ksgov.net\/sr\/wp-json\/wp\/v2\/posts\/82068\/revisions"}],"predecessor-version":[{"id":82070,"href":"https:\/\/president-ksgov.net\/sr\/wp-json\/wp\/v2\/posts\/82068\/revisions\/82070"}],"wp:featuredmedia":[{"embeddable":true,"href":"https:\/\/president-ksgov.net\/sr\/wp-json\/wp\/v2\/media\/82065"}],"wp:attachment":[{"href":"https:\/\/president-ksgov.net\/sr\/wp-json\/wp\/v2\/media?parent=82068"}],"wp:term":[{"taxonomy":"category","embeddable":true,"href":"https:\/\/president-ksgov.net\/sr\/wp-json\/wp\/v2\/categories?post=82068"},{"taxonomy":"post_tag","embeddable":true,"href":"https:\/\/president-ksgov.net\/sr\/wp-json\/wp\/v2\/tags?post=82068"}],"curies":[{"name":"wp","href":"https:\/\/api.w.org\/{rel}","templated":true}]}}