{"id":81149,"date":"2010-04-08T13:02:50","date_gmt":"2010-04-08T11:02:50","guid":{"rendered":"https:\/\/dev.president-ksgov.net\/sad-osecaju-jednu-posebnu-vezu-sa-narodom-kosova\/"},"modified":"2010-04-08T13:02:50","modified_gmt":"2010-04-08T13:02:50","slug":"sad-osecaju-jednu-posebnu-vezu-sa-narodom-kosova","status":"publish","type":"post","link":"https:\/\/president-ksgov.net\/sr\/sad-osecaju-jednu-posebnu-vezu-sa-narodom-kosova\/","title":{"rendered":"SAD-ose\u010daju jednu posebnu vezu sa narodom Kosova"},"content":{"rendered":"<p>&#8220;SAD-ose\u010daju jednu posebnu vezu sa narodom Kosova i njegovo sna&#382;no posve\u0107enje za izgradnju svim gradjanima svih zajednica Kosova jedne svetlije i naprednije budu\u010dnosti, kao transatlantski deo i ujedno deo Evroposke Zajednice&#8220;, naglasio je Zamenik Ameri\u010dkog Dr&#382;avanog Sekretara, James Steinberg, nakon sastanka sa Predsednikom Republike Kosovo, dr. Fatmir Sejdiu i sa Premijerom Hashim Tha\u00e7i.<\/p>\n<p>Nakon &#353;to je potsetio da se na Kosovu vra\u0107a prvi put nakon deset<br \/>\ngodina, g-din James Steinberg je potvrdio &#8222;da je zadovoljstvo videti<br \/>\nvanredni napredak koji je ostvaren ovde a posebno napredak postignut<br \/>\nzadnjih dve godine va&#353;e nezavisnosti&#8220;<br \/>\n&#8222;Sjedinjene Ameri\u010dke Dr&#382;ave<br \/>\n&#382;ele da budu partner Kosova u svakoj etapi anga&#382;ovanja za realizaciju<br \/>\nvelike nade budu\u010dnosti&#8220;, potvrdio je g-din Steinberg, koji je, takodje,<br \/>\nrekao da je ohrabren od onoga &#353;to je \u010duo od Predsednika i Premijera o<br \/>\n&#8222;sna&#382;nom posve\u0107enju i prioritetu koji Kosovo daje uspostavljanju<br \/>\nsna&#382;nih i sposobnih institucija radi obezbedjenja dobrog i<br \/>\ntransparentnog upravljanja za njene gradjane, da se obezbedi da \u0107e<br \/>\nvladanje zakona nadvlada sve i kako biste vi tretirali ove negativne<br \/>\nopasnosti, a naro\u010dito smo razgovarali o tome kako mi &#382;elimo ja\u010dati<br \/>\nintegraciju Kosova u Evropu, te o koracima koje, SAD, kao prijateljska<br \/>\nzemlja Kosova, mo&#382;e preduzeti u kontaktima sa na&#353;im evropskim<br \/>\npartnerima za promoviranje va&#353;eg puta u pravcu liberalizacije viza i<br \/>\n\u010dvr&#353;\u0107ih veza sa Evropskom Zajednicom.<br \/>\nRazgovarali smo i o tome od<br \/>\nkakve je va&#382;nosti za Kosovo uspostavljanje dobrih odnosa sa njenim<br \/>\nsusedima te o vrlo ohrabruju\u0107em razvoju odnosa zadnjih meseca i jakoj<br \/>\nspremnosti jednog velikog broja va&#353;ih suseda za saradnju sa vama i o<br \/>\nzajedni\u010dkom njihovom zauzimaju sa pote&#353;ko\u0107ama sa kojima se su\u010deljavaju<br \/>\nsve zemlje Zapadnog Balkana&#8220;, naglasio je Zamenik Ameri\u010dkog Dr&#382;avnog<br \/>\nSekretara James. On je takodje govorio i o obezbedjenju jedne sna&#382;ne<br \/>\nekonomske budu\u010dnosti zasnovane na sna&#382;an privatni sektor, jedan sna&#382;an<br \/>\nambijent za investicije, koji bi privla\u010dio strane investitore, i<br \/>\nameri\u010dke, da dodju ovde, da investiraju i da rade sa vama za izgradnju<br \/>\njedne svetle\u00a0\u00a0<br \/>\nbudu\u010dnosti.<br \/>\nJames Steinberg je rako da ceni anga&#382;ovanje Kosova tokom proteklih izbora, tokom ranijih lokalnih izbora ovde,<br \/>\n&#8211; koje su ja\u010dale demokratiju i to jednu sveobuhvatnu demokratiju<br \/>\n&#8211;<br \/>\nte postignuti napredak kako bi se obezbedilo da sve zajednice i<br \/>\ngradjani Kosova ose\u010daju da su predstavljeni i da su njihovi interesi<br \/>\npredstavljeni.<\/p>\n<p>Zavr&#353;avaju\u0107i obra\u010danje medijima, g-din<br \/>\nSteinberg re\u010de: &#8222;U ime Predsednika Obame i Sekretarke Klinton &#382;elim vam<br \/>\nse zahvaliti i naglasiti trajnu &#382;elju da radimo sa vama i da se<br \/>\nsuo\u010davamo sa ovim va&#382;nim izazovima koji se nalaze pred nama &#8220;.<br \/>\nDok<br \/>\nPredsednik Sejdiu je, dana&#353;nji sastanak sa Zamenikom Ameri\u010dkog Dr&#382;avnog<br \/>\nSekretara, James Steinberg, ocenio kao vrlo otvoren i sadr&#382;ajan susret,<br \/>\nte se zahvalio Zameniku Ameri\u010dkog Dr&#382;avnog Sekretara za sna&#382;nu podr&#353;ku<br \/>\nkoju su Sjedinjene Ameri\u010dke Dr&#382;ave dale Kosovu i njenom narodu, na<br \/>\nnjinom putu slobode i nezavisnosti, na putu razvoja i demokratije,<br \/>\nrealizacije namere postanka domovinom svih gradjana, ali, isto tako, i<br \/>\n\u010dvrste podr&#353;ke u procesima medjunarodnog karaktera asociranja Kosova, u<br \/>\nmedjunarodnim mehanizmima i u zadovoljavanju kriterija za priklju\u010denje<br \/>\nu euroatlantskim procesima.\u00a0<br \/>\n&#8222;Ambicija Kosova jeste da slu&#382;i<br \/>\npotpuno u funkciji aktivne integracije\u00a0 njenih gradjana, u ulozi<br \/>\ngradjana prevashodno za stabilnost zemlje, ali i na delu aktivne<br \/>\nintegracije jednog dela srpske zajednice, koja se jo&#353; dvoumi postati<br \/>\ndeo velikih procesa kroz koje prolazi Koaovo&#8220;, naglasio je\u00a0 Predsednik<br \/>\nSejdiu.<br \/>\nTakodje, Predsednik Sejdiu je rekao da se tokom susreta<br \/>\ndiskutovalo i o obavezama koje institucije zemlje imaju prema<br \/>\ngradjanima za njihov bolji &#382;ivot, ali i za druge vidove posebnih<br \/>\nrelacija, koje se odnose na politike koje ostvaruje\u00a0 Kosovo u<br \/>\nmedjunarodnom planu, jedno dobrosusedstvo sa svim zemljama regije i<br \/>\njedne spremnosti da Kosovo ima dobre odnose i sa Republikom Srbijom,<br \/>\nkao i na&#353;e odnose sa zemljama regije i &#353;ire.<br \/>\nI premijer Tha\u010di je<br \/>\ninformirao g-dina Steinberg-a o postignutom napretku na Kosovu, te o<br \/>\ndrugim aspektima, obuhvataju\u0107i i strategiju za sever, reformu Vlade<br \/>\nKosova, pove\u010danju efikasnosti &#353;to boljim upravljanjem, te o drugim<br \/>\nkoracima na privrednom planu. U okviru ovoga on je spomenuo projekat<br \/>\nautoputa Morin\u00eb-Merdare, o zavr&#353;nom procesu koncesije Pri&#353;tinskog<br \/>\nMedjunarodnog Aerodroma, energetsku strategiju, te druge procese<br \/>\nprivatizacije, kao &#353;to je onaj za PTK i obavezivanje Vlade Kosova da<br \/>\novi procesi budu transparenti, fer i otvoreni.<br \/>\n\u00a0<\/p>\n","protected":false},"excerpt":{"rendered":"<p>&#8220;SAD-ose\u010daju jednu posebnu vezu sa narodom Kosova i njegovo sna&#382;no posve\u0107enje za izgradnju svim gradjanima svih zajednica Kosova jedne svetlije i naprednije budu\u010dnosti, kao transatlantski deo i ujedno deo Evroposke Zajednice&#8220;, naglasio je Zamenik Ameri\u010dkog Dr&#382;avanog Sekretara, James Steinberg, nakon sastanka sa Predsednikom Republike Kosovo, dr. Fatmir Sejdiu i sa Premijerom Hashim Tha\u00e7i.<\/p>\n","protected":false},"author":1,"featured_media":65142,"comment_status":"open","ping_status":"closed","sticky":false,"template":"","format":"standard","meta":{"_eb_attr":"","footnotes":""},"categories":[101],"tags":[],"class_list":["post-81149","post","type-post","status-publish","format-standard","has-post-thumbnail","hentry","category-vesti"],"yoast_head":"<!-- This site is optimized with the Yoast SEO plugin v23.5 - https:\/\/yoast.com\/wordpress\/plugins\/seo\/ -->\n<title>SAD-ose\u010daju jednu posebnu vezu sa narodom Kosova - Predsednik Republike Kosovo - DR. VJOSA OSMANI - SADRIU<\/title>\n<meta name=\"description\" content=\"SAD-ose\u010daju jednu posebnu vezu sa narodom Kosova - Predsednik Republike Kosovo - DR. VJOSA OSMANI - SADRIU -\" \/>\n<meta name=\"robots\" content=\"index, follow, max-snippet:-1, max-image-preview:large, max-video-preview:-1\" \/>\n<link rel=\"canonical\" href=\"https:\/\/president-ksgov.net\/shba-taaeaaaaea\u00a2a\u00acaaaaa-ndjenjaaeaaaaea\u00a2a\u00acaaaaa-njaaeaaaaea\u00a2a\u00acaaaaa-lidhje-taaeaaaaea\/\" \/>\n<meta property=\"og:locale\" content=\"sr_RS\" \/>\n<meta property=\"og:type\" content=\"article\" \/>\n<meta property=\"og:title\" content=\"SAD-ose\u010daju jednu posebnu vezu sa narodom Kosova - Predsednik Republike Kosovo - DR. VJOSA OSMANI - SADRIU\" \/>\n<meta property=\"og:description\" content=\"SAD-ose\u010daju jednu posebnu vezu sa narodom Kosova - Predsednik Republike Kosovo - DR. VJOSA OSMANI - SADRIU -\" \/>\n<meta property=\"og:url\" content=\"https:\/\/president-ksgov.net\/shba-taaeaaaaea\u00a2a\u00acaaaaa-ndjenjaaeaaaaea\u00a2a\u00acaaaaa-njaaeaaaaea\u00a2a\u00acaaaaa-lidhje-taaeaaaaea\/\" \/>\n<meta property=\"og:site_name\" content=\"Predsednik Republike Kosovo - DR. VJOSA OSMANI - SADRIU\" \/>\n<meta property=\"article:published_time\" content=\"2010-04-08T11:02:50+00:00\" \/>\n<meta property=\"article:modified_time\" content=\"2010-04-08T13:02:50+00:00\" \/>\n<meta property=\"og:image\" content=\"https:\/\/president-ksgov.net\/wp-content\/uploads\/967808_406660_usa_1_250.jpg\" \/>\n\t<meta property=\"og:image:width\" content=\"250\" \/>\n\t<meta property=\"og:image:height\" content=\"167\" \/>\n\t<meta property=\"og:image:type\" content=\"image\/jpeg\" \/>\n<meta name=\"author\" content=\"admin\" \/>\n<meta name=\"twitter:card\" content=\"summary_large_image\" \/>\n<meta name=\"twitter:label1\" content=\"\u041d\u0430\u043f\u0438\u0441\u0430\u043d\u043e \u043e\u0434\" \/>\n\t<meta name=\"twitter:data1\" content=\"admin\" \/>\n\t<meta name=\"twitter:label2\" content=\"\u041f\u0440\u043e\u0446\u0435\u045a\u0435\u043d\u043e \u0432\u0440\u0435\u043c\u0435 \u0447\u0438\u0442\u0430\u045a\u0430\" \/>\n\t<meta name=\"twitter:data2\" content=\"4 \u043c\u0438\u043d\u0443\u0442\u0430\" \/>\n<script type=\"application\/ld+json\" class=\"yoast-schema-graph\">{\"@context\":\"https:\/\/schema.org\",\"@graph\":[{\"@type\":\"WebPage\",\"@id\":\"https:\/\/president-ksgov.net\/shba-taaeaaaaea%c2%a2a%c2%acaaaaa-ndjenjaaeaaaaea%c2%a2a%c2%acaaaaa-njaaeaaaaea%c2%a2a%c2%acaaaaa-lidhje-taaeaaaaea\/\",\"url\":\"https:\/\/president-ksgov.net\/shba-taaeaaaaea%c2%a2a%c2%acaaaaa-ndjenjaaeaaaaea%c2%a2a%c2%acaaaaa-njaaeaaaaea%c2%a2a%c2%acaaaaa-lidhje-taaeaaaaea\/\",\"name\":\"SAD-ose\u010daju jednu posebnu vezu sa narodom Kosova - Predsednik Republike Kosovo - DR. VJOSA OSMANI - SADRIU\",\"isPartOf\":{\"@id\":\"https:\/\/president-ksgov.net\/#website\"},\"primaryImageOfPage\":{\"@id\":\"https:\/\/president-ksgov.net\/shba-taaeaaaaea%c2%a2a%c2%acaaaaa-ndjenjaaeaaaaea%c2%a2a%c2%acaaaaa-njaaeaaaaea%c2%a2a%c2%acaaaaa-lidhje-taaeaaaaea\/#primaryimage\"},\"image\":{\"@id\":\"https:\/\/president-ksgov.net\/shba-taaeaaaaea%c2%a2a%c2%acaaaaa-ndjenjaaeaaaaea%c2%a2a%c2%acaaaaa-njaaeaaaaea%c2%a2a%c2%acaaaaa-lidhje-taaeaaaaea\/#primaryimage\"},\"thumbnailUrl\":\"https:\/\/president-ksgov.net\/wp-content\/uploads\/967808_406660_usa_1_250.jpg\",\"datePublished\":\"2010-04-08T11:02:50+00:00\",\"dateModified\":\"2010-04-08T13:02:50+00:00\",\"author\":{\"@id\":\"https:\/\/president-ksgov.net\/#\/schema\/person\/bb4337a5fb147cb2046d80548172cbee\"},\"description\":\"SAD-ose\u010daju jednu posebnu vezu sa narodom Kosova - Predsednik Republike Kosovo - DR. VJOSA OSMANI - SADRIU -\",\"breadcrumb\":{\"@id\":\"https:\/\/president-ksgov.net\/shba-taaeaaaaea%c2%a2a%c2%acaaaaa-ndjenjaaeaaaaea%c2%a2a%c2%acaaaaa-njaaeaaaaea%c2%a2a%c2%acaaaaa-lidhje-taaeaaaaea\/#breadcrumb\"},\"inLanguage\":\"sr-RS\",\"potentialAction\":[{\"@type\":\"ReadAction\",\"target\":[\"https:\/\/president-ksgov.net\/shba-taaeaaaaea%c2%a2a%c2%acaaaaa-ndjenjaaeaaaaea%c2%a2a%c2%acaaaaa-njaaeaaaaea%c2%a2a%c2%acaaaaa-lidhje-taaeaaaaea\/\"]}]},{\"@type\":\"ImageObject\",\"inLanguage\":\"sr-RS\",\"@id\":\"https:\/\/president-ksgov.net\/shba-taaeaaaaea%c2%a2a%c2%acaaaaa-ndjenjaaeaaaaea%c2%a2a%c2%acaaaaa-njaaeaaaaea%c2%a2a%c2%acaaaaa-lidhje-taaeaaaaea\/#primaryimage\",\"url\":\"https:\/\/president-ksgov.net\/wp-content\/uploads\/967808_406660_usa_1_250.jpg\",\"contentUrl\":\"https:\/\/president-ksgov.net\/wp-content\/uploads\/967808_406660_usa_1_250.jpg\",\"width\":250,\"height\":167},{\"@type\":\"BreadcrumbList\",\"@id\":\"https:\/\/president-ksgov.net\/shba-taaeaaaaea%c2%a2a%c2%acaaaaa-ndjenjaaeaaaaea%c2%a2a%c2%acaaaaa-njaaeaaaaea%c2%a2a%c2%acaaaaa-lidhje-taaeaaaaea\/#breadcrumb\",\"itemListElement\":[{\"@type\":\"ListItem\",\"position\":1,\"name\":\"Home\",\"item\":\"https:\/\/president-ksgov.net\/sr\/\"},{\"@type\":\"ListItem\",\"position\":2,\"name\":\"SAD-ose\u010daju jednu posebnu vezu sa narodom Kosova\"}]},{\"@type\":\"WebSite\",\"@id\":\"https:\/\/president-ksgov.net\/#website\",\"url\":\"https:\/\/president-ksgov.net\/\",\"name\":\"Presidente e Republik\u00ebs s\u00eb Kosov\u00ebs\",\"description\":\"Presidente e Republik\u00ebs s\u00eb Kosov\u00ebs\",\"alternateName\":\"DR. VJOSA OSMANI - SADRIU\",\"potentialAction\":[{\"@type\":\"SearchAction\",\"target\":{\"@type\":\"EntryPoint\",\"urlTemplate\":\"https:\/\/president-ksgov.net\/?s={search_term_string}\"},\"query-input\":{\"@type\":\"PropertyValueSpecification\",\"valueRequired\":true,\"valueName\":\"search_term_string\"}}],\"inLanguage\":\"sr-RS\"},{\"@type\":\"Person\",\"@id\":\"https:\/\/president-ksgov.net\/#\/schema\/person\/bb4337a5fb147cb2046d80548172cbee\",\"name\":\"admin\",\"image\":{\"@type\":\"ImageObject\",\"inLanguage\":\"sr-RS\",\"@id\":\"https:\/\/president-ksgov.net\/#\/schema\/person\/image\/\",\"url\":\"https:\/\/secure.gravatar.com\/avatar\/36156ca0fa3b8d9d25174f146e16beea0cf28f37adf1b9e19b6c9c279a7c9dd3?s=96&d=mm&r=g\",\"contentUrl\":\"https:\/\/secure.gravatar.com\/avatar\/36156ca0fa3b8d9d25174f146e16beea0cf28f37adf1b9e19b6c9c279a7c9dd3?s=96&d=mm&r=g\",\"caption\":\"admin\"},\"sameAs\":[\"https:\/\/president-ksgov.net\"]}]}<\/script>\n<!-- \/ Yoast SEO plugin. -->","yoast_head_json":{"title":"SAD-ose\u010daju jednu posebnu vezu sa narodom Kosova - Predsednik Republike Kosovo - DR. VJOSA OSMANI - SADRIU","description":"SAD-ose\u010daju jednu posebnu vezu sa narodom Kosova - Predsednik Republike Kosovo - DR. VJOSA OSMANI - SADRIU -","robots":{"index":"index","follow":"follow","max-snippet":"max-snippet:-1","max-image-preview":"max-image-preview:large","max-video-preview":"max-video-preview:-1"},"canonical":"https:\/\/president-ksgov.net\/shba-taaeaaaaea\u00a2a\u00acaaaaa-ndjenjaaeaaaaea\u00a2a\u00acaaaaa-njaaeaaaaea\u00a2a\u00acaaaaa-lidhje-taaeaaaaea\/","og_locale":"sr_RS","og_type":"article","og_title":"SAD-ose\u010daju jednu posebnu vezu sa narodom Kosova - Predsednik Republike Kosovo - DR. VJOSA OSMANI - SADRIU","og_description":"SAD-ose\u010daju jednu posebnu vezu sa narodom Kosova - Predsednik Republike Kosovo - DR. VJOSA OSMANI - SADRIU -","og_url":"https:\/\/president-ksgov.net\/shba-taaeaaaaea\u00a2a\u00acaaaaa-ndjenjaaeaaaaea\u00a2a\u00acaaaaa-njaaeaaaaea\u00a2a\u00acaaaaa-lidhje-taaeaaaaea\/","og_site_name":"Predsednik Republike Kosovo - DR. VJOSA OSMANI - SADRIU","article_published_time":"2010-04-08T11:02:50+00:00","article_modified_time":"2010-04-08T13:02:50+00:00","og_image":[{"width":250,"height":167,"url":"https:\/\/president-ksgov.net\/wp-content\/uploads\/967808_406660_usa_1_250.jpg","type":"image\/jpeg"}],"author":"admin","twitter_card":"summary_large_image","twitter_misc":{"\u041d\u0430\u043f\u0438\u0441\u0430\u043d\u043e \u043e\u0434":"admin","\u041f\u0440\u043e\u0446\u0435\u045a\u0435\u043d\u043e \u0432\u0440\u0435\u043c\u0435 \u0447\u0438\u0442\u0430\u045a\u0430":"4 \u043c\u0438\u043d\u0443\u0442\u0430"},"schema":{"@context":"https:\/\/schema.org","@graph":[{"@type":"WebPage","@id":"https:\/\/president-ksgov.net\/shba-taaeaaaaea%c2%a2a%c2%acaaaaa-ndjenjaaeaaaaea%c2%a2a%c2%acaaaaa-njaaeaaaaea%c2%a2a%c2%acaaaaa-lidhje-taaeaaaaea\/","url":"https:\/\/president-ksgov.net\/shba-taaeaaaaea%c2%a2a%c2%acaaaaa-ndjenjaaeaaaaea%c2%a2a%c2%acaaaaa-njaaeaaaaea%c2%a2a%c2%acaaaaa-lidhje-taaeaaaaea\/","name":"SAD-ose\u010daju jednu posebnu vezu sa narodom Kosova - Predsednik Republike Kosovo - DR. VJOSA OSMANI - SADRIU","isPartOf":{"@id":"https:\/\/president-ksgov.net\/#website"},"primaryImageOfPage":{"@id":"https:\/\/president-ksgov.net\/shba-taaeaaaaea%c2%a2a%c2%acaaaaa-ndjenjaaeaaaaea%c2%a2a%c2%acaaaaa-njaaeaaaaea%c2%a2a%c2%acaaaaa-lidhje-taaeaaaaea\/#primaryimage"},"image":{"@id":"https:\/\/president-ksgov.net\/shba-taaeaaaaea%c2%a2a%c2%acaaaaa-ndjenjaaeaaaaea%c2%a2a%c2%acaaaaa-njaaeaaaaea%c2%a2a%c2%acaaaaa-lidhje-taaeaaaaea\/#primaryimage"},"thumbnailUrl":"https:\/\/president-ksgov.net\/wp-content\/uploads\/967808_406660_usa_1_250.jpg","datePublished":"2010-04-08T11:02:50+00:00","dateModified":"2010-04-08T13:02:50+00:00","author":{"@id":"https:\/\/president-ksgov.net\/#\/schema\/person\/bb4337a5fb147cb2046d80548172cbee"},"description":"SAD-ose\u010daju jednu posebnu vezu sa narodom Kosova - Predsednik Republike Kosovo - DR. VJOSA OSMANI - SADRIU -","breadcrumb":{"@id":"https:\/\/president-ksgov.net\/shba-taaeaaaaea%c2%a2a%c2%acaaaaa-ndjenjaaeaaaaea%c2%a2a%c2%acaaaaa-njaaeaaaaea%c2%a2a%c2%acaaaaa-lidhje-taaeaaaaea\/#breadcrumb"},"inLanguage":"sr-RS","potentialAction":[{"@type":"ReadAction","target":["https:\/\/president-ksgov.net\/shba-taaeaaaaea%c2%a2a%c2%acaaaaa-ndjenjaaeaaaaea%c2%a2a%c2%acaaaaa-njaaeaaaaea%c2%a2a%c2%acaaaaa-lidhje-taaeaaaaea\/"]}]},{"@type":"ImageObject","inLanguage":"sr-RS","@id":"https:\/\/president-ksgov.net\/shba-taaeaaaaea%c2%a2a%c2%acaaaaa-ndjenjaaeaaaaea%c2%a2a%c2%acaaaaa-njaaeaaaaea%c2%a2a%c2%acaaaaa-lidhje-taaeaaaaea\/#primaryimage","url":"https:\/\/president-ksgov.net\/wp-content\/uploads\/967808_406660_usa_1_250.jpg","contentUrl":"https:\/\/president-ksgov.net\/wp-content\/uploads\/967808_406660_usa_1_250.jpg","width":250,"height":167},{"@type":"BreadcrumbList","@id":"https:\/\/president-ksgov.net\/shba-taaeaaaaea%c2%a2a%c2%acaaaaa-ndjenjaaeaaaaea%c2%a2a%c2%acaaaaa-njaaeaaaaea%c2%a2a%c2%acaaaaa-lidhje-taaeaaaaea\/#breadcrumb","itemListElement":[{"@type":"ListItem","position":1,"name":"Home","item":"https:\/\/president-ksgov.net\/sr\/"},{"@type":"ListItem","position":2,"name":"SAD-ose\u010daju jednu posebnu vezu sa narodom Kosova"}]},{"@type":"WebSite","@id":"https:\/\/president-ksgov.net\/#website","url":"https:\/\/president-ksgov.net\/","name":"Presidente e Republik\u00ebs s\u00eb Kosov\u00ebs","description":"Presidente e Republik\u00ebs s\u00eb Kosov\u00ebs","alternateName":"DR. VJOSA OSMANI - SADRIU","potentialAction":[{"@type":"SearchAction","target":{"@type":"EntryPoint","urlTemplate":"https:\/\/president-ksgov.net\/?s={search_term_string}"},"query-input":{"@type":"PropertyValueSpecification","valueRequired":true,"valueName":"search_term_string"}}],"inLanguage":"sr-RS"},{"@type":"Person","@id":"https:\/\/president-ksgov.net\/#\/schema\/person\/bb4337a5fb147cb2046d80548172cbee","name":"admin","image":{"@type":"ImageObject","inLanguage":"sr-RS","@id":"https:\/\/president-ksgov.net\/#\/schema\/person\/image\/","url":"https:\/\/secure.gravatar.com\/avatar\/36156ca0fa3b8d9d25174f146e16beea0cf28f37adf1b9e19b6c9c279a7c9dd3?s=96&d=mm&r=g","contentUrl":"https:\/\/secure.gravatar.com\/avatar\/36156ca0fa3b8d9d25174f146e16beea0cf28f37adf1b9e19b6c9c279a7c9dd3?s=96&d=mm&r=g","caption":"admin"},"sameAs":["https:\/\/president-ksgov.net"]}]}},"_links":{"self":[{"href":"https:\/\/president-ksgov.net\/sr\/wp-json\/wp\/v2\/posts\/81149","targetHints":{"allow":["GET"]}}],"collection":[{"href":"https:\/\/president-ksgov.net\/sr\/wp-json\/wp\/v2\/posts"}],"about":[{"href":"https:\/\/president-ksgov.net\/sr\/wp-json\/wp\/v2\/types\/post"}],"author":[{"embeddable":true,"href":"https:\/\/president-ksgov.net\/sr\/wp-json\/wp\/v2\/users\/1"}],"replies":[{"embeddable":true,"href":"https:\/\/president-ksgov.net\/sr\/wp-json\/wp\/v2\/comments?post=81149"}],"version-history":[{"count":0,"href":"https:\/\/president-ksgov.net\/sr\/wp-json\/wp\/v2\/posts\/81149\/revisions"}],"wp:featuredmedia":[{"embeddable":true,"href":"https:\/\/president-ksgov.net\/sr\/wp-json\/wp\/v2\/media\/65142"}],"wp:attachment":[{"href":"https:\/\/president-ksgov.net\/sr\/wp-json\/wp\/v2\/media?parent=81149"}],"wp:term":[{"taxonomy":"category","embeddable":true,"href":"https:\/\/president-ksgov.net\/sr\/wp-json\/wp\/v2\/categories?post=81149"},{"taxonomy":"post_tag","embeddable":true,"href":"https:\/\/president-ksgov.net\/sr\/wp-json\/wp\/v2\/tags?post=81149"}],"curies":[{"name":"wp","href":"https:\/\/api.w.org\/{rel}","templated":true}]}}