{"id":81114,"date":"2007-04-27T15:05:40","date_gmt":"2007-04-27T15:05:40","guid":{"rendered":"https:\/\/dev.president-ksgov.net\/govor-predsednika-kosova-dr-fatmir-sejdiu-ispred-clanovima-saveta-bezbednosti-oun-ja\/"},"modified":"2023-03-08T09:06:59","modified_gmt":"2023-03-08T09:06:59","slug":"govor-predsednika-kosova-dr-fatmir-sejdiu-ispred-clanovima-saveta-bezbednosti-oun-ja","status":"publish","type":"post","link":"https:\/\/president-ksgov.net\/sr\/govor-predsednika-kosova-dr-fatmir-sejdiu-ispred-clanovima-saveta-bezbednosti-oun-ja\/","title":{"rendered":"GOVOR PREDSEDNIKA KOSOVA DR FATMIR SEJDIU, ISPRED \u010cLANOVIMA SAVETA BEZBEDNOSTI OUN-ja"},"content":{"rendered":"<p>Po&#353;tovani Predsedavaju\u0107i Saveta, Po&#353;tovani \u010dlanovi Saveta, Ja sam veoma zahvalan na ukazanu mogu\u0107nost da Vam se danas obratim. Sada ulazimo u zavr&#353;nu odlu\u010duju\u0107u fazu procesa o statusu Kosova. Nakon osam godina nejasno\u0107a i prelazne administracije OUN-ja, do&#353;lo je vreme, da se re&#353;i zadnje nere&#353;eno pitanje nastavka mu\u0107nog raspadnanja Jugoslavije. Mi veoma cenimo mogu\u0107nost koja se daje Kosovu za predstavljanje svojih pitanja. Jo&#353; je zna\u010danije, da pitanjima predstavnika Kosova, izabranog na demokratski na\u010din, posveti potrebna pa&#382;nja. Dana&#353;nji dan smatram istorijskim danom za Kosovo, jer je ovo prvi put da se jedan predstavnik Kosova obra\u0107a Savetu u oficijelnoj dvorani na njegov formalni sastanak. Po&#353;tovane ekscelincije,<\/p>\n<p>Proces kona\u010dnog statusa je bila osnovna preokupacija svakog Kosovara. Nema zna\u010dajnijeg pitanja za nas kao Ekipe jednistva. Vi, po&#353;tovani \u010dlanovi Saveta, pre nekoliko dana ste dobili preporuke Generalnog sekretara za re&#353;avanje statusa Kosova, koje su rezultat jednog dugog mukotrpnog procesa. Ovaj proces je po\u010deo 2005, kada norve&#353;ki diplomata Kai Eide, rade\u0107i na ime Genralnog sekretara OUN-ja, je zaklju\u010dio, da &#8222;status quo&#8220; Kosova ne mo&#382;e da se odr&#382;i i da je potrebna jasno\u0107a za budu\u010dnost. Savet bezbednosti OUN-ja je prihvatio zaklju\u010dke Eidea u 2005 godini i posle je podr&#382;ao re&#353;enje Generalnog sekretara za imenovanje biv&#353;eg finskog Predsednika Martti Ahtisaari za emisara za ovaj proces. Koristim priliku, da jo&#353; jednom izrazim zahvalnost na odli\u010dnom obavljenom poslu koji je obavio u toku celog procesa.<\/p>\n<p>Dozvolite mi, da ovaj put izrazim na&#353;u podr&#353;ku, zna\u010di punu podr&#353;ku Kosova na izvarednom poslu Specijalnog emisara. Predsednik Ahtissari je rukovodio\u00a0 procesom statusa sa velikom pa&#382;njom i po&#353;tovanjem na sve potrebe svih u\u010desnika. On i njegova ekipa nisu ni&#353;ta ispustili, omogu\u010duju\u0107i iscrpne diskusije o potrebnim pitanjima formuliraju\u0107i paket uravnote&#382;enih i sveobuhvatnih predloga koji vode naprednom putu.<\/p>\n<p>Rade\u0107i sa Specijalnom emisarom, mi smo u\u010dinili sve radi pronala&#382;enja kompromisnog re&#353;enja o svim pitanjima.<\/p>\n<p>Ekipa jednistva Kosova u potpunosti podr&#382;ava predloge Ahtisaara. Postoje kompromisi koje smo u\u010dunili u toku razgovora u Be\u010du, posebno radi obezbe\u0111enja prostora vanredno &#353;iroka i dugoro\u010dnia prava za na&#353;e manjinske entitete. Mi smo to u\u010dunili i postigli saglasnost o nekim odre\u0111enim re&#353;enjima zbog budu\u0107nosti Kosova, budu\u0107nosti na&#353;eg naroda, ali tako\u0111e i zbog budu\u0107nosti novih odnosa izme\u0111u Kosova i Srbije kao dve ravnoparvne, nezavisne i suverene zemlje. Glavni razlog zbog \u010dega smo se sporazumeli o nekim re&#353;enjima, bio je i bi\u010de na&#353;a spremnost i &#382;elja da uzimamo u obzir i re&#353;avamo\u00a0 pote&#353;ko\u0107e a naro\u010dito specifi\u010dne primedbe manjinskih entiteta na Kosovu, u prvom redu onog srpskog.<\/p>\n<p>Kosovo je spremna da prizna i sprovodi Predlog u celosti. O\u010dekujem, da ova obaveza bude brzo i formalno podr&#382;ana od Skup&#353;tine Kosova. Kada bude okon\u010dan ovaj proces, na&#353; najve\u0107i prioritet bi\u010de potpuno sprovo\u0111enje ovih predlo&#382;enih sporazuma.<\/p>\n<p>Pre nekoliko meseci rekao sam uva&#382;enim \u010dlanovima Saveta Bezbednosti, da je Ekipa jednistva Kosova potpuno privr&#382;ena, da podr&#382;ava jedan miran i zakonit proces. Mi smo ispunili na&#353;u obavezu. Delegacija Kosova na pregovorima u Be\u010du je bila anga&#382;ovana vrlo ozbiljno za &#353;iru raspravu svih pitanja.<\/p>\n<p>Mi smo pripremili i predstavili niz dokumenata za &#353;iri krug pitanja koja su predstavljena za diskusiju u Be\u010du, od ustvanih garancija za manjine do specifi\u010dnosti decentralizacije vlasti, kao zna\u010dajni instrumenti koji \u0107e omogu\u0107iti obi\u010dnim kosovarima, u prvom redu pripadnicima srpske nacionalnosti, da potpuno u\u010destvuju na raspravu o javnim pitanjima. U toku celog ovog procesa mi smo pa&#382;ljivo saslu&#353;ali gledi&#353;ta drugih strana, posve\u010duju\u0107i posebnu pa&#382;nju gledi&#353;tima srpskog entiteta Kosova.<\/p>\n<p>Nakon 14 meseci te&#353;kih i intenzivnih pregovora u Be\u010du, mi verujemo da je Predsednik Ahtisaari pripremio pravedni i vrlo uravnote&#382;eni paket.\u00a0 &#381;alimo &#353;to nije bilo mogu\u0107e posti\u0107i jedan sporazum.<\/p>\n<p>Nakon mnogih sastanaka u toku poslednjih 15 meseci je utvr\u0111eno jasno, da dalje diskusije ne bi mogle zbli&#382;iti stranke jednu prema drugoj o pitanju statusa. Predsednik Ahtisaari i UNOSEK su po\u010deli rad krajem 2005 godine. Sada se nalazimo na prole\u0107e 2007.<\/p>\n<p>Diskusije o svim pitanjima, odnosno mogu\u0107nosti o jednom sporazumu su isprljene. Kosovo je \u010dekala vi&#353;e godina, da njen kona\u010dni status bude re&#353;en. Na&#353; status je bio nejasan vi&#353;e godina, od 1989 godine, kada Slobodan Milo&#353;evi\u0107 na nezakonit na\u010din opozvao status federalnog entiteta Kosova u biv&#353;oj Jugoslaviji, kada je ona u&#382;ivala pravo veta. Kasnije, 1999 godine, nakon tragi\u010dnih doga\u0111aja konlikta na Kosovu, Savet Bezbednosti preduzeo izvanrednu meru obustave vlasti Beograda nad Kosovom, uspostavljju\u0107i Kosovu pod privremenom administracijom OUN-ja.<\/p>\n<p>\u00a0Savet Bezbednosti OUN-ja predvideo tako\u0111e jedan proces za utvr\u0111ivanje statusa Kosova podr&#382;anog od OUN-ja. Ova neobi\u010dna kombinacija faktora, posebno prinudnog nekonsesualnog raspada Jugoslavije, kao i izvanredna uloga Saveta Bezbednosti je u nadgledanju posledica ovog raspada, \u010dinili su Kosovo posebnim slu\u010dajem koji ne mo&#382;e da se smatra kao presedan za bilo koju drugu situaciju.<\/p>\n<p>Mi smo pre&#353;li osam poslednjih godina pod administracijom OUN-ja \u010dekaju\u0107i jasno\u0107u na&#353;e budu\u0107osti. Nedostak jasnog statusa, odnosno nedostatak jednog re&#353;enja u vezi toga, je povredilo ne samo politi\u010dku stabilnost nego i\u00a0 sposobnost na&#353;ih institucija da preuzimaju na sebe odgovornost , &#353;to je bilo\u00a0 vrlo &#353;tetno za poverenje i op&#353;ti ekonomski razvoj.<\/p>\n<p>\u00a0Investitori su se oklevali da investiraju u zemlji sa nejasnim statusom. Tako\u0111e, zbog ne utvr\u0111enja statusa, mi ne mo&#382;emo da uzimamo kredite od me\u0111unarodnih finasijskih institucija. Nivo nezaposlenosti u mojoj zemlji je najvi&#353;i u Evropi. Nama je potrebno jasno\u0107a statusa da bi i&#353;li napred.<\/p>\n<p>Kao predsednik i rukovodilac Ekipe jedinstva, ho\u0107u da jo&#353; jednom naglasim moju privr&#382;enost i privr&#382;enost naroda Kosova, procesu\u00a0 koji &#353;to br&#382;e okon\u010da\u00a0 mirnim sredstvima pitanje statusa Kosova. Ja sam osudio nasilje poslednjih vremena na Kosovu, koja je nastala u toku nasilnih demonstracija, koje su bile osu\u0111ene od ve\u010dine naroda. Ogromna ve\u0107ina stanovni&#353;tva &#382;eli da ovaj proces bude zavr&#353;en u miru, i brzo.<\/p>\n<p>Mi verujemo, da jedino odr&#382;ivo re&#353;enje u procesu statusa Kosova, je nezavisnost, koja bi pod me\u0111unarodnim nadzorom za odre\u0111eni period. Nakon raspada Jugoslavije koji\u00a0 je prouzrokovao etni\u010dka \u010di&#353;\u0107enja, nasilje, izbeglice i ponovno uklju\u010denje Saveta bezbednosti OUN-ja, mi ne vidimo drugu alternativu osim nezavisnosti.<\/p>\n<p>Ne mo&#382;e se brisati tragi\u010dna istorija devedesetih godina. Ona je ostavila jedno nasle\u0111e me\u0111osobnih sumnji i nepoverenja izme\u0111u naroda Kosova i naroda Srbije. Da obavezuje&#353; ove narode da stoje zajedno, bi bilo neprihvatljivo za narod Kosova.<\/p>\n<p>Osim toga, narodi Kosova i Srbije su &#382;iveli odvojeni vi&#353;e godina, od momenta kada Savet bezbednosti je prekinuo vladavinu beograda nad Kosovom u 1999 godini i zadu&#382;io je UNMIK-a da podigne institucije samouprave.<\/p>\n<p>\u00a0Pod administracijom OUN-ja mi smo u\u010dinili veliki progres razvojem na&#353;ih demokratskih institucija, uklju\u010duju\u0107i Skup&#353;tinu, jednu multietni\u010dku policijsku snagu i funkcionalna ministarstva.<\/p>\n<p>Na&#353;a vizija je demokratska dr&#382;ava koja \u0107e podjednako biti dom za sve njene gra\u0111ane, za albansku ve\u0107inu i za manjinske entitete: srbe, turke, bosance, rome, a&#353;kalije i egip\u010dane. \u010cuva\u0107emo sa velikom pa&#382;njom multietni\u010dki i multikulturni\u00a0 karakter Kosova.<\/p>\n<p>Uva&#382;eni Predsedavaju\u0107i Saveta,<\/p>\n<p>Po&#382;tovani \u010dlanovi Saveta,<\/p>\n<p>Ho\u0107u da delim sa vama jaku privr&#382;enost Ekipe jedinstva i institucija Kosova za izgradnju jedne dr&#382;ave koja \u0107e svoju budu\u010dnost zasnivati na puno po&#353;tovanje prava svih komuniteta i pluralnu demokratiju, privredu\u00a0 slobodnog tr&#382;i&#353;ta, slobodne medije, jednu dr&#382;avu koja \u0107e potpuno po&#353;tovati ljudksa prava i slobodu. \u010cuvanje i za&#353;tita kulturne i verske ba&#353;tine, kao i mesta te ba&#353;tine, je jedna od glavnih obaveza i anaga&#382;ovanja na&#353;e Vlade. Svestan sam toga da ova dva zadatka ne mogu se ostvariti lako, ali niko ne treba da dovede u sumnju na&#353;u privr&#382;enost i odlu\u010dnost da se ide do kraja.<\/p>\n<p>Nakon me\u0111unardnog priznanja nezavisnosti dr&#382;ave, Kosovo je odlu\u010dna da se lati jednom br&#382;em sistemu uspostavljanja bli&#382;ih odnosa sa susednim zemljama. Kosovo se obavezuje da \u0107e odr&#382;avat vrlo dobre, miroljubive i otvorene odnose sa prvim susedima, Albanijom, Makedonijom, Crnom Gorom, i nadamo se, ubrzo, i sa Srbijom. Kosovo nema pretenzija prema ni\u010dijoj teritoriji van njenih granica i ne\u0107e dozvoljiti nijednu pretenziju prema svojoj teritoriji.<\/p>\n<p>Mi po&#353;tujemo u potpunosti Finalni akt Helsinka i na\u010dela Karte OUN-ja, posebno po&#353;tovanje suverenosti i teritorjalni integritet svih dr&#382;ava. Ostajemo potpuno privr&#382;eni za usku sradnju sa susedima o bilo kom vangrani\u010dnom ili regionalnom pitanju. Kosovo jedva \u010deka da dobije aktivnu ulogu za regionalnu i me\u0111unarodnu saradnju u borbi protiv organizovanog kriminala i terorizmu.<\/p>\n<p>\u00a0Privredna stagnacija u svim zemljama regiona ostaje ozbiljno pitanje uznemerenja. Prema tome Kosovo, jako podr&#382;ava me\u0111uregionalnu saradnju\u00a0 bilateralne i multilateralne sporazume i ugovore iz oblasti privrede.<\/p>\n<p>Kosovo \u0107e zahtevati puno integrisanje u me\u0111unarodnu zajednicu preko u\u010dlanjenja u politi\u010dke institucije i finansijske organizacije. Na kraju krajeva, cilj Kosova, je puno u\u010dlanjenje u Evropsku zajednicu.<\/p>\n<p>\u00a0Mi o\u010dekujemo, da postoje\u0107i mehanizmi, takozvani Prate\u0107i mehanizmi za stabilizaciju i asocijaciju, budu vrlo brzo pretvoreni u pravi Pakt za stabilizaciju i asocijaciju, &#353;to bi vodilo ka neodlo&#382;nom potpisivanju jednog sporazuma sa Brislom.<\/p>\n<p>Mi tako\u0111e, \u0107emo zahtevati u\u010dlanjenje u NATO, organizacija koja mo&#382;e da pomogne na pru&#382;anju bezbednosti za sve zemlje Ju&#382;no-isto\u0107ne Evrope.<\/p>\n<p>&#381;elim da podvu\u0107em jo&#353; jednom, spremnost i privr&#382;enost Kosova za usku saradnju sa Civilnim me\u0111unarodnom predstavnikom kojeg je predlo&#382;io\u00a0 Specijalni emisar Ahtisaari posle statusa. Kako je poznato, mi smo tra&#382;ili i o\u010dekujemo brzo uspostavljanje ovog prisustva posle nezavisnosti, kao i nastavak vojnog prisustva koje \u0107e pomo\u0107i na pru&#382;nju bezbednosti za ceo narod Kosova.<\/p>\n<p>Po&#353;tovani Predsedavaju\u0107i Saveta,<br \/>\nPo&#353;tovani \u010dlanovi Saveta,<br \/>\nDamo i gospodo,<\/p>\n<p>Osam godina nakon rata, UNMIK i Kosovo su postigli zna\u010dajni napredak u obnovi i privrednom o&#382;ivljavanju, kao i na uspostavljanju demokratskih institucija. Mi ne bi smo mogli posti\u0107i to, bez va&#353;e &#353;ire podr&#353;ke. Ujedinjene<\/p>\n<p>Nacije su igrali izvanrednu ulogu za istoriju na&#353;eg naroda. Mi smo duboko zahvalni za to.<\/p>\n<p>Na kraju ovog govora &#382;elim da u ime naroda Kosova izrazim moju zahvalnost \u010dlanovima Saveta Bezbednosti OUN-ja, kao i mnogim zemljama iz celog sveta za podr&#353;ku i pomo\u010d koju su pru&#382;ale Kosovu posle rata.<\/p>\n<p>\u00a0Nama ja dobrodo&#353;ao rad sa \u010dlanovima Saveta Bezbednosti OUN-ja za iznala&#382;enje br&#382;eg re&#353;enja pitanje statusa Kosova i punog usvajanja preporuka Specijalnog emisara OUN-ja. Do&#353;lo je vreme da kona\u010dno zaklju\u010dimo mra\u010dno poglavlje raspada Jugoslavije.<\/p>\n<p>Po&#353;tovane ekselencije,<\/p>\n<p>Jo&#353; jednom &#382;elim da Vam se zahvalim na ukazanoj prilici da Vam se danas obratim.<\/p>\n","protected":false},"excerpt":{"rendered":"<p>Po&#353;tovani Predsedavaju\u0107i Saveta, Po&#353;tovani \u010dlanovi Saveta, Ja sam veoma zahvalan na ukazanu mogu\u0107nost da Vam se danas obratim. Sada ulazimo u zavr&#353;nu odlu\u010duju\u0107u fazu procesa o statusu Kosova. Nakon osam godina nejasno\u0107a i prelazne administracije OUN-ja, do&#353;lo je vreme, da se re&#353;i zadnje nere&#353;eno pitanje nastavka mu\u0107nog raspadnanja Jugoslavije. Mi veoma cenimo mogu\u0107nost koja se daje Kosovu za predstavljanje svojih pitanja. Jo&#353; je zna\u010danije, da pitanjima predstavnika Kosova, izabranog na demokratski na\u010din, posveti potrebna pa&#382;nja. Dana&#353;nji dan smatram istorijskim danom za Kosovo, jer je ovo prvi put da se jedan predstavnik Kosova obra\u0107a Savetu u oficijelnoj dvorani na njegov formalni sastanak. Po&#353;tovane ekscelincije,<\/p>\n","protected":false},"author":1,"featured_media":86338,"comment_status":"open","ping_status":"closed","sticky":false,"template":"","format":"standard","meta":{"_eb_attr":"","footnotes":""},"categories":[106],"tags":[],"class_list":["post-81114","post","type-post","status-publish","format-standard","has-post-thumbnail","hentry","category-govori"],"yoast_head":"<!-- This site is optimized with the Yoast SEO plugin v23.5 - https:\/\/yoast.com\/wordpress\/plugins\/seo\/ -->\n<title>GOVOR PREDSEDNIKA KOSOVA DR FATMIR SEJDIU, ISPRED \u010cLANOVIMA SAVETA BEZBEDNOSTI OUN-ja - Predsednik Republike Kosovo - DR. VJOSA OSMANI - SADRIU<\/title>\n<meta name=\"description\" content=\"GOVOR PREDSEDNIKA KOSOVA DR FATMIR SEJDIU, ISPRED \u010cLANOVIMA SAVETA BEZBEDNOSTI OUN-ja - Predsednik Republike Kosovo - DR. VJOSA OSMANI - SADRIU -\" \/>\n<meta name=\"robots\" content=\"index, follow, max-snippet:-1, max-image-preview:large, max-video-preview:-1\" \/>\n<link rel=\"canonical\" href=\"https:\/\/president-ksgov.net\/the-speech-of-the-president-of-kosova-dr-fatmir-sejdiu\/\" \/>\n<meta property=\"og:locale\" content=\"sr_RS\" \/>\n<meta property=\"og:type\" content=\"article\" \/>\n<meta property=\"og:title\" content=\"GOVOR PREDSEDNIKA KOSOVA DR FATMIR SEJDIU, ISPRED \u010cLANOVIMA SAVETA BEZBEDNOSTI OUN-ja - Predsednik Republike Kosovo - DR. VJOSA OSMANI - SADRIU\" \/>\n<meta property=\"og:description\" content=\"GOVOR PREDSEDNIKA KOSOVA DR FATMIR SEJDIU, ISPRED \u010cLANOVIMA SAVETA BEZBEDNOSTI OUN-ja - Predsednik Republike Kosovo - DR. VJOSA OSMANI - SADRIU -\" \/>\n<meta property=\"og:url\" content=\"https:\/\/president-ksgov.net\/the-speech-of-the-president-of-kosova-dr-fatmir-sejdiu\/\" \/>\n<meta property=\"og:site_name\" content=\"Predsednik Republike Kosovo - DR. VJOSA OSMANI - SADRIU\" \/>\n<meta property=\"article:published_time\" content=\"2007-04-27T15:05:40+00:00\" \/>\n<meta property=\"article:modified_time\" content=\"2023-03-08T09:06:59+00:00\" \/>\n<meta property=\"og:image\" content=\"https:\/\/president-ksgov.net\/wp-content\/uploads\/Zyra-e-Presidentes-Featured-Image1-e1678970937938.png\" \/>\n\t<meta property=\"og:image:width\" content=\"1024\" \/>\n\t<meta property=\"og:image:height\" content=\"716\" \/>\n\t<meta property=\"og:image:type\" content=\"image\/png\" \/>\n<meta name=\"author\" content=\"admin\" \/>\n<meta name=\"twitter:card\" content=\"summary_large_image\" \/>\n<meta name=\"twitter:label1\" content=\"\u041d\u0430\u043f\u0438\u0441\u0430\u043d\u043e \u043e\u0434\" \/>\n\t<meta name=\"twitter:data1\" content=\"admin\" \/>\n\t<meta name=\"twitter:label2\" content=\"\u041f\u0440\u043e\u0446\u0435\u045a\u0435\u043d\u043e \u0432\u0440\u0435\u043c\u0435 \u0447\u0438\u0442\u0430\u045a\u0430\" \/>\n\t<meta name=\"twitter:data2\" content=\"9 \u043c\u0438\u043d\u0443\u0442\u0430\" \/>\n<script type=\"application\/ld+json\" class=\"yoast-schema-graph\">{\"@context\":\"https:\/\/schema.org\",\"@graph\":[{\"@type\":\"WebPage\",\"@id\":\"https:\/\/president-ksgov.net\/the-speech-of-the-president-of-kosova-dr-fatmir-sejdiu\/\",\"url\":\"https:\/\/president-ksgov.net\/the-speech-of-the-president-of-kosova-dr-fatmir-sejdiu\/\",\"name\":\"GOVOR PREDSEDNIKA KOSOVA DR FATMIR SEJDIU, ISPRED \u010cLANOVIMA SAVETA BEZBEDNOSTI OUN-ja - Predsednik Republike Kosovo - DR. VJOSA OSMANI - SADRIU\",\"isPartOf\":{\"@id\":\"https:\/\/president-ksgov.net\/#website\"},\"primaryImageOfPage\":{\"@id\":\"https:\/\/president-ksgov.net\/the-speech-of-the-president-of-kosova-dr-fatmir-sejdiu\/#primaryimage\"},\"image\":{\"@id\":\"https:\/\/president-ksgov.net\/the-speech-of-the-president-of-kosova-dr-fatmir-sejdiu\/#primaryimage\"},\"thumbnailUrl\":\"https:\/\/president-ksgov.net\/wp-content\/uploads\/Zyra-e-Presidentes-Featured-Image1-e1678970937938.png\",\"datePublished\":\"2007-04-27T15:05:40+00:00\",\"dateModified\":\"2023-03-08T09:06:59+00:00\",\"author\":{\"@id\":\"https:\/\/president-ksgov.net\/#\/schema\/person\/bb4337a5fb147cb2046d80548172cbee\"},\"description\":\"GOVOR PREDSEDNIKA KOSOVA DR FATMIR SEJDIU, ISPRED \u010cLANOVIMA SAVETA BEZBEDNOSTI OUN-ja - Predsednik Republike Kosovo - DR. VJOSA OSMANI - SADRIU -\",\"breadcrumb\":{\"@id\":\"https:\/\/president-ksgov.net\/the-speech-of-the-president-of-kosova-dr-fatmir-sejdiu\/#breadcrumb\"},\"inLanguage\":\"sr-RS\",\"potentialAction\":[{\"@type\":\"ReadAction\",\"target\":[\"https:\/\/president-ksgov.net\/the-speech-of-the-president-of-kosova-dr-fatmir-sejdiu\/\"]}]},{\"@type\":\"ImageObject\",\"inLanguage\":\"sr-RS\",\"@id\":\"https:\/\/president-ksgov.net\/the-speech-of-the-president-of-kosova-dr-fatmir-sejdiu\/#primaryimage\",\"url\":\"https:\/\/president-ksgov.net\/wp-content\/uploads\/Zyra-e-Presidentes-Featured-Image1-e1678970937938.png\",\"contentUrl\":\"https:\/\/president-ksgov.net\/wp-content\/uploads\/Zyra-e-Presidentes-Featured-Image1-e1678970937938.png\",\"width\":1024,\"height\":716},{\"@type\":\"BreadcrumbList\",\"@id\":\"https:\/\/president-ksgov.net\/the-speech-of-the-president-of-kosova-dr-fatmir-sejdiu\/#breadcrumb\",\"itemListElement\":[{\"@type\":\"ListItem\",\"position\":1,\"name\":\"Home\",\"item\":\"https:\/\/president-ksgov.net\/sr\/\"},{\"@type\":\"ListItem\",\"position\":2,\"name\":\"GOVOR PREDSEDNIKA KOSOVA DR FATMIR SEJDIU, ISPRED \u010cLANOVIMA SAVETA BEZBEDNOSTI OUN-ja\"}]},{\"@type\":\"WebSite\",\"@id\":\"https:\/\/president-ksgov.net\/#website\",\"url\":\"https:\/\/president-ksgov.net\/\",\"name\":\"Presidente e Republik\u00ebs s\u00eb Kosov\u00ebs\",\"description\":\"Presidente e Republik\u00ebs s\u00eb Kosov\u00ebs\",\"alternateName\":\"DR. VJOSA OSMANI - SADRIU\",\"potentialAction\":[{\"@type\":\"SearchAction\",\"target\":{\"@type\":\"EntryPoint\",\"urlTemplate\":\"https:\/\/president-ksgov.net\/?s={search_term_string}\"},\"query-input\":{\"@type\":\"PropertyValueSpecification\",\"valueRequired\":true,\"valueName\":\"search_term_string\"}}],\"inLanguage\":\"sr-RS\"},{\"@type\":\"Person\",\"@id\":\"https:\/\/president-ksgov.net\/#\/schema\/person\/bb4337a5fb147cb2046d80548172cbee\",\"name\":\"admin\",\"image\":{\"@type\":\"ImageObject\",\"inLanguage\":\"sr-RS\",\"@id\":\"https:\/\/president-ksgov.net\/#\/schema\/person\/image\/\",\"url\":\"https:\/\/secure.gravatar.com\/avatar\/36156ca0fa3b8d9d25174f146e16beea0cf28f37adf1b9e19b6c9c279a7c9dd3?s=96&d=mm&r=g\",\"contentUrl\":\"https:\/\/secure.gravatar.com\/avatar\/36156ca0fa3b8d9d25174f146e16beea0cf28f37adf1b9e19b6c9c279a7c9dd3?s=96&d=mm&r=g\",\"caption\":\"admin\"},\"sameAs\":[\"https:\/\/president-ksgov.net\"]}]}<\/script>\n<!-- \/ Yoast SEO plugin. -->","yoast_head_json":{"title":"GOVOR PREDSEDNIKA KOSOVA DR FATMIR SEJDIU, ISPRED \u010cLANOVIMA SAVETA BEZBEDNOSTI OUN-ja - Predsednik Republike Kosovo - DR. VJOSA OSMANI - SADRIU","description":"GOVOR PREDSEDNIKA KOSOVA DR FATMIR SEJDIU, ISPRED \u010cLANOVIMA SAVETA BEZBEDNOSTI OUN-ja - Predsednik Republike Kosovo - DR. VJOSA OSMANI - SADRIU -","robots":{"index":"index","follow":"follow","max-snippet":"max-snippet:-1","max-image-preview":"max-image-preview:large","max-video-preview":"max-video-preview:-1"},"canonical":"https:\/\/president-ksgov.net\/the-speech-of-the-president-of-kosova-dr-fatmir-sejdiu\/","og_locale":"sr_RS","og_type":"article","og_title":"GOVOR PREDSEDNIKA KOSOVA DR FATMIR SEJDIU, ISPRED \u010cLANOVIMA SAVETA BEZBEDNOSTI OUN-ja - Predsednik Republike Kosovo - DR. VJOSA OSMANI - SADRIU","og_description":"GOVOR PREDSEDNIKA KOSOVA DR FATMIR SEJDIU, ISPRED \u010cLANOVIMA SAVETA BEZBEDNOSTI OUN-ja - Predsednik Republike Kosovo - DR. VJOSA OSMANI - SADRIU -","og_url":"https:\/\/president-ksgov.net\/the-speech-of-the-president-of-kosova-dr-fatmir-sejdiu\/","og_site_name":"Predsednik Republike Kosovo - DR. VJOSA OSMANI - SADRIU","article_published_time":"2007-04-27T15:05:40+00:00","article_modified_time":"2023-03-08T09:06:59+00:00","og_image":[{"width":1024,"height":716,"url":"https:\/\/president-ksgov.net\/wp-content\/uploads\/Zyra-e-Presidentes-Featured-Image1-e1678970937938.png","type":"image\/png"}],"author":"admin","twitter_card":"summary_large_image","twitter_misc":{"\u041d\u0430\u043f\u0438\u0441\u0430\u043d\u043e \u043e\u0434":"admin","\u041f\u0440\u043e\u0446\u0435\u045a\u0435\u043d\u043e \u0432\u0440\u0435\u043c\u0435 \u0447\u0438\u0442\u0430\u045a\u0430":"9 \u043c\u0438\u043d\u0443\u0442\u0430"},"schema":{"@context":"https:\/\/schema.org","@graph":[{"@type":"WebPage","@id":"https:\/\/president-ksgov.net\/the-speech-of-the-president-of-kosova-dr-fatmir-sejdiu\/","url":"https:\/\/president-ksgov.net\/the-speech-of-the-president-of-kosova-dr-fatmir-sejdiu\/","name":"GOVOR PREDSEDNIKA KOSOVA DR FATMIR SEJDIU, ISPRED \u010cLANOVIMA SAVETA BEZBEDNOSTI OUN-ja - Predsednik Republike Kosovo - DR. VJOSA OSMANI - SADRIU","isPartOf":{"@id":"https:\/\/president-ksgov.net\/#website"},"primaryImageOfPage":{"@id":"https:\/\/president-ksgov.net\/the-speech-of-the-president-of-kosova-dr-fatmir-sejdiu\/#primaryimage"},"image":{"@id":"https:\/\/president-ksgov.net\/the-speech-of-the-president-of-kosova-dr-fatmir-sejdiu\/#primaryimage"},"thumbnailUrl":"https:\/\/president-ksgov.net\/wp-content\/uploads\/Zyra-e-Presidentes-Featured-Image1-e1678970937938.png","datePublished":"2007-04-27T15:05:40+00:00","dateModified":"2023-03-08T09:06:59+00:00","author":{"@id":"https:\/\/president-ksgov.net\/#\/schema\/person\/bb4337a5fb147cb2046d80548172cbee"},"description":"GOVOR PREDSEDNIKA KOSOVA DR FATMIR SEJDIU, ISPRED \u010cLANOVIMA SAVETA BEZBEDNOSTI OUN-ja - Predsednik Republike Kosovo - DR. VJOSA OSMANI - SADRIU -","breadcrumb":{"@id":"https:\/\/president-ksgov.net\/the-speech-of-the-president-of-kosova-dr-fatmir-sejdiu\/#breadcrumb"},"inLanguage":"sr-RS","potentialAction":[{"@type":"ReadAction","target":["https:\/\/president-ksgov.net\/the-speech-of-the-president-of-kosova-dr-fatmir-sejdiu\/"]}]},{"@type":"ImageObject","inLanguage":"sr-RS","@id":"https:\/\/president-ksgov.net\/the-speech-of-the-president-of-kosova-dr-fatmir-sejdiu\/#primaryimage","url":"https:\/\/president-ksgov.net\/wp-content\/uploads\/Zyra-e-Presidentes-Featured-Image1-e1678970937938.png","contentUrl":"https:\/\/president-ksgov.net\/wp-content\/uploads\/Zyra-e-Presidentes-Featured-Image1-e1678970937938.png","width":1024,"height":716},{"@type":"BreadcrumbList","@id":"https:\/\/president-ksgov.net\/the-speech-of-the-president-of-kosova-dr-fatmir-sejdiu\/#breadcrumb","itemListElement":[{"@type":"ListItem","position":1,"name":"Home","item":"https:\/\/president-ksgov.net\/sr\/"},{"@type":"ListItem","position":2,"name":"GOVOR PREDSEDNIKA KOSOVA DR FATMIR SEJDIU, ISPRED \u010cLANOVIMA SAVETA BEZBEDNOSTI OUN-ja"}]},{"@type":"WebSite","@id":"https:\/\/president-ksgov.net\/#website","url":"https:\/\/president-ksgov.net\/","name":"Presidente e Republik\u00ebs s\u00eb Kosov\u00ebs","description":"Presidente e Republik\u00ebs s\u00eb Kosov\u00ebs","alternateName":"DR. VJOSA OSMANI - SADRIU","potentialAction":[{"@type":"SearchAction","target":{"@type":"EntryPoint","urlTemplate":"https:\/\/president-ksgov.net\/?s={search_term_string}"},"query-input":{"@type":"PropertyValueSpecification","valueRequired":true,"valueName":"search_term_string"}}],"inLanguage":"sr-RS"},{"@type":"Person","@id":"https:\/\/president-ksgov.net\/#\/schema\/person\/bb4337a5fb147cb2046d80548172cbee","name":"admin","image":{"@type":"ImageObject","inLanguage":"sr-RS","@id":"https:\/\/president-ksgov.net\/#\/schema\/person\/image\/","url":"https:\/\/secure.gravatar.com\/avatar\/36156ca0fa3b8d9d25174f146e16beea0cf28f37adf1b9e19b6c9c279a7c9dd3?s=96&d=mm&r=g","contentUrl":"https:\/\/secure.gravatar.com\/avatar\/36156ca0fa3b8d9d25174f146e16beea0cf28f37adf1b9e19b6c9c279a7c9dd3?s=96&d=mm&r=g","caption":"admin"},"sameAs":["https:\/\/president-ksgov.net"]}]}},"_links":{"self":[{"href":"https:\/\/president-ksgov.net\/sr\/wp-json\/wp\/v2\/posts\/81114","targetHints":{"allow":["GET"]}}],"collection":[{"href":"https:\/\/president-ksgov.net\/sr\/wp-json\/wp\/v2\/posts"}],"about":[{"href":"https:\/\/president-ksgov.net\/sr\/wp-json\/wp\/v2\/types\/post"}],"author":[{"embeddable":true,"href":"https:\/\/president-ksgov.net\/sr\/wp-json\/wp\/v2\/users\/1"}],"replies":[{"embeddable":true,"href":"https:\/\/president-ksgov.net\/sr\/wp-json\/wp\/v2\/comments?post=81114"}],"version-history":[{"count":1,"href":"https:\/\/president-ksgov.net\/sr\/wp-json\/wp\/v2\/posts\/81114\/revisions"}],"predecessor-version":[{"id":81919,"href":"https:\/\/president-ksgov.net\/sr\/wp-json\/wp\/v2\/posts\/81114\/revisions\/81919"}],"wp:featuredmedia":[{"embeddable":true,"href":"https:\/\/president-ksgov.net\/sr\/wp-json\/wp\/v2\/media\/86338"}],"wp:attachment":[{"href":"https:\/\/president-ksgov.net\/sr\/wp-json\/wp\/v2\/media?parent=81114"}],"wp:term":[{"taxonomy":"category","embeddable":true,"href":"https:\/\/president-ksgov.net\/sr\/wp-json\/wp\/v2\/categories?post=81114"},{"taxonomy":"post_tag","embeddable":true,"href":"https:\/\/president-ksgov.net\/sr\/wp-json\/wp\/v2\/tags?post=81114"}],"curies":[{"name":"wp","href":"https:\/\/api.w.org\/{rel}","templated":true}]}}