{"id":81104,"date":"2007-03-14T15:19:55","date_gmt":"2007-03-14T15:19:55","guid":{"rendered":"https:\/\/dev.president-ksgov.net\/govor-predsednika-kosova-dr-fatmir-sejdiu-poslanicima-skuptine-kosova-dana-14-marta-2007\/"},"modified":"2023-03-08T09:06:59","modified_gmt":"2023-03-08T09:06:59","slug":"govor-predsednika-kosova-dr-fatmir-sejdiu-poslanicima-skuptine-kosova-dana-14-marta-2007","status":"publish","type":"post","link":"https:\/\/president-ksgov.net\/sr\/govor-predsednika-kosova-dr-fatmir-sejdiu-poslanicima-skuptine-kosova-dana-14-marta-2007\/","title":{"rendered":"Govor Predsednika Kosova, Dr Fatmir Sejdiu, poslanicima Skup&#154;tine Kosova, dana 14 marta 2007."},"content":{"rendered":"<p>Kako smo upoznati, pro&#353;le subote 10 marta 2007, su zavr&#353;eni pregovori u Be\u010du pod vodstvom Predsednika Ahtisarija u vezi posebnih pitanja koja se odnose na status Kosova. To je bio poslednji sastanak sa prestavnicima obe zemlje na visokom nivou.<\/p>\n<p>To je bio jedan mukotrpan dug proces koji je trajao oko 14 meseci. Delegacija Kosova je stalno informisala ovu Skup&#353;tinu u vezi pregovora\u00a0 i od nje dobila podr&#353;ku. Tako\u0111e, pre dopunskih pregovora koji su odr&#382;ani pre zadnjeg sastanka u Be\u010du, u ovoj Sku&#353;tini je vo\u0111ena &#353;ira i zna\u010dajna diskusija u vezi sveobuhvatnog predloga Predsednika Ahtisarija ili kako smo ga nazvali Paket Ahtisarija.Delegacija Kosova preko njenih predstavnika, kako ranije tako i u okviru dopunskih konsultacija vo\u0111enih krajem februara i prvih dana marta 2007, je o paketu predstavila svoje stavove u formi pripremljenih predloga, imaju\u0107i u vidu, pored ostalog i postavljene primedbe i zabrinutost Skup&#353;tine i drugih institucija i gra\u0111ana.Sada imamo strukturalno potpuno zavr&#353;en paket Predsednika Ahtisarija.On pored drugih elemenata tretira i pola&#382;aj manjinskih entiteta na Kosovu tako da u celosti\u00a0 predstavlja dobru osnovu za nezavisnu soverenu dr&#382;avu Kosovo. Uz podr&#353;ku i na\u010delnu saglasnost Skup&#353;tine, mi smo svi na tome svesrdno radili.Srbi i druge manjine na Kosovu ovim paketom dobijaju prava i garancije koje obezbe\u0111uju njihovo polit\u010dko predstavljanje ili ta\u010dnije re\u010deno nad politi\u010dko predstavljanje, ali i pravo na lokalno samoupravljanje, &#353;to druge manjine u ovom delu Evrope bi pri&#382;eljkivale. Sve to smo uradili da bismi\u00a0 im garantovali sva prava. Mi &#382;elimo graditi sre\u010du i blagostanje gra\u0111ana na zajedni\u010dko blagostanje i sre\u010du svih, a ne da se neko usre\u0107i na ne\u010diju nesre\u010du.Na poslednjem sastanku u Be\u010du, pru&#382;aju\u0107i na&#353;e argumente za nezavisnu i siverenu dr&#382;avu Kosovo, sna&#382;no smo istakli kao i ranije, da nezavisnost Kosova je alfa i omega, po\u010detak i zavr&#353;etak na&#353;eg stava. Nijedna strukturalna veza sa institucijama Srbije nije prihva\u0107ena od nas.Po&#353;tovani poslanici,Dozvolite mi da vam ka&#382;em, da delegacija Kosova potpuno jedinstveno je izrazila svoj stav za ovaj proces, koji treba da se sada okon\u010da priznanjem Kosova kao nezavisne i suverenue dr&#382;ave.Posebno zalaganje o tome i Predsednika Ahtisarija, dokazuje i njegov predlog sa politi\u010dkim preporukama za budu\u0107nost Kosova kojeg je danas\u00a0 podneo Savetu Bzebdnosti Ujedinih Nacija. Pri tom je posebnu te&#382;inu u svom predlogu kao celini, zajedno sa polti\u010dkim preporukama, dao\u00a0 tretiranju Kosova kao poseban slu\u010daj &#8211;\u00absui genris\u00bb.Delegacija Kosova izra&#382;ava svoj stav o ovom dokumentu kao prihvatljivog za Kosovo, s obzirom da nama poznate nadopune koje je dao Predsednik Ahtisari ne menjaju njegovu su&#353;tinu. Skup&#353;tina Kosova \u0107e uskoro imati na razmatranje celokupni predmetni dokumenat i\u00a0 o njemu nadamo se\u00a0 izrazit \u0107e naklonost i anga&#382;ovanje za sprovo\u0111enje sporazuma, koji podrazumeva u prvom redu nezavisnost Kosova uz efikasnost institucija u toku njegove realizacije.Na&#353;a delegacija je izrazila stav da se Kosovo anga&#382;uje da se uticaj ovog sporazum neposredno odrazi na Ustav Kosova i druge zakone koji se odnose na tu materiju.Po&#353;tovani posalnici,\u00a0Delgacija Kosova, tako\u0111e je izrazila svoj stav da prihva\u010da jedno novo me\u0111unarodno prisutvo na Kosovu i nastavak prisustva NATO trupa na Kosovu. Ovo smtramo kao jedan zna\u010dajni faktor za pomaganje Kosovu za br&#382;i razvitak i njeno integrisanje u Evro-atlanskim strukturama, dakle, za njeno u\u010dlanjenje u Evropsku zajednicu i u NATO. To istovremeno zna\u010di, posebnu pomo\u0107 za pove\u0107anje efikasnosti institucija Kosova iz oblasti pravne dr&#382;ave, bezbednosti i stvaranje za&#353;titnih snaga Kosova u skladu sa standardima NATO-a.Tako\u0111e, delegacija Kosova, posebnim nagla&#353;avanjem je izrazila svoj stav i spremnost, da bude deo \u010dlanstva me\u0111unarodnog sistema, odnosno\u00a0 me\u0111unarodnih mehanizama do njenog u\u010dlanjenja u\u00a0 OUN.Po&#353;tovani poslanici,U o\u010dekivanju i ubedjenju da ovaj proces bude brzo ukon\u010dan na najvi&#353;em nivou, u\u00a0 Savet Bezbednosti OUN ukidanjem Rezuluciju 1244 i dono&#353;enjem nove rezulucije za budu\u010dnost Kosova, dozvolite mi da se jo&#353; jednom zahvalim Predsedniku Ahtisariju, Kontakt grupi, NATO-u, SAD-a, Evropskoj Zajednici i UNOSEK-u, za njihovo anga&#382;ovanje i kon\u010danje ovog procesa definisanja politi\u010dkog statusa na&#353;e zemlje.Kosovo de fakto od 1999 godine, zahvaljuju\u0107i dugom otporu kroz politi\u010dku i oru&#382;anu borbu koja se identifikuje sa Predsednikom Ibrahim Rugovom, vo\u0111om nezavisnog pokreta koji \u0107e se u istorijskoj retrospektivi identivikovat kao osniva\u010d dr&#382;ave Kosovo te Adem\u00a0 Jashariju, legendardnom komandantu OVK-a kao i intervenciji NATO-a, danas ona\/Kosovo\/ \u010deka na me\u0111unarodno priznanje, kao uslov sine qua non za njen opstanak,\u00a0 za otvaranje nove demokratske i razvojne perspektive i kao zna\u010dajan\u00a0 faktor stabilizacije regiona i &#353;ire.Na&#353; pristup je dobrosusedstvo i saradnja sa svim na&#353;im susedimaMi \u0107emo se dokazivati!Zahvalujem Vam se !<\/p>\n","protected":false},"excerpt":{"rendered":"<p>Kako smo upoznati, pro&#353;le subote 10 marta 2007, su zavr&#353;eni pregovori u Be\u010du pod vodstvom Predsednika Ahtisarija u vezi posebnih pitanja koja se odnose na status Kosova. To je bio poslednji sastanak sa prestavnicima obe zemlje na visokom nivou.<\/p>\n","protected":false},"author":1,"featured_media":86338,"comment_status":"open","ping_status":"closed","sticky":false,"template":"","format":"standard","meta":{"_eb_attr":"","footnotes":""},"categories":[106],"tags":[],"class_list":["post-81104","post","type-post","status-publish","format-standard","has-post-thumbnail","hentry","category-govori"],"yoast_head":"<!-- This site is optimized with the Yoast SEO plugin v23.5 - https:\/\/yoast.com\/wordpress\/plugins\/seo\/ -->\n<title>Govor Predsednika Kosova, Dr Fatmir Sejdiu, poslanicima Skup&#154;tine Kosova, dana 14 marta 2007. - Predsednik Republike Kosovo - DR. VJOSA OSMANI - SADRIU<\/title>\n<meta name=\"description\" content=\"Govor Predsednika Kosova, Dr Fatmir Sejdiu, poslanicima Skup&#154;tine Kosova, dana 14 marta 2007. - Predsednik Republike Kosovo - DR. VJOSA OSMANI - SADRIU -\" \/>\n<meta name=\"robots\" content=\"index, follow, max-snippet:-1, max-image-preview:large, max-video-preview:-1\" \/>\n<link rel=\"canonical\" href=\"https:\/\/president-ksgov.net\/govor-predsednika-kosova-dr-fatmir-sejdiu-poslanicima-skuptine-kosova-dana-14-marta-2007\/\" \/>\n<meta property=\"og:locale\" content=\"sr_RS\" \/>\n<meta property=\"og:type\" content=\"article\" \/>\n<meta property=\"og:title\" content=\"Govor Predsednika Kosova, Dr Fatmir Sejdiu, poslanicima Skup&#154;tine Kosova, dana 14 marta 2007. - Predsednik Republike Kosovo - DR. VJOSA OSMANI - SADRIU\" \/>\n<meta property=\"og:description\" content=\"Govor Predsednika Kosova, Dr Fatmir Sejdiu, poslanicima Skup&#154;tine Kosova, dana 14 marta 2007. - Predsednik Republike Kosovo - DR. VJOSA OSMANI - SADRIU -\" \/>\n<meta property=\"og:url\" content=\"https:\/\/president-ksgov.net\/govor-predsednika-kosova-dr-fatmir-sejdiu-poslanicima-skuptine-kosova-dana-14-marta-2007\/\" \/>\n<meta property=\"og:site_name\" content=\"Predsednik Republike Kosovo - DR. VJOSA OSMANI - SADRIU\" \/>\n<meta property=\"article:published_time\" content=\"2007-03-14T15:19:55+00:00\" \/>\n<meta property=\"article:modified_time\" content=\"2023-03-08T09:06:59+00:00\" \/>\n<meta property=\"og:image\" content=\"https:\/\/president-ksgov.net\/wp-content\/uploads\/Zyra-e-Presidentes-Featured-Image1-e1678970937938.png\" \/>\n\t<meta property=\"og:image:width\" content=\"1024\" \/>\n\t<meta property=\"og:image:height\" content=\"716\" \/>\n\t<meta property=\"og:image:type\" content=\"image\/png\" \/>\n<meta name=\"author\" content=\"admin\" \/>\n<meta name=\"twitter:card\" content=\"summary_large_image\" \/>\n<meta name=\"twitter:label1\" content=\"\u041d\u0430\u043f\u0438\u0441\u0430\u043d\u043e \u043e\u0434\" \/>\n\t<meta name=\"twitter:data1\" content=\"admin\" \/>\n\t<meta name=\"twitter:label2\" content=\"\u041f\u0440\u043e\u0446\u0435\u045a\u0435\u043d\u043e \u0432\u0440\u0435\u043c\u0435 \u0447\u0438\u0442\u0430\u045a\u0430\" \/>\n\t<meta name=\"twitter:data2\" content=\"4 \u043c\u0438\u043d\u0443\u0442\u0430\" \/>\n<script type=\"application\/ld+json\" class=\"yoast-schema-graph\">{\"@context\":\"https:\/\/schema.org\",\"@graph\":[{\"@type\":\"WebPage\",\"@id\":\"https:\/\/president-ksgov.net\/govor-predsednika-kosova-dr-fatmir-sejdiu-poslanicima-skuptine-kosova-dana-14-marta-2007\/\",\"url\":\"https:\/\/president-ksgov.net\/govor-predsednika-kosova-dr-fatmir-sejdiu-poslanicima-skuptine-kosova-dana-14-marta-2007\/\",\"name\":\"Govor Predsednika Kosova, Dr Fatmir Sejdiu, poslanicima Skup&#154;tine Kosova, dana 14 marta 2007. - Predsednik Republike Kosovo - DR. VJOSA OSMANI - SADRIU\",\"isPartOf\":{\"@id\":\"https:\/\/president-ksgov.net\/#website\"},\"primaryImageOfPage\":{\"@id\":\"https:\/\/president-ksgov.net\/govor-predsednika-kosova-dr-fatmir-sejdiu-poslanicima-skuptine-kosova-dana-14-marta-2007\/#primaryimage\"},\"image\":{\"@id\":\"https:\/\/president-ksgov.net\/govor-predsednika-kosova-dr-fatmir-sejdiu-poslanicima-skuptine-kosova-dana-14-marta-2007\/#primaryimage\"},\"thumbnailUrl\":\"https:\/\/president-ksgov.net\/wp-content\/uploads\/Zyra-e-Presidentes-Featured-Image1-e1678970937938.png\",\"datePublished\":\"2007-03-14T15:19:55+00:00\",\"dateModified\":\"2023-03-08T09:06:59+00:00\",\"author\":{\"@id\":\"https:\/\/president-ksgov.net\/#\/schema\/person\/bb4337a5fb147cb2046d80548172cbee\"},\"description\":\"Govor Predsednika Kosova, Dr Fatmir Sejdiu, poslanicima Skup&#154;tine Kosova, dana 14 marta 2007. - Predsednik Republike Kosovo - DR. VJOSA OSMANI - SADRIU -\",\"breadcrumb\":{\"@id\":\"https:\/\/president-ksgov.net\/govor-predsednika-kosova-dr-fatmir-sejdiu-poslanicima-skuptine-kosova-dana-14-marta-2007\/#breadcrumb\"},\"inLanguage\":\"sr-RS\",\"potentialAction\":[{\"@type\":\"ReadAction\",\"target\":[\"https:\/\/president-ksgov.net\/govor-predsednika-kosova-dr-fatmir-sejdiu-poslanicima-skuptine-kosova-dana-14-marta-2007\/\"]}]},{\"@type\":\"ImageObject\",\"inLanguage\":\"sr-RS\",\"@id\":\"https:\/\/president-ksgov.net\/govor-predsednika-kosova-dr-fatmir-sejdiu-poslanicima-skuptine-kosova-dana-14-marta-2007\/#primaryimage\",\"url\":\"https:\/\/president-ksgov.net\/wp-content\/uploads\/Zyra-e-Presidentes-Featured-Image1-e1678970937938.png\",\"contentUrl\":\"https:\/\/president-ksgov.net\/wp-content\/uploads\/Zyra-e-Presidentes-Featured-Image1-e1678970937938.png\",\"width\":1024,\"height\":716},{\"@type\":\"BreadcrumbList\",\"@id\":\"https:\/\/president-ksgov.net\/govor-predsednika-kosova-dr-fatmir-sejdiu-poslanicima-skuptine-kosova-dana-14-marta-2007\/#breadcrumb\",\"itemListElement\":[{\"@type\":\"ListItem\",\"position\":1,\"name\":\"Home\",\"item\":\"https:\/\/president-ksgov.net\/sr\/\"},{\"@type\":\"ListItem\",\"position\":2,\"name\":\"Govor Predsednika Kosova, Dr Fatmir Sejdiu, poslanicima Skup&#154;tine Kosova, dana 14 marta 2007.\"}]},{\"@type\":\"WebSite\",\"@id\":\"https:\/\/president-ksgov.net\/#website\",\"url\":\"https:\/\/president-ksgov.net\/\",\"name\":\"Presidente e Republik\u00ebs s\u00eb Kosov\u00ebs\",\"description\":\"Presidente e Republik\u00ebs s\u00eb Kosov\u00ebs\",\"alternateName\":\"DR. VJOSA OSMANI - SADRIU\",\"potentialAction\":[{\"@type\":\"SearchAction\",\"target\":{\"@type\":\"EntryPoint\",\"urlTemplate\":\"https:\/\/president-ksgov.net\/?s={search_term_string}\"},\"query-input\":{\"@type\":\"PropertyValueSpecification\",\"valueRequired\":true,\"valueName\":\"search_term_string\"}}],\"inLanguage\":\"sr-RS\"},{\"@type\":\"Person\",\"@id\":\"https:\/\/president-ksgov.net\/#\/schema\/person\/bb4337a5fb147cb2046d80548172cbee\",\"name\":\"admin\",\"image\":{\"@type\":\"ImageObject\",\"inLanguage\":\"sr-RS\",\"@id\":\"https:\/\/president-ksgov.net\/#\/schema\/person\/image\/\",\"url\":\"https:\/\/secure.gravatar.com\/avatar\/36156ca0fa3b8d9d25174f146e16beea0cf28f37adf1b9e19b6c9c279a7c9dd3?s=96&d=mm&r=g\",\"contentUrl\":\"https:\/\/secure.gravatar.com\/avatar\/36156ca0fa3b8d9d25174f146e16beea0cf28f37adf1b9e19b6c9c279a7c9dd3?s=96&d=mm&r=g\",\"caption\":\"admin\"},\"sameAs\":[\"https:\/\/president-ksgov.net\"]}]}<\/script>\n<!-- \/ Yoast SEO plugin. -->","yoast_head_json":{"title":"Govor Predsednika Kosova, Dr Fatmir Sejdiu, poslanicima Skup&#154;tine Kosova, dana 14 marta 2007. - Predsednik Republike Kosovo - DR. VJOSA OSMANI - SADRIU","description":"Govor Predsednika Kosova, Dr Fatmir Sejdiu, poslanicima Skup&#154;tine Kosova, dana 14 marta 2007. - Predsednik Republike Kosovo - DR. VJOSA OSMANI - SADRIU -","robots":{"index":"index","follow":"follow","max-snippet":"max-snippet:-1","max-image-preview":"max-image-preview:large","max-video-preview":"max-video-preview:-1"},"canonical":"https:\/\/president-ksgov.net\/govor-predsednika-kosova-dr-fatmir-sejdiu-poslanicima-skuptine-kosova-dana-14-marta-2007\/","og_locale":"sr_RS","og_type":"article","og_title":"Govor Predsednika Kosova, Dr Fatmir Sejdiu, poslanicima Skup&#154;tine Kosova, dana 14 marta 2007. - Predsednik Republike Kosovo - DR. VJOSA OSMANI - SADRIU","og_description":"Govor Predsednika Kosova, Dr Fatmir Sejdiu, poslanicima Skup&#154;tine Kosova, dana 14 marta 2007. - Predsednik Republike Kosovo - DR. VJOSA OSMANI - SADRIU -","og_url":"https:\/\/president-ksgov.net\/govor-predsednika-kosova-dr-fatmir-sejdiu-poslanicima-skuptine-kosova-dana-14-marta-2007\/","og_site_name":"Predsednik Republike Kosovo - DR. VJOSA OSMANI - SADRIU","article_published_time":"2007-03-14T15:19:55+00:00","article_modified_time":"2023-03-08T09:06:59+00:00","og_image":[{"width":1024,"height":716,"url":"https:\/\/president-ksgov.net\/wp-content\/uploads\/Zyra-e-Presidentes-Featured-Image1-e1678970937938.png","type":"image\/png"}],"author":"admin","twitter_card":"summary_large_image","twitter_misc":{"\u041d\u0430\u043f\u0438\u0441\u0430\u043d\u043e \u043e\u0434":"admin","\u041f\u0440\u043e\u0446\u0435\u045a\u0435\u043d\u043e \u0432\u0440\u0435\u043c\u0435 \u0447\u0438\u0442\u0430\u045a\u0430":"4 \u043c\u0438\u043d\u0443\u0442\u0430"},"schema":{"@context":"https:\/\/schema.org","@graph":[{"@type":"WebPage","@id":"https:\/\/president-ksgov.net\/govor-predsednika-kosova-dr-fatmir-sejdiu-poslanicima-skuptine-kosova-dana-14-marta-2007\/","url":"https:\/\/president-ksgov.net\/govor-predsednika-kosova-dr-fatmir-sejdiu-poslanicima-skuptine-kosova-dana-14-marta-2007\/","name":"Govor Predsednika Kosova, Dr Fatmir Sejdiu, poslanicima Skup&#154;tine Kosova, dana 14 marta 2007. - Predsednik Republike Kosovo - DR. VJOSA OSMANI - SADRIU","isPartOf":{"@id":"https:\/\/president-ksgov.net\/#website"},"primaryImageOfPage":{"@id":"https:\/\/president-ksgov.net\/govor-predsednika-kosova-dr-fatmir-sejdiu-poslanicima-skuptine-kosova-dana-14-marta-2007\/#primaryimage"},"image":{"@id":"https:\/\/president-ksgov.net\/govor-predsednika-kosova-dr-fatmir-sejdiu-poslanicima-skuptine-kosova-dana-14-marta-2007\/#primaryimage"},"thumbnailUrl":"https:\/\/president-ksgov.net\/wp-content\/uploads\/Zyra-e-Presidentes-Featured-Image1-e1678970937938.png","datePublished":"2007-03-14T15:19:55+00:00","dateModified":"2023-03-08T09:06:59+00:00","author":{"@id":"https:\/\/president-ksgov.net\/#\/schema\/person\/bb4337a5fb147cb2046d80548172cbee"},"description":"Govor Predsednika Kosova, Dr Fatmir Sejdiu, poslanicima Skup&#154;tine Kosova, dana 14 marta 2007. - Predsednik Republike Kosovo - DR. VJOSA OSMANI - SADRIU -","breadcrumb":{"@id":"https:\/\/president-ksgov.net\/govor-predsednika-kosova-dr-fatmir-sejdiu-poslanicima-skuptine-kosova-dana-14-marta-2007\/#breadcrumb"},"inLanguage":"sr-RS","potentialAction":[{"@type":"ReadAction","target":["https:\/\/president-ksgov.net\/govor-predsednika-kosova-dr-fatmir-sejdiu-poslanicima-skuptine-kosova-dana-14-marta-2007\/"]}]},{"@type":"ImageObject","inLanguage":"sr-RS","@id":"https:\/\/president-ksgov.net\/govor-predsednika-kosova-dr-fatmir-sejdiu-poslanicima-skuptine-kosova-dana-14-marta-2007\/#primaryimage","url":"https:\/\/president-ksgov.net\/wp-content\/uploads\/Zyra-e-Presidentes-Featured-Image1-e1678970937938.png","contentUrl":"https:\/\/president-ksgov.net\/wp-content\/uploads\/Zyra-e-Presidentes-Featured-Image1-e1678970937938.png","width":1024,"height":716},{"@type":"BreadcrumbList","@id":"https:\/\/president-ksgov.net\/govor-predsednika-kosova-dr-fatmir-sejdiu-poslanicima-skuptine-kosova-dana-14-marta-2007\/#breadcrumb","itemListElement":[{"@type":"ListItem","position":1,"name":"Home","item":"https:\/\/president-ksgov.net\/sr\/"},{"@type":"ListItem","position":2,"name":"Govor Predsednika Kosova, Dr Fatmir Sejdiu, poslanicima Skup&#154;tine Kosova, dana 14 marta 2007."}]},{"@type":"WebSite","@id":"https:\/\/president-ksgov.net\/#website","url":"https:\/\/president-ksgov.net\/","name":"Presidente e Republik\u00ebs s\u00eb Kosov\u00ebs","description":"Presidente e Republik\u00ebs s\u00eb Kosov\u00ebs","alternateName":"DR. VJOSA OSMANI - SADRIU","potentialAction":[{"@type":"SearchAction","target":{"@type":"EntryPoint","urlTemplate":"https:\/\/president-ksgov.net\/?s={search_term_string}"},"query-input":{"@type":"PropertyValueSpecification","valueRequired":true,"valueName":"search_term_string"}}],"inLanguage":"sr-RS"},{"@type":"Person","@id":"https:\/\/president-ksgov.net\/#\/schema\/person\/bb4337a5fb147cb2046d80548172cbee","name":"admin","image":{"@type":"ImageObject","inLanguage":"sr-RS","@id":"https:\/\/president-ksgov.net\/#\/schema\/person\/image\/","url":"https:\/\/secure.gravatar.com\/avatar\/36156ca0fa3b8d9d25174f146e16beea0cf28f37adf1b9e19b6c9c279a7c9dd3?s=96&d=mm&r=g","contentUrl":"https:\/\/secure.gravatar.com\/avatar\/36156ca0fa3b8d9d25174f146e16beea0cf28f37adf1b9e19b6c9c279a7c9dd3?s=96&d=mm&r=g","caption":"admin"},"sameAs":["https:\/\/president-ksgov.net"]}]}},"_links":{"self":[{"href":"https:\/\/president-ksgov.net\/sr\/wp-json\/wp\/v2\/posts\/81104","targetHints":{"allow":["GET"]}}],"collection":[{"href":"https:\/\/president-ksgov.net\/sr\/wp-json\/wp\/v2\/posts"}],"about":[{"href":"https:\/\/president-ksgov.net\/sr\/wp-json\/wp\/v2\/types\/post"}],"author":[{"embeddable":true,"href":"https:\/\/president-ksgov.net\/sr\/wp-json\/wp\/v2\/users\/1"}],"replies":[{"embeddable":true,"href":"https:\/\/president-ksgov.net\/sr\/wp-json\/wp\/v2\/comments?post=81104"}],"version-history":[{"count":1,"href":"https:\/\/president-ksgov.net\/sr\/wp-json\/wp\/v2\/posts\/81104\/revisions"}],"predecessor-version":[{"id":81921,"href":"https:\/\/president-ksgov.net\/sr\/wp-json\/wp\/v2\/posts\/81104\/revisions\/81921"}],"wp:featuredmedia":[{"embeddable":true,"href":"https:\/\/president-ksgov.net\/sr\/wp-json\/wp\/v2\/media\/86338"}],"wp:attachment":[{"href":"https:\/\/president-ksgov.net\/sr\/wp-json\/wp\/v2\/media?parent=81104"}],"wp:term":[{"taxonomy":"category","embeddable":true,"href":"https:\/\/president-ksgov.net\/sr\/wp-json\/wp\/v2\/categories?post=81104"},{"taxonomy":"post_tag","embeddable":true,"href":"https:\/\/president-ksgov.net\/sr\/wp-json\/wp\/v2\/tags?post=81104"}],"curies":[{"name":"wp","href":"https:\/\/api.w.org\/{rel}","templated":true}]}}