{"id":81100,"date":"2007-06-27T15:25:29","date_gmt":"2007-06-27T15:25:29","guid":{"rendered":"https:\/\/dev.president-ksgov.net\/obracanje-predsednika-kosova-dr-fatmir-sejdiu-skuptini-republike-albanije\/"},"modified":"2023-03-08T09:06:58","modified_gmt":"2023-03-08T09:06:58","slug":"obracanje-predsednika-kosova-dr-fatmir-sejdiu-skuptini-republike-albanije","status":"publish","type":"post","link":"https:\/\/president-ksgov.net\/sr\/obracanje-predsednika-kosova-dr-fatmir-sejdiu-skuptini-republike-albanije\/","title":{"rendered":"Obra\u010danje Predsednika Kosova Dr. Fatmir Sejdiu, Skup&#154;tini Republike Albanije"},"content":{"rendered":"<p>Posebna mi je \u010dast da se obratim ovoj visokoj demokratskoj instituciji Albanije. \u010cast i zadovoljstvo postaju jo&#353; ve\u0107e imaju\u0107i u obzir dugi period vremena koji je trebalo da bi Kosovo i Albanija mogle slobodno i normalno medjusobno komunicirati.<\/p>\n<p>Po&#353;tovana Predsednica,Po&#353;tovani\u00a0 poslanici,U junu 1878 godine, pre 128 godina, albanski vodje svih \u010detiriju Vilajeta su se sastali u Prizrenu, lepom kosovskom gradu, da bi proglasili osnivanje Prizrenske Albanske Lige, koja je sa&#382;imala aspiracije albanaca za nezavisnost nakon stotine godina ispa&#353;tanja pod otomanskom vla&#353;\u0107u.Godina 1912,\u00a0 godina progla&#353;enja nezavisnosti Albanije, ostavila je u nacionalnoj istoriji sa dvojaki (slatki, i ujedno, gorki) okus. Krunisana je albanska dr&#382;avnost polovine nacije dok je druga polovina\u00a0 ostala izvan granica. Jezgro te preostale vangrani\u010dne druge polovine jeste dana&#353;je Kosovo,\u00a0 dr&#382;ava koju osnujemo sada, gotovo sa sto godina zak&#353;njenja.Dozvolite mi danas da ovde jo&#353; jednom izrazim veliko priznanje i zahvalnost ne samo moju nego celog naroda Kosova za sve ono &#353;to je Albanija do sada u\u010dinila a i sada \u010dini, podr&#382;avaju\u010di Kosovo i njena nastojanja, za slobodu i nezavisnost.Uporedo sa jakim\u00a0 otporom\u00a0 niz decenija ranije, naro\u010dito osamdesetih godina Kosovo je poja\u010dano krenula putem demokratije i osamostaljenja kada je pod vodstvom Dr. Ibrahim Rugove, mudrog \u010doveka i odli\u010dnog intelektualca, osnovan Demokratski Savez Kosova, prva nekomunisti\u010dka autohtona formacija u albanska prostranstva na Balkanu nakon Drugog Svetskog Rata. Na dan 02. jul 1990 Skup&#353;tina Kosova je proglasila Ustavnu Deklaraciju, koju mi na Kosovu zovemo Deklaracijom Nezavisnosti.U Septembru 1991 odr&#382;an je Referendum o Nezavisnosti Republike Kosovo.Na dan 24. maj 1992 odr&#382;ani su prvi parlamentarni i predsedni\u010dki izbori na Kosovu\u00a0 na kojima je na demokratski na\u010din izabran njen prvi Predsednik Dr. Ibrahim Rugova.Godine 1998 godine odr&#382;ani su drugi izbori na Kosovu.Anga&#382;ovanje Kosova za slobodu, demokratiju i nezavisnost te borba Oslobodila\u010dke Vojske Kosova, doveli su nas u junu 1999 godine, nakon vekovnih kvavih otpora, do slobode\u00a0 za koju su jedna za drugom generacije albanaca lili znanje, znoj i krv. Sloboda Kosova je jo&#353; dragocenija jer je rezultat odlu\u010dne podr&#353;ke i plemenite pomo\u010di na&#353;ih prijatelja: u prvom redu SAD i EU i mnogih drugih koje smo prisvojili u vreme na&#353;e unutar kosovske demokratije.\u010cetverostruki centralni i lokalni izbori, odr&#382;ani u oslobodjeno Kosovo, dokaz su demokratskih vrednosti i dr&#382;avni\u010dke kulture koje smo izgradili tokom ovih 16-17 godina u Kosovo.Sada nam preostaje da ozvani\u010dimo\/kruni&#353;emo nezavisnost koje \u0107e,\u00a0 nadamo se, biti ove godine okon\u010danjem medjunarodnog procesa, kojeg\u00a0 u ime Ujedninjenih Naroda, vodi Predsednik Marti Ahtisaari.Osamostaljenjem Kosova, projekat koji je pro&#382;et vekovnim snovima naroda Kosova, idealizmom i politi\u010dkim pragmatizmom Ibrahima Rugove- istorijskog Predsednika Kosova, ali i demokratskim napretkomAlbanije, omogu\u010dava se Kosvu i Albaniji uspe&#353;no zajedni\u010dko usmerenje ka euro-atlantskim strukturama.Neostvareni snovi postaju realnost u procesima euro-atlantske integracije, koje je \u010dvrsto opredeljenje obeju na&#353;ih zemalja. Integracija i jedinstvo sa Evropskom Unijom i NATO-m, sa zajedni\u010dkim vrednostima i posebnostima koje mi, Kosovo i Albanije-na&#353;i narodi, albanci i manjine imamo,- je sada na&#353; imperativ.Kosovo \u0107e posebnu pa&#382;nju posvetiti manjinskim entitetima tretiraju\u0107i ih sve, bez razlike, u skladu sa najvi&#353;im medjunarodnim standardima. Na&#353; prevashodni cilj jeste izgraditi nezavisno i severeno Kosovo koje ceni i \u010duva kulturne i etni\u010dke posebnosti svakoga.Kosovo i Albanija imaju dobre &#353;anse za nova albanska prepoznavanja, te upoznavanja albanaca sa narodima iz okru&#382;enja, u\u010de\u0107i jedni od drugih u svemu &#353;to je kroz istoriju uradjeno dobro ili lo&#353;e, naro\u010dito oko pitanja postojanosti dr&#382;ave i izgradnje demokratije.&#381;ivelo Kosovo!&#381;ivela Albanija!<\/p>\n","protected":false},"excerpt":{"rendered":"<p>Posebna mi je \u010dast da se obratim ovoj visokoj demokratskoj instituciji Albanije. \u010cast i zadovoljstvo postaju jo&#353; ve\u0107e imaju\u0107i u obzir dugi period vremena koji je trebalo da bi Kosovo i Albanija mogle slobodno i normalno medjusobno komunicirati.<\/p>\n","protected":false},"author":1,"featured_media":86338,"comment_status":"open","ping_status":"closed","sticky":false,"template":"","format":"standard","meta":{"_eb_attr":"","footnotes":""},"categories":[106],"tags":[],"class_list":["post-81100","post","type-post","status-publish","format-standard","has-post-thumbnail","hentry","category-govori"],"yoast_head":"<!-- This site is optimized with the Yoast SEO plugin v23.5 - https:\/\/yoast.com\/wordpress\/plugins\/seo\/ -->\n<title>Obra\u010danje Predsednika Kosova Dr. Fatmir Sejdiu, Skup&#154;tini Republike Albanije - Predsednik Republike Kosovo - DR. VJOSA OSMANI - SADRIU<\/title>\n<meta name=\"description\" content=\"Obra\u010danje Predsednika Kosova Dr. Fatmir Sejdiu, Skup&#154;tini Republike Albanije - Predsednik Republike Kosovo - DR. VJOSA OSMANI - SADRIU -\" \/>\n<meta name=\"robots\" content=\"index, follow, max-snippet:-1, max-image-preview:large, max-video-preview:-1\" \/>\n<link rel=\"canonical\" href=\"https:\/\/president-ksgov.net\/obraanje-predsednika-kosova-dr-fatmir-sejdiu-skuptini-republike-albanije\/\" \/>\n<meta property=\"og:locale\" content=\"sr_RS\" \/>\n<meta property=\"og:type\" content=\"article\" \/>\n<meta property=\"og:title\" content=\"Obra\u010danje Predsednika Kosova Dr. Fatmir Sejdiu, Skup&#154;tini Republike Albanije - Predsednik Republike Kosovo - DR. VJOSA OSMANI - SADRIU\" \/>\n<meta property=\"og:description\" content=\"Obra\u010danje Predsednika Kosova Dr. Fatmir Sejdiu, Skup&#154;tini Republike Albanije - Predsednik Republike Kosovo - DR. VJOSA OSMANI - SADRIU -\" \/>\n<meta property=\"og:url\" content=\"https:\/\/president-ksgov.net\/obraanje-predsednika-kosova-dr-fatmir-sejdiu-skuptini-republike-albanije\/\" \/>\n<meta property=\"og:site_name\" content=\"Predsednik Republike Kosovo - DR. VJOSA OSMANI - SADRIU\" \/>\n<meta property=\"article:published_time\" content=\"2007-06-27T15:25:29+00:00\" \/>\n<meta property=\"article:modified_time\" content=\"2023-03-08T09:06:58+00:00\" \/>\n<meta property=\"og:image\" content=\"https:\/\/president-ksgov.net\/wp-content\/uploads\/Zyra-e-Presidentes-Featured-Image1-e1678970937938.png\" \/>\n\t<meta property=\"og:image:width\" content=\"1024\" \/>\n\t<meta property=\"og:image:height\" content=\"716\" \/>\n\t<meta property=\"og:image:type\" content=\"image\/png\" \/>\n<meta name=\"author\" content=\"admin\" \/>\n<meta name=\"twitter:card\" content=\"summary_large_image\" \/>\n<meta name=\"twitter:label1\" content=\"\u041d\u0430\u043f\u0438\u0441\u0430\u043d\u043e \u043e\u0434\" \/>\n\t<meta name=\"twitter:data1\" content=\"admin\" \/>\n\t<meta name=\"twitter:label2\" content=\"\u041f\u0440\u043e\u0446\u0435\u045a\u0435\u043d\u043e \u0432\u0440\u0435\u043c\u0435 \u0447\u0438\u0442\u0430\u045a\u0430\" \/>\n\t<meta name=\"twitter:data2\" content=\"3 \u043c\u0438\u043d\u0443\u0442\u0430\" \/>\n<script type=\"application\/ld+json\" class=\"yoast-schema-graph\">{\"@context\":\"https:\/\/schema.org\",\"@graph\":[{\"@type\":\"WebPage\",\"@id\":\"https:\/\/president-ksgov.net\/obraanje-predsednika-kosova-dr-fatmir-sejdiu-skuptini-republike-albanije\/\",\"url\":\"https:\/\/president-ksgov.net\/obraanje-predsednika-kosova-dr-fatmir-sejdiu-skuptini-republike-albanije\/\",\"name\":\"Obra\u010danje Predsednika Kosova Dr. Fatmir Sejdiu, Skup&#154;tini Republike Albanije - Predsednik Republike Kosovo - DR. VJOSA OSMANI - SADRIU\",\"isPartOf\":{\"@id\":\"https:\/\/president-ksgov.net\/#website\"},\"primaryImageOfPage\":{\"@id\":\"https:\/\/president-ksgov.net\/obraanje-predsednika-kosova-dr-fatmir-sejdiu-skuptini-republike-albanije\/#primaryimage\"},\"image\":{\"@id\":\"https:\/\/president-ksgov.net\/obraanje-predsednika-kosova-dr-fatmir-sejdiu-skuptini-republike-albanije\/#primaryimage\"},\"thumbnailUrl\":\"https:\/\/president-ksgov.net\/wp-content\/uploads\/Zyra-e-Presidentes-Featured-Image1-e1678970937938.png\",\"datePublished\":\"2007-06-27T15:25:29+00:00\",\"dateModified\":\"2023-03-08T09:06:58+00:00\",\"author\":{\"@id\":\"https:\/\/president-ksgov.net\/#\/schema\/person\/bb4337a5fb147cb2046d80548172cbee\"},\"description\":\"Obra\u010danje Predsednika Kosova Dr. Fatmir Sejdiu, Skup&#154;tini Republike Albanije - Predsednik Republike Kosovo - DR. VJOSA OSMANI - SADRIU -\",\"breadcrumb\":{\"@id\":\"https:\/\/president-ksgov.net\/obraanje-predsednika-kosova-dr-fatmir-sejdiu-skuptini-republike-albanije\/#breadcrumb\"},\"inLanguage\":\"sr-RS\",\"potentialAction\":[{\"@type\":\"ReadAction\",\"target\":[\"https:\/\/president-ksgov.net\/obraanje-predsednika-kosova-dr-fatmir-sejdiu-skuptini-republike-albanije\/\"]}]},{\"@type\":\"ImageObject\",\"inLanguage\":\"sr-RS\",\"@id\":\"https:\/\/president-ksgov.net\/obraanje-predsednika-kosova-dr-fatmir-sejdiu-skuptini-republike-albanije\/#primaryimage\",\"url\":\"https:\/\/president-ksgov.net\/wp-content\/uploads\/Zyra-e-Presidentes-Featured-Image1-e1678970937938.png\",\"contentUrl\":\"https:\/\/president-ksgov.net\/wp-content\/uploads\/Zyra-e-Presidentes-Featured-Image1-e1678970937938.png\",\"width\":1024,\"height\":716},{\"@type\":\"BreadcrumbList\",\"@id\":\"https:\/\/president-ksgov.net\/obraanje-predsednika-kosova-dr-fatmir-sejdiu-skuptini-republike-albanije\/#breadcrumb\",\"itemListElement\":[{\"@type\":\"ListItem\",\"position\":1,\"name\":\"Home\",\"item\":\"https:\/\/president-ksgov.net\/sr\/\"},{\"@type\":\"ListItem\",\"position\":2,\"name\":\"Obra\u010danje Predsednika Kosova Dr. Fatmir Sejdiu, Skup&#154;tini Republike Albanije\"}]},{\"@type\":\"WebSite\",\"@id\":\"https:\/\/president-ksgov.net\/#website\",\"url\":\"https:\/\/president-ksgov.net\/\",\"name\":\"Presidente e Republik\u00ebs s\u00eb Kosov\u00ebs\",\"description\":\"Presidente e Republik\u00ebs s\u00eb Kosov\u00ebs\",\"alternateName\":\"DR. VJOSA OSMANI - SADRIU\",\"potentialAction\":[{\"@type\":\"SearchAction\",\"target\":{\"@type\":\"EntryPoint\",\"urlTemplate\":\"https:\/\/president-ksgov.net\/?s={search_term_string}\"},\"query-input\":{\"@type\":\"PropertyValueSpecification\",\"valueRequired\":true,\"valueName\":\"search_term_string\"}}],\"inLanguage\":\"sr-RS\"},{\"@type\":\"Person\",\"@id\":\"https:\/\/president-ksgov.net\/#\/schema\/person\/bb4337a5fb147cb2046d80548172cbee\",\"name\":\"admin\",\"image\":{\"@type\":\"ImageObject\",\"inLanguage\":\"sr-RS\",\"@id\":\"https:\/\/president-ksgov.net\/#\/schema\/person\/image\/\",\"url\":\"https:\/\/secure.gravatar.com\/avatar\/36156ca0fa3b8d9d25174f146e16beea0cf28f37adf1b9e19b6c9c279a7c9dd3?s=96&d=mm&r=g\",\"contentUrl\":\"https:\/\/secure.gravatar.com\/avatar\/36156ca0fa3b8d9d25174f146e16beea0cf28f37adf1b9e19b6c9c279a7c9dd3?s=96&d=mm&r=g\",\"caption\":\"admin\"},\"sameAs\":[\"https:\/\/president-ksgov.net\"]}]}<\/script>\n<!-- \/ Yoast SEO plugin. -->","yoast_head_json":{"title":"Obra\u010danje Predsednika Kosova Dr. Fatmir Sejdiu, Skup&#154;tini Republike Albanije - Predsednik Republike Kosovo - DR. VJOSA OSMANI - SADRIU","description":"Obra\u010danje Predsednika Kosova Dr. Fatmir Sejdiu, Skup&#154;tini Republike Albanije - Predsednik Republike Kosovo - DR. VJOSA OSMANI - SADRIU -","robots":{"index":"index","follow":"follow","max-snippet":"max-snippet:-1","max-image-preview":"max-image-preview:large","max-video-preview":"max-video-preview:-1"},"canonical":"https:\/\/president-ksgov.net\/obraanje-predsednika-kosova-dr-fatmir-sejdiu-skuptini-republike-albanije\/","og_locale":"sr_RS","og_type":"article","og_title":"Obra\u010danje Predsednika Kosova Dr. Fatmir Sejdiu, Skup&#154;tini Republike Albanije - Predsednik Republike Kosovo - DR. VJOSA OSMANI - SADRIU","og_description":"Obra\u010danje Predsednika Kosova Dr. Fatmir Sejdiu, Skup&#154;tini Republike Albanije - Predsednik Republike Kosovo - DR. VJOSA OSMANI - SADRIU -","og_url":"https:\/\/president-ksgov.net\/obraanje-predsednika-kosova-dr-fatmir-sejdiu-skuptini-republike-albanije\/","og_site_name":"Predsednik Republike Kosovo - DR. VJOSA OSMANI - SADRIU","article_published_time":"2007-06-27T15:25:29+00:00","article_modified_time":"2023-03-08T09:06:58+00:00","og_image":[{"width":1024,"height":716,"url":"https:\/\/president-ksgov.net\/wp-content\/uploads\/Zyra-e-Presidentes-Featured-Image1-e1678970937938.png","type":"image\/png"}],"author":"admin","twitter_card":"summary_large_image","twitter_misc":{"\u041d\u0430\u043f\u0438\u0441\u0430\u043d\u043e \u043e\u0434":"admin","\u041f\u0440\u043e\u0446\u0435\u045a\u0435\u043d\u043e \u0432\u0440\u0435\u043c\u0435 \u0447\u0438\u0442\u0430\u045a\u0430":"3 \u043c\u0438\u043d\u0443\u0442\u0430"},"schema":{"@context":"https:\/\/schema.org","@graph":[{"@type":"WebPage","@id":"https:\/\/president-ksgov.net\/obraanje-predsednika-kosova-dr-fatmir-sejdiu-skuptini-republike-albanije\/","url":"https:\/\/president-ksgov.net\/obraanje-predsednika-kosova-dr-fatmir-sejdiu-skuptini-republike-albanije\/","name":"Obra\u010danje Predsednika Kosova Dr. Fatmir Sejdiu, Skup&#154;tini Republike Albanije - Predsednik Republike Kosovo - DR. VJOSA OSMANI - SADRIU","isPartOf":{"@id":"https:\/\/president-ksgov.net\/#website"},"primaryImageOfPage":{"@id":"https:\/\/president-ksgov.net\/obraanje-predsednika-kosova-dr-fatmir-sejdiu-skuptini-republike-albanije\/#primaryimage"},"image":{"@id":"https:\/\/president-ksgov.net\/obraanje-predsednika-kosova-dr-fatmir-sejdiu-skuptini-republike-albanije\/#primaryimage"},"thumbnailUrl":"https:\/\/president-ksgov.net\/wp-content\/uploads\/Zyra-e-Presidentes-Featured-Image1-e1678970937938.png","datePublished":"2007-06-27T15:25:29+00:00","dateModified":"2023-03-08T09:06:58+00:00","author":{"@id":"https:\/\/president-ksgov.net\/#\/schema\/person\/bb4337a5fb147cb2046d80548172cbee"},"description":"Obra\u010danje Predsednika Kosova Dr. Fatmir Sejdiu, Skup&#154;tini Republike Albanije - Predsednik Republike Kosovo - DR. VJOSA OSMANI - SADRIU -","breadcrumb":{"@id":"https:\/\/president-ksgov.net\/obraanje-predsednika-kosova-dr-fatmir-sejdiu-skuptini-republike-albanije\/#breadcrumb"},"inLanguage":"sr-RS","potentialAction":[{"@type":"ReadAction","target":["https:\/\/president-ksgov.net\/obraanje-predsednika-kosova-dr-fatmir-sejdiu-skuptini-republike-albanije\/"]}]},{"@type":"ImageObject","inLanguage":"sr-RS","@id":"https:\/\/president-ksgov.net\/obraanje-predsednika-kosova-dr-fatmir-sejdiu-skuptini-republike-albanije\/#primaryimage","url":"https:\/\/president-ksgov.net\/wp-content\/uploads\/Zyra-e-Presidentes-Featured-Image1-e1678970937938.png","contentUrl":"https:\/\/president-ksgov.net\/wp-content\/uploads\/Zyra-e-Presidentes-Featured-Image1-e1678970937938.png","width":1024,"height":716},{"@type":"BreadcrumbList","@id":"https:\/\/president-ksgov.net\/obraanje-predsednika-kosova-dr-fatmir-sejdiu-skuptini-republike-albanije\/#breadcrumb","itemListElement":[{"@type":"ListItem","position":1,"name":"Home","item":"https:\/\/president-ksgov.net\/sr\/"},{"@type":"ListItem","position":2,"name":"Obra\u010danje Predsednika Kosova Dr. Fatmir Sejdiu, Skup&#154;tini Republike Albanije"}]},{"@type":"WebSite","@id":"https:\/\/president-ksgov.net\/#website","url":"https:\/\/president-ksgov.net\/","name":"Presidente e Republik\u00ebs s\u00eb Kosov\u00ebs","description":"Presidente e Republik\u00ebs s\u00eb Kosov\u00ebs","alternateName":"DR. VJOSA OSMANI - SADRIU","potentialAction":[{"@type":"SearchAction","target":{"@type":"EntryPoint","urlTemplate":"https:\/\/president-ksgov.net\/?s={search_term_string}"},"query-input":{"@type":"PropertyValueSpecification","valueRequired":true,"valueName":"search_term_string"}}],"inLanguage":"sr-RS"},{"@type":"Person","@id":"https:\/\/president-ksgov.net\/#\/schema\/person\/bb4337a5fb147cb2046d80548172cbee","name":"admin","image":{"@type":"ImageObject","inLanguage":"sr-RS","@id":"https:\/\/president-ksgov.net\/#\/schema\/person\/image\/","url":"https:\/\/secure.gravatar.com\/avatar\/36156ca0fa3b8d9d25174f146e16beea0cf28f37adf1b9e19b6c9c279a7c9dd3?s=96&d=mm&r=g","contentUrl":"https:\/\/secure.gravatar.com\/avatar\/36156ca0fa3b8d9d25174f146e16beea0cf28f37adf1b9e19b6c9c279a7c9dd3?s=96&d=mm&r=g","caption":"admin"},"sameAs":["https:\/\/president-ksgov.net"]}]}},"_links":{"self":[{"href":"https:\/\/president-ksgov.net\/sr\/wp-json\/wp\/v2\/posts\/81100","targetHints":{"allow":["GET"]}}],"collection":[{"href":"https:\/\/president-ksgov.net\/sr\/wp-json\/wp\/v2\/posts"}],"about":[{"href":"https:\/\/president-ksgov.net\/sr\/wp-json\/wp\/v2\/types\/post"}],"author":[{"embeddable":true,"href":"https:\/\/president-ksgov.net\/sr\/wp-json\/wp\/v2\/users\/1"}],"replies":[{"embeddable":true,"href":"https:\/\/president-ksgov.net\/sr\/wp-json\/wp\/v2\/comments?post=81100"}],"version-history":[{"count":1,"href":"https:\/\/president-ksgov.net\/sr\/wp-json\/wp\/v2\/posts\/81100\/revisions"}],"predecessor-version":[{"id":81915,"href":"https:\/\/president-ksgov.net\/sr\/wp-json\/wp\/v2\/posts\/81100\/revisions\/81915"}],"wp:featuredmedia":[{"embeddable":true,"href":"https:\/\/president-ksgov.net\/sr\/wp-json\/wp\/v2\/media\/86338"}],"wp:attachment":[{"href":"https:\/\/president-ksgov.net\/sr\/wp-json\/wp\/v2\/media?parent=81100"}],"wp:term":[{"taxonomy":"category","embeddable":true,"href":"https:\/\/president-ksgov.net\/sr\/wp-json\/wp\/v2\/categories?post=81100"},{"taxonomy":"post_tag","embeddable":true,"href":"https:\/\/president-ksgov.net\/sr\/wp-json\/wp\/v2\/tags?post=81100"}],"curies":[{"name":"wp","href":"https:\/\/api.w.org\/{rel}","templated":true}]}}